{"id":31920,"date":"2014-12-22T22:12:13","date_gmt":"2014-12-23T01:12:13","guid":{"rendered":"http:\/\/www.notibras.com\/site\/?p=31920"},"modified":"2014-12-24T01:07:29","modified_gmt":"2014-12-24T04:07:29","slug":"balas-de-borracha-da-pm-de-alckmin-ferem-o-direito-a-manifestacao","status":"publish","type":"post","link":"https:\/\/www.notibras.com\/site\/balas-de-borracha-da-pm-de-alckmin-ferem-o-direito-a-manifestacao\/","title":{"rendered":"Balas de borracha de Alckmin ferem o direito \u00e0 manifesta\u00e7\u00e3o"},"content":{"rendered":"<p>No \u00faltimo dia 3 de dezembro, a Assembleia Legislativa de S\u00e3o Paulo aprovou o projeto de lei 608\/2013, de autoria da bancada do Partido dos Trabalhadores, que pro\u00edbe o uso de muni\u00e7\u00e3o de bala de borracha (elast\u00f4mero) pelas Pol\u00edcias Militar e Civil do Estado.Trata-se de um grande avan\u00e7o na consolida\u00e7\u00e3o do nosso Estado democr\u00e1tico de direito.<\/p>\n<p>O artigo V da Constitui\u00e7\u00e3o Federal &#8211; em conson\u00e2ncia com a Declara\u00e7\u00e3o Universal dos Direitos Humanos &#8211; assegura o direito \u00e0 livre manifesta\u00e7\u00e3o. Junto com a liberdade de express\u00e3o, de reuni\u00e3o e associa\u00e7\u00e3o, essas garantias s\u00e3o fundamentos da democracia brasileira.<\/p>\n<p>O papel das for\u00e7as de seguran\u00e7a p\u00fablica \u00e9 garantir o exerc\u00edcio do direito \u00e0 manifesta\u00e7\u00e3o, e, ao mesmo tempo, trabalhar para que n\u00e3o haja viola\u00e7\u00e3o de outros direitos da popula\u00e7\u00e3o.<\/p>\n<p>Para isso, o uso da for\u00e7a deve ser absolutamente contido e localizado. O uso de balas de borracha para reprimir manifestantes por parte da Pol\u00edcia Militar constitui-se em arbitrariedade e trucul\u00eancia e fere o direito \u00e0 manifesta\u00e7\u00e3o, al\u00e9m de causar graves sequelas.<\/p>\n<blockquote><p>Como bem definiu a doutora em psicologia pela USP Marisa Fefferman, &#8220;a bala da borracha \u00e9 um grande achado para se fazer na democracia o que faz no Estado de exce\u00e7\u00e3o; mas ela \u00e9 mais vil, porque usurpa nossos direitos sorrateiramente, sob o manto da baixa ou n\u00e3o letalidade&#8221;.<\/p><\/blockquote>\n<p>Os casos dos fot\u00f3grafos Alex Silveira e S\u00e9rgio Silva, que perderam um olho, e de Giuliana Vallone, que teve a vis\u00e3o seriamente prejudicada, atingidos por balas de borracha enquanto cobriam manifesta\u00e7\u00f5es, tornaram-se s\u00edmbolos da necessidade de proibir esse tipo de armamento.<\/p>\n<p>Diversos movimentos sociais e organiza\u00e7\u00f5es de direitos humanos v\u00eam se mobilizando nessa dire\u00e7\u00e3o. Uma vit\u00f3ria importante foi a liminar concedida pelo juiz Valentino Aparecido Andrade no \u00faltimo dia 24 de novembro. Em sua manifesta\u00e7\u00e3o, o juiz lembra que a tropa paulista tem agido com &#8220;trucul\u00eancia&#8221; contra manifestantes, em diversas ocasi\u00f5es. Infelizmente, a liminar foi posteriormente revogada, ap\u00f3s apresenta\u00e7\u00e3o de recurso pela PM.<\/p>\n<p>O pr\u00f3prio governador Geraldo Alckmin j\u00e1 se posicionou sobre o tema. Durante as jornadas de junho de 2013, Alckmin disse textualmente: &#8220;N\u00f3s proibimos o uso de balas de borracha em manifesta\u00e7\u00f5es p\u00fablicas&#8221;. Mas nada foi formalmente encaminhado.<\/p>\n<p>A tend\u00eancia internacional, baseada em diversos estudos, \u00e9 a de aboli\u00e7\u00e3o das balas de borracha. Embora no Brasil n\u00e3o haja nenhum caso letal, em outros pa\u00edses h\u00e1 v\u00e1rios epis\u00f3dios em que as balas de borracha causaram a morte das v\u00edtimas.<\/p>\n<p>Em 2002, um Instituto m\u00e9dico sediado em Israel concluiu pela imprecis\u00e3o e risco desproporcional representado pela muni\u00e7\u00e3o de balas de borracha na conten\u00e7\u00e3o de dist\u00farbios civis. A dire\u00e7\u00e3o do Centro de Inova\u00e7\u00e3o de Tecnologia N\u00e3o Letal da Universidade de New Hampshire, dos EUA, admite que &#8220;\u00e9 muito f\u00e1cil cegar algu\u00e9m&#8221; com essa muni\u00e7\u00e3o.<\/p>\n<p>Na Espanha, nos \u00faltimos tr\u00eas anos, ap\u00f3s mortes de 3 jovens e cegueira de outros 7, surgiu um forte movimento que re\u00fane dezenas de entidades da sociedade civil, chamado &#8220;Stop Bales de Goma&#8221;. O movimento foi vitorioso e baniu esse tipo de armamento.<\/p>\n<p>Na esfera nacional, o Senado discute o projeto de lei 300\/2013, do senador Lindbergh Farias (PT-RJ) que, al\u00e9m de proibir o uso de balas de borracha, regula e limita o uso da for\u00e7a e de outros armamentos de letalidade reduzida.<\/p>\n<p>Portanto, a Assembleia Legislativa de S\u00e3o Paulo deu um passo importante, sintonizada com os debates mais avan\u00e7ados que acontecem em todo o mundo. Seguran\u00e7a p\u00fablica \u00e9 um direito humano. Nossas pol\u00edcias precisam ser reformadas e atualizadas, compatibilizando sua a\u00e7\u00e3o com o regime democr\u00e1tico.<\/p>\n<p>Uma semana ap\u00f3s comemoramos o anivers\u00e1rio da Declara\u00e7\u00e3o Universal dos Direitos Humanos, saudamos a aprova\u00e7\u00e3o do banimento das balas de borracha, certos de que o governador Geraldo Alckmin ter\u00e1 sensibilidade e coer\u00eancia, sancionando a iniciativa do Parlamento paulista.<\/p>\n<p><strong>Jo\u00e3o Paulo Rillo<\/strong><\/p>\n","protected":false},"excerpt":{"rendered":"<p>No \u00faltimo dia 3 de dezembro, a Assembleia Legislativa de S\u00e3o Paulo aprovou o projeto de lei 608\/2013, de autoria da bancada do Partido dos Trabalhadores, que pro\u00edbe o uso de muni\u00e7\u00e3o de bala de borracha (elast\u00f4mero) pelas Pol\u00edcias Militar e Civil do Estado.Trata-se de um grande avan\u00e7o na consolida\u00e7\u00e3o do nosso Estado democr\u00e1tico de [&hellip;]<\/p>\n","protected":false},"author":2,"featured_media":31923,"comment_status":"open","ping_status":"closed","sticky":false,"template":"","format":"standard","meta":{"_acf_changed":false,"footnotes":""},"categories":[25],"tags":[],"class_list":["post-31920","post","type-post","status-publish","format-standard","has-post-thumbnail","hentry","category-opina-ai"],"acf":[],"yoast_head":"<!-- This site is optimized with the Yoast SEO plugin v27.2 - https:\/\/yoast.com\/product\/yoast-seo-wordpress\/ -->\n<title>Balas de borracha de Alckmin ferem o direito \u00e0 manifesta\u00e7\u00e3o - Notibras<\/title>\n<meta name=\"robots\" content=\"index, follow, max-snippet:-1, max-image-preview:large, max-video-preview:-1\" \/>\n<link rel=\"canonical\" href=\"https:\/\/www.notibras.com\/site\/balas-de-borracha-da-pm-de-alckmin-ferem-o-direito-a-manifestacao\/\" \/>\n<meta property=\"og:locale\" content=\"pt_BR\" \/>\n<meta property=\"og:type\" content=\"article\" \/>\n<meta property=\"og:title\" content=\"Balas de borracha de Alckmin ferem o direito \u00e0 manifesta\u00e7\u00e3o - Notibras\" \/>\n<meta property=\"og:description\" content=\"No \u00faltimo dia 3 de dezembro, a Assembleia Legislativa de S\u00e3o Paulo aprovou o projeto de lei 608\/2013, de autoria da bancada do Partido dos Trabalhadores, que pro\u00edbe o uso de muni\u00e7\u00e3o de bala de borracha (elast\u00f4mero) pelas Pol\u00edcias Militar e Civil do Estado.Trata-se de um grande avan\u00e7o na consolida\u00e7\u00e3o do nosso Estado democr\u00e1tico de [&hellip;]\" \/>\n<meta property=\"og:url\" content=\"https:\/\/www.notibras.com\/site\/balas-de-borracha-da-pm-de-alckmin-ferem-o-direito-a-manifestacao\/\" \/>\n<meta property=\"og:site_name\" content=\"Notibras\" \/>\n<meta property=\"article:publisher\" content=\"https:\/\/www.facebook.com\/notibras\/\" \/>\n<meta property=\"article:published_time\" content=\"2014-12-23T01:12:13+00:00\" \/>\n<meta property=\"article:modified_time\" content=\"2014-12-24T04:07:29+00:00\" \/>\n<meta property=\"og:image\" content=\"https:\/\/www.notibras.com\/site\/wp-content\/uploads\/2014\/12\/000.jpg\" \/>\n\t<meta property=\"og:image:width\" content=\"619\" \/>\n\t<meta property=\"og:image:height\" content=\"464\" \/>\n\t<meta property=\"og:image:type\" content=\"image\/jpeg\" \/>\n<meta name=\"author\" content=\"Reda\u00e7\u00e3o\" \/>\n<meta name=\"twitter:card\" content=\"summary_large_image\" \/>\n<meta name=\"twitter:creator\" content=\"@Notibras\" \/>\n<meta name=\"twitter:site\" content=\"@Notibras\" \/>\n<meta name=\"twitter:label1\" content=\"Escrito por\" \/>\n\t<meta name=\"twitter:data1\" content=\"Reda\u00e7\u00e3o\" \/>\n\t<meta name=\"twitter:label2\" content=\"Est. tempo de leitura\" \/>\n\t<meta name=\"twitter:data2\" content=\"3 minutos\" \/>\n<script type=\"application\/ld+json\" class=\"yoast-schema-graph\">{\"@context\":\"https:\/\/schema.org\",\"@graph\":[{\"@type\":\"Article\",\"@id\":\"https:\/\/www.notibras.com\/site\/balas-de-borracha-da-pm-de-alckmin-ferem-o-direito-a-manifestacao\/#article\",\"isPartOf\":{\"@id\":\"https:\/\/www.notibras.com\/site\/balas-de-borracha-da-pm-de-alckmin-ferem-o-direito-a-manifestacao\/\"},\"author\":{\"name\":\"Reda\u00e7\u00e3o\",\"@id\":\"https:\/\/www.notibras.com\/site\/#\/schema\/person\/36ab0979449956132d3e5b517ea76ac8\"},\"headline\":\"Balas de borracha de Alckmin ferem o direito \u00e0 manifesta\u00e7\u00e3o\",\"datePublished\":\"2014-12-23T01:12:13+00:00\",\"dateModified\":\"2014-12-24T04:07:29+00:00\",\"mainEntityOfPage\":{\"@id\":\"https:\/\/www.notibras.com\/site\/balas-de-borracha-da-pm-de-alckmin-ferem-o-direito-a-manifestacao\/\"},\"wordCount\":696,\"commentCount\":0,\"publisher\":{\"@id\":\"https:\/\/www.notibras.com\/site\/#organization\"},\"image\":{\"@id\":\"https:\/\/www.notibras.com\/site\/balas-de-borracha-da-pm-de-alckmin-ferem-o-direito-a-manifestacao\/#primaryimage\"},\"thumbnailUrl\":\"https:\/\/www.notibras.com\/site\/wp-content\/uploads\/2014\/12\/000.jpg\",\"articleSection\":[\"Opina a\u00ed\"],\"inLanguage\":\"pt-BR\",\"potentialAction\":[{\"@type\":\"CommentAction\",\"name\":\"Comment\",\"target\":[\"https:\/\/www.notibras.com\/site\/balas-de-borracha-da-pm-de-alckmin-ferem-o-direito-a-manifestacao\/#respond\"]}]},{\"@type\":\"WebPage\",\"@id\":\"https:\/\/www.notibras.com\/site\/balas-de-borracha-da-pm-de-alckmin-ferem-o-direito-a-manifestacao\/\",\"url\":\"https:\/\/www.notibras.com\/site\/balas-de-borracha-da-pm-de-alckmin-ferem-o-direito-a-manifestacao\/\",\"name\":\"Balas de borracha de Alckmin ferem o direito \u00e0 manifesta\u00e7\u00e3o - Notibras\",\"isPartOf\":{\"@id\":\"https:\/\/www.notibras.com\/site\/#website\"},\"primaryImageOfPage\":{\"@id\":\"https:\/\/www.notibras.com\/site\/balas-de-borracha-da-pm-de-alckmin-ferem-o-direito-a-manifestacao\/#primaryimage\"},\"image\":{\"@id\":\"https:\/\/www.notibras.com\/site\/balas-de-borracha-da-pm-de-alckmin-ferem-o-direito-a-manifestacao\/#primaryimage\"},\"thumbnailUrl\":\"https:\/\/www.notibras.com\/site\/wp-content\/uploads\/2014\/12\/000.jpg\",\"datePublished\":\"2014-12-23T01:12:13+00:00\",\"dateModified\":\"2014-12-24T04:07:29+00:00\",\"breadcrumb\":{\"@id\":\"https:\/\/www.notibras.com\/site\/balas-de-borracha-da-pm-de-alckmin-ferem-o-direito-a-manifestacao\/#breadcrumb\"},\"inLanguage\":\"pt-BR\",\"potentialAction\":[{\"@type\":\"ReadAction\",\"target\":[\"https:\/\/www.notibras.com\/site\/balas-de-borracha-da-pm-de-alckmin-ferem-o-direito-a-manifestacao\/\"]}]},{\"@type\":\"ImageObject\",\"inLanguage\":\"pt-BR\",\"@id\":\"https:\/\/www.notibras.com\/site\/balas-de-borracha-da-pm-de-alckmin-ferem-o-direito-a-manifestacao\/#primaryimage\",\"url\":\"https:\/\/www.notibras.com\/site\/wp-content\/uploads\/2014\/12\/000.jpg\",\"contentUrl\":\"https:\/\/www.notibras.com\/site\/wp-content\/uploads\/2014\/12\/000.jpg\",\"width\":619,\"height\":464},{\"@type\":\"BreadcrumbList\",\"@id\":\"https:\/\/www.notibras.com\/site\/balas-de-borracha-da-pm-de-alckmin-ferem-o-direito-a-manifestacao\/#breadcrumb\",\"itemListElement\":[{\"@type\":\"ListItem\",\"position\":1,\"name\":\"In\u00edcio\",\"item\":\"https:\/\/www.notibras.com\/site\/\"},{\"@type\":\"ListItem\",\"position\":2,\"name\":\"Balas de borracha de Alckmin ferem o direito \u00e0 manifesta\u00e7\u00e3o\"}]},{\"@type\":\"WebSite\",\"@id\":\"https:\/\/www.notibras.com\/site\/#website\",\"url\":\"https:\/\/www.notibras.com\/site\/\",\"name\":\"Notibras\",\"description\":\"Not\u00edcias de Bras\u00edlia, do Brasil e do Mundo\",\"publisher\":{\"@id\":\"https:\/\/www.notibras.com\/site\/#organization\"},\"potentialAction\":[{\"@type\":\"SearchAction\",\"target\":{\"@type\":\"EntryPoint\",\"urlTemplate\":\"https:\/\/www.notibras.com\/site\/?s={search_term_string}\"},\"query-input\":{\"@type\":\"PropertyValueSpecification\",\"valueRequired\":true,\"valueName\":\"search_term_string\"}}],\"inLanguage\":\"pt-BR\"},{\"@type\":\"Organization\",\"@id\":\"https:\/\/www.notibras.com\/site\/#organization\",\"name\":\"Grupo Notibras de Comunica\u00e7\u00e3o\",\"url\":\"https:\/\/www.notibras.com\/site\/\",\"logo\":{\"@type\":\"ImageObject\",\"inLanguage\":\"pt-BR\",\"@id\":\"https:\/\/www.notibras.com\/site\/#\/schema\/logo\/image\/\",\"url\":\"https:\/\/www.notibras.com\/site\/wp-content\/uploads\/2023\/01\/notibras23.png\",\"contentUrl\":\"https:\/\/www.notibras.com\/site\/wp-content\/uploads\/2023\/01\/notibras23.png\",\"width\":350,\"height\":87,\"caption\":\"Grupo Notibras de Comunica\u00e7\u00e3o\"},\"image\":{\"@id\":\"https:\/\/www.notibras.com\/site\/#\/schema\/logo\/image\/\"},\"sameAs\":[\"https:\/\/www.facebook.com\/notibras\/\",\"https:\/\/x.com\/Notibras\",\"https:\/\/www.instagram.com\/notibras\/\"]},{\"@type\":\"Person\",\"@id\":\"https:\/\/www.notibras.com\/site\/#\/schema\/person\/36ab0979449956132d3e5b517ea76ac8\",\"name\":\"Reda\u00e7\u00e3o\",\"image\":{\"@type\":\"ImageObject\",\"inLanguage\":\"pt-BR\",\"@id\":\"https:\/\/secure.gravatar.com\/avatar\/e0a867bdedb85fd243eadf09663511f96fc81e0720a4a42581f334ad4303aa6b?s=96&d=mm&r=g\",\"url\":\"https:\/\/secure.gravatar.com\/avatar\/e0a867bdedb85fd243eadf09663511f96fc81e0720a4a42581f334ad4303aa6b?s=96&d=mm&r=g\",\"contentUrl\":\"https:\/\/secure.gravatar.com\/avatar\/e0a867bdedb85fd243eadf09663511f96fc81e0720a4a42581f334ad4303aa6b?s=96&d=mm&r=g\",\"caption\":\"Reda\u00e7\u00e3o\"}}]}<\/script>\n<!-- \/ Yoast SEO plugin. -->","yoast_head_json":{"title":"Balas de borracha de Alckmin ferem o direito \u00e0 manifesta\u00e7\u00e3o - Notibras","robots":{"index":"index","follow":"follow","max-snippet":"max-snippet:-1","max-image-preview":"max-image-preview:large","max-video-preview":"max-video-preview:-1"},"canonical":"https:\/\/www.notibras.com\/site\/balas-de-borracha-da-pm-de-alckmin-ferem-o-direito-a-manifestacao\/","og_locale":"pt_BR","og_type":"article","og_title":"Balas de borracha de Alckmin ferem o direito \u00e0 manifesta\u00e7\u00e3o - Notibras","og_description":"No \u00faltimo dia 3 de dezembro, a Assembleia Legislativa de S\u00e3o Paulo aprovou o projeto de lei 608\/2013, de autoria da bancada do Partido dos Trabalhadores, que pro\u00edbe o uso de muni\u00e7\u00e3o de bala de borracha (elast\u00f4mero) pelas Pol\u00edcias Militar e Civil do Estado.Trata-se de um grande avan\u00e7o na consolida\u00e7\u00e3o do nosso Estado democr\u00e1tico de [&hellip;]","og_url":"https:\/\/www.notibras.com\/site\/balas-de-borracha-da-pm-de-alckmin-ferem-o-direito-a-manifestacao\/","og_site_name":"Notibras","article_publisher":"https:\/\/www.facebook.com\/notibras\/","article_published_time":"2014-12-23T01:12:13+00:00","article_modified_time":"2014-12-24T04:07:29+00:00","og_image":[{"width":619,"height":464,"url":"https:\/\/www.notibras.com\/site\/wp-content\/uploads\/2014\/12\/000.jpg","type":"image\/jpeg"}],"author":"Reda\u00e7\u00e3o","twitter_card":"summary_large_image","twitter_creator":"@Notibras","twitter_site":"@Notibras","twitter_misc":{"Escrito por":"Reda\u00e7\u00e3o","Est. tempo de leitura":"3 minutos"},"schema":{"@context":"https:\/\/schema.org","@graph":[{"@type":"Article","@id":"https:\/\/www.notibras.com\/site\/balas-de-borracha-da-pm-de-alckmin-ferem-o-direito-a-manifestacao\/#article","isPartOf":{"@id":"https:\/\/www.notibras.com\/site\/balas-de-borracha-da-pm-de-alckmin-ferem-o-direito-a-manifestacao\/"},"author":{"name":"Reda\u00e7\u00e3o","@id":"https:\/\/www.notibras.com\/site\/#\/schema\/person\/36ab0979449956132d3e5b517ea76ac8"},"headline":"Balas de borracha de Alckmin ferem o direito \u00e0 manifesta\u00e7\u00e3o","datePublished":"2014-12-23T01:12:13+00:00","dateModified":"2014-12-24T04:07:29+00:00","mainEntityOfPage":{"@id":"https:\/\/www.notibras.com\/site\/balas-de-borracha-da-pm-de-alckmin-ferem-o-direito-a-manifestacao\/"},"wordCount":696,"commentCount":0,"publisher":{"@id":"https:\/\/www.notibras.com\/site\/#organization"},"image":{"@id":"https:\/\/www.notibras.com\/site\/balas-de-borracha-da-pm-de-alckmin-ferem-o-direito-a-manifestacao\/#primaryimage"},"thumbnailUrl":"https:\/\/www.notibras.com\/site\/wp-content\/uploads\/2014\/12\/000.jpg","articleSection":["Opina a\u00ed"],"inLanguage":"pt-BR","potentialAction":[{"@type":"CommentAction","name":"Comment","target":["https:\/\/www.notibras.com\/site\/balas-de-borracha-da-pm-de-alckmin-ferem-o-direito-a-manifestacao\/#respond"]}]},{"@type":"WebPage","@id":"https:\/\/www.notibras.com\/site\/balas-de-borracha-da-pm-de-alckmin-ferem-o-direito-a-manifestacao\/","url":"https:\/\/www.notibras.com\/site\/balas-de-borracha-da-pm-de-alckmin-ferem-o-direito-a-manifestacao\/","name":"Balas de borracha de Alckmin ferem o direito \u00e0 manifesta\u00e7\u00e3o - Notibras","isPartOf":{"@id":"https:\/\/www.notibras.com\/site\/#website"},"primaryImageOfPage":{"@id":"https:\/\/www.notibras.com\/site\/balas-de-borracha-da-pm-de-alckmin-ferem-o-direito-a-manifestacao\/#primaryimage"},"image":{"@id":"https:\/\/www.notibras.com\/site\/balas-de-borracha-da-pm-de-alckmin-ferem-o-direito-a-manifestacao\/#primaryimage"},"thumbnailUrl":"https:\/\/www.notibras.com\/site\/wp-content\/uploads\/2014\/12\/000.jpg","datePublished":"2014-12-23T01:12:13+00:00","dateModified":"2014-12-24T04:07:29+00:00","breadcrumb":{"@id":"https:\/\/www.notibras.com\/site\/balas-de-borracha-da-pm-de-alckmin-ferem-o-direito-a-manifestacao\/#breadcrumb"},"inLanguage":"pt-BR","potentialAction":[{"@type":"ReadAction","target":["https:\/\/www.notibras.com\/site\/balas-de-borracha-da-pm-de-alckmin-ferem-o-direito-a-manifestacao\/"]}]},{"@type":"ImageObject","inLanguage":"pt-BR","@id":"https:\/\/www.notibras.com\/site\/balas-de-borracha-da-pm-de-alckmin-ferem-o-direito-a-manifestacao\/#primaryimage","url":"https:\/\/www.notibras.com\/site\/wp-content\/uploads\/2014\/12\/000.jpg","contentUrl":"https:\/\/www.notibras.com\/site\/wp-content\/uploads\/2014\/12\/000.jpg","width":619,"height":464},{"@type":"BreadcrumbList","@id":"https:\/\/www.notibras.com\/site\/balas-de-borracha-da-pm-de-alckmin-ferem-o-direito-a-manifestacao\/#breadcrumb","itemListElement":[{"@type":"ListItem","position":1,"name":"In\u00edcio","item":"https:\/\/www.notibras.com\/site\/"},{"@type":"ListItem","position":2,"name":"Balas de borracha de Alckmin ferem o direito \u00e0 manifesta\u00e7\u00e3o"}]},{"@type":"WebSite","@id":"https:\/\/www.notibras.com\/site\/#website","url":"https:\/\/www.notibras.com\/site\/","name":"Notibras","description":"Not\u00edcias de Bras\u00edlia, do Brasil e do Mundo","publisher":{"@id":"https:\/\/www.notibras.com\/site\/#organization"},"potentialAction":[{"@type":"SearchAction","target":{"@type":"EntryPoint","urlTemplate":"https:\/\/www.notibras.com\/site\/?s={search_term_string}"},"query-input":{"@type":"PropertyValueSpecification","valueRequired":true,"valueName":"search_term_string"}}],"inLanguage":"pt-BR"},{"@type":"Organization","@id":"https:\/\/www.notibras.com\/site\/#organization","name":"Grupo Notibras de Comunica\u00e7\u00e3o","url":"https:\/\/www.notibras.com\/site\/","logo":{"@type":"ImageObject","inLanguage":"pt-BR","@id":"https:\/\/www.notibras.com\/site\/#\/schema\/logo\/image\/","url":"https:\/\/www.notibras.com\/site\/wp-content\/uploads\/2023\/01\/notibras23.png","contentUrl":"https:\/\/www.notibras.com\/site\/wp-content\/uploads\/2023\/01\/notibras23.png","width":350,"height":87,"caption":"Grupo Notibras de Comunica\u00e7\u00e3o"},"image":{"@id":"https:\/\/www.notibras.com\/site\/#\/schema\/logo\/image\/"},"sameAs":["https:\/\/www.facebook.com\/notibras\/","https:\/\/x.com\/Notibras","https:\/\/www.instagram.com\/notibras\/"]},{"@type":"Person","@id":"https:\/\/www.notibras.com\/site\/#\/schema\/person\/36ab0979449956132d3e5b517ea76ac8","name":"Reda\u00e7\u00e3o","image":{"@type":"ImageObject","inLanguage":"pt-BR","@id":"https:\/\/secure.gravatar.com\/avatar\/e0a867bdedb85fd243eadf09663511f96fc81e0720a4a42581f334ad4303aa6b?s=96&d=mm&r=g","url":"https:\/\/secure.gravatar.com\/avatar\/e0a867bdedb85fd243eadf09663511f96fc81e0720a4a42581f334ad4303aa6b?s=96&d=mm&r=g","contentUrl":"https:\/\/secure.gravatar.com\/avatar\/e0a867bdedb85fd243eadf09663511f96fc81e0720a4a42581f334ad4303aa6b?s=96&d=mm&r=g","caption":"Reda\u00e7\u00e3o"}}]}},"amp_enabled":true,"_links":{"self":[{"href":"https:\/\/www.notibras.com\/site\/wp-json\/wp\/v2\/posts\/31920","targetHints":{"allow":["GET"]}}],"collection":[{"href":"https:\/\/www.notibras.com\/site\/wp-json\/wp\/v2\/posts"}],"about":[{"href":"https:\/\/www.notibras.com\/site\/wp-json\/wp\/v2\/types\/post"}],"author":[{"embeddable":true,"href":"https:\/\/www.notibras.com\/site\/wp-json\/wp\/v2\/users\/2"}],"replies":[{"embeddable":true,"href":"https:\/\/www.notibras.com\/site\/wp-json\/wp\/v2\/comments?post=31920"}],"version-history":[{"count":0,"href":"https:\/\/www.notibras.com\/site\/wp-json\/wp\/v2\/posts\/31920\/revisions"}],"wp:featuredmedia":[{"embeddable":true,"href":"https:\/\/www.notibras.com\/site\/wp-json\/wp\/v2\/media\/31923"}],"wp:attachment":[{"href":"https:\/\/www.notibras.com\/site\/wp-json\/wp\/v2\/media?parent=31920"}],"wp:term":[{"taxonomy":"category","embeddable":true,"href":"https:\/\/www.notibras.com\/site\/wp-json\/wp\/v2\/categories?post=31920"},{"taxonomy":"post_tag","embeddable":true,"href":"https:\/\/www.notibras.com\/site\/wp-json\/wp\/v2\/tags?post=31920"}],"curies":[{"name":"wp","href":"https:\/\/api.w.org\/{rel}","templated":true}]}}