{"id":319220,"date":"2023-12-15T07:34:32","date_gmt":"2023-12-15T10:34:32","guid":{"rendered":"https:\/\/www.notibras.com\/site\/?p=319220"},"modified":"2023-12-15T10:36:32","modified_gmt":"2023-12-15T13:36:32","slug":"nova-onda-de-calor-faz-brasiliense-querer-agua-na-boca","status":"publish","type":"post","link":"https:\/\/www.notibras.com\/site\/nova-onda-de-calor-faz-brasiliense-querer-agua-na-boca\/","title":{"rendered":"Nova onda de calor faz brasiliense querer \u00e1gua na boca"},"content":{"rendered":"<p>O brasiliense &#8211; como de resto grande parte de brasileiros &#8211; j\u00e1 sofrem desde a quinta, 14, as consequ\u00eancias de uma nova onda de calor. As temperaturas v\u00e3o subir em v\u00e1rios estados, com a chegada de uma massa de ar quente que ganha for\u00e7a nos pr\u00f3ximos dias em grande parte do centro-sul do Brasil, com temperaturas m\u00e1ximas que podem passar dos 40 graus Celsius (\u00b0C).<\/p>\n<p>Para esta sexta-feira (15), o forte calor tamb\u00e9m \u00e9 esperado na \u00e1rea que abrange a maior parte do Centro-Oeste e Sudeste do Brasil e em \u00e1reas das regi\u00f5es Norte e Nordeste, com temperaturas m\u00e1ximas que podem superar 40\u00b0C nos estados de Mato Grosso do Sul, Mato Grosso, Goi\u00e1s e Bahia e no interior de S\u00e3o Paulo.<\/p>\n<p>De acordo com a previs\u00e3o do Instituto Nacional de Meteorologia (Inmet), esse quadro clim\u00e1tico se manter\u00e1 at\u00e9 o pr\u00f3ximo domingo (16).<\/p>\n<p>Em fun\u00e7\u00e3o desse cen\u00e1rio, o Inmet emitiu na ter\u00e7a-feira (12) aviso meteorol\u00f3gico especial, de n\u00edvel laranja (perigo), de onda de calor devido \u00e0 persist\u00eancia do fen\u00f4meno por, pelo menos, 4 dias consecutivos. Para ser considerada onda de calor, a temperatura m\u00e1xima do dia deve registrar 5 graus acima da m\u00e9dia daquela localidade, por um per\u00edodo de 3 a 5 dias.<\/p>\n<p>A meteorologista do Inmet Naiane Ara\u00fajo indica um conjunto de fatores respons\u00e1veis pelo fen\u00f4meno clim\u00e1tico caracterizado pelo aumento anormal das temperaturas por um certo per\u00edodo.<\/p>\n<p>\u201cNos pr\u00f3ximos dias, a chance de chuva j\u00e1 come\u00e7a a diminuir novamente, principalmente a partir desta quinta-feira, devido a uma massa de ar mais quente e seco, que vai quebrar esse canal de umidade, justamente nesta \u00e9poca do ano, quando nos aproximamos do ver\u00e3o, que \u00e9 uma \u00e9poca mais quente do ano. Conforme a gente tem o c\u00e9u aberto, mais ensolarado, com a aus\u00eancia de nuvens e de chuva, as temperaturas disparam mesmo&#8221;, explicou.<\/p>\n<p>A meteorologista disse que o fen\u00f4meno natural El Ni\u00f1o (aquecimento das \u00e1guas do Oceano Pac\u00edfico) \u00e9 um motivo a mais para aumentar os term\u00f4metros, mas n\u00e3o \u00e9 o \u00fanico. \u201cO El Ni\u00f1o \u00e9 um agravante. A gente teve a configura\u00e7\u00e3o do fen\u00f4meno ao longo dessa primavera e, durante o ver\u00e3o, deve persistir. Quando se configura um El Ni\u00f1o, o fen\u00f4meno bagun\u00e7a o regime de chuva na \u00e1rea central do Brasil e tem um impacto muito claro nessa eleva\u00e7\u00e3o das temperaturas tamb\u00e9m. Ele \u00e9 um combust\u00edvel a mais, sem d\u00favida alguma\u201d.<\/p>\n<p><strong>Riscos<\/strong><br \/>\nOs recordes de temperatura aumentam os riscos de inc\u00eandios e preju\u00edzos \u00e0 agropecu\u00e1ria, com a perda de produ\u00e7\u00e3o e mortes de animais.<\/p>\n<p>A sensa\u00e7\u00e3o t\u00e9rmica muito alta tamb\u00e9m pode provocar riscos \u00e0 sa\u00fade, como insola\u00e7\u00e3o em diferentes graus. Os mais vulner\u00e1veis e que precisam de mais aten\u00e7\u00e3o s\u00e3o pessoas idosas, beb\u00eas e crian\u00e7as, gestantes e portadores de doen\u00e7as cr\u00f4nicas, como problemas renais, card\u00edacos, respirat\u00f3rios ou de circula\u00e7\u00e3o; al\u00e9m da popula\u00e7\u00e3o em situa\u00e7\u00e3o de rua.<\/p>\n<p>Para a popula\u00e7\u00e3o em geral, para se proteger da insola\u00e7\u00e3o, o Minist\u00e9rio da Sa\u00fade recomenda hidrata\u00e7\u00e3o, resfriamento e prote\u00e7\u00e3o do sol e calor. A pasta preparou um guia com dicas b\u00e1sicas sobre como lidar com as temperaturas extremas:<\/p>\n<p>\u00b7 beber \u00e1guas e sucos com frequ\u00eancia, mesmo quando estiver sem sede;<\/p>\n<p>\u00b7 evitar bebidas com \u00e1lcool, a\u00e7ucaradas e os refrigerantes;<\/p>\n<p>\u00b7 evitar refei\u00e7\u00f5es pesadas e condimentadas;<\/p>\n<p>\u00b7 ingerir refei\u00e7\u00f5es leves, como saladas e frutas, a exemplo de melancia, mel\u00e3o e laranja;<\/p>\n<p>\u00b7 permanecer em locais mais frescos e arejados: \u00e0 sombra, com ar condicionado ou ventilador;<\/p>\n<p>\u00b7 manter os ambientes \u00famidos com umidificadores de ar, toalhas molhadas ou baldes de \u00e1gua;<\/p>\n<p>\u00b7 usar roupas com tecidos e modelos frescos para deixar a pele respirar;<\/p>\n<p>\u00b7 tomar banhos frios ou com temperaturas mais baixas;<\/p>\n<p>\u00b7 evitar mudan\u00e7as bruscas de temperatura;<\/p>\n<p>\u00b7 evitar se expor ao sol nos hor\u00e1rios mais quentes, assim como n\u00e3o realizar atividades f\u00edsicas nestes intervalos, principalmente, ao ar livre;<\/p>\n<p>\u00b7 usar protetor solar, \u00f3culos escuros e chap\u00e9us.<\/p>\n<p>Aos tutores dos animais dom\u00e9sticos, especialistas recomendam;<\/p>\n<p>\u00b7 manter a \u00e1gua dos animais sempre fresca, limpa e dispon\u00edvel. Pedras de gelo podem ser acrescentadas ao l\u00edquido;<\/p>\n<p>\u00b7 n\u00e3o caminhar com os animais em piso quente para n\u00e3o queimar as patas;<\/p>\n<p>\u00b7 evitar passeios em hor\u00e1rios de pico de temperatura;<\/p>\n<p>\u00b7 n\u00e3o deixar os pets expostos ao sol;<\/p>\n<p>\u00b7 avaliar o uso de ar condicionado no local onde o pet fica;<\/p>\n<p>\u00b7 verificar os comportamentos do animal;<\/p>\n<p>\u00b7 se necess\u00e1rio, procurar um veterin\u00e1rio.<\/p>\n<p><strong>Insola\u00e7\u00e3o<\/strong><br \/>\nQuando o corpo n\u00e3o dissipa bem o calor, pode ocorrer a insola\u00e7\u00e3o em diferentes graus. O corpo humano d\u00e1 sinais desse aumento prejudicial da temperatura e um profissional de sa\u00fade dever\u00e1 ser procurado. Os n\u00edveis de insola\u00e7\u00e3o e seus sinais s\u00e3o:<\/p>\n<p>\u00b7 insola\u00e7\u00e3o leve: muito suor e c\u00e2imbras;<\/p>\n<p>\u00b7 insola\u00e7\u00e3o moderada: fraqueza, dor de cabe\u00e7a, enjoo, v\u00f4mito e irritabilidade;<\/p>\n<p>\u00b7 insola\u00e7\u00e3o grave: confus\u00e3o mental; tonturas; pele quente e seca; e at\u00e9 perda da consci\u00eancia.<\/p>\n<p>Nesse caso, a orienta\u00e7\u00e3o \u00e9 chamar o mais r\u00e1pido poss\u00edvel o Servi\u00e7o de Atendimento M\u00f3vel de Urg\u00eancia (Samu 192). A liga\u00e7\u00e3o para o telefone 192 \u00e9 gratuita e o servi\u00e7o p\u00fablico funciona 24 horas por dia, todos os dias da semana.<\/p>\n<p>Enquanto os socorristas n\u00e3o chegam, o acompanhante deve buscar um lugar fresco e poder\u00e1 esfriar o corpo da pessoa com panos \u00famidos ou spray com \u00e1gua.<\/p>\n","protected":false},"excerpt":{"rendered":"<p>O brasiliense &#8211; como de resto grande parte de brasileiros &#8211; j\u00e1 sofrem desde a quinta, 14, as consequ\u00eancias de uma nova onda de calor. As temperaturas v\u00e3o subir em v\u00e1rios estados, com a chegada de uma massa de ar quente que ganha for\u00e7a nos pr\u00f3ximos dias em grande parte do centro-sul do Brasil, com [&hellip;]<\/p>\n","protected":false},"author":2,"featured_media":319221,"comment_status":"closed","ping_status":"closed","sticky":false,"template":"","format":"standard","meta":{"_acf_changed":false,"footnotes":""},"categories":[161],"tags":[],"class_list":["post-319220","post","type-post","status-publish","format-standard","has-post-thumbnail","hentry","category-quadradinho-em-foco"],"acf":[],"yoast_head":"<!-- This site is optimized with the Yoast SEO plugin v27.2 - https:\/\/yoast.com\/product\/yoast-seo-wordpress\/ -->\n<title>Nova onda de calor faz brasiliense querer \u00e1gua na boca - Notibras<\/title>\n<meta name=\"robots\" content=\"index, follow, max-snippet:-1, max-image-preview:large, max-video-preview:-1\" \/>\n<link rel=\"canonical\" href=\"https:\/\/www.notibras.com\/site\/nova-onda-de-calor-faz-brasiliense-querer-agua-na-boca\/\" \/>\n<meta property=\"og:locale\" content=\"pt_BR\" \/>\n<meta property=\"og:type\" content=\"article\" \/>\n<meta property=\"og:title\" content=\"Nova onda de calor faz brasiliense querer \u00e1gua na boca - Notibras\" \/>\n<meta property=\"og:description\" content=\"O brasiliense &#8211; como de resto grande parte de brasileiros &#8211; j\u00e1 sofrem desde a quinta, 14, as consequ\u00eancias de uma nova onda de calor. As temperaturas v\u00e3o subir em v\u00e1rios estados, com a chegada de uma massa de ar quente que ganha for\u00e7a nos pr\u00f3ximos dias em grande parte do centro-sul do Brasil, com [&hellip;]\" \/>\n<meta property=\"og:url\" content=\"https:\/\/www.notibras.com\/site\/nova-onda-de-calor-faz-brasiliense-querer-agua-na-boca\/\" \/>\n<meta property=\"og:site_name\" content=\"Notibras\" \/>\n<meta property=\"article:publisher\" content=\"https:\/\/www.facebook.com\/notibras\/\" \/>\n<meta property=\"article:published_time\" content=\"2023-12-15T10:34:32+00:00\" \/>\n<meta property=\"article:modified_time\" content=\"2023-12-15T13:36:32+00:00\" \/>\n<meta property=\"og:image\" content=\"https:\/\/www.notibras.com\/site\/wp-content\/uploads\/2023\/12\/calornovaonda.webp\" \/>\n\t<meta property=\"og:image:width\" content=\"754\" \/>\n\t<meta property=\"og:image:height\" content=\"503\" \/>\n\t<meta property=\"og:image:type\" content=\"image\/webp\" \/>\n<meta name=\"author\" content=\"Reda\u00e7\u00e3o\" \/>\n<meta name=\"twitter:card\" content=\"summary_large_image\" \/>\n<meta name=\"twitter:creator\" content=\"@Notibras\" \/>\n<meta name=\"twitter:site\" content=\"@Notibras\" \/>\n<meta name=\"twitter:label1\" content=\"Escrito por\" \/>\n\t<meta name=\"twitter:data1\" content=\"Reda\u00e7\u00e3o\" \/>\n\t<meta name=\"twitter:label2\" content=\"Est. tempo de leitura\" \/>\n\t<meta name=\"twitter:data2\" content=\"5 minutos\" \/>\n<script type=\"application\/ld+json\" class=\"yoast-schema-graph\">{\"@context\":\"https:\/\/schema.org\",\"@graph\":[{\"@type\":\"Article\",\"@id\":\"https:\/\/www.notibras.com\/site\/nova-onda-de-calor-faz-brasiliense-querer-agua-na-boca\/#article\",\"isPartOf\":{\"@id\":\"https:\/\/www.notibras.com\/site\/nova-onda-de-calor-faz-brasiliense-querer-agua-na-boca\/\"},\"author\":{\"name\":\"Reda\u00e7\u00e3o\",\"@id\":\"https:\/\/www.notibras.com\/site\/#\/schema\/person\/36ab0979449956132d3e5b517ea76ac8\"},\"headline\":\"Nova onda de calor faz brasiliense querer \u00e1gua na boca\",\"datePublished\":\"2023-12-15T10:34:32+00:00\",\"dateModified\":\"2023-12-15T13:36:32+00:00\",\"mainEntityOfPage\":{\"@id\":\"https:\/\/www.notibras.com\/site\/nova-onda-de-calor-faz-brasiliense-querer-agua-na-boca\/\"},\"wordCount\":946,\"publisher\":{\"@id\":\"https:\/\/www.notibras.com\/site\/#organization\"},\"image\":{\"@id\":\"https:\/\/www.notibras.com\/site\/nova-onda-de-calor-faz-brasiliense-querer-agua-na-boca\/#primaryimage\"},\"thumbnailUrl\":\"https:\/\/www.notibras.com\/site\/wp-content\/uploads\/2023\/12\/calornovaonda.webp\",\"articleSection\":[\"Quadradinho em Foco\"],\"inLanguage\":\"pt-BR\"},{\"@type\":\"WebPage\",\"@id\":\"https:\/\/www.notibras.com\/site\/nova-onda-de-calor-faz-brasiliense-querer-agua-na-boca\/\",\"url\":\"https:\/\/www.notibras.com\/site\/nova-onda-de-calor-faz-brasiliense-querer-agua-na-boca\/\",\"name\":\"Nova onda de calor faz brasiliense querer \u00e1gua na boca - Notibras\",\"isPartOf\":{\"@id\":\"https:\/\/www.notibras.com\/site\/#website\"},\"primaryImageOfPage\":{\"@id\":\"https:\/\/www.notibras.com\/site\/nova-onda-de-calor-faz-brasiliense-querer-agua-na-boca\/#primaryimage\"},\"image\":{\"@id\":\"https:\/\/www.notibras.com\/site\/nova-onda-de-calor-faz-brasiliense-querer-agua-na-boca\/#primaryimage\"},\"thumbnailUrl\":\"https:\/\/www.notibras.com\/site\/wp-content\/uploads\/2023\/12\/calornovaonda.webp\",\"datePublished\":\"2023-12-15T10:34:32+00:00\",\"dateModified\":\"2023-12-15T13:36:32+00:00\",\"breadcrumb\":{\"@id\":\"https:\/\/www.notibras.com\/site\/nova-onda-de-calor-faz-brasiliense-querer-agua-na-boca\/#breadcrumb\"},\"inLanguage\":\"pt-BR\",\"potentialAction\":[{\"@type\":\"ReadAction\",\"target\":[\"https:\/\/www.notibras.com\/site\/nova-onda-de-calor-faz-brasiliense-querer-agua-na-boca\/\"]}]},{\"@type\":\"ImageObject\",\"inLanguage\":\"pt-BR\",\"@id\":\"https:\/\/www.notibras.com\/site\/nova-onda-de-calor-faz-brasiliense-querer-agua-na-boca\/#primaryimage\",\"url\":\"https:\/\/www.notibras.com\/site\/wp-content\/uploads\/2023\/12\/calornovaonda.webp\",\"contentUrl\":\"https:\/\/www.notibras.com\/site\/wp-content\/uploads\/2023\/12\/calornovaonda.webp\",\"width\":754,\"height\":503},{\"@type\":\"BreadcrumbList\",\"@id\":\"https:\/\/www.notibras.com\/site\/nova-onda-de-calor-faz-brasiliense-querer-agua-na-boca\/#breadcrumb\",\"itemListElement\":[{\"@type\":\"ListItem\",\"position\":1,\"name\":\"In\u00edcio\",\"item\":\"https:\/\/www.notibras.com\/site\/\"},{\"@type\":\"ListItem\",\"position\":2,\"name\":\"Nova onda de calor faz brasiliense querer \u00e1gua na boca\"}]},{\"@type\":\"WebSite\",\"@id\":\"https:\/\/www.notibras.com\/site\/#website\",\"url\":\"https:\/\/www.notibras.com\/site\/\",\"name\":\"Notibras\",\"description\":\"Not\u00edcias de Bras\u00edlia, do Brasil e do Mundo\",\"publisher\":{\"@id\":\"https:\/\/www.notibras.com\/site\/#organization\"},\"potentialAction\":[{\"@type\":\"SearchAction\",\"target\":{\"@type\":\"EntryPoint\",\"urlTemplate\":\"https:\/\/www.notibras.com\/site\/?s={search_term_string}\"},\"query-input\":{\"@type\":\"PropertyValueSpecification\",\"valueRequired\":true,\"valueName\":\"search_term_string\"}}],\"inLanguage\":\"pt-BR\"},{\"@type\":\"Organization\",\"@id\":\"https:\/\/www.notibras.com\/site\/#organization\",\"name\":\"Grupo Notibras de Comunica\u00e7\u00e3o\",\"url\":\"https:\/\/www.notibras.com\/site\/\",\"logo\":{\"@type\":\"ImageObject\",\"inLanguage\":\"pt-BR\",\"@id\":\"https:\/\/www.notibras.com\/site\/#\/schema\/logo\/image\/\",\"url\":\"https:\/\/www.notibras.com\/site\/wp-content\/uploads\/2023\/01\/notibras23.png\",\"contentUrl\":\"https:\/\/www.notibras.com\/site\/wp-content\/uploads\/2023\/01\/notibras23.png\",\"width\":350,\"height\":87,\"caption\":\"Grupo Notibras de Comunica\u00e7\u00e3o\"},\"image\":{\"@id\":\"https:\/\/www.notibras.com\/site\/#\/schema\/logo\/image\/\"},\"sameAs\":[\"https:\/\/www.facebook.com\/notibras\/\",\"https:\/\/x.com\/Notibras\",\"https:\/\/www.instagram.com\/notibras\/\"]},{\"@type\":\"Person\",\"@id\":\"https:\/\/www.notibras.com\/site\/#\/schema\/person\/36ab0979449956132d3e5b517ea76ac8\",\"name\":\"Reda\u00e7\u00e3o\",\"image\":{\"@type\":\"ImageObject\",\"inLanguage\":\"pt-BR\",\"@id\":\"https:\/\/secure.gravatar.com\/avatar\/e0a867bdedb85fd243eadf09663511f96fc81e0720a4a42581f334ad4303aa6b?s=96&d=mm&r=g\",\"url\":\"https:\/\/secure.gravatar.com\/avatar\/e0a867bdedb85fd243eadf09663511f96fc81e0720a4a42581f334ad4303aa6b?s=96&d=mm&r=g\",\"contentUrl\":\"https:\/\/secure.gravatar.com\/avatar\/e0a867bdedb85fd243eadf09663511f96fc81e0720a4a42581f334ad4303aa6b?s=96&d=mm&r=g\",\"caption\":\"Reda\u00e7\u00e3o\"}}]}<\/script>\n<!-- \/ Yoast SEO plugin. -->","yoast_head_json":{"title":"Nova onda de calor faz brasiliense querer \u00e1gua na boca - Notibras","robots":{"index":"index","follow":"follow","max-snippet":"max-snippet:-1","max-image-preview":"max-image-preview:large","max-video-preview":"max-video-preview:-1"},"canonical":"https:\/\/www.notibras.com\/site\/nova-onda-de-calor-faz-brasiliense-querer-agua-na-boca\/","og_locale":"pt_BR","og_type":"article","og_title":"Nova onda de calor faz brasiliense querer \u00e1gua na boca - Notibras","og_description":"O brasiliense &#8211; como de resto grande parte de brasileiros &#8211; j\u00e1 sofrem desde a quinta, 14, as consequ\u00eancias de uma nova onda de calor. As temperaturas v\u00e3o subir em v\u00e1rios estados, com a chegada de uma massa de ar quente que ganha for\u00e7a nos pr\u00f3ximos dias em grande parte do centro-sul do Brasil, com [&hellip;]","og_url":"https:\/\/www.notibras.com\/site\/nova-onda-de-calor-faz-brasiliense-querer-agua-na-boca\/","og_site_name":"Notibras","article_publisher":"https:\/\/www.facebook.com\/notibras\/","article_published_time":"2023-12-15T10:34:32+00:00","article_modified_time":"2023-12-15T13:36:32+00:00","og_image":[{"width":754,"height":503,"url":"https:\/\/www.notibras.com\/site\/wp-content\/uploads\/2023\/12\/calornovaonda.webp","type":"image\/webp"}],"author":"Reda\u00e7\u00e3o","twitter_card":"summary_large_image","twitter_creator":"@Notibras","twitter_site":"@Notibras","twitter_misc":{"Escrito por":"Reda\u00e7\u00e3o","Est. tempo de leitura":"5 minutos"},"schema":{"@context":"https:\/\/schema.org","@graph":[{"@type":"Article","@id":"https:\/\/www.notibras.com\/site\/nova-onda-de-calor-faz-brasiliense-querer-agua-na-boca\/#article","isPartOf":{"@id":"https:\/\/www.notibras.com\/site\/nova-onda-de-calor-faz-brasiliense-querer-agua-na-boca\/"},"author":{"name":"Reda\u00e7\u00e3o","@id":"https:\/\/www.notibras.com\/site\/#\/schema\/person\/36ab0979449956132d3e5b517ea76ac8"},"headline":"Nova onda de calor faz brasiliense querer \u00e1gua na boca","datePublished":"2023-12-15T10:34:32+00:00","dateModified":"2023-12-15T13:36:32+00:00","mainEntityOfPage":{"@id":"https:\/\/www.notibras.com\/site\/nova-onda-de-calor-faz-brasiliense-querer-agua-na-boca\/"},"wordCount":946,"publisher":{"@id":"https:\/\/www.notibras.com\/site\/#organization"},"image":{"@id":"https:\/\/www.notibras.com\/site\/nova-onda-de-calor-faz-brasiliense-querer-agua-na-boca\/#primaryimage"},"thumbnailUrl":"https:\/\/www.notibras.com\/site\/wp-content\/uploads\/2023\/12\/calornovaonda.webp","articleSection":["Quadradinho em Foco"],"inLanguage":"pt-BR"},{"@type":"WebPage","@id":"https:\/\/www.notibras.com\/site\/nova-onda-de-calor-faz-brasiliense-querer-agua-na-boca\/","url":"https:\/\/www.notibras.com\/site\/nova-onda-de-calor-faz-brasiliense-querer-agua-na-boca\/","name":"Nova onda de calor faz brasiliense querer \u00e1gua na boca - Notibras","isPartOf":{"@id":"https:\/\/www.notibras.com\/site\/#website"},"primaryImageOfPage":{"@id":"https:\/\/www.notibras.com\/site\/nova-onda-de-calor-faz-brasiliense-querer-agua-na-boca\/#primaryimage"},"image":{"@id":"https:\/\/www.notibras.com\/site\/nova-onda-de-calor-faz-brasiliense-querer-agua-na-boca\/#primaryimage"},"thumbnailUrl":"https:\/\/www.notibras.com\/site\/wp-content\/uploads\/2023\/12\/calornovaonda.webp","datePublished":"2023-12-15T10:34:32+00:00","dateModified":"2023-12-15T13:36:32+00:00","breadcrumb":{"@id":"https:\/\/www.notibras.com\/site\/nova-onda-de-calor-faz-brasiliense-querer-agua-na-boca\/#breadcrumb"},"inLanguage":"pt-BR","potentialAction":[{"@type":"ReadAction","target":["https:\/\/www.notibras.com\/site\/nova-onda-de-calor-faz-brasiliense-querer-agua-na-boca\/"]}]},{"@type":"ImageObject","inLanguage":"pt-BR","@id":"https:\/\/www.notibras.com\/site\/nova-onda-de-calor-faz-brasiliense-querer-agua-na-boca\/#primaryimage","url":"https:\/\/www.notibras.com\/site\/wp-content\/uploads\/2023\/12\/calornovaonda.webp","contentUrl":"https:\/\/www.notibras.com\/site\/wp-content\/uploads\/2023\/12\/calornovaonda.webp","width":754,"height":503},{"@type":"BreadcrumbList","@id":"https:\/\/www.notibras.com\/site\/nova-onda-de-calor-faz-brasiliense-querer-agua-na-boca\/#breadcrumb","itemListElement":[{"@type":"ListItem","position":1,"name":"In\u00edcio","item":"https:\/\/www.notibras.com\/site\/"},{"@type":"ListItem","position":2,"name":"Nova onda de calor faz brasiliense querer \u00e1gua na boca"}]},{"@type":"WebSite","@id":"https:\/\/www.notibras.com\/site\/#website","url":"https:\/\/www.notibras.com\/site\/","name":"Notibras","description":"Not\u00edcias de Bras\u00edlia, do Brasil e do Mundo","publisher":{"@id":"https:\/\/www.notibras.com\/site\/#organization"},"potentialAction":[{"@type":"SearchAction","target":{"@type":"EntryPoint","urlTemplate":"https:\/\/www.notibras.com\/site\/?s={search_term_string}"},"query-input":{"@type":"PropertyValueSpecification","valueRequired":true,"valueName":"search_term_string"}}],"inLanguage":"pt-BR"},{"@type":"Organization","@id":"https:\/\/www.notibras.com\/site\/#organization","name":"Grupo Notibras de Comunica\u00e7\u00e3o","url":"https:\/\/www.notibras.com\/site\/","logo":{"@type":"ImageObject","inLanguage":"pt-BR","@id":"https:\/\/www.notibras.com\/site\/#\/schema\/logo\/image\/","url":"https:\/\/www.notibras.com\/site\/wp-content\/uploads\/2023\/01\/notibras23.png","contentUrl":"https:\/\/www.notibras.com\/site\/wp-content\/uploads\/2023\/01\/notibras23.png","width":350,"height":87,"caption":"Grupo Notibras de Comunica\u00e7\u00e3o"},"image":{"@id":"https:\/\/www.notibras.com\/site\/#\/schema\/logo\/image\/"},"sameAs":["https:\/\/www.facebook.com\/notibras\/","https:\/\/x.com\/Notibras","https:\/\/www.instagram.com\/notibras\/"]},{"@type":"Person","@id":"https:\/\/www.notibras.com\/site\/#\/schema\/person\/36ab0979449956132d3e5b517ea76ac8","name":"Reda\u00e7\u00e3o","image":{"@type":"ImageObject","inLanguage":"pt-BR","@id":"https:\/\/secure.gravatar.com\/avatar\/e0a867bdedb85fd243eadf09663511f96fc81e0720a4a42581f334ad4303aa6b?s=96&d=mm&r=g","url":"https:\/\/secure.gravatar.com\/avatar\/e0a867bdedb85fd243eadf09663511f96fc81e0720a4a42581f334ad4303aa6b?s=96&d=mm&r=g","contentUrl":"https:\/\/secure.gravatar.com\/avatar\/e0a867bdedb85fd243eadf09663511f96fc81e0720a4a42581f334ad4303aa6b?s=96&d=mm&r=g","caption":"Reda\u00e7\u00e3o"}}]}},"amp_enabled":true,"_links":{"self":[{"href":"https:\/\/www.notibras.com\/site\/wp-json\/wp\/v2\/posts\/319220","targetHints":{"allow":["GET"]}}],"collection":[{"href":"https:\/\/www.notibras.com\/site\/wp-json\/wp\/v2\/posts"}],"about":[{"href":"https:\/\/www.notibras.com\/site\/wp-json\/wp\/v2\/types\/post"}],"author":[{"embeddable":true,"href":"https:\/\/www.notibras.com\/site\/wp-json\/wp\/v2\/users\/2"}],"replies":[{"embeddable":true,"href":"https:\/\/www.notibras.com\/site\/wp-json\/wp\/v2\/comments?post=319220"}],"version-history":[{"count":1,"href":"https:\/\/www.notibras.com\/site\/wp-json\/wp\/v2\/posts\/319220\/revisions"}],"predecessor-version":[{"id":319222,"href":"https:\/\/www.notibras.com\/site\/wp-json\/wp\/v2\/posts\/319220\/revisions\/319222"}],"wp:featuredmedia":[{"embeddable":true,"href":"https:\/\/www.notibras.com\/site\/wp-json\/wp\/v2\/media\/319221"}],"wp:attachment":[{"href":"https:\/\/www.notibras.com\/site\/wp-json\/wp\/v2\/media?parent=319220"}],"wp:term":[{"taxonomy":"category","embeddable":true,"href":"https:\/\/www.notibras.com\/site\/wp-json\/wp\/v2\/categories?post=319220"},{"taxonomy":"post_tag","embeddable":true,"href":"https:\/\/www.notibras.com\/site\/wp-json\/wp\/v2\/tags?post=319220"}],"curies":[{"name":"wp","href":"https:\/\/api.w.org\/{rel}","templated":true}]}}