{"id":319277,"date":"2023-12-16T08:22:26","date_gmt":"2023-12-16T11:22:26","guid":{"rendered":"https:\/\/www.notibras.com\/site\/?p=319277"},"modified":"2023-12-16T08:22:26","modified_gmt":"2023-12-16T11:22:26","slug":"craque-que-gostava-de-roubar-foi-parar-na-cadeia","status":"publish","type":"post","link":"https:\/\/www.notibras.com\/site\/craque-que-gostava-de-roubar-foi-parar-na-cadeia\/","title":{"rendered":"Craque que gostava de roubar foi parar na cadeia"},"content":{"rendered":"<p>O policial e aquele ladr\u00e3o j\u00e1 se conheciam de longa data, tanto \u00e9 que, apesar de estarem de lados opostos, havia certa empatia entre os dois. Os dois se tratavam at\u00e9 sem muita cerim\u00f4nia: Marcelo e Vitinho. Ambos se respeitavam, n\u00e3o existia trairagem entre eles. No entanto, sabiam que, enquanto um faria o poss\u00edvel para prender, o outro n\u00e3o pouparia esfor\u00e7os para escapar.<\/p>\n<p>Marcelo conhecia tanto da vida daquele criminoso, que n\u00e3o entendia o porqu\u00ea dele n\u00e3o ter permanecido num grande time de futebol de S\u00e3o Paulo, para onde havia sido levado, ainda menino, por um olheiro. Sabia que Vitinho logo se destacara entre os jogadores e, por isso, cedo ganhou a camisa 10. Era titular absoluto!<\/p>\n<p>Um futuro brilhante pela frente o aguardava. Todavia, sem avisar quem quer que fosse, fugiu da concentra\u00e7\u00e3o, onde morava com outros tamb\u00e9m meninos. Sumiu!!! Vitinho, al\u00e9m de ser craque com a bola, era tamb\u00e9m muito bom de l\u00e1bia. Pegou algumas caronas e, tr\u00eas dias depois, surgiu na casa dos pais.<\/p>\n<p>&#8211; Por que voc\u00ea fez isso, Vitinho?<\/p>\n<p>&#8211; Sabe, Marcelo, eu n\u00e3o suportava ficar preso naquela concentra\u00e7\u00e3o! A gente n\u00e3o podia sair, aqueles caras eram muito controladores. Isso me deixava doido! Eu n\u00e3o gostava daquilo!<\/p>\n<p>&#8211; E do que voc\u00ea gosta?<\/p>\n<p>&#8211; Quer saber mesmo? Cara, eu adoro roubar! Eu at\u00e9 trafico de vez em quando, mas o que eu gosto mesmo \u00e9 da adrenalina de estar com um berro na m\u00e3o e n\u00e3o ter a certeza de que vai dar certo.<\/p>\n<p>O policial, olhando para aquele quase amigo, se questionou sobre o que leva algu\u00e9m a fazer certas coisas na vida. Ele n\u00e3o julgou os atos daquele criminoso, mesmo porque ele pr\u00f3prio, assim como a maioria de n\u00f3s, nem sempre havia trilhado o caminho dos puros. Contudo, pensou na ironia do destino, pois o Vitinho, que n\u00e3o gostou de ficar preso naquele famoso time da capital paulista, iria passar um bom tempo trancafiado no pres\u00eddio.<\/p>\n","protected":false},"excerpt":{"rendered":"<p>O policial e aquele ladr\u00e3o j\u00e1 se conheciam de longa data, tanto \u00e9 que, apesar de estarem de lados opostos, havia certa empatia entre os dois. Os dois se tratavam at\u00e9 sem muita cerim\u00f4nia: Marcelo e Vitinho. Ambos se respeitavam, n\u00e3o existia trairagem entre eles. No entanto, sabiam que, enquanto um faria o poss\u00edvel para [&hellip;]<\/p>\n","protected":false},"author":2,"featured_media":260447,"comment_status":"closed","ping_status":"closed","sticky":false,"template":"","format":"standard","meta":{"_acf_changed":false,"footnotes":""},"categories":[161],"tags":[],"class_list":["post-319277","post","type-post","status-publish","format-standard","has-post-thumbnail","hentry","category-quadradinho-em-foco"],"acf":[],"yoast_head":"<!-- This site is optimized with the Yoast SEO plugin v27.2 - https:\/\/yoast.com\/product\/yoast-seo-wordpress\/ -->\n<title>Craque que gostava de roubar foi parar na cadeia - Notibras<\/title>\n<meta name=\"robots\" content=\"index, follow, max-snippet:-1, max-image-preview:large, max-video-preview:-1\" \/>\n<link rel=\"canonical\" href=\"https:\/\/www.notibras.com\/site\/craque-que-gostava-de-roubar-foi-parar-na-cadeia\/\" \/>\n<meta property=\"og:locale\" content=\"pt_BR\" \/>\n<meta property=\"og:type\" content=\"article\" \/>\n<meta property=\"og:title\" content=\"Craque que gostava de roubar foi parar na cadeia - Notibras\" \/>\n<meta property=\"og:description\" content=\"O policial e aquele ladr\u00e3o j\u00e1 se conheciam de longa data, tanto \u00e9 que, apesar de estarem de lados opostos, havia certa empatia entre os dois. Os dois se tratavam at\u00e9 sem muita cerim\u00f4nia: Marcelo e Vitinho. Ambos se respeitavam, n\u00e3o existia trairagem entre eles. No entanto, sabiam que, enquanto um faria o poss\u00edvel para [&hellip;]\" \/>\n<meta property=\"og:url\" content=\"https:\/\/www.notibras.com\/site\/craque-que-gostava-de-roubar-foi-parar-na-cadeia\/\" \/>\n<meta property=\"og:site_name\" content=\"Notibras\" \/>\n<meta property=\"article:publisher\" content=\"https:\/\/www.facebook.com\/notibras\/\" \/>\n<meta property=\"article:published_time\" content=\"2023-12-16T11:22:26+00:00\" \/>\n<meta property=\"og:image\" content=\"https:\/\/www.notibras.com\/site\/wp-content\/uploads\/2021\/06\/homem-na-cadeia-74627968.jpg\" \/>\n\t<meta property=\"og:image:width\" content=\"800\" \/>\n\t<meta property=\"og:image:height\" content=\"566\" \/>\n\t<meta property=\"og:image:type\" content=\"image\/jpeg\" \/>\n<meta name=\"author\" content=\"Reda\u00e7\u00e3o\" \/>\n<meta name=\"twitter:card\" content=\"summary_large_image\" \/>\n<meta name=\"twitter:creator\" content=\"@Notibras\" \/>\n<meta name=\"twitter:site\" content=\"@Notibras\" \/>\n<meta name=\"twitter:label1\" content=\"Escrito por\" \/>\n\t<meta name=\"twitter:data1\" content=\"Reda\u00e7\u00e3o\" \/>\n\t<meta name=\"twitter:label2\" content=\"Est. tempo de leitura\" \/>\n\t<meta name=\"twitter:data2\" content=\"2 minutos\" \/>\n<script type=\"application\/ld+json\" class=\"yoast-schema-graph\">{\"@context\":\"https:\/\/schema.org\",\"@graph\":[{\"@type\":\"Article\",\"@id\":\"https:\/\/www.notibras.com\/site\/craque-que-gostava-de-roubar-foi-parar-na-cadeia\/#article\",\"isPartOf\":{\"@id\":\"https:\/\/www.notibras.com\/site\/craque-que-gostava-de-roubar-foi-parar-na-cadeia\/\"},\"author\":{\"name\":\"Reda\u00e7\u00e3o\",\"@id\":\"https:\/\/www.notibras.com\/site\/#\/schema\/person\/36ab0979449956132d3e5b517ea76ac8\"},\"headline\":\"Craque que gostava de roubar foi parar na cadeia\",\"datePublished\":\"2023-12-16T11:22:26+00:00\",\"mainEntityOfPage\":{\"@id\":\"https:\/\/www.notibras.com\/site\/craque-que-gostava-de-roubar-foi-parar-na-cadeia\/\"},\"wordCount\":356,\"publisher\":{\"@id\":\"https:\/\/www.notibras.com\/site\/#organization\"},\"image\":{\"@id\":\"https:\/\/www.notibras.com\/site\/craque-que-gostava-de-roubar-foi-parar-na-cadeia\/#primaryimage\"},\"thumbnailUrl\":\"https:\/\/www.notibras.com\/site\/wp-content\/uploads\/2021\/06\/homem-na-cadeia-74627968.jpg\",\"articleSection\":[\"Quadradinho em Foco\"],\"inLanguage\":\"pt-BR\"},{\"@type\":\"WebPage\",\"@id\":\"https:\/\/www.notibras.com\/site\/craque-que-gostava-de-roubar-foi-parar-na-cadeia\/\",\"url\":\"https:\/\/www.notibras.com\/site\/craque-que-gostava-de-roubar-foi-parar-na-cadeia\/\",\"name\":\"Craque que gostava de roubar foi parar na cadeia - Notibras\",\"isPartOf\":{\"@id\":\"https:\/\/www.notibras.com\/site\/#website\"},\"primaryImageOfPage\":{\"@id\":\"https:\/\/www.notibras.com\/site\/craque-que-gostava-de-roubar-foi-parar-na-cadeia\/#primaryimage\"},\"image\":{\"@id\":\"https:\/\/www.notibras.com\/site\/craque-que-gostava-de-roubar-foi-parar-na-cadeia\/#primaryimage\"},\"thumbnailUrl\":\"https:\/\/www.notibras.com\/site\/wp-content\/uploads\/2021\/06\/homem-na-cadeia-74627968.jpg\",\"datePublished\":\"2023-12-16T11:22:26+00:00\",\"breadcrumb\":{\"@id\":\"https:\/\/www.notibras.com\/site\/craque-que-gostava-de-roubar-foi-parar-na-cadeia\/#breadcrumb\"},\"inLanguage\":\"pt-BR\",\"potentialAction\":[{\"@type\":\"ReadAction\",\"target\":[\"https:\/\/www.notibras.com\/site\/craque-que-gostava-de-roubar-foi-parar-na-cadeia\/\"]}]},{\"@type\":\"ImageObject\",\"inLanguage\":\"pt-BR\",\"@id\":\"https:\/\/www.notibras.com\/site\/craque-que-gostava-de-roubar-foi-parar-na-cadeia\/#primaryimage\",\"url\":\"https:\/\/www.notibras.com\/site\/wp-content\/uploads\/2021\/06\/homem-na-cadeia-74627968.jpg\",\"contentUrl\":\"https:\/\/www.notibras.com\/site\/wp-content\/uploads\/2021\/06\/homem-na-cadeia-74627968.jpg\",\"width\":800,\"height\":566},{\"@type\":\"BreadcrumbList\",\"@id\":\"https:\/\/www.notibras.com\/site\/craque-que-gostava-de-roubar-foi-parar-na-cadeia\/#breadcrumb\",\"itemListElement\":[{\"@type\":\"ListItem\",\"position\":1,\"name\":\"In\u00edcio\",\"item\":\"https:\/\/www.notibras.com\/site\/\"},{\"@type\":\"ListItem\",\"position\":2,\"name\":\"Craque que gostava de roubar foi parar na cadeia\"}]},{\"@type\":\"WebSite\",\"@id\":\"https:\/\/www.notibras.com\/site\/#website\",\"url\":\"https:\/\/www.notibras.com\/site\/\",\"name\":\"Notibras\",\"description\":\"Not\u00edcias de Bras\u00edlia, do Brasil e do Mundo\",\"publisher\":{\"@id\":\"https:\/\/www.notibras.com\/site\/#organization\"},\"potentialAction\":[{\"@type\":\"SearchAction\",\"target\":{\"@type\":\"EntryPoint\",\"urlTemplate\":\"https:\/\/www.notibras.com\/site\/?s={search_term_string}\"},\"query-input\":{\"@type\":\"PropertyValueSpecification\",\"valueRequired\":true,\"valueName\":\"search_term_string\"}}],\"inLanguage\":\"pt-BR\"},{\"@type\":\"Organization\",\"@id\":\"https:\/\/www.notibras.com\/site\/#organization\",\"name\":\"Grupo Notibras de Comunica\u00e7\u00e3o\",\"url\":\"https:\/\/www.notibras.com\/site\/\",\"logo\":{\"@type\":\"ImageObject\",\"inLanguage\":\"pt-BR\",\"@id\":\"https:\/\/www.notibras.com\/site\/#\/schema\/logo\/image\/\",\"url\":\"https:\/\/www.notibras.com\/site\/wp-content\/uploads\/2023\/01\/notibras23.png\",\"contentUrl\":\"https:\/\/www.notibras.com\/site\/wp-content\/uploads\/2023\/01\/notibras23.png\",\"width\":350,\"height\":87,\"caption\":\"Grupo Notibras de Comunica\u00e7\u00e3o\"},\"image\":{\"@id\":\"https:\/\/www.notibras.com\/site\/#\/schema\/logo\/image\/\"},\"sameAs\":[\"https:\/\/www.facebook.com\/notibras\/\",\"https:\/\/x.com\/Notibras\",\"https:\/\/www.instagram.com\/notibras\/\"]},{\"@type\":\"Person\",\"@id\":\"https:\/\/www.notibras.com\/site\/#\/schema\/person\/36ab0979449956132d3e5b517ea76ac8\",\"name\":\"Reda\u00e7\u00e3o\",\"image\":{\"@type\":\"ImageObject\",\"inLanguage\":\"pt-BR\",\"@id\":\"https:\/\/secure.gravatar.com\/avatar\/e0a867bdedb85fd243eadf09663511f96fc81e0720a4a42581f334ad4303aa6b?s=96&d=mm&r=g\",\"url\":\"https:\/\/secure.gravatar.com\/avatar\/e0a867bdedb85fd243eadf09663511f96fc81e0720a4a42581f334ad4303aa6b?s=96&d=mm&r=g\",\"contentUrl\":\"https:\/\/secure.gravatar.com\/avatar\/e0a867bdedb85fd243eadf09663511f96fc81e0720a4a42581f334ad4303aa6b?s=96&d=mm&r=g\",\"caption\":\"Reda\u00e7\u00e3o\"}}]}<\/script>\n<!-- \/ Yoast SEO plugin. -->","yoast_head_json":{"title":"Craque que gostava de roubar foi parar na cadeia - Notibras","robots":{"index":"index","follow":"follow","max-snippet":"max-snippet:-1","max-image-preview":"max-image-preview:large","max-video-preview":"max-video-preview:-1"},"canonical":"https:\/\/www.notibras.com\/site\/craque-que-gostava-de-roubar-foi-parar-na-cadeia\/","og_locale":"pt_BR","og_type":"article","og_title":"Craque que gostava de roubar foi parar na cadeia - Notibras","og_description":"O policial e aquele ladr\u00e3o j\u00e1 se conheciam de longa data, tanto \u00e9 que, apesar de estarem de lados opostos, havia certa empatia entre os dois. Os dois se tratavam at\u00e9 sem muita cerim\u00f4nia: Marcelo e Vitinho. Ambos se respeitavam, n\u00e3o existia trairagem entre eles. No entanto, sabiam que, enquanto um faria o poss\u00edvel para [&hellip;]","og_url":"https:\/\/www.notibras.com\/site\/craque-que-gostava-de-roubar-foi-parar-na-cadeia\/","og_site_name":"Notibras","article_publisher":"https:\/\/www.facebook.com\/notibras\/","article_published_time":"2023-12-16T11:22:26+00:00","og_image":[{"width":800,"height":566,"url":"https:\/\/www.notibras.com\/site\/wp-content\/uploads\/2021\/06\/homem-na-cadeia-74627968.jpg","type":"image\/jpeg"}],"author":"Reda\u00e7\u00e3o","twitter_card":"summary_large_image","twitter_creator":"@Notibras","twitter_site":"@Notibras","twitter_misc":{"Escrito por":"Reda\u00e7\u00e3o","Est. tempo de leitura":"2 minutos"},"schema":{"@context":"https:\/\/schema.org","@graph":[{"@type":"Article","@id":"https:\/\/www.notibras.com\/site\/craque-que-gostava-de-roubar-foi-parar-na-cadeia\/#article","isPartOf":{"@id":"https:\/\/www.notibras.com\/site\/craque-que-gostava-de-roubar-foi-parar-na-cadeia\/"},"author":{"name":"Reda\u00e7\u00e3o","@id":"https:\/\/www.notibras.com\/site\/#\/schema\/person\/36ab0979449956132d3e5b517ea76ac8"},"headline":"Craque que gostava de roubar foi parar na cadeia","datePublished":"2023-12-16T11:22:26+00:00","mainEntityOfPage":{"@id":"https:\/\/www.notibras.com\/site\/craque-que-gostava-de-roubar-foi-parar-na-cadeia\/"},"wordCount":356,"publisher":{"@id":"https:\/\/www.notibras.com\/site\/#organization"},"image":{"@id":"https:\/\/www.notibras.com\/site\/craque-que-gostava-de-roubar-foi-parar-na-cadeia\/#primaryimage"},"thumbnailUrl":"https:\/\/www.notibras.com\/site\/wp-content\/uploads\/2021\/06\/homem-na-cadeia-74627968.jpg","articleSection":["Quadradinho em Foco"],"inLanguage":"pt-BR"},{"@type":"WebPage","@id":"https:\/\/www.notibras.com\/site\/craque-que-gostava-de-roubar-foi-parar-na-cadeia\/","url":"https:\/\/www.notibras.com\/site\/craque-que-gostava-de-roubar-foi-parar-na-cadeia\/","name":"Craque que gostava de roubar foi parar na cadeia - Notibras","isPartOf":{"@id":"https:\/\/www.notibras.com\/site\/#website"},"primaryImageOfPage":{"@id":"https:\/\/www.notibras.com\/site\/craque-que-gostava-de-roubar-foi-parar-na-cadeia\/#primaryimage"},"image":{"@id":"https:\/\/www.notibras.com\/site\/craque-que-gostava-de-roubar-foi-parar-na-cadeia\/#primaryimage"},"thumbnailUrl":"https:\/\/www.notibras.com\/site\/wp-content\/uploads\/2021\/06\/homem-na-cadeia-74627968.jpg","datePublished":"2023-12-16T11:22:26+00:00","breadcrumb":{"@id":"https:\/\/www.notibras.com\/site\/craque-que-gostava-de-roubar-foi-parar-na-cadeia\/#breadcrumb"},"inLanguage":"pt-BR","potentialAction":[{"@type":"ReadAction","target":["https:\/\/www.notibras.com\/site\/craque-que-gostava-de-roubar-foi-parar-na-cadeia\/"]}]},{"@type":"ImageObject","inLanguage":"pt-BR","@id":"https:\/\/www.notibras.com\/site\/craque-que-gostava-de-roubar-foi-parar-na-cadeia\/#primaryimage","url":"https:\/\/www.notibras.com\/site\/wp-content\/uploads\/2021\/06\/homem-na-cadeia-74627968.jpg","contentUrl":"https:\/\/www.notibras.com\/site\/wp-content\/uploads\/2021\/06\/homem-na-cadeia-74627968.jpg","width":800,"height":566},{"@type":"BreadcrumbList","@id":"https:\/\/www.notibras.com\/site\/craque-que-gostava-de-roubar-foi-parar-na-cadeia\/#breadcrumb","itemListElement":[{"@type":"ListItem","position":1,"name":"In\u00edcio","item":"https:\/\/www.notibras.com\/site\/"},{"@type":"ListItem","position":2,"name":"Craque que gostava de roubar foi parar na cadeia"}]},{"@type":"WebSite","@id":"https:\/\/www.notibras.com\/site\/#website","url":"https:\/\/www.notibras.com\/site\/","name":"Notibras","description":"Not\u00edcias de Bras\u00edlia, do Brasil e do Mundo","publisher":{"@id":"https:\/\/www.notibras.com\/site\/#organization"},"potentialAction":[{"@type":"SearchAction","target":{"@type":"EntryPoint","urlTemplate":"https:\/\/www.notibras.com\/site\/?s={search_term_string}"},"query-input":{"@type":"PropertyValueSpecification","valueRequired":true,"valueName":"search_term_string"}}],"inLanguage":"pt-BR"},{"@type":"Organization","@id":"https:\/\/www.notibras.com\/site\/#organization","name":"Grupo Notibras de Comunica\u00e7\u00e3o","url":"https:\/\/www.notibras.com\/site\/","logo":{"@type":"ImageObject","inLanguage":"pt-BR","@id":"https:\/\/www.notibras.com\/site\/#\/schema\/logo\/image\/","url":"https:\/\/www.notibras.com\/site\/wp-content\/uploads\/2023\/01\/notibras23.png","contentUrl":"https:\/\/www.notibras.com\/site\/wp-content\/uploads\/2023\/01\/notibras23.png","width":350,"height":87,"caption":"Grupo Notibras de Comunica\u00e7\u00e3o"},"image":{"@id":"https:\/\/www.notibras.com\/site\/#\/schema\/logo\/image\/"},"sameAs":["https:\/\/www.facebook.com\/notibras\/","https:\/\/x.com\/Notibras","https:\/\/www.instagram.com\/notibras\/"]},{"@type":"Person","@id":"https:\/\/www.notibras.com\/site\/#\/schema\/person\/36ab0979449956132d3e5b517ea76ac8","name":"Reda\u00e7\u00e3o","image":{"@type":"ImageObject","inLanguage":"pt-BR","@id":"https:\/\/secure.gravatar.com\/avatar\/e0a867bdedb85fd243eadf09663511f96fc81e0720a4a42581f334ad4303aa6b?s=96&d=mm&r=g","url":"https:\/\/secure.gravatar.com\/avatar\/e0a867bdedb85fd243eadf09663511f96fc81e0720a4a42581f334ad4303aa6b?s=96&d=mm&r=g","contentUrl":"https:\/\/secure.gravatar.com\/avatar\/e0a867bdedb85fd243eadf09663511f96fc81e0720a4a42581f334ad4303aa6b?s=96&d=mm&r=g","caption":"Reda\u00e7\u00e3o"}}]}},"amp_enabled":true,"_links":{"self":[{"href":"https:\/\/www.notibras.com\/site\/wp-json\/wp\/v2\/posts\/319277","targetHints":{"allow":["GET"]}}],"collection":[{"href":"https:\/\/www.notibras.com\/site\/wp-json\/wp\/v2\/posts"}],"about":[{"href":"https:\/\/www.notibras.com\/site\/wp-json\/wp\/v2\/types\/post"}],"author":[{"embeddable":true,"href":"https:\/\/www.notibras.com\/site\/wp-json\/wp\/v2\/users\/2"}],"replies":[{"embeddable":true,"href":"https:\/\/www.notibras.com\/site\/wp-json\/wp\/v2\/comments?post=319277"}],"version-history":[{"count":1,"href":"https:\/\/www.notibras.com\/site\/wp-json\/wp\/v2\/posts\/319277\/revisions"}],"predecessor-version":[{"id":319278,"href":"https:\/\/www.notibras.com\/site\/wp-json\/wp\/v2\/posts\/319277\/revisions\/319278"}],"wp:featuredmedia":[{"embeddable":true,"href":"https:\/\/www.notibras.com\/site\/wp-json\/wp\/v2\/media\/260447"}],"wp:attachment":[{"href":"https:\/\/www.notibras.com\/site\/wp-json\/wp\/v2\/media?parent=319277"}],"wp:term":[{"taxonomy":"category","embeddable":true,"href":"https:\/\/www.notibras.com\/site\/wp-json\/wp\/v2\/categories?post=319277"},{"taxonomy":"post_tag","embeddable":true,"href":"https:\/\/www.notibras.com\/site\/wp-json\/wp\/v2\/tags?post=319277"}],"curies":[{"name":"wp","href":"https:\/\/api.w.org\/{rel}","templated":true}]}}