{"id":319376,"date":"2023-12-19T09:55:19","date_gmt":"2023-12-19T12:55:19","guid":{"rendered":"https:\/\/www.notibras.com\/site\/?p=319376"},"modified":"2023-12-19T11:57:21","modified_gmt":"2023-12-19T14:57:21","slug":"enfermeiro-vai-trabalhar-44-horas-semanais-com-piso-garantido","status":"publish","type":"post","link":"https:\/\/www.notibras.com\/site\/enfermeiro-vai-trabalhar-44-horas-semanais-com-piso-garantido\/","title":{"rendered":"Enfermeiro vai trabalhar 44 horas semanais com piso garantido"},"content":{"rendered":"<p>Por maioria, o plen\u00e1rio do Supremo Tribunal Federal (STF) decidiu manter as 44 horas semanais trabalhadas como refer\u00eancia para o pagamento do piso salarial nacional da enfermagem, bem como determinou a negocia\u00e7\u00e3o coletiva regionalizada sobre o pagamento do piso no setor privado.<\/p>\n<p>Os ministros encerraram \u00e0s 23h59 desta segunda-feira (18) o julgamento de sete recursos sobre o assunto no plen\u00e1rio virtual, em que eles registram seus votos de forma remota.<\/p>\n<p>Ao final, prevaleceu o entendimento do ministro Dias Toffoli, que defendeu 44 horas semanais como refer\u00eancia e tamb\u00e9m autorizou a redu\u00e7\u00e3o salarial, com pagamento proporcional do piso em caso de redu\u00e7\u00e3o de jornada.<\/p>\n<p>O julgamento tem impacto sobretudo sobre o pagamento dos profissionais celetistas, que trabalham em hospitais privados. No caso de profissionais de enfermagem do setor p\u00fablico, o Supremo validou, em ocasi\u00e3o anterior, o pagamento imediato do piso.<\/p>\n<p>No caso dos profissionais celetistas, a maioria dos ministros votou, no julgamento encerrado nesta segunda-feira, que seja realizada negocia\u00e7\u00e3o coletiva para definir o pagamento do piso com preval\u00eancia do negociado sobre o legislado.<\/p>\n<p><strong>Diss\u00eddio coletivo<\/strong><br \/>\nA maioria dos ministros entendeu ainda que, caso as negocia\u00e7\u00f5es coletivas n\u00e3o avancem, fica autorizada a abertura de diss\u00eddio coletivo \u2013 processo judicial trabalhista que visa dirimir impasses. Esta foi uma mudan\u00e7a em rela\u00e7\u00e3o a entendimento anterior. Antes, o Supremo havia entendido que, em caso de n\u00e3o se conseguir acordo, o piso deveria ser pago na forma da lei.<\/p>\n<p>Toffoli foi acompanhado pelos ministros Alexandre de Moraes, Cristiano Zanin, Gilmar Mendes, Luiz Fux e Nunes Marques. Ficaram vencidos o relator, ministro Lu\u00eds Roberto Barroso, e os que o acompanharam, ministros Edson Fachin, C\u00e1rmen L\u00facia e Andr\u00e9 Mendon\u00e7a.<\/p>\n<p>Em seu voto vencido, Barroso defendia a redu\u00e7\u00e3o da carga hor\u00e1ria semanal para 40 horas, bem como a nacionaliza\u00e7\u00e3o da regra, em oposi\u00e7\u00e3o \u00e0 regionaliza\u00e7\u00e3o.<\/p>\n<p>Pela lei, o novo piso para enfermeiros do setor p\u00fablico ou privado &#8211; contratados sob o regime da Consolida\u00e7\u00e3o das Leis do Trabalho (CLT) &#8211; \u00e9 de R$ 4.750. T\u00e9cnicos de enfermagem recebem, no m\u00ednimo, 70% desse valor (R$ 3.325) e auxiliares de enfermagem e parteiras, 50% (R$ 2.375).<\/p>\n<p>Em 2022, o pagamento do piso havia sido suspenso pelo STF devido \u00e0 falta de previs\u00e3o de recursos para garantir a quita\u00e7\u00e3o dos profissionais da rede p\u00fablica, mas foi liberado em maio ap\u00f3s o governo federal abrir cr\u00e9dito especial para o repasse de R$ 7,3 bilh\u00f5es para estados e munic\u00edpios pagarem o piso.<\/p>\n","protected":false},"excerpt":{"rendered":"<p>Por maioria, o plen\u00e1rio do Supremo Tribunal Federal (STF) decidiu manter as 44 horas semanais trabalhadas como refer\u00eancia para o pagamento do piso salarial nacional da enfermagem, bem como determinou a negocia\u00e7\u00e3o coletiva regionalizada sobre o pagamento do piso no setor privado. Os ministros encerraram \u00e0s 23h59 desta segunda-feira (18) o julgamento de sete recursos [&hellip;]<\/p>\n","protected":false},"author":2,"featured_media":311620,"comment_status":"closed","ping_status":"closed","sticky":false,"template":"","format":"standard","meta":{"_acf_changed":false,"footnotes":""},"categories":[161],"tags":[95],"class_list":["post-319376","post","type-post","status-publish","format-standard","has-post-thumbnail","hentry","category-quadradinho-em-foco","tag-capa"],"acf":[],"yoast_head":"<!-- This site is optimized with the Yoast SEO plugin v27.2 - https:\/\/yoast.com\/product\/yoast-seo-wordpress\/ -->\n<title>Enfermeiro vai trabalhar 44 horas semanais com piso garantido - Notibras<\/title>\n<meta name=\"robots\" content=\"index, follow, max-snippet:-1, max-image-preview:large, max-video-preview:-1\" \/>\n<link rel=\"canonical\" href=\"https:\/\/www.notibras.com\/site\/enfermeiro-vai-trabalhar-44-horas-semanais-com-piso-garantido\/\" \/>\n<meta property=\"og:locale\" content=\"pt_BR\" \/>\n<meta property=\"og:type\" content=\"article\" \/>\n<meta property=\"og:title\" content=\"Enfermeiro vai trabalhar 44 horas semanais com piso garantido - Notibras\" \/>\n<meta property=\"og:description\" content=\"Por maioria, o plen\u00e1rio do Supremo Tribunal Federal (STF) decidiu manter as 44 horas semanais trabalhadas como refer\u00eancia para o pagamento do piso salarial nacional da enfermagem, bem como determinou a negocia\u00e7\u00e3o coletiva regionalizada sobre o pagamento do piso no setor privado. Os ministros encerraram \u00e0s 23h59 desta segunda-feira (18) o julgamento de sete recursos [&hellip;]\" \/>\n<meta property=\"og:url\" content=\"https:\/\/www.notibras.com\/site\/enfermeiro-vai-trabalhar-44-horas-semanais-com-piso-garantido\/\" \/>\n<meta property=\"og:site_name\" content=\"Notibras\" \/>\n<meta property=\"article:publisher\" content=\"https:\/\/www.facebook.com\/notibras\/\" \/>\n<meta property=\"article:published_time\" content=\"2023-12-19T12:55:19+00:00\" \/>\n<meta property=\"article:modified_time\" content=\"2023-12-19T14:57:21+00:00\" \/>\n<meta property=\"og:image\" content=\"https:\/\/www.notibras.com\/site\/wp-content\/uploads\/2023\/08\/pronto-socorro_do_hospital_de_santa_maria_recebe_30_enfermeiros_voluntarios_25556810757.jpg\" \/>\n\t<meta property=\"og:image:width\" content=\"1170\" \/>\n\t<meta property=\"og:image:height\" content=\"700\" \/>\n\t<meta property=\"og:image:type\" content=\"image\/jpeg\" \/>\n<meta name=\"author\" content=\"Reda\u00e7\u00e3o\" \/>\n<meta name=\"twitter:card\" content=\"summary_large_image\" \/>\n<meta name=\"twitter:creator\" content=\"@Notibras\" \/>\n<meta name=\"twitter:site\" content=\"@Notibras\" \/>\n<meta name=\"twitter:label1\" content=\"Escrito por\" \/>\n\t<meta name=\"twitter:data1\" content=\"Reda\u00e7\u00e3o\" \/>\n\t<meta name=\"twitter:label2\" content=\"Est. tempo de leitura\" \/>\n\t<meta name=\"twitter:data2\" content=\"3 minutos\" \/>\n<script type=\"application\/ld+json\" class=\"yoast-schema-graph\">{\"@context\":\"https:\/\/schema.org\",\"@graph\":[{\"@type\":\"Article\",\"@id\":\"https:\/\/www.notibras.com\/site\/enfermeiro-vai-trabalhar-44-horas-semanais-com-piso-garantido\/#article\",\"isPartOf\":{\"@id\":\"https:\/\/www.notibras.com\/site\/enfermeiro-vai-trabalhar-44-horas-semanais-com-piso-garantido\/\"},\"author\":{\"name\":\"Reda\u00e7\u00e3o\",\"@id\":\"https:\/\/www.notibras.com\/site\/#\/schema\/person\/36ab0979449956132d3e5b517ea76ac8\"},\"headline\":\"Enfermeiro vai trabalhar 44 horas semanais com piso garantido\",\"datePublished\":\"2023-12-19T12:55:19+00:00\",\"dateModified\":\"2023-12-19T14:57:21+00:00\",\"mainEntityOfPage\":{\"@id\":\"https:\/\/www.notibras.com\/site\/enfermeiro-vai-trabalhar-44-horas-semanais-com-piso-garantido\/\"},\"wordCount\":430,\"publisher\":{\"@id\":\"https:\/\/www.notibras.com\/site\/#organization\"},\"image\":{\"@id\":\"https:\/\/www.notibras.com\/site\/enfermeiro-vai-trabalhar-44-horas-semanais-com-piso-garantido\/#primaryimage\"},\"thumbnailUrl\":\"https:\/\/www.notibras.com\/site\/wp-content\/uploads\/2023\/08\/pronto-socorro_do_hospital_de_santa_maria_recebe_30_enfermeiros_voluntarios_25556810757.jpg\",\"keywords\":[\"capa\"],\"articleSection\":[\"Quadradinho em Foco\"],\"inLanguage\":\"pt-BR\"},{\"@type\":\"WebPage\",\"@id\":\"https:\/\/www.notibras.com\/site\/enfermeiro-vai-trabalhar-44-horas-semanais-com-piso-garantido\/\",\"url\":\"https:\/\/www.notibras.com\/site\/enfermeiro-vai-trabalhar-44-horas-semanais-com-piso-garantido\/\",\"name\":\"Enfermeiro vai trabalhar 44 horas semanais com piso garantido - Notibras\",\"isPartOf\":{\"@id\":\"https:\/\/www.notibras.com\/site\/#website\"},\"primaryImageOfPage\":{\"@id\":\"https:\/\/www.notibras.com\/site\/enfermeiro-vai-trabalhar-44-horas-semanais-com-piso-garantido\/#primaryimage\"},\"image\":{\"@id\":\"https:\/\/www.notibras.com\/site\/enfermeiro-vai-trabalhar-44-horas-semanais-com-piso-garantido\/#primaryimage\"},\"thumbnailUrl\":\"https:\/\/www.notibras.com\/site\/wp-content\/uploads\/2023\/08\/pronto-socorro_do_hospital_de_santa_maria_recebe_30_enfermeiros_voluntarios_25556810757.jpg\",\"datePublished\":\"2023-12-19T12:55:19+00:00\",\"dateModified\":\"2023-12-19T14:57:21+00:00\",\"breadcrumb\":{\"@id\":\"https:\/\/www.notibras.com\/site\/enfermeiro-vai-trabalhar-44-horas-semanais-com-piso-garantido\/#breadcrumb\"},\"inLanguage\":\"pt-BR\",\"potentialAction\":[{\"@type\":\"ReadAction\",\"target\":[\"https:\/\/www.notibras.com\/site\/enfermeiro-vai-trabalhar-44-horas-semanais-com-piso-garantido\/\"]}]},{\"@type\":\"ImageObject\",\"inLanguage\":\"pt-BR\",\"@id\":\"https:\/\/www.notibras.com\/site\/enfermeiro-vai-trabalhar-44-horas-semanais-com-piso-garantido\/#primaryimage\",\"url\":\"https:\/\/www.notibras.com\/site\/wp-content\/uploads\/2023\/08\/pronto-socorro_do_hospital_de_santa_maria_recebe_30_enfermeiros_voluntarios_25556810757.jpg\",\"contentUrl\":\"https:\/\/www.notibras.com\/site\/wp-content\/uploads\/2023\/08\/pronto-socorro_do_hospital_de_santa_maria_recebe_30_enfermeiros_voluntarios_25556810757.jpg\",\"width\":1170,\"height\":700,\"caption\":\"Bras\u00edlia (DF) - Supremo Tribunal Federal (STF) dar\u00e1 continuidade ao julgamento a lei que obriga hospitais a criarem uma sala de descompress\u00e3o para enfermeiros, t\u00e9cnicos e auxiliares de enfermagem. Foto: Pedro Ventura\/Ag\u00eancia Bras\u00edlia\/Divulga\u00e7\u0101o.\"},{\"@type\":\"BreadcrumbList\",\"@id\":\"https:\/\/www.notibras.com\/site\/enfermeiro-vai-trabalhar-44-horas-semanais-com-piso-garantido\/#breadcrumb\",\"itemListElement\":[{\"@type\":\"ListItem\",\"position\":1,\"name\":\"In\u00edcio\",\"item\":\"https:\/\/www.notibras.com\/site\/\"},{\"@type\":\"ListItem\",\"position\":2,\"name\":\"Enfermeiro vai trabalhar 44 horas semanais com piso garantido\"}]},{\"@type\":\"WebSite\",\"@id\":\"https:\/\/www.notibras.com\/site\/#website\",\"url\":\"https:\/\/www.notibras.com\/site\/\",\"name\":\"Notibras\",\"description\":\"Not\u00edcias de Bras\u00edlia, do Brasil e do Mundo\",\"publisher\":{\"@id\":\"https:\/\/www.notibras.com\/site\/#organization\"},\"potentialAction\":[{\"@type\":\"SearchAction\",\"target\":{\"@type\":\"EntryPoint\",\"urlTemplate\":\"https:\/\/www.notibras.com\/site\/?s={search_term_string}\"},\"query-input\":{\"@type\":\"PropertyValueSpecification\",\"valueRequired\":true,\"valueName\":\"search_term_string\"}}],\"inLanguage\":\"pt-BR\"},{\"@type\":\"Organization\",\"@id\":\"https:\/\/www.notibras.com\/site\/#organization\",\"name\":\"Grupo Notibras de Comunica\u00e7\u00e3o\",\"url\":\"https:\/\/www.notibras.com\/site\/\",\"logo\":{\"@type\":\"ImageObject\",\"inLanguage\":\"pt-BR\",\"@id\":\"https:\/\/www.notibras.com\/site\/#\/schema\/logo\/image\/\",\"url\":\"https:\/\/www.notibras.com\/site\/wp-content\/uploads\/2023\/01\/notibras23.png\",\"contentUrl\":\"https:\/\/www.notibras.com\/site\/wp-content\/uploads\/2023\/01\/notibras23.png\",\"width\":350,\"height\":87,\"caption\":\"Grupo Notibras de Comunica\u00e7\u00e3o\"},\"image\":{\"@id\":\"https:\/\/www.notibras.com\/site\/#\/schema\/logo\/image\/\"},\"sameAs\":[\"https:\/\/www.facebook.com\/notibras\/\",\"https:\/\/x.com\/Notibras\",\"https:\/\/www.instagram.com\/notibras\/\"]},{\"@type\":\"Person\",\"@id\":\"https:\/\/www.notibras.com\/site\/#\/schema\/person\/36ab0979449956132d3e5b517ea76ac8\",\"name\":\"Reda\u00e7\u00e3o\",\"image\":{\"@type\":\"ImageObject\",\"inLanguage\":\"pt-BR\",\"@id\":\"https:\/\/secure.gravatar.com\/avatar\/e0a867bdedb85fd243eadf09663511f96fc81e0720a4a42581f334ad4303aa6b?s=96&d=mm&r=g\",\"url\":\"https:\/\/secure.gravatar.com\/avatar\/e0a867bdedb85fd243eadf09663511f96fc81e0720a4a42581f334ad4303aa6b?s=96&d=mm&r=g\",\"contentUrl\":\"https:\/\/secure.gravatar.com\/avatar\/e0a867bdedb85fd243eadf09663511f96fc81e0720a4a42581f334ad4303aa6b?s=96&d=mm&r=g\",\"caption\":\"Reda\u00e7\u00e3o\"}}]}<\/script>\n<!-- \/ Yoast SEO plugin. -->","yoast_head_json":{"title":"Enfermeiro vai trabalhar 44 horas semanais com piso garantido - Notibras","robots":{"index":"index","follow":"follow","max-snippet":"max-snippet:-1","max-image-preview":"max-image-preview:large","max-video-preview":"max-video-preview:-1"},"canonical":"https:\/\/www.notibras.com\/site\/enfermeiro-vai-trabalhar-44-horas-semanais-com-piso-garantido\/","og_locale":"pt_BR","og_type":"article","og_title":"Enfermeiro vai trabalhar 44 horas semanais com piso garantido - Notibras","og_description":"Por maioria, o plen\u00e1rio do Supremo Tribunal Federal (STF) decidiu manter as 44 horas semanais trabalhadas como refer\u00eancia para o pagamento do piso salarial nacional da enfermagem, bem como determinou a negocia\u00e7\u00e3o coletiva regionalizada sobre o pagamento do piso no setor privado. Os ministros encerraram \u00e0s 23h59 desta segunda-feira (18) o julgamento de sete recursos [&hellip;]","og_url":"https:\/\/www.notibras.com\/site\/enfermeiro-vai-trabalhar-44-horas-semanais-com-piso-garantido\/","og_site_name":"Notibras","article_publisher":"https:\/\/www.facebook.com\/notibras\/","article_published_time":"2023-12-19T12:55:19+00:00","article_modified_time":"2023-12-19T14:57:21+00:00","og_image":[{"width":1170,"height":700,"url":"https:\/\/www.notibras.com\/site\/wp-content\/uploads\/2023\/08\/pronto-socorro_do_hospital_de_santa_maria_recebe_30_enfermeiros_voluntarios_25556810757.jpg","type":"image\/jpeg"}],"author":"Reda\u00e7\u00e3o","twitter_card":"summary_large_image","twitter_creator":"@Notibras","twitter_site":"@Notibras","twitter_misc":{"Escrito por":"Reda\u00e7\u00e3o","Est. tempo de leitura":"3 minutos"},"schema":{"@context":"https:\/\/schema.org","@graph":[{"@type":"Article","@id":"https:\/\/www.notibras.com\/site\/enfermeiro-vai-trabalhar-44-horas-semanais-com-piso-garantido\/#article","isPartOf":{"@id":"https:\/\/www.notibras.com\/site\/enfermeiro-vai-trabalhar-44-horas-semanais-com-piso-garantido\/"},"author":{"name":"Reda\u00e7\u00e3o","@id":"https:\/\/www.notibras.com\/site\/#\/schema\/person\/36ab0979449956132d3e5b517ea76ac8"},"headline":"Enfermeiro vai trabalhar 44 horas semanais com piso garantido","datePublished":"2023-12-19T12:55:19+00:00","dateModified":"2023-12-19T14:57:21+00:00","mainEntityOfPage":{"@id":"https:\/\/www.notibras.com\/site\/enfermeiro-vai-trabalhar-44-horas-semanais-com-piso-garantido\/"},"wordCount":430,"publisher":{"@id":"https:\/\/www.notibras.com\/site\/#organization"},"image":{"@id":"https:\/\/www.notibras.com\/site\/enfermeiro-vai-trabalhar-44-horas-semanais-com-piso-garantido\/#primaryimage"},"thumbnailUrl":"https:\/\/www.notibras.com\/site\/wp-content\/uploads\/2023\/08\/pronto-socorro_do_hospital_de_santa_maria_recebe_30_enfermeiros_voluntarios_25556810757.jpg","keywords":["capa"],"articleSection":["Quadradinho em Foco"],"inLanguage":"pt-BR"},{"@type":"WebPage","@id":"https:\/\/www.notibras.com\/site\/enfermeiro-vai-trabalhar-44-horas-semanais-com-piso-garantido\/","url":"https:\/\/www.notibras.com\/site\/enfermeiro-vai-trabalhar-44-horas-semanais-com-piso-garantido\/","name":"Enfermeiro vai trabalhar 44 horas semanais com piso garantido - Notibras","isPartOf":{"@id":"https:\/\/www.notibras.com\/site\/#website"},"primaryImageOfPage":{"@id":"https:\/\/www.notibras.com\/site\/enfermeiro-vai-trabalhar-44-horas-semanais-com-piso-garantido\/#primaryimage"},"image":{"@id":"https:\/\/www.notibras.com\/site\/enfermeiro-vai-trabalhar-44-horas-semanais-com-piso-garantido\/#primaryimage"},"thumbnailUrl":"https:\/\/www.notibras.com\/site\/wp-content\/uploads\/2023\/08\/pronto-socorro_do_hospital_de_santa_maria_recebe_30_enfermeiros_voluntarios_25556810757.jpg","datePublished":"2023-12-19T12:55:19+00:00","dateModified":"2023-12-19T14:57:21+00:00","breadcrumb":{"@id":"https:\/\/www.notibras.com\/site\/enfermeiro-vai-trabalhar-44-horas-semanais-com-piso-garantido\/#breadcrumb"},"inLanguage":"pt-BR","potentialAction":[{"@type":"ReadAction","target":["https:\/\/www.notibras.com\/site\/enfermeiro-vai-trabalhar-44-horas-semanais-com-piso-garantido\/"]}]},{"@type":"ImageObject","inLanguage":"pt-BR","@id":"https:\/\/www.notibras.com\/site\/enfermeiro-vai-trabalhar-44-horas-semanais-com-piso-garantido\/#primaryimage","url":"https:\/\/www.notibras.com\/site\/wp-content\/uploads\/2023\/08\/pronto-socorro_do_hospital_de_santa_maria_recebe_30_enfermeiros_voluntarios_25556810757.jpg","contentUrl":"https:\/\/www.notibras.com\/site\/wp-content\/uploads\/2023\/08\/pronto-socorro_do_hospital_de_santa_maria_recebe_30_enfermeiros_voluntarios_25556810757.jpg","width":1170,"height":700,"caption":"Bras\u00edlia (DF) - Supremo Tribunal Federal (STF) dar\u00e1 continuidade ao julgamento a lei que obriga hospitais a criarem uma sala de descompress\u00e3o para enfermeiros, t\u00e9cnicos e auxiliares de enfermagem. Foto: Pedro Ventura\/Ag\u00eancia Bras\u00edlia\/Divulga\u00e7\u0101o."},{"@type":"BreadcrumbList","@id":"https:\/\/www.notibras.com\/site\/enfermeiro-vai-trabalhar-44-horas-semanais-com-piso-garantido\/#breadcrumb","itemListElement":[{"@type":"ListItem","position":1,"name":"In\u00edcio","item":"https:\/\/www.notibras.com\/site\/"},{"@type":"ListItem","position":2,"name":"Enfermeiro vai trabalhar 44 horas semanais com piso garantido"}]},{"@type":"WebSite","@id":"https:\/\/www.notibras.com\/site\/#website","url":"https:\/\/www.notibras.com\/site\/","name":"Notibras","description":"Not\u00edcias de Bras\u00edlia, do Brasil e do Mundo","publisher":{"@id":"https:\/\/www.notibras.com\/site\/#organization"},"potentialAction":[{"@type":"SearchAction","target":{"@type":"EntryPoint","urlTemplate":"https:\/\/www.notibras.com\/site\/?s={search_term_string}"},"query-input":{"@type":"PropertyValueSpecification","valueRequired":true,"valueName":"search_term_string"}}],"inLanguage":"pt-BR"},{"@type":"Organization","@id":"https:\/\/www.notibras.com\/site\/#organization","name":"Grupo Notibras de Comunica\u00e7\u00e3o","url":"https:\/\/www.notibras.com\/site\/","logo":{"@type":"ImageObject","inLanguage":"pt-BR","@id":"https:\/\/www.notibras.com\/site\/#\/schema\/logo\/image\/","url":"https:\/\/www.notibras.com\/site\/wp-content\/uploads\/2023\/01\/notibras23.png","contentUrl":"https:\/\/www.notibras.com\/site\/wp-content\/uploads\/2023\/01\/notibras23.png","width":350,"height":87,"caption":"Grupo Notibras de Comunica\u00e7\u00e3o"},"image":{"@id":"https:\/\/www.notibras.com\/site\/#\/schema\/logo\/image\/"},"sameAs":["https:\/\/www.facebook.com\/notibras\/","https:\/\/x.com\/Notibras","https:\/\/www.instagram.com\/notibras\/"]},{"@type":"Person","@id":"https:\/\/www.notibras.com\/site\/#\/schema\/person\/36ab0979449956132d3e5b517ea76ac8","name":"Reda\u00e7\u00e3o","image":{"@type":"ImageObject","inLanguage":"pt-BR","@id":"https:\/\/secure.gravatar.com\/avatar\/e0a867bdedb85fd243eadf09663511f96fc81e0720a4a42581f334ad4303aa6b?s=96&d=mm&r=g","url":"https:\/\/secure.gravatar.com\/avatar\/e0a867bdedb85fd243eadf09663511f96fc81e0720a4a42581f334ad4303aa6b?s=96&d=mm&r=g","contentUrl":"https:\/\/secure.gravatar.com\/avatar\/e0a867bdedb85fd243eadf09663511f96fc81e0720a4a42581f334ad4303aa6b?s=96&d=mm&r=g","caption":"Reda\u00e7\u00e3o"}}]}},"amp_enabled":true,"_links":{"self":[{"href":"https:\/\/www.notibras.com\/site\/wp-json\/wp\/v2\/posts\/319376","targetHints":{"allow":["GET"]}}],"collection":[{"href":"https:\/\/www.notibras.com\/site\/wp-json\/wp\/v2\/posts"}],"about":[{"href":"https:\/\/www.notibras.com\/site\/wp-json\/wp\/v2\/types\/post"}],"author":[{"embeddable":true,"href":"https:\/\/www.notibras.com\/site\/wp-json\/wp\/v2\/users\/2"}],"replies":[{"embeddable":true,"href":"https:\/\/www.notibras.com\/site\/wp-json\/wp\/v2\/comments?post=319376"}],"version-history":[{"count":1,"href":"https:\/\/www.notibras.com\/site\/wp-json\/wp\/v2\/posts\/319376\/revisions"}],"predecessor-version":[{"id":319377,"href":"https:\/\/www.notibras.com\/site\/wp-json\/wp\/v2\/posts\/319376\/revisions\/319377"}],"wp:featuredmedia":[{"embeddable":true,"href":"https:\/\/www.notibras.com\/site\/wp-json\/wp\/v2\/media\/311620"}],"wp:attachment":[{"href":"https:\/\/www.notibras.com\/site\/wp-json\/wp\/v2\/media?parent=319376"}],"wp:term":[{"taxonomy":"category","embeddable":true,"href":"https:\/\/www.notibras.com\/site\/wp-json\/wp\/v2\/categories?post=319376"},{"taxonomy":"post_tag","embeddable":true,"href":"https:\/\/www.notibras.com\/site\/wp-json\/wp\/v2\/tags?post=319376"}],"curies":[{"name":"wp","href":"https:\/\/api.w.org\/{rel}","templated":true}]}}