{"id":319419,"date":"2023-12-20T08:34:20","date_gmt":"2023-12-20T11:34:20","guid":{"rendered":"https:\/\/www.notibras.com\/site\/?p=319419"},"modified":"2023-12-20T14:38:36","modified_gmt":"2023-12-20T17:38:36","slug":"governo-amplia-politica-de-prevencao-e-controle-do-cancer","status":"publish","type":"post","link":"https:\/\/www.notibras.com\/site\/governo-amplia-politica-de-prevencao-e-controle-do-cancer\/","title":{"rendered":"Governo amplia pol\u00edtica de preven\u00e7\u00e3o e controle do c\u00e2ncer"},"content":{"rendered":"<p>A Pol\u00edtica Nacional de Preven\u00e7\u00e3o e Controle do C\u00e2ncer no \u00e2mbito do Sistema \u00danico de Sa\u00fade (SUS) e o Programa Nacional de Navega\u00e7\u00e3o da Pessoa com Diagn\u00f3stico de C\u00e2ncer acabam de ser institu\u00eddos pelo governo, com a assinatura, pelo presidente Luiz In\u00e1cio Lula da Silva, da Lei n\u00ba 14.758, de 19 de dezembro de 2023.<\/p>\n<p>A diminui\u00e7\u00e3o da incid\u00eancia dos diversos tipos de c\u00e2ncer e a garantia do acesso das pessoas com a doen\u00e7a ao cuidado integral est\u00e3o entre os objetivos da nova lei, que busca ainda reduzir a mortalidade e incapacidade das pessoas afetadas.<\/p>\n<p>De acordo com o Minist\u00e9rio da Sa\u00fade, s\u00e3o esperados 704 mil casos novos de c\u00e2ncer no Brasil para cada ano do tri\u00eanio 2023-2025, com destaque para as regi\u00f5es Sul e Sudeste, que concentram cerca de 70% da incid\u00eancia. As informa\u00e7\u00f5es s\u00e3o da publica\u00e7\u00e3o Estimativa 2023 \u2013 Incid\u00eancia de C\u00e2ncer no Brasil.<\/p>\n<p><strong>Cuidado integral<\/strong><br \/>\nA preven\u00e7\u00e3o, o rastreamento, a detec\u00e7\u00e3o precoce, o diagn\u00f3stico, tratamento, a reabilita\u00e7\u00e3o e os cuidados paliativos do paciente, bem como o apoio psicol\u00f3gico oferecido ao doente e a seus familiares, fazem parte do cuidado integral da pol\u00edtica de preven\u00e7\u00e3o e controle da doen\u00e7a no \u00e2mbito do SUS, destaca o texto da lei.<\/p>\n<p><strong>Programa de navega\u00e7\u00e3o<\/strong><br \/>\nO Programa Nacional de Navega\u00e7\u00e3o da Pessoa com Diagn\u00f3stico de C\u00e2ncer, definido tamb\u00e9m no decreto consiste na busca ativa e no acompanhamento individual, diagn\u00f3stico e tratamento, na identifica\u00e7\u00e3o e supera\u00e7\u00e3o de barreiras que possam prejudicar as medidas de preven\u00e7\u00e3o e controle da doen\u00e7a, de forma a aumentar os \u00edndices de diagn\u00f3stico precoce e a reduzir a morbimortalidade associada.<\/p>\n<p>\u201cA navega\u00e7\u00e3o da pessoa com diagn\u00f3stico de c\u00e2ncer deve ser efetivada mediante articula\u00e7\u00e3o dos componentes da aten\u00e7\u00e3o b\u00e1sica, da aten\u00e7\u00e3o domiciliar, da aten\u00e7\u00e3o especializada e dos sistemas de apoio, de regula\u00e7\u00e3o, log\u00edsticos e de governan\u00e7a, nos termos do regulamento\u201d, acrescenta o texto da lei, que entra em vigor 180 dias ap\u00f3s sua publica\u00e7\u00e3o no Di\u00e1rio Oficial.<\/p>\n","protected":false},"excerpt":{"rendered":"<p>A Pol\u00edtica Nacional de Preven\u00e7\u00e3o e Controle do C\u00e2ncer no \u00e2mbito do Sistema \u00danico de Sa\u00fade (SUS) e o Programa Nacional de Navega\u00e7\u00e3o da Pessoa com Diagn\u00f3stico de C\u00e2ncer acabam de ser institu\u00eddos pelo governo, com a assinatura, pelo presidente Luiz In\u00e1cio Lula da Silva, da Lei n\u00ba 14.758, de 19 de dezembro de 2023. [&hellip;]<\/p>\n","protected":false},"author":2,"featured_media":319420,"comment_status":"closed","ping_status":"closed","sticky":false,"template":"","format":"standard","meta":{"_acf_changed":false,"footnotes":""},"categories":[161],"tags":[],"class_list":["post-319419","post","type-post","status-publish","format-standard","has-post-thumbnail","hentry","category-quadradinho-em-foco"],"acf":[],"yoast_head":"<!-- This site is optimized with the Yoast SEO plugin v27.2 - https:\/\/yoast.com\/product\/yoast-seo-wordpress\/ -->\n<title>Governo amplia pol\u00edtica de preven\u00e7\u00e3o e controle do c\u00e2ncer - Notibras<\/title>\n<meta name=\"robots\" content=\"index, follow, max-snippet:-1, max-image-preview:large, max-video-preview:-1\" \/>\n<link rel=\"canonical\" href=\"https:\/\/www.notibras.com\/site\/governo-amplia-politica-de-prevencao-e-controle-do-cancer\/\" \/>\n<meta property=\"og:locale\" content=\"pt_BR\" \/>\n<meta property=\"og:type\" content=\"article\" \/>\n<meta property=\"og:title\" content=\"Governo amplia pol\u00edtica de preven\u00e7\u00e3o e controle do c\u00e2ncer - Notibras\" \/>\n<meta property=\"og:description\" content=\"A Pol\u00edtica Nacional de Preven\u00e7\u00e3o e Controle do C\u00e2ncer no \u00e2mbito do Sistema \u00danico de Sa\u00fade (SUS) e o Programa Nacional de Navega\u00e7\u00e3o da Pessoa com Diagn\u00f3stico de C\u00e2ncer acabam de ser institu\u00eddos pelo governo, com a assinatura, pelo presidente Luiz In\u00e1cio Lula da Silva, da Lei n\u00ba 14.758, de 19 de dezembro de 2023. [&hellip;]\" \/>\n<meta property=\"og:url\" content=\"https:\/\/www.notibras.com\/site\/governo-amplia-politica-de-prevencao-e-controle-do-cancer\/\" \/>\n<meta property=\"og:site_name\" content=\"Notibras\" \/>\n<meta property=\"article:publisher\" content=\"https:\/\/www.facebook.com\/notibras\/\" \/>\n<meta property=\"article:published_time\" content=\"2023-12-20T11:34:20+00:00\" \/>\n<meta property=\"article:modified_time\" content=\"2023-12-20T17:38:36+00:00\" \/>\n<meta property=\"og:image\" content=\"https:\/\/www.notibras.com\/site\/wp-content\/uploads\/2023\/12\/suscaar.webp\" \/>\n\t<meta property=\"og:image:width\" content=\"1170\" \/>\n\t<meta property=\"og:image:height\" content=\"700\" \/>\n\t<meta property=\"og:image:type\" content=\"image\/webp\" \/>\n<meta name=\"author\" content=\"Reda\u00e7\u00e3o\" \/>\n<meta name=\"twitter:card\" content=\"summary_large_image\" \/>\n<meta name=\"twitter:creator\" content=\"@Notibras\" \/>\n<meta name=\"twitter:site\" content=\"@Notibras\" \/>\n<meta name=\"twitter:label1\" content=\"Escrito por\" \/>\n\t<meta name=\"twitter:data1\" content=\"Reda\u00e7\u00e3o\" \/>\n\t<meta name=\"twitter:label2\" content=\"Est. tempo de leitura\" \/>\n\t<meta name=\"twitter:data2\" content=\"2 minutos\" \/>\n<script type=\"application\/ld+json\" class=\"yoast-schema-graph\">{\"@context\":\"https:\/\/schema.org\",\"@graph\":[{\"@type\":\"Article\",\"@id\":\"https:\/\/www.notibras.com\/site\/governo-amplia-politica-de-prevencao-e-controle-do-cancer\/#article\",\"isPartOf\":{\"@id\":\"https:\/\/www.notibras.com\/site\/governo-amplia-politica-de-prevencao-e-controle-do-cancer\/\"},\"author\":{\"name\":\"Reda\u00e7\u00e3o\",\"@id\":\"https:\/\/www.notibras.com\/site\/#\/schema\/person\/36ab0979449956132d3e5b517ea76ac8\"},\"headline\":\"Governo amplia pol\u00edtica de preven\u00e7\u00e3o e controle do c\u00e2ncer\",\"datePublished\":\"2023-12-20T11:34:20+00:00\",\"dateModified\":\"2023-12-20T17:38:36+00:00\",\"mainEntityOfPage\":{\"@id\":\"https:\/\/www.notibras.com\/site\/governo-amplia-politica-de-prevencao-e-controle-do-cancer\/\"},\"wordCount\":380,\"publisher\":{\"@id\":\"https:\/\/www.notibras.com\/site\/#organization\"},\"image\":{\"@id\":\"https:\/\/www.notibras.com\/site\/governo-amplia-politica-de-prevencao-e-controle-do-cancer\/#primaryimage\"},\"thumbnailUrl\":\"https:\/\/www.notibras.com\/site\/wp-content\/uploads\/2023\/12\/suscaar.webp\",\"articleSection\":[\"Quadradinho em Foco\"],\"inLanguage\":\"pt-BR\"},{\"@type\":\"WebPage\",\"@id\":\"https:\/\/www.notibras.com\/site\/governo-amplia-politica-de-prevencao-e-controle-do-cancer\/\",\"url\":\"https:\/\/www.notibras.com\/site\/governo-amplia-politica-de-prevencao-e-controle-do-cancer\/\",\"name\":\"Governo amplia pol\u00edtica de preven\u00e7\u00e3o e controle do c\u00e2ncer - Notibras\",\"isPartOf\":{\"@id\":\"https:\/\/www.notibras.com\/site\/#website\"},\"primaryImageOfPage\":{\"@id\":\"https:\/\/www.notibras.com\/site\/governo-amplia-politica-de-prevencao-e-controle-do-cancer\/#primaryimage\"},\"image\":{\"@id\":\"https:\/\/www.notibras.com\/site\/governo-amplia-politica-de-prevencao-e-controle-do-cancer\/#primaryimage\"},\"thumbnailUrl\":\"https:\/\/www.notibras.com\/site\/wp-content\/uploads\/2023\/12\/suscaar.webp\",\"datePublished\":\"2023-12-20T11:34:20+00:00\",\"dateModified\":\"2023-12-20T17:38:36+00:00\",\"breadcrumb\":{\"@id\":\"https:\/\/www.notibras.com\/site\/governo-amplia-politica-de-prevencao-e-controle-do-cancer\/#breadcrumb\"},\"inLanguage\":\"pt-BR\",\"potentialAction\":[{\"@type\":\"ReadAction\",\"target\":[\"https:\/\/www.notibras.com\/site\/governo-amplia-politica-de-prevencao-e-controle-do-cancer\/\"]}]},{\"@type\":\"ImageObject\",\"inLanguage\":\"pt-BR\",\"@id\":\"https:\/\/www.notibras.com\/site\/governo-amplia-politica-de-prevencao-e-controle-do-cancer\/#primaryimage\",\"url\":\"https:\/\/www.notibras.com\/site\/wp-content\/uploads\/2023\/12\/suscaar.webp\",\"contentUrl\":\"https:\/\/www.notibras.com\/site\/wp-content\/uploads\/2023\/12\/suscaar.webp\",\"width\":1170,\"height\":700},{\"@type\":\"BreadcrumbList\",\"@id\":\"https:\/\/www.notibras.com\/site\/governo-amplia-politica-de-prevencao-e-controle-do-cancer\/#breadcrumb\",\"itemListElement\":[{\"@type\":\"ListItem\",\"position\":1,\"name\":\"In\u00edcio\",\"item\":\"https:\/\/www.notibras.com\/site\/\"},{\"@type\":\"ListItem\",\"position\":2,\"name\":\"Governo amplia pol\u00edtica de preven\u00e7\u00e3o e controle do c\u00e2ncer\"}]},{\"@type\":\"WebSite\",\"@id\":\"https:\/\/www.notibras.com\/site\/#website\",\"url\":\"https:\/\/www.notibras.com\/site\/\",\"name\":\"Notibras\",\"description\":\"Not\u00edcias de Bras\u00edlia, do Brasil e do Mundo\",\"publisher\":{\"@id\":\"https:\/\/www.notibras.com\/site\/#organization\"},\"potentialAction\":[{\"@type\":\"SearchAction\",\"target\":{\"@type\":\"EntryPoint\",\"urlTemplate\":\"https:\/\/www.notibras.com\/site\/?s={search_term_string}\"},\"query-input\":{\"@type\":\"PropertyValueSpecification\",\"valueRequired\":true,\"valueName\":\"search_term_string\"}}],\"inLanguage\":\"pt-BR\"},{\"@type\":\"Organization\",\"@id\":\"https:\/\/www.notibras.com\/site\/#organization\",\"name\":\"Grupo Notibras de Comunica\u00e7\u00e3o\",\"url\":\"https:\/\/www.notibras.com\/site\/\",\"logo\":{\"@type\":\"ImageObject\",\"inLanguage\":\"pt-BR\",\"@id\":\"https:\/\/www.notibras.com\/site\/#\/schema\/logo\/image\/\",\"url\":\"https:\/\/www.notibras.com\/site\/wp-content\/uploads\/2023\/01\/notibras23.png\",\"contentUrl\":\"https:\/\/www.notibras.com\/site\/wp-content\/uploads\/2023\/01\/notibras23.png\",\"width\":350,\"height\":87,\"caption\":\"Grupo Notibras de Comunica\u00e7\u00e3o\"},\"image\":{\"@id\":\"https:\/\/www.notibras.com\/site\/#\/schema\/logo\/image\/\"},\"sameAs\":[\"https:\/\/www.facebook.com\/notibras\/\",\"https:\/\/x.com\/Notibras\",\"https:\/\/www.instagram.com\/notibras\/\"]},{\"@type\":\"Person\",\"@id\":\"https:\/\/www.notibras.com\/site\/#\/schema\/person\/36ab0979449956132d3e5b517ea76ac8\",\"name\":\"Reda\u00e7\u00e3o\",\"image\":{\"@type\":\"ImageObject\",\"inLanguage\":\"pt-BR\",\"@id\":\"https:\/\/secure.gravatar.com\/avatar\/e0a867bdedb85fd243eadf09663511f96fc81e0720a4a42581f334ad4303aa6b?s=96&d=mm&r=g\",\"url\":\"https:\/\/secure.gravatar.com\/avatar\/e0a867bdedb85fd243eadf09663511f96fc81e0720a4a42581f334ad4303aa6b?s=96&d=mm&r=g\",\"contentUrl\":\"https:\/\/secure.gravatar.com\/avatar\/e0a867bdedb85fd243eadf09663511f96fc81e0720a4a42581f334ad4303aa6b?s=96&d=mm&r=g\",\"caption\":\"Reda\u00e7\u00e3o\"}}]}<\/script>\n<!-- \/ Yoast SEO plugin. -->","yoast_head_json":{"title":"Governo amplia pol\u00edtica de preven\u00e7\u00e3o e controle do c\u00e2ncer - Notibras","robots":{"index":"index","follow":"follow","max-snippet":"max-snippet:-1","max-image-preview":"max-image-preview:large","max-video-preview":"max-video-preview:-1"},"canonical":"https:\/\/www.notibras.com\/site\/governo-amplia-politica-de-prevencao-e-controle-do-cancer\/","og_locale":"pt_BR","og_type":"article","og_title":"Governo amplia pol\u00edtica de preven\u00e7\u00e3o e controle do c\u00e2ncer - Notibras","og_description":"A Pol\u00edtica Nacional de Preven\u00e7\u00e3o e Controle do C\u00e2ncer no \u00e2mbito do Sistema \u00danico de Sa\u00fade (SUS) e o Programa Nacional de Navega\u00e7\u00e3o da Pessoa com Diagn\u00f3stico de C\u00e2ncer acabam de ser institu\u00eddos pelo governo, com a assinatura, pelo presidente Luiz In\u00e1cio Lula da Silva, da Lei n\u00ba 14.758, de 19 de dezembro de 2023. [&hellip;]","og_url":"https:\/\/www.notibras.com\/site\/governo-amplia-politica-de-prevencao-e-controle-do-cancer\/","og_site_name":"Notibras","article_publisher":"https:\/\/www.facebook.com\/notibras\/","article_published_time":"2023-12-20T11:34:20+00:00","article_modified_time":"2023-12-20T17:38:36+00:00","og_image":[{"width":1170,"height":700,"url":"https:\/\/www.notibras.com\/site\/wp-content\/uploads\/2023\/12\/suscaar.webp","type":"image\/webp"}],"author":"Reda\u00e7\u00e3o","twitter_card":"summary_large_image","twitter_creator":"@Notibras","twitter_site":"@Notibras","twitter_misc":{"Escrito por":"Reda\u00e7\u00e3o","Est. tempo de leitura":"2 minutos"},"schema":{"@context":"https:\/\/schema.org","@graph":[{"@type":"Article","@id":"https:\/\/www.notibras.com\/site\/governo-amplia-politica-de-prevencao-e-controle-do-cancer\/#article","isPartOf":{"@id":"https:\/\/www.notibras.com\/site\/governo-amplia-politica-de-prevencao-e-controle-do-cancer\/"},"author":{"name":"Reda\u00e7\u00e3o","@id":"https:\/\/www.notibras.com\/site\/#\/schema\/person\/36ab0979449956132d3e5b517ea76ac8"},"headline":"Governo amplia pol\u00edtica de preven\u00e7\u00e3o e controle do c\u00e2ncer","datePublished":"2023-12-20T11:34:20+00:00","dateModified":"2023-12-20T17:38:36+00:00","mainEntityOfPage":{"@id":"https:\/\/www.notibras.com\/site\/governo-amplia-politica-de-prevencao-e-controle-do-cancer\/"},"wordCount":380,"publisher":{"@id":"https:\/\/www.notibras.com\/site\/#organization"},"image":{"@id":"https:\/\/www.notibras.com\/site\/governo-amplia-politica-de-prevencao-e-controle-do-cancer\/#primaryimage"},"thumbnailUrl":"https:\/\/www.notibras.com\/site\/wp-content\/uploads\/2023\/12\/suscaar.webp","articleSection":["Quadradinho em Foco"],"inLanguage":"pt-BR"},{"@type":"WebPage","@id":"https:\/\/www.notibras.com\/site\/governo-amplia-politica-de-prevencao-e-controle-do-cancer\/","url":"https:\/\/www.notibras.com\/site\/governo-amplia-politica-de-prevencao-e-controle-do-cancer\/","name":"Governo amplia pol\u00edtica de preven\u00e7\u00e3o e controle do c\u00e2ncer - Notibras","isPartOf":{"@id":"https:\/\/www.notibras.com\/site\/#website"},"primaryImageOfPage":{"@id":"https:\/\/www.notibras.com\/site\/governo-amplia-politica-de-prevencao-e-controle-do-cancer\/#primaryimage"},"image":{"@id":"https:\/\/www.notibras.com\/site\/governo-amplia-politica-de-prevencao-e-controle-do-cancer\/#primaryimage"},"thumbnailUrl":"https:\/\/www.notibras.com\/site\/wp-content\/uploads\/2023\/12\/suscaar.webp","datePublished":"2023-12-20T11:34:20+00:00","dateModified":"2023-12-20T17:38:36+00:00","breadcrumb":{"@id":"https:\/\/www.notibras.com\/site\/governo-amplia-politica-de-prevencao-e-controle-do-cancer\/#breadcrumb"},"inLanguage":"pt-BR","potentialAction":[{"@type":"ReadAction","target":["https:\/\/www.notibras.com\/site\/governo-amplia-politica-de-prevencao-e-controle-do-cancer\/"]}]},{"@type":"ImageObject","inLanguage":"pt-BR","@id":"https:\/\/www.notibras.com\/site\/governo-amplia-politica-de-prevencao-e-controle-do-cancer\/#primaryimage","url":"https:\/\/www.notibras.com\/site\/wp-content\/uploads\/2023\/12\/suscaar.webp","contentUrl":"https:\/\/www.notibras.com\/site\/wp-content\/uploads\/2023\/12\/suscaar.webp","width":1170,"height":700},{"@type":"BreadcrumbList","@id":"https:\/\/www.notibras.com\/site\/governo-amplia-politica-de-prevencao-e-controle-do-cancer\/#breadcrumb","itemListElement":[{"@type":"ListItem","position":1,"name":"In\u00edcio","item":"https:\/\/www.notibras.com\/site\/"},{"@type":"ListItem","position":2,"name":"Governo amplia pol\u00edtica de preven\u00e7\u00e3o e controle do c\u00e2ncer"}]},{"@type":"WebSite","@id":"https:\/\/www.notibras.com\/site\/#website","url":"https:\/\/www.notibras.com\/site\/","name":"Notibras","description":"Not\u00edcias de Bras\u00edlia, do Brasil e do Mundo","publisher":{"@id":"https:\/\/www.notibras.com\/site\/#organization"},"potentialAction":[{"@type":"SearchAction","target":{"@type":"EntryPoint","urlTemplate":"https:\/\/www.notibras.com\/site\/?s={search_term_string}"},"query-input":{"@type":"PropertyValueSpecification","valueRequired":true,"valueName":"search_term_string"}}],"inLanguage":"pt-BR"},{"@type":"Organization","@id":"https:\/\/www.notibras.com\/site\/#organization","name":"Grupo Notibras de Comunica\u00e7\u00e3o","url":"https:\/\/www.notibras.com\/site\/","logo":{"@type":"ImageObject","inLanguage":"pt-BR","@id":"https:\/\/www.notibras.com\/site\/#\/schema\/logo\/image\/","url":"https:\/\/www.notibras.com\/site\/wp-content\/uploads\/2023\/01\/notibras23.png","contentUrl":"https:\/\/www.notibras.com\/site\/wp-content\/uploads\/2023\/01\/notibras23.png","width":350,"height":87,"caption":"Grupo Notibras de Comunica\u00e7\u00e3o"},"image":{"@id":"https:\/\/www.notibras.com\/site\/#\/schema\/logo\/image\/"},"sameAs":["https:\/\/www.facebook.com\/notibras\/","https:\/\/x.com\/Notibras","https:\/\/www.instagram.com\/notibras\/"]},{"@type":"Person","@id":"https:\/\/www.notibras.com\/site\/#\/schema\/person\/36ab0979449956132d3e5b517ea76ac8","name":"Reda\u00e7\u00e3o","image":{"@type":"ImageObject","inLanguage":"pt-BR","@id":"https:\/\/secure.gravatar.com\/avatar\/e0a867bdedb85fd243eadf09663511f96fc81e0720a4a42581f334ad4303aa6b?s=96&d=mm&r=g","url":"https:\/\/secure.gravatar.com\/avatar\/e0a867bdedb85fd243eadf09663511f96fc81e0720a4a42581f334ad4303aa6b?s=96&d=mm&r=g","contentUrl":"https:\/\/secure.gravatar.com\/avatar\/e0a867bdedb85fd243eadf09663511f96fc81e0720a4a42581f334ad4303aa6b?s=96&d=mm&r=g","caption":"Reda\u00e7\u00e3o"}}]}},"amp_enabled":true,"_links":{"self":[{"href":"https:\/\/www.notibras.com\/site\/wp-json\/wp\/v2\/posts\/319419","targetHints":{"allow":["GET"]}}],"collection":[{"href":"https:\/\/www.notibras.com\/site\/wp-json\/wp\/v2\/posts"}],"about":[{"href":"https:\/\/www.notibras.com\/site\/wp-json\/wp\/v2\/types\/post"}],"author":[{"embeddable":true,"href":"https:\/\/www.notibras.com\/site\/wp-json\/wp\/v2\/users\/2"}],"replies":[{"embeddable":true,"href":"https:\/\/www.notibras.com\/site\/wp-json\/wp\/v2\/comments?post=319419"}],"version-history":[{"count":1,"href":"https:\/\/www.notibras.com\/site\/wp-json\/wp\/v2\/posts\/319419\/revisions"}],"predecessor-version":[{"id":319421,"href":"https:\/\/www.notibras.com\/site\/wp-json\/wp\/v2\/posts\/319419\/revisions\/319421"}],"wp:featuredmedia":[{"embeddable":true,"href":"https:\/\/www.notibras.com\/site\/wp-json\/wp\/v2\/media\/319420"}],"wp:attachment":[{"href":"https:\/\/www.notibras.com\/site\/wp-json\/wp\/v2\/media?parent=319419"}],"wp:term":[{"taxonomy":"category","embeddable":true,"href":"https:\/\/www.notibras.com\/site\/wp-json\/wp\/v2\/categories?post=319419"},{"taxonomy":"post_tag","embeddable":true,"href":"https:\/\/www.notibras.com\/site\/wp-json\/wp\/v2\/tags?post=319419"}],"curies":[{"name":"wp","href":"https:\/\/api.w.org\/{rel}","templated":true}]}}