{"id":319422,"date":"2023-12-20T08:43:48","date_gmt":"2023-12-20T11:43:48","guid":{"rendered":"https:\/\/www.notibras.com\/site\/?p=319422"},"modified":"2023-12-20T14:45:45","modified_gmt":"2023-12-20T17:45:45","slug":"servidor-prepara-guerra-para-garantir-reajuste-salarial-e-beneficios","status":"publish","type":"post","link":"https:\/\/www.notibras.com\/site\/servidor-prepara-guerra-para-garantir-reajuste-salarial-e-beneficios\/","title":{"rendered":"Servidor prepara guerra para garantir reajuste salarial e benef\u00edcios"},"content":{"rendered":"<p>O Minist\u00e9rio da Gest\u00e3o e da Inova\u00e7\u00e3o em Servi\u00e7os P\u00fablicos (MGI) apresentou na segunda, 18, \u00e0 Mesa Nacional de Negocia\u00e7\u00e3o Permanente proposta de reajuste de benef\u00edcios pagos aos servidores p\u00fablicos, mas descarta reajuste salarial. A proposta, no entanto, ainda n\u00e3o foi formalizada.<\/p>\n<p>Conforme encaminhado pelo governo, haveria um aumento de 51,9% no aux\u00edlio-alimenta\u00e7\u00e3o pago aos servidores p\u00fablicos a partir de maio de 2024, que passaria do valor atual de R$ 658 para R$ 1 mil. O governo ainda sugeriu incremento no aux\u00edlio-creche, de R$ 321 para R$ 484,90; aumento na do aux\u00edlio-sa\u00fade, de R$ 144,38 para \u201cem torno de R$ 215\u201d, segundo afirmou o MGI.<\/p>\n<p>De acordo com o minist\u00e9rio, \u201cservidores com as menores remunera\u00e7\u00f5es\u201d e \u201cque recebem, simultaneamente, os tr\u00eas benef\u00edcios (alimenta\u00e7\u00e3o, sa\u00fade e creche) passam a auferir aumento na remunera\u00e7\u00e3o total que chega a 23%.\u201d<\/p>\n<p><strong>Servidores<\/strong><br \/>\nContr\u00e1ria \u00e0 proposta, a Confedera\u00e7\u00e3o dos Trabalhadores no Servi\u00e7o P\u00fablico Federal (Condsef) descreveu em nota que a reuni\u00e3o da mesa de negocia\u00e7\u00e3o \u201cfrustrou expectativa dos servidores que aguardavam uma proposta concreta de reajuste para 2024.\u201d Para a entidade, a proposta \u201cprejudica aposentados e pensionistas que representam mais da metade da categoria.\u201d<\/p>\n<p>O Sindicato dos Servidores P\u00fablicos Federais no Distrito Federal (Sindsep-DF) tamb\u00e9m avalia que a proposta contraria aposentados e considera o ganho \u201cinsuficiente\u201d nos benef\u00edcios. \u201cAo anunciar a proposta, o governo federal alegou que o formato atua contra as disparidades existentes no funcionalismo, desconsiderando completamente as necessidades e direitos de centenas de milhares de servidores.\u201d<\/p>\n<p>Em assembleia realizada pelo Sindsep-DF, a categoria se manifestou contra a oferta do governo federal. O Condsef aguarda formaliza\u00e7\u00e3o da proposta para convocar reuni\u00e3o do conselho deliberativo das entidades que representam os servidores p\u00fablicos nos demais estados.<\/p>\n","protected":false},"excerpt":{"rendered":"<p>O Minist\u00e9rio da Gest\u00e3o e da Inova\u00e7\u00e3o em Servi\u00e7os P\u00fablicos (MGI) apresentou na segunda, 18, \u00e0 Mesa Nacional de Negocia\u00e7\u00e3o Permanente proposta de reajuste de benef\u00edcios pagos aos servidores p\u00fablicos, mas descarta reajuste salarial. A proposta, no entanto, ainda n\u00e3o foi formalizada. Conforme encaminhado pelo governo, haveria um aumento de 51,9% no aux\u00edlio-alimenta\u00e7\u00e3o pago aos [&hellip;]<\/p>\n","protected":false},"author":2,"featured_media":319423,"comment_status":"closed","ping_status":"closed","sticky":false,"template":"","format":"standard","meta":{"_acf_changed":false,"footnotes":""},"categories":[161],"tags":[],"class_list":["post-319422","post","type-post","status-publish","format-standard","has-post-thumbnail","hentry","category-quadradinho-em-foco"],"acf":[],"yoast_head":"<!-- This site is optimized with the Yoast SEO plugin v27.2 - https:\/\/yoast.com\/product\/yoast-seo-wordpress\/ -->\n<title>Servidor prepara guerra para garantir reajuste salarial e benef\u00edcios - Notibras<\/title>\n<meta name=\"robots\" content=\"index, follow, max-snippet:-1, max-image-preview:large, max-video-preview:-1\" \/>\n<link rel=\"canonical\" href=\"https:\/\/www.notibras.com\/site\/servidor-prepara-guerra-para-garantir-reajuste-salarial-e-beneficios\/\" \/>\n<meta property=\"og:locale\" content=\"pt_BR\" \/>\n<meta property=\"og:type\" content=\"article\" \/>\n<meta property=\"og:title\" content=\"Servidor prepara guerra para garantir reajuste salarial e benef\u00edcios - Notibras\" \/>\n<meta property=\"og:description\" content=\"O Minist\u00e9rio da Gest\u00e3o e da Inova\u00e7\u00e3o em Servi\u00e7os P\u00fablicos (MGI) apresentou na segunda, 18, \u00e0 Mesa Nacional de Negocia\u00e7\u00e3o Permanente proposta de reajuste de benef\u00edcios pagos aos servidores p\u00fablicos, mas descarta reajuste salarial. A proposta, no entanto, ainda n\u00e3o foi formalizada. Conforme encaminhado pelo governo, haveria um aumento de 51,9% no aux\u00edlio-alimenta\u00e7\u00e3o pago aos [&hellip;]\" \/>\n<meta property=\"og:url\" content=\"https:\/\/www.notibras.com\/site\/servidor-prepara-guerra-para-garantir-reajuste-salarial-e-beneficios\/\" \/>\n<meta property=\"og:site_name\" content=\"Notibras\" \/>\n<meta property=\"article:publisher\" content=\"https:\/\/www.facebook.com\/notibras\/\" \/>\n<meta property=\"article:published_time\" content=\"2023-12-20T11:43:48+00:00\" \/>\n<meta property=\"article:modified_time\" content=\"2023-12-20T17:45:45+00:00\" \/>\n<meta property=\"og:image\" content=\"https:\/\/www.notibras.com\/site\/wp-content\/uploads\/2023\/12\/serguerra.webp\" \/>\n\t<meta property=\"og:image:width\" content=\"1170\" \/>\n\t<meta property=\"og:image:height\" content=\"700\" \/>\n\t<meta property=\"og:image:type\" content=\"image\/webp\" \/>\n<meta name=\"author\" content=\"Reda\u00e7\u00e3o\" \/>\n<meta name=\"twitter:card\" content=\"summary_large_image\" \/>\n<meta name=\"twitter:creator\" content=\"@Notibras\" \/>\n<meta name=\"twitter:site\" content=\"@Notibras\" \/>\n<meta name=\"twitter:label1\" content=\"Escrito por\" \/>\n\t<meta name=\"twitter:data1\" content=\"Reda\u00e7\u00e3o\" \/>\n\t<meta name=\"twitter:label2\" content=\"Est. tempo de leitura\" \/>\n\t<meta name=\"twitter:data2\" content=\"2 minutos\" \/>\n<script type=\"application\/ld+json\" class=\"yoast-schema-graph\">{\"@context\":\"https:\/\/schema.org\",\"@graph\":[{\"@type\":\"Article\",\"@id\":\"https:\/\/www.notibras.com\/site\/servidor-prepara-guerra-para-garantir-reajuste-salarial-e-beneficios\/#article\",\"isPartOf\":{\"@id\":\"https:\/\/www.notibras.com\/site\/servidor-prepara-guerra-para-garantir-reajuste-salarial-e-beneficios\/\"},\"author\":{\"name\":\"Reda\u00e7\u00e3o\",\"@id\":\"https:\/\/www.notibras.com\/site\/#\/schema\/person\/36ab0979449956132d3e5b517ea76ac8\"},\"headline\":\"Servidor prepara guerra para garantir reajuste salarial e benef\u00edcios\",\"datePublished\":\"2023-12-20T11:43:48+00:00\",\"dateModified\":\"2023-12-20T17:45:45+00:00\",\"mainEntityOfPage\":{\"@id\":\"https:\/\/www.notibras.com\/site\/servidor-prepara-guerra-para-garantir-reajuste-salarial-e-beneficios\/\"},\"wordCount\":311,\"publisher\":{\"@id\":\"https:\/\/www.notibras.com\/site\/#organization\"},\"image\":{\"@id\":\"https:\/\/www.notibras.com\/site\/servidor-prepara-guerra-para-garantir-reajuste-salarial-e-beneficios\/#primaryimage\"},\"thumbnailUrl\":\"https:\/\/www.notibras.com\/site\/wp-content\/uploads\/2023\/12\/serguerra.webp\",\"articleSection\":[\"Quadradinho em Foco\"],\"inLanguage\":\"pt-BR\"},{\"@type\":\"WebPage\",\"@id\":\"https:\/\/www.notibras.com\/site\/servidor-prepara-guerra-para-garantir-reajuste-salarial-e-beneficios\/\",\"url\":\"https:\/\/www.notibras.com\/site\/servidor-prepara-guerra-para-garantir-reajuste-salarial-e-beneficios\/\",\"name\":\"Servidor prepara guerra para garantir reajuste salarial e benef\u00edcios - Notibras\",\"isPartOf\":{\"@id\":\"https:\/\/www.notibras.com\/site\/#website\"},\"primaryImageOfPage\":{\"@id\":\"https:\/\/www.notibras.com\/site\/servidor-prepara-guerra-para-garantir-reajuste-salarial-e-beneficios\/#primaryimage\"},\"image\":{\"@id\":\"https:\/\/www.notibras.com\/site\/servidor-prepara-guerra-para-garantir-reajuste-salarial-e-beneficios\/#primaryimage\"},\"thumbnailUrl\":\"https:\/\/www.notibras.com\/site\/wp-content\/uploads\/2023\/12\/serguerra.webp\",\"datePublished\":\"2023-12-20T11:43:48+00:00\",\"dateModified\":\"2023-12-20T17:45:45+00:00\",\"breadcrumb\":{\"@id\":\"https:\/\/www.notibras.com\/site\/servidor-prepara-guerra-para-garantir-reajuste-salarial-e-beneficios\/#breadcrumb\"},\"inLanguage\":\"pt-BR\",\"potentialAction\":[{\"@type\":\"ReadAction\",\"target\":[\"https:\/\/www.notibras.com\/site\/servidor-prepara-guerra-para-garantir-reajuste-salarial-e-beneficios\/\"]}]},{\"@type\":\"ImageObject\",\"inLanguage\":\"pt-BR\",\"@id\":\"https:\/\/www.notibras.com\/site\/servidor-prepara-guerra-para-garantir-reajuste-salarial-e-beneficios\/#primaryimage\",\"url\":\"https:\/\/www.notibras.com\/site\/wp-content\/uploads\/2023\/12\/serguerra.webp\",\"contentUrl\":\"https:\/\/www.notibras.com\/site\/wp-content\/uploads\/2023\/12\/serguerra.webp\",\"width\":1170,\"height\":700},{\"@type\":\"BreadcrumbList\",\"@id\":\"https:\/\/www.notibras.com\/site\/servidor-prepara-guerra-para-garantir-reajuste-salarial-e-beneficios\/#breadcrumb\",\"itemListElement\":[{\"@type\":\"ListItem\",\"position\":1,\"name\":\"In\u00edcio\",\"item\":\"https:\/\/www.notibras.com\/site\/\"},{\"@type\":\"ListItem\",\"position\":2,\"name\":\"Servidor prepara guerra para garantir reajuste salarial e benef\u00edcios\"}]},{\"@type\":\"WebSite\",\"@id\":\"https:\/\/www.notibras.com\/site\/#website\",\"url\":\"https:\/\/www.notibras.com\/site\/\",\"name\":\"Notibras\",\"description\":\"Not\u00edcias de Bras\u00edlia, do Brasil e do Mundo\",\"publisher\":{\"@id\":\"https:\/\/www.notibras.com\/site\/#organization\"},\"potentialAction\":[{\"@type\":\"SearchAction\",\"target\":{\"@type\":\"EntryPoint\",\"urlTemplate\":\"https:\/\/www.notibras.com\/site\/?s={search_term_string}\"},\"query-input\":{\"@type\":\"PropertyValueSpecification\",\"valueRequired\":true,\"valueName\":\"search_term_string\"}}],\"inLanguage\":\"pt-BR\"},{\"@type\":\"Organization\",\"@id\":\"https:\/\/www.notibras.com\/site\/#organization\",\"name\":\"Grupo Notibras de Comunica\u00e7\u00e3o\",\"url\":\"https:\/\/www.notibras.com\/site\/\",\"logo\":{\"@type\":\"ImageObject\",\"inLanguage\":\"pt-BR\",\"@id\":\"https:\/\/www.notibras.com\/site\/#\/schema\/logo\/image\/\",\"url\":\"https:\/\/www.notibras.com\/site\/wp-content\/uploads\/2023\/01\/notibras23.png\",\"contentUrl\":\"https:\/\/www.notibras.com\/site\/wp-content\/uploads\/2023\/01\/notibras23.png\",\"width\":350,\"height\":87,\"caption\":\"Grupo Notibras de Comunica\u00e7\u00e3o\"},\"image\":{\"@id\":\"https:\/\/www.notibras.com\/site\/#\/schema\/logo\/image\/\"},\"sameAs\":[\"https:\/\/www.facebook.com\/notibras\/\",\"https:\/\/x.com\/Notibras\",\"https:\/\/www.instagram.com\/notibras\/\"]},{\"@type\":\"Person\",\"@id\":\"https:\/\/www.notibras.com\/site\/#\/schema\/person\/36ab0979449956132d3e5b517ea76ac8\",\"name\":\"Reda\u00e7\u00e3o\",\"image\":{\"@type\":\"ImageObject\",\"inLanguage\":\"pt-BR\",\"@id\":\"https:\/\/secure.gravatar.com\/avatar\/e0a867bdedb85fd243eadf09663511f96fc81e0720a4a42581f334ad4303aa6b?s=96&d=mm&r=g\",\"url\":\"https:\/\/secure.gravatar.com\/avatar\/e0a867bdedb85fd243eadf09663511f96fc81e0720a4a42581f334ad4303aa6b?s=96&d=mm&r=g\",\"contentUrl\":\"https:\/\/secure.gravatar.com\/avatar\/e0a867bdedb85fd243eadf09663511f96fc81e0720a4a42581f334ad4303aa6b?s=96&d=mm&r=g\",\"caption\":\"Reda\u00e7\u00e3o\"}}]}<\/script>\n<!-- \/ Yoast SEO plugin. -->","yoast_head_json":{"title":"Servidor prepara guerra para garantir reajuste salarial e benef\u00edcios - Notibras","robots":{"index":"index","follow":"follow","max-snippet":"max-snippet:-1","max-image-preview":"max-image-preview:large","max-video-preview":"max-video-preview:-1"},"canonical":"https:\/\/www.notibras.com\/site\/servidor-prepara-guerra-para-garantir-reajuste-salarial-e-beneficios\/","og_locale":"pt_BR","og_type":"article","og_title":"Servidor prepara guerra para garantir reajuste salarial e benef\u00edcios - Notibras","og_description":"O Minist\u00e9rio da Gest\u00e3o e da Inova\u00e7\u00e3o em Servi\u00e7os P\u00fablicos (MGI) apresentou na segunda, 18, \u00e0 Mesa Nacional de Negocia\u00e7\u00e3o Permanente proposta de reajuste de benef\u00edcios pagos aos servidores p\u00fablicos, mas descarta reajuste salarial. A proposta, no entanto, ainda n\u00e3o foi formalizada. Conforme encaminhado pelo governo, haveria um aumento de 51,9% no aux\u00edlio-alimenta\u00e7\u00e3o pago aos [&hellip;]","og_url":"https:\/\/www.notibras.com\/site\/servidor-prepara-guerra-para-garantir-reajuste-salarial-e-beneficios\/","og_site_name":"Notibras","article_publisher":"https:\/\/www.facebook.com\/notibras\/","article_published_time":"2023-12-20T11:43:48+00:00","article_modified_time":"2023-12-20T17:45:45+00:00","og_image":[{"width":1170,"height":700,"url":"https:\/\/www.notibras.com\/site\/wp-content\/uploads\/2023\/12\/serguerra.webp","type":"image\/webp"}],"author":"Reda\u00e7\u00e3o","twitter_card":"summary_large_image","twitter_creator":"@Notibras","twitter_site":"@Notibras","twitter_misc":{"Escrito por":"Reda\u00e7\u00e3o","Est. tempo de leitura":"2 minutos"},"schema":{"@context":"https:\/\/schema.org","@graph":[{"@type":"Article","@id":"https:\/\/www.notibras.com\/site\/servidor-prepara-guerra-para-garantir-reajuste-salarial-e-beneficios\/#article","isPartOf":{"@id":"https:\/\/www.notibras.com\/site\/servidor-prepara-guerra-para-garantir-reajuste-salarial-e-beneficios\/"},"author":{"name":"Reda\u00e7\u00e3o","@id":"https:\/\/www.notibras.com\/site\/#\/schema\/person\/36ab0979449956132d3e5b517ea76ac8"},"headline":"Servidor prepara guerra para garantir reajuste salarial e benef\u00edcios","datePublished":"2023-12-20T11:43:48+00:00","dateModified":"2023-12-20T17:45:45+00:00","mainEntityOfPage":{"@id":"https:\/\/www.notibras.com\/site\/servidor-prepara-guerra-para-garantir-reajuste-salarial-e-beneficios\/"},"wordCount":311,"publisher":{"@id":"https:\/\/www.notibras.com\/site\/#organization"},"image":{"@id":"https:\/\/www.notibras.com\/site\/servidor-prepara-guerra-para-garantir-reajuste-salarial-e-beneficios\/#primaryimage"},"thumbnailUrl":"https:\/\/www.notibras.com\/site\/wp-content\/uploads\/2023\/12\/serguerra.webp","articleSection":["Quadradinho em Foco"],"inLanguage":"pt-BR"},{"@type":"WebPage","@id":"https:\/\/www.notibras.com\/site\/servidor-prepara-guerra-para-garantir-reajuste-salarial-e-beneficios\/","url":"https:\/\/www.notibras.com\/site\/servidor-prepara-guerra-para-garantir-reajuste-salarial-e-beneficios\/","name":"Servidor prepara guerra para garantir reajuste salarial e benef\u00edcios - Notibras","isPartOf":{"@id":"https:\/\/www.notibras.com\/site\/#website"},"primaryImageOfPage":{"@id":"https:\/\/www.notibras.com\/site\/servidor-prepara-guerra-para-garantir-reajuste-salarial-e-beneficios\/#primaryimage"},"image":{"@id":"https:\/\/www.notibras.com\/site\/servidor-prepara-guerra-para-garantir-reajuste-salarial-e-beneficios\/#primaryimage"},"thumbnailUrl":"https:\/\/www.notibras.com\/site\/wp-content\/uploads\/2023\/12\/serguerra.webp","datePublished":"2023-12-20T11:43:48+00:00","dateModified":"2023-12-20T17:45:45+00:00","breadcrumb":{"@id":"https:\/\/www.notibras.com\/site\/servidor-prepara-guerra-para-garantir-reajuste-salarial-e-beneficios\/#breadcrumb"},"inLanguage":"pt-BR","potentialAction":[{"@type":"ReadAction","target":["https:\/\/www.notibras.com\/site\/servidor-prepara-guerra-para-garantir-reajuste-salarial-e-beneficios\/"]}]},{"@type":"ImageObject","inLanguage":"pt-BR","@id":"https:\/\/www.notibras.com\/site\/servidor-prepara-guerra-para-garantir-reajuste-salarial-e-beneficios\/#primaryimage","url":"https:\/\/www.notibras.com\/site\/wp-content\/uploads\/2023\/12\/serguerra.webp","contentUrl":"https:\/\/www.notibras.com\/site\/wp-content\/uploads\/2023\/12\/serguerra.webp","width":1170,"height":700},{"@type":"BreadcrumbList","@id":"https:\/\/www.notibras.com\/site\/servidor-prepara-guerra-para-garantir-reajuste-salarial-e-beneficios\/#breadcrumb","itemListElement":[{"@type":"ListItem","position":1,"name":"In\u00edcio","item":"https:\/\/www.notibras.com\/site\/"},{"@type":"ListItem","position":2,"name":"Servidor prepara guerra para garantir reajuste salarial e benef\u00edcios"}]},{"@type":"WebSite","@id":"https:\/\/www.notibras.com\/site\/#website","url":"https:\/\/www.notibras.com\/site\/","name":"Notibras","description":"Not\u00edcias de Bras\u00edlia, do Brasil e do Mundo","publisher":{"@id":"https:\/\/www.notibras.com\/site\/#organization"},"potentialAction":[{"@type":"SearchAction","target":{"@type":"EntryPoint","urlTemplate":"https:\/\/www.notibras.com\/site\/?s={search_term_string}"},"query-input":{"@type":"PropertyValueSpecification","valueRequired":true,"valueName":"search_term_string"}}],"inLanguage":"pt-BR"},{"@type":"Organization","@id":"https:\/\/www.notibras.com\/site\/#organization","name":"Grupo Notibras de Comunica\u00e7\u00e3o","url":"https:\/\/www.notibras.com\/site\/","logo":{"@type":"ImageObject","inLanguage":"pt-BR","@id":"https:\/\/www.notibras.com\/site\/#\/schema\/logo\/image\/","url":"https:\/\/www.notibras.com\/site\/wp-content\/uploads\/2023\/01\/notibras23.png","contentUrl":"https:\/\/www.notibras.com\/site\/wp-content\/uploads\/2023\/01\/notibras23.png","width":350,"height":87,"caption":"Grupo Notibras de Comunica\u00e7\u00e3o"},"image":{"@id":"https:\/\/www.notibras.com\/site\/#\/schema\/logo\/image\/"},"sameAs":["https:\/\/www.facebook.com\/notibras\/","https:\/\/x.com\/Notibras","https:\/\/www.instagram.com\/notibras\/"]},{"@type":"Person","@id":"https:\/\/www.notibras.com\/site\/#\/schema\/person\/36ab0979449956132d3e5b517ea76ac8","name":"Reda\u00e7\u00e3o","image":{"@type":"ImageObject","inLanguage":"pt-BR","@id":"https:\/\/secure.gravatar.com\/avatar\/e0a867bdedb85fd243eadf09663511f96fc81e0720a4a42581f334ad4303aa6b?s=96&d=mm&r=g","url":"https:\/\/secure.gravatar.com\/avatar\/e0a867bdedb85fd243eadf09663511f96fc81e0720a4a42581f334ad4303aa6b?s=96&d=mm&r=g","contentUrl":"https:\/\/secure.gravatar.com\/avatar\/e0a867bdedb85fd243eadf09663511f96fc81e0720a4a42581f334ad4303aa6b?s=96&d=mm&r=g","caption":"Reda\u00e7\u00e3o"}}]}},"amp_enabled":true,"_links":{"self":[{"href":"https:\/\/www.notibras.com\/site\/wp-json\/wp\/v2\/posts\/319422","targetHints":{"allow":["GET"]}}],"collection":[{"href":"https:\/\/www.notibras.com\/site\/wp-json\/wp\/v2\/posts"}],"about":[{"href":"https:\/\/www.notibras.com\/site\/wp-json\/wp\/v2\/types\/post"}],"author":[{"embeddable":true,"href":"https:\/\/www.notibras.com\/site\/wp-json\/wp\/v2\/users\/2"}],"replies":[{"embeddable":true,"href":"https:\/\/www.notibras.com\/site\/wp-json\/wp\/v2\/comments?post=319422"}],"version-history":[{"count":1,"href":"https:\/\/www.notibras.com\/site\/wp-json\/wp\/v2\/posts\/319422\/revisions"}],"predecessor-version":[{"id":319424,"href":"https:\/\/www.notibras.com\/site\/wp-json\/wp\/v2\/posts\/319422\/revisions\/319424"}],"wp:featuredmedia":[{"embeddable":true,"href":"https:\/\/www.notibras.com\/site\/wp-json\/wp\/v2\/media\/319423"}],"wp:attachment":[{"href":"https:\/\/www.notibras.com\/site\/wp-json\/wp\/v2\/media?parent=319422"}],"wp:term":[{"taxonomy":"category","embeddable":true,"href":"https:\/\/www.notibras.com\/site\/wp-json\/wp\/v2\/categories?post=319422"},{"taxonomy":"post_tag","embeddable":true,"href":"https:\/\/www.notibras.com\/site\/wp-json\/wp\/v2\/tags?post=319422"}],"curies":[{"name":"wp","href":"https:\/\/api.w.org\/{rel}","templated":true}]}}