{"id":319429,"date":"2023-12-20T00:00:50","date_gmt":"2023-12-20T03:00:50","guid":{"rendered":"https:\/\/www.notibras.com\/site\/?p=319429"},"modified":"2023-12-20T15:00:41","modified_gmt":"2023-12-20T18:00:41","slug":"oms-pede-mais-controle-sobre-cigarros-eletronicos","status":"publish","type":"post","link":"https:\/\/www.notibras.com\/site\/oms-pede-mais-controle-sobre-cigarros-eletronicos\/","title":{"rendered":"OMS pede mais controle sobre cigarros eletr\u00f4nicos"},"content":{"rendered":"<p>A Organiza\u00e7\u00e3o Mundial da Sa\u00fade (OMS) fez um alerta para os riscos dos cigarros eletr\u00f4nicos. A organiza\u00e7\u00e3o sugere aos pa\u00edses que tratem esses dispositivos eletr\u00f4nicos de fumar da mesma forma que o tabaco \u00e9 tratado. Com ado\u00e7\u00e3o de medidas de controle e a proibi\u00e7\u00e3o dos dispositivos com sabor.<\/p>\n<p>Embora os cigarros eletr\u00f4nicos sejam proibidos no Brasil desde 2009, cerca de 2,2 milh\u00f5es de pessoas usam esses dispositivos para fumar, conforme pesquisa do Ipec &#8211; Intelig\u00eancia em Pesquisa e Consultoria. A maior parte, jovens.<\/p>\n<p>A Associa\u00e7\u00e3o M\u00e9dica Brasileira (AMB) alerta que a maioria absoluta dos vapes cont\u00e9m nicotina \u2013 droga psicoativa respons\u00e1vel pela depend\u00eancia e que, ao ser inalada, chega ao c\u00e9rebro entre sete e 19 segundos, liberando subst\u00e2ncias qu\u00edmicas que trazem sensa\u00e7\u00e3o imediata de prazer.<\/p>\n<p>Desde o in\u00edcio de dezembro, a Ag\u00eancia Nacional de Vigil\u00e2ncia Sanit\u00e1ria (Anvisa) abriu consulta p\u00fablica para saber o que a sociedade pensa sobre a libera\u00e7\u00e3o dos cigarros eletr\u00f4nicas. A consulta fica aberta at\u00e9 9 de fevereiro de 2024 e pode ser acessada por qualquer pessoa.<\/p>\n<p>Em entrevista ao Rep\u00f3rter Brasil, da TV Brasil, o m\u00e9dico e coordenador do Centro de Apoio ao Tabagista, Alexandre Milagres, se posicionou contr\u00e1rio \u00e0 regulamenta\u00e7\u00e3o do dispositivo no Brasil.<\/p>\n<p>Para ele, o discurso de que a regulamenta\u00e7\u00e3o acabaria com o com\u00e9rcio ilegal de cigarros eletr\u00f4nicos \u00e9 falacioso e apenas traz um discurso de interesse da ind\u00fastria do setor, interessada na legaliza\u00e7\u00e3o do cigarro eletr\u00f4nico. \u201cA regulamenta\u00e7\u00e3o n\u00e3o garante que voc\u00ea deixe de obter dispositivos ilegais. Os cigarros convencionais s\u00e3o regulamentados h\u00e1 mais de um s\u00e9culo e isso n\u00e3o impede que 30% da comercializa\u00e7\u00e3o de cigarros no Brasil sejam de cigarros contrabandeados\u201d.<\/p>\n<p>Milagres afirma que a ind\u00fastria tabagista abra\u00e7ou e difundiu a ideia de que o cigarro eletr\u00f4nico \u00e9 menos prejudicial \u00e0 sa\u00fade porque quer se recuperar da perda de milh\u00f5es de clientes por ano, seja por uma mudan\u00e7a cultural, seja pela morte de pessoas em decorr\u00eancia do cigarro.<\/p>\n<p>\u201cA ind\u00fastria sabe que est\u00e1 perdendo clientes de uma forma colossal, porque as pessoas est\u00e3o se conscientizando dos males do tabaco. O cigarro, em alguns pa\u00edses, j\u00e1 \u00e9 considerado pelos jovens uma coisa cafona. E tem uma mortalidade de 9 milh\u00f5es de pessoas por ano. S\u00e3o menos 9 milh\u00f5es de consumidores\/ano. A ind\u00fastria descobriu esse nicho [dos cigarros eletr\u00f4nicos] e todas elas [fabricantes de cigarros] est\u00e3o vendendo essa ideia de que o cigarro [eletr\u00f4nico] causa menos dano.\u201d<\/p>\n<p><strong>Riscos<\/strong><br \/>\nDe acordo com a AMB, nos cigarros eletr\u00f4nicos, a nicotina se apresenta sob a forma l\u00edquida, com forte poder aditivo, ao lado de solventes (propilenoglicol ou glicerol), \u00e1gua, flavorizantes (cerca de 16 mil tipos), aromatizantes e subst\u00e2ncias destinadas a produzir um vapor mais suave, para facilitar a tragada e a absor\u00e7\u00e3o pelo trato respirat\u00f3rio. \u201cForam identificadas centenas de subst\u00e2ncias nos aeross\u00f3is, sendo muitas delas t\u00f3xicas e cancer\u00edgenas.\u201d<\/p>\n<p>\u201cCada pod do cigarro eletr\u00f4nico no formato de pen drive cont\u00eam 0,7 mililitro (ml) de e-l\u00edquido com nicotina, possibilitando 200 tragadas, similar, portanto, ao n\u00famero de tragadas de um fumante de 20 cigarros convencionais. Ou seja, pode-se afirmar que vaporizar um pen drive equivale a fumar 20 cigarros (um ma\u00e7o)\u201d, alertou a entidade.<\/p>\n","protected":false},"excerpt":{"rendered":"<p>A Organiza\u00e7\u00e3o Mundial da Sa\u00fade (OMS) fez um alerta para os riscos dos cigarros eletr\u00f4nicos. A organiza\u00e7\u00e3o sugere aos pa\u00edses que tratem esses dispositivos eletr\u00f4nicos de fumar da mesma forma que o tabaco \u00e9 tratado. Com ado\u00e7\u00e3o de medidas de controle e a proibi\u00e7\u00e3o dos dispositivos com sabor. Embora os cigarros eletr\u00f4nicos sejam proibidos no [&hellip;]<\/p>\n","protected":false},"author":2,"featured_media":319430,"comment_status":"closed","ping_status":"closed","sticky":false,"template":"","format":"standard","meta":{"_acf_changed":false,"footnotes":""},"categories":[161],"tags":[],"class_list":["post-319429","post","type-post","status-publish","format-standard","has-post-thumbnail","hentry","category-quadradinho-em-foco"],"acf":[],"yoast_head":"<!-- This site is optimized with the Yoast SEO plugin v27.2 - https:\/\/yoast.com\/product\/yoast-seo-wordpress\/ -->\n<title>OMS pede mais controle sobre cigarros eletr\u00f4nicos - Notibras<\/title>\n<meta name=\"robots\" content=\"index, follow, max-snippet:-1, max-image-preview:large, max-video-preview:-1\" \/>\n<link rel=\"canonical\" href=\"https:\/\/www.notibras.com\/site\/oms-pede-mais-controle-sobre-cigarros-eletronicos\/\" \/>\n<meta property=\"og:locale\" content=\"pt_BR\" \/>\n<meta property=\"og:type\" content=\"article\" \/>\n<meta property=\"og:title\" content=\"OMS pede mais controle sobre cigarros eletr\u00f4nicos - Notibras\" \/>\n<meta property=\"og:description\" content=\"A Organiza\u00e7\u00e3o Mundial da Sa\u00fade (OMS) fez um alerta para os riscos dos cigarros eletr\u00f4nicos. A organiza\u00e7\u00e3o sugere aos pa\u00edses que tratem esses dispositivos eletr\u00f4nicos de fumar da mesma forma que o tabaco \u00e9 tratado. Com ado\u00e7\u00e3o de medidas de controle e a proibi\u00e7\u00e3o dos dispositivos com sabor. Embora os cigarros eletr\u00f4nicos sejam proibidos no [&hellip;]\" \/>\n<meta property=\"og:url\" content=\"https:\/\/www.notibras.com\/site\/oms-pede-mais-controle-sobre-cigarros-eletronicos\/\" \/>\n<meta property=\"og:site_name\" content=\"Notibras\" \/>\n<meta property=\"article:publisher\" content=\"https:\/\/www.facebook.com\/notibras\/\" \/>\n<meta property=\"article:published_time\" content=\"2023-12-20T03:00:50+00:00\" \/>\n<meta property=\"article:modified_time\" content=\"2023-12-20T18:00:41+00:00\" \/>\n<meta property=\"og:image\" content=\"https:\/\/www.notibras.com\/site\/wp-content\/uploads\/2023\/12\/cele.webp\" \/>\n\t<meta property=\"og:image:width\" content=\"1170\" \/>\n\t<meta property=\"og:image:height\" content=\"700\" \/>\n\t<meta property=\"og:image:type\" content=\"image\/webp\" \/>\n<meta name=\"author\" content=\"Reda\u00e7\u00e3o\" \/>\n<meta name=\"twitter:card\" content=\"summary_large_image\" \/>\n<meta name=\"twitter:creator\" content=\"@Notibras\" \/>\n<meta name=\"twitter:site\" content=\"@Notibras\" \/>\n<meta name=\"twitter:label1\" content=\"Escrito por\" \/>\n\t<meta name=\"twitter:data1\" content=\"Reda\u00e7\u00e3o\" \/>\n\t<meta name=\"twitter:label2\" content=\"Est. tempo de leitura\" \/>\n\t<meta name=\"twitter:data2\" content=\"3 minutos\" \/>\n<script type=\"application\/ld+json\" class=\"yoast-schema-graph\">{\"@context\":\"https:\/\/schema.org\",\"@graph\":[{\"@type\":\"Article\",\"@id\":\"https:\/\/www.notibras.com\/site\/oms-pede-mais-controle-sobre-cigarros-eletronicos\/#article\",\"isPartOf\":{\"@id\":\"https:\/\/www.notibras.com\/site\/oms-pede-mais-controle-sobre-cigarros-eletronicos\/\"},\"author\":{\"name\":\"Reda\u00e7\u00e3o\",\"@id\":\"https:\/\/www.notibras.com\/site\/#\/schema\/person\/36ab0979449956132d3e5b517ea76ac8\"},\"headline\":\"OMS pede mais controle sobre cigarros eletr\u00f4nicos\",\"datePublished\":\"2023-12-20T03:00:50+00:00\",\"dateModified\":\"2023-12-20T18:00:41+00:00\",\"mainEntityOfPage\":{\"@id\":\"https:\/\/www.notibras.com\/site\/oms-pede-mais-controle-sobre-cigarros-eletronicos\/\"},\"wordCount\":579,\"publisher\":{\"@id\":\"https:\/\/www.notibras.com\/site\/#organization\"},\"image\":{\"@id\":\"https:\/\/www.notibras.com\/site\/oms-pede-mais-controle-sobre-cigarros-eletronicos\/#primaryimage\"},\"thumbnailUrl\":\"https:\/\/www.notibras.com\/site\/wp-content\/uploads\/2023\/12\/cele.webp\",\"articleSection\":[\"Quadradinho em Foco\"],\"inLanguage\":\"pt-BR\"},{\"@type\":\"WebPage\",\"@id\":\"https:\/\/www.notibras.com\/site\/oms-pede-mais-controle-sobre-cigarros-eletronicos\/\",\"url\":\"https:\/\/www.notibras.com\/site\/oms-pede-mais-controle-sobre-cigarros-eletronicos\/\",\"name\":\"OMS pede mais controle sobre cigarros eletr\u00f4nicos - Notibras\",\"isPartOf\":{\"@id\":\"https:\/\/www.notibras.com\/site\/#website\"},\"primaryImageOfPage\":{\"@id\":\"https:\/\/www.notibras.com\/site\/oms-pede-mais-controle-sobre-cigarros-eletronicos\/#primaryimage\"},\"image\":{\"@id\":\"https:\/\/www.notibras.com\/site\/oms-pede-mais-controle-sobre-cigarros-eletronicos\/#primaryimage\"},\"thumbnailUrl\":\"https:\/\/www.notibras.com\/site\/wp-content\/uploads\/2023\/12\/cele.webp\",\"datePublished\":\"2023-12-20T03:00:50+00:00\",\"dateModified\":\"2023-12-20T18:00:41+00:00\",\"breadcrumb\":{\"@id\":\"https:\/\/www.notibras.com\/site\/oms-pede-mais-controle-sobre-cigarros-eletronicos\/#breadcrumb\"},\"inLanguage\":\"pt-BR\",\"potentialAction\":[{\"@type\":\"ReadAction\",\"target\":[\"https:\/\/www.notibras.com\/site\/oms-pede-mais-controle-sobre-cigarros-eletronicos\/\"]}]},{\"@type\":\"ImageObject\",\"inLanguage\":\"pt-BR\",\"@id\":\"https:\/\/www.notibras.com\/site\/oms-pede-mais-controle-sobre-cigarros-eletronicos\/#primaryimage\",\"url\":\"https:\/\/www.notibras.com\/site\/wp-content\/uploads\/2023\/12\/cele.webp\",\"contentUrl\":\"https:\/\/www.notibras.com\/site\/wp-content\/uploads\/2023\/12\/cele.webp\",\"width\":1170,\"height\":700},{\"@type\":\"BreadcrumbList\",\"@id\":\"https:\/\/www.notibras.com\/site\/oms-pede-mais-controle-sobre-cigarros-eletronicos\/#breadcrumb\",\"itemListElement\":[{\"@type\":\"ListItem\",\"position\":1,\"name\":\"In\u00edcio\",\"item\":\"https:\/\/www.notibras.com\/site\/\"},{\"@type\":\"ListItem\",\"position\":2,\"name\":\"OMS pede mais controle sobre cigarros eletr\u00f4nicos\"}]},{\"@type\":\"WebSite\",\"@id\":\"https:\/\/www.notibras.com\/site\/#website\",\"url\":\"https:\/\/www.notibras.com\/site\/\",\"name\":\"Notibras\",\"description\":\"Not\u00edcias de Bras\u00edlia, do Brasil e do Mundo\",\"publisher\":{\"@id\":\"https:\/\/www.notibras.com\/site\/#organization\"},\"potentialAction\":[{\"@type\":\"SearchAction\",\"target\":{\"@type\":\"EntryPoint\",\"urlTemplate\":\"https:\/\/www.notibras.com\/site\/?s={search_term_string}\"},\"query-input\":{\"@type\":\"PropertyValueSpecification\",\"valueRequired\":true,\"valueName\":\"search_term_string\"}}],\"inLanguage\":\"pt-BR\"},{\"@type\":\"Organization\",\"@id\":\"https:\/\/www.notibras.com\/site\/#organization\",\"name\":\"Grupo Notibras de Comunica\u00e7\u00e3o\",\"url\":\"https:\/\/www.notibras.com\/site\/\",\"logo\":{\"@type\":\"ImageObject\",\"inLanguage\":\"pt-BR\",\"@id\":\"https:\/\/www.notibras.com\/site\/#\/schema\/logo\/image\/\",\"url\":\"https:\/\/www.notibras.com\/site\/wp-content\/uploads\/2023\/01\/notibras23.png\",\"contentUrl\":\"https:\/\/www.notibras.com\/site\/wp-content\/uploads\/2023\/01\/notibras23.png\",\"width\":350,\"height\":87,\"caption\":\"Grupo Notibras de Comunica\u00e7\u00e3o\"},\"image\":{\"@id\":\"https:\/\/www.notibras.com\/site\/#\/schema\/logo\/image\/\"},\"sameAs\":[\"https:\/\/www.facebook.com\/notibras\/\",\"https:\/\/x.com\/Notibras\",\"https:\/\/www.instagram.com\/notibras\/\"]},{\"@type\":\"Person\",\"@id\":\"https:\/\/www.notibras.com\/site\/#\/schema\/person\/36ab0979449956132d3e5b517ea76ac8\",\"name\":\"Reda\u00e7\u00e3o\",\"image\":{\"@type\":\"ImageObject\",\"inLanguage\":\"pt-BR\",\"@id\":\"https:\/\/secure.gravatar.com\/avatar\/e0a867bdedb85fd243eadf09663511f96fc81e0720a4a42581f334ad4303aa6b?s=96&d=mm&r=g\",\"url\":\"https:\/\/secure.gravatar.com\/avatar\/e0a867bdedb85fd243eadf09663511f96fc81e0720a4a42581f334ad4303aa6b?s=96&d=mm&r=g\",\"contentUrl\":\"https:\/\/secure.gravatar.com\/avatar\/e0a867bdedb85fd243eadf09663511f96fc81e0720a4a42581f334ad4303aa6b?s=96&d=mm&r=g\",\"caption\":\"Reda\u00e7\u00e3o\"}}]}<\/script>\n<!-- \/ Yoast SEO plugin. -->","yoast_head_json":{"title":"OMS pede mais controle sobre cigarros eletr\u00f4nicos - Notibras","robots":{"index":"index","follow":"follow","max-snippet":"max-snippet:-1","max-image-preview":"max-image-preview:large","max-video-preview":"max-video-preview:-1"},"canonical":"https:\/\/www.notibras.com\/site\/oms-pede-mais-controle-sobre-cigarros-eletronicos\/","og_locale":"pt_BR","og_type":"article","og_title":"OMS pede mais controle sobre cigarros eletr\u00f4nicos - Notibras","og_description":"A Organiza\u00e7\u00e3o Mundial da Sa\u00fade (OMS) fez um alerta para os riscos dos cigarros eletr\u00f4nicos. A organiza\u00e7\u00e3o sugere aos pa\u00edses que tratem esses dispositivos eletr\u00f4nicos de fumar da mesma forma que o tabaco \u00e9 tratado. Com ado\u00e7\u00e3o de medidas de controle e a proibi\u00e7\u00e3o dos dispositivos com sabor. Embora os cigarros eletr\u00f4nicos sejam proibidos no [&hellip;]","og_url":"https:\/\/www.notibras.com\/site\/oms-pede-mais-controle-sobre-cigarros-eletronicos\/","og_site_name":"Notibras","article_publisher":"https:\/\/www.facebook.com\/notibras\/","article_published_time":"2023-12-20T03:00:50+00:00","article_modified_time":"2023-12-20T18:00:41+00:00","og_image":[{"width":1170,"height":700,"url":"https:\/\/www.notibras.com\/site\/wp-content\/uploads\/2023\/12\/cele.webp","type":"image\/webp"}],"author":"Reda\u00e7\u00e3o","twitter_card":"summary_large_image","twitter_creator":"@Notibras","twitter_site":"@Notibras","twitter_misc":{"Escrito por":"Reda\u00e7\u00e3o","Est. tempo de leitura":"3 minutos"},"schema":{"@context":"https:\/\/schema.org","@graph":[{"@type":"Article","@id":"https:\/\/www.notibras.com\/site\/oms-pede-mais-controle-sobre-cigarros-eletronicos\/#article","isPartOf":{"@id":"https:\/\/www.notibras.com\/site\/oms-pede-mais-controle-sobre-cigarros-eletronicos\/"},"author":{"name":"Reda\u00e7\u00e3o","@id":"https:\/\/www.notibras.com\/site\/#\/schema\/person\/36ab0979449956132d3e5b517ea76ac8"},"headline":"OMS pede mais controle sobre cigarros eletr\u00f4nicos","datePublished":"2023-12-20T03:00:50+00:00","dateModified":"2023-12-20T18:00:41+00:00","mainEntityOfPage":{"@id":"https:\/\/www.notibras.com\/site\/oms-pede-mais-controle-sobre-cigarros-eletronicos\/"},"wordCount":579,"publisher":{"@id":"https:\/\/www.notibras.com\/site\/#organization"},"image":{"@id":"https:\/\/www.notibras.com\/site\/oms-pede-mais-controle-sobre-cigarros-eletronicos\/#primaryimage"},"thumbnailUrl":"https:\/\/www.notibras.com\/site\/wp-content\/uploads\/2023\/12\/cele.webp","articleSection":["Quadradinho em Foco"],"inLanguage":"pt-BR"},{"@type":"WebPage","@id":"https:\/\/www.notibras.com\/site\/oms-pede-mais-controle-sobre-cigarros-eletronicos\/","url":"https:\/\/www.notibras.com\/site\/oms-pede-mais-controle-sobre-cigarros-eletronicos\/","name":"OMS pede mais controle sobre cigarros eletr\u00f4nicos - Notibras","isPartOf":{"@id":"https:\/\/www.notibras.com\/site\/#website"},"primaryImageOfPage":{"@id":"https:\/\/www.notibras.com\/site\/oms-pede-mais-controle-sobre-cigarros-eletronicos\/#primaryimage"},"image":{"@id":"https:\/\/www.notibras.com\/site\/oms-pede-mais-controle-sobre-cigarros-eletronicos\/#primaryimage"},"thumbnailUrl":"https:\/\/www.notibras.com\/site\/wp-content\/uploads\/2023\/12\/cele.webp","datePublished":"2023-12-20T03:00:50+00:00","dateModified":"2023-12-20T18:00:41+00:00","breadcrumb":{"@id":"https:\/\/www.notibras.com\/site\/oms-pede-mais-controle-sobre-cigarros-eletronicos\/#breadcrumb"},"inLanguage":"pt-BR","potentialAction":[{"@type":"ReadAction","target":["https:\/\/www.notibras.com\/site\/oms-pede-mais-controle-sobre-cigarros-eletronicos\/"]}]},{"@type":"ImageObject","inLanguage":"pt-BR","@id":"https:\/\/www.notibras.com\/site\/oms-pede-mais-controle-sobre-cigarros-eletronicos\/#primaryimage","url":"https:\/\/www.notibras.com\/site\/wp-content\/uploads\/2023\/12\/cele.webp","contentUrl":"https:\/\/www.notibras.com\/site\/wp-content\/uploads\/2023\/12\/cele.webp","width":1170,"height":700},{"@type":"BreadcrumbList","@id":"https:\/\/www.notibras.com\/site\/oms-pede-mais-controle-sobre-cigarros-eletronicos\/#breadcrumb","itemListElement":[{"@type":"ListItem","position":1,"name":"In\u00edcio","item":"https:\/\/www.notibras.com\/site\/"},{"@type":"ListItem","position":2,"name":"OMS pede mais controle sobre cigarros eletr\u00f4nicos"}]},{"@type":"WebSite","@id":"https:\/\/www.notibras.com\/site\/#website","url":"https:\/\/www.notibras.com\/site\/","name":"Notibras","description":"Not\u00edcias de Bras\u00edlia, do Brasil e do Mundo","publisher":{"@id":"https:\/\/www.notibras.com\/site\/#organization"},"potentialAction":[{"@type":"SearchAction","target":{"@type":"EntryPoint","urlTemplate":"https:\/\/www.notibras.com\/site\/?s={search_term_string}"},"query-input":{"@type":"PropertyValueSpecification","valueRequired":true,"valueName":"search_term_string"}}],"inLanguage":"pt-BR"},{"@type":"Organization","@id":"https:\/\/www.notibras.com\/site\/#organization","name":"Grupo Notibras de Comunica\u00e7\u00e3o","url":"https:\/\/www.notibras.com\/site\/","logo":{"@type":"ImageObject","inLanguage":"pt-BR","@id":"https:\/\/www.notibras.com\/site\/#\/schema\/logo\/image\/","url":"https:\/\/www.notibras.com\/site\/wp-content\/uploads\/2023\/01\/notibras23.png","contentUrl":"https:\/\/www.notibras.com\/site\/wp-content\/uploads\/2023\/01\/notibras23.png","width":350,"height":87,"caption":"Grupo Notibras de Comunica\u00e7\u00e3o"},"image":{"@id":"https:\/\/www.notibras.com\/site\/#\/schema\/logo\/image\/"},"sameAs":["https:\/\/www.facebook.com\/notibras\/","https:\/\/x.com\/Notibras","https:\/\/www.instagram.com\/notibras\/"]},{"@type":"Person","@id":"https:\/\/www.notibras.com\/site\/#\/schema\/person\/36ab0979449956132d3e5b517ea76ac8","name":"Reda\u00e7\u00e3o","image":{"@type":"ImageObject","inLanguage":"pt-BR","@id":"https:\/\/secure.gravatar.com\/avatar\/e0a867bdedb85fd243eadf09663511f96fc81e0720a4a42581f334ad4303aa6b?s=96&d=mm&r=g","url":"https:\/\/secure.gravatar.com\/avatar\/e0a867bdedb85fd243eadf09663511f96fc81e0720a4a42581f334ad4303aa6b?s=96&d=mm&r=g","contentUrl":"https:\/\/secure.gravatar.com\/avatar\/e0a867bdedb85fd243eadf09663511f96fc81e0720a4a42581f334ad4303aa6b?s=96&d=mm&r=g","caption":"Reda\u00e7\u00e3o"}}]}},"amp_enabled":true,"_links":{"self":[{"href":"https:\/\/www.notibras.com\/site\/wp-json\/wp\/v2\/posts\/319429","targetHints":{"allow":["GET"]}}],"collection":[{"href":"https:\/\/www.notibras.com\/site\/wp-json\/wp\/v2\/posts"}],"about":[{"href":"https:\/\/www.notibras.com\/site\/wp-json\/wp\/v2\/types\/post"}],"author":[{"embeddable":true,"href":"https:\/\/www.notibras.com\/site\/wp-json\/wp\/v2\/users\/2"}],"replies":[{"embeddable":true,"href":"https:\/\/www.notibras.com\/site\/wp-json\/wp\/v2\/comments?post=319429"}],"version-history":[{"count":1,"href":"https:\/\/www.notibras.com\/site\/wp-json\/wp\/v2\/posts\/319429\/revisions"}],"predecessor-version":[{"id":319431,"href":"https:\/\/www.notibras.com\/site\/wp-json\/wp\/v2\/posts\/319429\/revisions\/319431"}],"wp:featuredmedia":[{"embeddable":true,"href":"https:\/\/www.notibras.com\/site\/wp-json\/wp\/v2\/media\/319430"}],"wp:attachment":[{"href":"https:\/\/www.notibras.com\/site\/wp-json\/wp\/v2\/media?parent=319429"}],"wp:term":[{"taxonomy":"category","embeddable":true,"href":"https:\/\/www.notibras.com\/site\/wp-json\/wp\/v2\/categories?post=319429"},{"taxonomy":"post_tag","embeddable":true,"href":"https:\/\/www.notibras.com\/site\/wp-json\/wp\/v2\/tags?post=319429"}],"curies":[{"name":"wp","href":"https:\/\/api.w.org\/{rel}","templated":true}]}}