{"id":319492,"date":"2023-12-21T00:03:51","date_gmt":"2023-12-21T03:03:51","guid":{"rendered":"https:\/\/www.notibras.com\/site\/?p=319492"},"modified":"2023-12-21T08:21:58","modified_gmt":"2023-12-21T11:21:58","slug":"catadores-de-reciclaveis-brigam-para-ter-pagamento-fixo","status":"publish","type":"post","link":"https:\/\/www.notibras.com\/site\/catadores-de-reciclaveis-brigam-para-ter-pagamento-fixo\/","title":{"rendered":"Catadores de recicl\u00e1veis brigam para ter pagamento fixo"},"content":{"rendered":"<p>O presidente da Associa\u00e7\u00e3o Nacional dos Catadores e Catadoras de Materiais Recicl\u00e1veis (Ancat), Roberto Rocha, defendeu nesta quarta-feira (20), que al\u00e9m de continuarem revendendo o material que coletam, os catadores de material recicl\u00e1vel passem a receber um pagamento fixo, mensal, pelos servi\u00e7os sociais e ambientais que prestam \u00e0 sociedade. A proposta do movimento \u00e9 que as prefeituras custeiem a atividade, com a participa\u00e7\u00e3o da iniciativa privada.<\/p>\n<p>\u201cAjudamos a recuperar todo o tipo de material recicl\u00e1vel; contribu\u00edmos com [a preserva\u00e7\u00e3o] ambiental, e n\u00e3o recebemos [do Poder P\u00fablico] nenhum pagamento por este trabalho\u201d, disse o presidente da Ancat. \u201cNossa proposta \u00e9 que as prefeituras passem a pagar pelo servi\u00e7o de limpeza. Que contratem cooperativas de catadores para que estas prestem um servi\u00e7o de coleta seletiva e possam, com isso, complementar os ganhos dos trabalhadores que, hoje, vivem apenas com o pouco que recebem com a venda do material recicl\u00e1vel. E que a iniciativa privada, as fabricantes de embalagens agreguem valor \u00e0 cadeia dos catadores e catadoras atrav\u00e9s da log\u00edstica reversa, da economia circular\u201d, defendeu.<\/p>\n<p>A associa\u00e7\u00e3o e o Movimento Nacional dos Catadores de Materiais Recicl\u00e1veis (MNCR) abriram, em Bras\u00edlia, nesta quarta-feira, a 10\u00aa Expocatadores, tradicional feira de neg\u00f3cios que re\u00fane catadores de materiais recicl\u00e1veis de todo o pa\u00eds, empres\u00e1rios, gestores p\u00fablicos, ambientalistas e ativistas sociais para debater os rumos da gest\u00e3o de res\u00edduos s\u00f3lidos e da reciclagem no pa\u00eds.<\/p>\n<p>A expectativa da Associa\u00e7\u00e3o Nacional dos Catadores e Catadoras de Materiais Recicl\u00e1veis (Ancat) e do Movimento Nacional dos Catadores de Materiais Recicl\u00e1veis (MNCR), entidades organizadoras do evento, \u00e9 atrair cerca de 2 mil pessoas por dia ao Est\u00e1dio Man\u00e9 Garrincha, at\u00e9 a pr\u00f3xima sexta-feira (22), quando o evento termina.<\/p>\n<p>Com o mote \u00c9 hora de fechar a conta!, a Expocatadores acontece pela segunda vez na capital federal. \u201c\u00c9 muito significativo e abrilhanta muito esta 10\u00aa edi\u00e7\u00e3o da feira o fato dela acontecer em Bras\u00edlia, principal palco [da aprova\u00e7\u00e3o] de pol\u00edticas p\u00fablicas [no pa\u00eds]\u201d, comemora o presidente da Ancat, Roberto Rocha, em entrevista \u00e0 Ag\u00eancia Brasil.<\/p>\n<p>Segundo Rocha, o lema central do evento foi motivado pela crise que catadores de material recicl\u00e1vel de todo o pa\u00eds est\u00e3o vivenciando devido aos valores que v\u00eam recebendo pela mat\u00e9ria-prima que recolhem e revendem. \u201cEste ano, os catadores passaram por muitas dificuldades devido \u00e0 queda dos pre\u00e7os, que ca\u00edram muito. A categoria n\u00e3o est\u00e1 conseguindo fechar a conta no fim do m\u00eas, e h\u00e1 muita gente recebendo menos de um sal\u00e1rio m\u00ednimo por m\u00eas\u201d, disse Rocha.<\/p>\n<p><strong>Mobiliza\u00e7\u00e3o<\/strong><br \/>\nComo em anos anteriores, o evento deve atrair a presen\u00e7a de v\u00e1rias lideran\u00e7as pol\u00edticas. Est\u00e1 prevista a participa\u00e7\u00e3o do presidente da Rep\u00fablica, Luiz In\u00e1cio Lula da Silva, na celebra\u00e7\u00e3o do Natal, ato que encerrar\u00e1 o evento, na manh\u00e3 de sexta-feira. Ministros de Estado e representantes de \u00f3rg\u00e3os p\u00fablicos, al\u00e9m de ativistas e empres\u00e1rios tamb\u00e9m devem comparecer para participar de debates e conhecer o pavilh\u00e3o de exposi\u00e7\u00f5es, onde est\u00e3o, lado a lado, estandes de entidades como a Associa\u00e7\u00e3o Brasileira de Ind\u00fastrias Qu\u00edmicas (Abiquim), ind\u00fastrias como a Coca-Cola e ONGs como a Oceana, que, entre outras atividades, luta pela aprova\u00e7\u00e3o do Projeto de Lei 2524\/2022, que prop\u00f5e que todo pl\u00e1stico produzido no Brasil seja, obrigatoriamente, produzido com material recicl\u00e1vel, reutiliz\u00e1vel ou compost\u00e1vel.<\/p>\n<p><strong>Ministra<\/strong><br \/>\nA ministra do Meio Ambiente e Mudan\u00e7a do Clima,Marina Silva, participou de uma mesa de debates sobre a promo\u00e7\u00e3o governamental ao desenvolvimento da reciclagem popular. Al\u00e9m de destacar a import\u00e2ncia da atividade dos catadores, Marina, a exemplo de Rocha, defendeu que eles sejam devidamente remunerados pelos servi\u00e7os prestados.<\/p>\n<p>&#8220;Existe uma coisa chamada pagamento por servi\u00e7os ambientais. O que voc\u00eas [catadores] fazem \u00e9 um servi\u00e7o em benef\u00edcio da natureza, mas um benef\u00edcio tamb\u00e9m em favor de todas as pessoas. Portanto, o debate que se faz \u00e9 que, para al\u00e9m daquilo que devem ganhar pelo que recolocam nos processos de produ\u00e7\u00e3o que iria para os aterros sanit\u00e1rios ou at\u00e9 mesmo para os lix\u00f5es, deve ser feito um pagamento pela atividade, pelo trabalho, por aquilo que voc\u00eas s\u00e3o&#8221;, disse Marina, ecoando uma das v\u00e1rias reivindica\u00e7\u00f5es apresentadas pelo movimento.<\/p>\n<p>\u201cO poder p\u00fablico precisa intervir criando pol\u00edticas p\u00fablicas que nos ajudem, pois muitos catadores n\u00e3o est\u00e3o conseguindo colocar comida na mesa\u201d, disse Eduardo Ferreira de Paula, uma das lideran\u00e7as do movimento no estado de S\u00e3o Paulo, e que viajou a Bras\u00edlia com um grupo de 194 pessoas.<\/p>\n<p>\u201cNossa expectativa \u00e9 conseguirmos mudar a vida das pessoas que vivem em condi\u00e7\u00f5es de vulnerabilidade, invis\u00edveis, precarizadas\u201d, acrescentou Anemone Santos, uma das coordenadoras do F\u00f3rum das Catadoras e Catadores de Rua e em Situa\u00e7\u00e3o de Rua da Bahia. \u201cEstamos atravessando dificuldades enormes devido \u00e0 crise dos [pre\u00e7os dos] materiais. J\u00e1 h\u00e1 muitas leis nacionais [que promovem a reciclagem e protegem os catadores], mas a realidade \u00e9 que, na ponta, ou seja, nas cidades, elas n\u00e3o s\u00e3o respeitadas porque os munic\u00edpios n\u00e3o s\u00e3o fiscalizados\u201d, cobrou Alexandre Deucher, do Movimento dos Catadores e Reciclagem de Santa Catarina.<\/p>\n<p><strong>Investimentos<\/strong><br \/>\nO Minist\u00e9rio dos Direitos Humanos e da Cidadania (MDHC) anunciou, tamb\u00e9m nesta quarta-feira, o investimento de R$ 19,3 milh\u00f5es para o fortalecimento de cooperativas de catadores de materiais recicl\u00e1veis. Essa verba tamb\u00e9m ser\u00e1 usada na prote\u00e7\u00e3o da popula\u00e7\u00e3o em situa\u00e7\u00e3o de rua. Segundo a pasta, os repasses ser\u00e3o feitos por meio de tr\u00eas editais coordenados pela Secretaria Nacional de Promo\u00e7\u00e3o e Defesa dos Direitos Humanos (SNDH). A expectativa \u00e9 de que os certames sejam publicados na p\u00e1gina do MDHC ainda na primeira semana de 2024.<\/p>\n<p>O edital que diz respeito aos catadores vai selecionar entidades da sociedade civil para atuar na estrutura\u00e7\u00e3o e no fortalecimento das cooperativas de catadores de materiais recicl\u00e1veis, por meio de a\u00e7\u00f5es de sustentabilidade dos processos produtivos e gera\u00e7\u00e3o de renda. Ser\u00e3o selecionadas, nesse caso, at\u00e9 duas propostas, nas cidades de Belo Horizonte (MG) e S\u00e3o Paulo (SP). Para cada parceria, ser\u00e1 destinado o valor de R$ 650 mil.<\/p>\n<p>Para atender a popula\u00e7\u00e3o de rua, ser\u00e1 lan\u00e7ado um edital para selecionar entidades da sociedade civil para execu\u00e7\u00e3o do programa Pontos de Apoio da Rua nas cidades do Rio de Janeiro e S\u00e3o Paulo. Os pontos de apoio s\u00e3o locais com oferta de diversos servi\u00e7os como lavanderia, banheiros, bebedouros e bagageiros. Esses servi\u00e7os s\u00e3o voltados para as atividades de cuidado e higiene pessoal, que s\u00e3o essenciais \u00e0 sa\u00fade, autoestima e dignidade.<\/p>\n","protected":false},"excerpt":{"rendered":"<p>O presidente da Associa\u00e7\u00e3o Nacional dos Catadores e Catadoras de Materiais Recicl\u00e1veis (Ancat), Roberto Rocha, defendeu nesta quarta-feira (20), que al\u00e9m de continuarem revendendo o material que coletam, os catadores de material recicl\u00e1vel passem a receber um pagamento fixo, mensal, pelos servi\u00e7os sociais e ambientais que prestam \u00e0 sociedade. A proposta do movimento \u00e9 que [&hellip;]<\/p>\n","protected":false},"author":2,"featured_media":319493,"comment_status":"closed","ping_status":"closed","sticky":false,"template":"","format":"standard","meta":{"_acf_changed":false,"footnotes":""},"categories":[161],"tags":[],"class_list":["post-319492","post","type-post","status-publish","format-standard","has-post-thumbnail","hentry","category-quadradinho-em-foco"],"acf":[],"yoast_head":"<!-- This site is optimized with the Yoast SEO plugin v27.2 - https:\/\/yoast.com\/product\/yoast-seo-wordpress\/ -->\n<title>Catadores de recicl\u00e1veis brigam para ter pagamento fixo - Notibras<\/title>\n<meta name=\"robots\" content=\"index, follow, max-snippet:-1, max-image-preview:large, max-video-preview:-1\" \/>\n<link rel=\"canonical\" href=\"https:\/\/www.notibras.com\/site\/catadores-de-reciclaveis-brigam-para-ter-pagamento-fixo\/\" \/>\n<meta property=\"og:locale\" content=\"pt_BR\" \/>\n<meta property=\"og:type\" content=\"article\" \/>\n<meta property=\"og:title\" content=\"Catadores de recicl\u00e1veis brigam para ter pagamento fixo - Notibras\" \/>\n<meta property=\"og:description\" content=\"O presidente da Associa\u00e7\u00e3o Nacional dos Catadores e Catadoras de Materiais Recicl\u00e1veis (Ancat), Roberto Rocha, defendeu nesta quarta-feira (20), que al\u00e9m de continuarem revendendo o material que coletam, os catadores de material recicl\u00e1vel passem a receber um pagamento fixo, mensal, pelos servi\u00e7os sociais e ambientais que prestam \u00e0 sociedade. A proposta do movimento \u00e9 que [&hellip;]\" \/>\n<meta property=\"og:url\" content=\"https:\/\/www.notibras.com\/site\/catadores-de-reciclaveis-brigam-para-ter-pagamento-fixo\/\" \/>\n<meta property=\"og:site_name\" content=\"Notibras\" \/>\n<meta property=\"article:publisher\" content=\"https:\/\/www.facebook.com\/notibras\/\" \/>\n<meta property=\"article:published_time\" content=\"2023-12-21T03:03:51+00:00\" \/>\n<meta property=\"article:modified_time\" content=\"2023-12-21T11:21:58+00:00\" \/>\n<meta property=\"og:image\" content=\"https:\/\/www.notibras.com\/site\/wp-content\/uploads\/2023\/12\/catalixo.webp\" \/>\n\t<meta property=\"og:image:width\" content=\"1170\" \/>\n\t<meta property=\"og:image:height\" content=\"700\" \/>\n\t<meta property=\"og:image:type\" content=\"image\/webp\" \/>\n<meta name=\"author\" content=\"Reda\u00e7\u00e3o\" \/>\n<meta name=\"twitter:card\" content=\"summary_large_image\" \/>\n<meta name=\"twitter:creator\" content=\"@Notibras\" \/>\n<meta name=\"twitter:site\" content=\"@Notibras\" \/>\n<meta name=\"twitter:label1\" content=\"Escrito por\" \/>\n\t<meta name=\"twitter:data1\" content=\"Reda\u00e7\u00e3o\" \/>\n\t<meta name=\"twitter:label2\" content=\"Est. tempo de leitura\" \/>\n\t<meta name=\"twitter:data2\" content=\"6 minutos\" \/>\n<script type=\"application\/ld+json\" class=\"yoast-schema-graph\">{\"@context\":\"https:\/\/schema.org\",\"@graph\":[{\"@type\":\"Article\",\"@id\":\"https:\/\/www.notibras.com\/site\/catadores-de-reciclaveis-brigam-para-ter-pagamento-fixo\/#article\",\"isPartOf\":{\"@id\":\"https:\/\/www.notibras.com\/site\/catadores-de-reciclaveis-brigam-para-ter-pagamento-fixo\/\"},\"author\":{\"name\":\"Reda\u00e7\u00e3o\",\"@id\":\"https:\/\/www.notibras.com\/site\/#\/schema\/person\/36ab0979449956132d3e5b517ea76ac8\"},\"headline\":\"Catadores de recicl\u00e1veis brigam para ter pagamento fixo\",\"datePublished\":\"2023-12-21T03:03:51+00:00\",\"dateModified\":\"2023-12-21T11:21:58+00:00\",\"mainEntityOfPage\":{\"@id\":\"https:\/\/www.notibras.com\/site\/catadores-de-reciclaveis-brigam-para-ter-pagamento-fixo\/\"},\"wordCount\":1161,\"publisher\":{\"@id\":\"https:\/\/www.notibras.com\/site\/#organization\"},\"image\":{\"@id\":\"https:\/\/www.notibras.com\/site\/catadores-de-reciclaveis-brigam-para-ter-pagamento-fixo\/#primaryimage\"},\"thumbnailUrl\":\"https:\/\/www.notibras.com\/site\/wp-content\/uploads\/2023\/12\/catalixo.webp\",\"articleSection\":[\"Quadradinho em Foco\"],\"inLanguage\":\"pt-BR\"},{\"@type\":\"WebPage\",\"@id\":\"https:\/\/www.notibras.com\/site\/catadores-de-reciclaveis-brigam-para-ter-pagamento-fixo\/\",\"url\":\"https:\/\/www.notibras.com\/site\/catadores-de-reciclaveis-brigam-para-ter-pagamento-fixo\/\",\"name\":\"Catadores de recicl\u00e1veis brigam para ter pagamento fixo - Notibras\",\"isPartOf\":{\"@id\":\"https:\/\/www.notibras.com\/site\/#website\"},\"primaryImageOfPage\":{\"@id\":\"https:\/\/www.notibras.com\/site\/catadores-de-reciclaveis-brigam-para-ter-pagamento-fixo\/#primaryimage\"},\"image\":{\"@id\":\"https:\/\/www.notibras.com\/site\/catadores-de-reciclaveis-brigam-para-ter-pagamento-fixo\/#primaryimage\"},\"thumbnailUrl\":\"https:\/\/www.notibras.com\/site\/wp-content\/uploads\/2023\/12\/catalixo.webp\",\"datePublished\":\"2023-12-21T03:03:51+00:00\",\"dateModified\":\"2023-12-21T11:21:58+00:00\",\"breadcrumb\":{\"@id\":\"https:\/\/www.notibras.com\/site\/catadores-de-reciclaveis-brigam-para-ter-pagamento-fixo\/#breadcrumb\"},\"inLanguage\":\"pt-BR\",\"potentialAction\":[{\"@type\":\"ReadAction\",\"target\":[\"https:\/\/www.notibras.com\/site\/catadores-de-reciclaveis-brigam-para-ter-pagamento-fixo\/\"]}]},{\"@type\":\"ImageObject\",\"inLanguage\":\"pt-BR\",\"@id\":\"https:\/\/www.notibras.com\/site\/catadores-de-reciclaveis-brigam-para-ter-pagamento-fixo\/#primaryimage\",\"url\":\"https:\/\/www.notibras.com\/site\/wp-content\/uploads\/2023\/12\/catalixo.webp\",\"contentUrl\":\"https:\/\/www.notibras.com\/site\/wp-content\/uploads\/2023\/12\/catalixo.webp\",\"width\":1170,\"height\":700},{\"@type\":\"BreadcrumbList\",\"@id\":\"https:\/\/www.notibras.com\/site\/catadores-de-reciclaveis-brigam-para-ter-pagamento-fixo\/#breadcrumb\",\"itemListElement\":[{\"@type\":\"ListItem\",\"position\":1,\"name\":\"In\u00edcio\",\"item\":\"https:\/\/www.notibras.com\/site\/\"},{\"@type\":\"ListItem\",\"position\":2,\"name\":\"Catadores de recicl\u00e1veis brigam para ter pagamento fixo\"}]},{\"@type\":\"WebSite\",\"@id\":\"https:\/\/www.notibras.com\/site\/#website\",\"url\":\"https:\/\/www.notibras.com\/site\/\",\"name\":\"Notibras\",\"description\":\"Not\u00edcias de Bras\u00edlia, do Brasil e do Mundo\",\"publisher\":{\"@id\":\"https:\/\/www.notibras.com\/site\/#organization\"},\"potentialAction\":[{\"@type\":\"SearchAction\",\"target\":{\"@type\":\"EntryPoint\",\"urlTemplate\":\"https:\/\/www.notibras.com\/site\/?s={search_term_string}\"},\"query-input\":{\"@type\":\"PropertyValueSpecification\",\"valueRequired\":true,\"valueName\":\"search_term_string\"}}],\"inLanguage\":\"pt-BR\"},{\"@type\":\"Organization\",\"@id\":\"https:\/\/www.notibras.com\/site\/#organization\",\"name\":\"Grupo Notibras de Comunica\u00e7\u00e3o\",\"url\":\"https:\/\/www.notibras.com\/site\/\",\"logo\":{\"@type\":\"ImageObject\",\"inLanguage\":\"pt-BR\",\"@id\":\"https:\/\/www.notibras.com\/site\/#\/schema\/logo\/image\/\",\"url\":\"https:\/\/www.notibras.com\/site\/wp-content\/uploads\/2023\/01\/notibras23.png\",\"contentUrl\":\"https:\/\/www.notibras.com\/site\/wp-content\/uploads\/2023\/01\/notibras23.png\",\"width\":350,\"height\":87,\"caption\":\"Grupo Notibras de Comunica\u00e7\u00e3o\"},\"image\":{\"@id\":\"https:\/\/www.notibras.com\/site\/#\/schema\/logo\/image\/\"},\"sameAs\":[\"https:\/\/www.facebook.com\/notibras\/\",\"https:\/\/x.com\/Notibras\",\"https:\/\/www.instagram.com\/notibras\/\"]},{\"@type\":\"Person\",\"@id\":\"https:\/\/www.notibras.com\/site\/#\/schema\/person\/36ab0979449956132d3e5b517ea76ac8\",\"name\":\"Reda\u00e7\u00e3o\",\"image\":{\"@type\":\"ImageObject\",\"inLanguage\":\"pt-BR\",\"@id\":\"https:\/\/secure.gravatar.com\/avatar\/e0a867bdedb85fd243eadf09663511f96fc81e0720a4a42581f334ad4303aa6b?s=96&d=mm&r=g\",\"url\":\"https:\/\/secure.gravatar.com\/avatar\/e0a867bdedb85fd243eadf09663511f96fc81e0720a4a42581f334ad4303aa6b?s=96&d=mm&r=g\",\"contentUrl\":\"https:\/\/secure.gravatar.com\/avatar\/e0a867bdedb85fd243eadf09663511f96fc81e0720a4a42581f334ad4303aa6b?s=96&d=mm&r=g\",\"caption\":\"Reda\u00e7\u00e3o\"}}]}<\/script>\n<!-- \/ Yoast SEO plugin. -->","yoast_head_json":{"title":"Catadores de recicl\u00e1veis brigam para ter pagamento fixo - Notibras","robots":{"index":"index","follow":"follow","max-snippet":"max-snippet:-1","max-image-preview":"max-image-preview:large","max-video-preview":"max-video-preview:-1"},"canonical":"https:\/\/www.notibras.com\/site\/catadores-de-reciclaveis-brigam-para-ter-pagamento-fixo\/","og_locale":"pt_BR","og_type":"article","og_title":"Catadores de recicl\u00e1veis brigam para ter pagamento fixo - Notibras","og_description":"O presidente da Associa\u00e7\u00e3o Nacional dos Catadores e Catadoras de Materiais Recicl\u00e1veis (Ancat), Roberto Rocha, defendeu nesta quarta-feira (20), que al\u00e9m de continuarem revendendo o material que coletam, os catadores de material recicl\u00e1vel passem a receber um pagamento fixo, mensal, pelos servi\u00e7os sociais e ambientais que prestam \u00e0 sociedade. A proposta do movimento \u00e9 que [&hellip;]","og_url":"https:\/\/www.notibras.com\/site\/catadores-de-reciclaveis-brigam-para-ter-pagamento-fixo\/","og_site_name":"Notibras","article_publisher":"https:\/\/www.facebook.com\/notibras\/","article_published_time":"2023-12-21T03:03:51+00:00","article_modified_time":"2023-12-21T11:21:58+00:00","og_image":[{"width":1170,"height":700,"url":"https:\/\/www.notibras.com\/site\/wp-content\/uploads\/2023\/12\/catalixo.webp","type":"image\/webp"}],"author":"Reda\u00e7\u00e3o","twitter_card":"summary_large_image","twitter_creator":"@Notibras","twitter_site":"@Notibras","twitter_misc":{"Escrito por":"Reda\u00e7\u00e3o","Est. tempo de leitura":"6 minutos"},"schema":{"@context":"https:\/\/schema.org","@graph":[{"@type":"Article","@id":"https:\/\/www.notibras.com\/site\/catadores-de-reciclaveis-brigam-para-ter-pagamento-fixo\/#article","isPartOf":{"@id":"https:\/\/www.notibras.com\/site\/catadores-de-reciclaveis-brigam-para-ter-pagamento-fixo\/"},"author":{"name":"Reda\u00e7\u00e3o","@id":"https:\/\/www.notibras.com\/site\/#\/schema\/person\/36ab0979449956132d3e5b517ea76ac8"},"headline":"Catadores de recicl\u00e1veis brigam para ter pagamento fixo","datePublished":"2023-12-21T03:03:51+00:00","dateModified":"2023-12-21T11:21:58+00:00","mainEntityOfPage":{"@id":"https:\/\/www.notibras.com\/site\/catadores-de-reciclaveis-brigam-para-ter-pagamento-fixo\/"},"wordCount":1161,"publisher":{"@id":"https:\/\/www.notibras.com\/site\/#organization"},"image":{"@id":"https:\/\/www.notibras.com\/site\/catadores-de-reciclaveis-brigam-para-ter-pagamento-fixo\/#primaryimage"},"thumbnailUrl":"https:\/\/www.notibras.com\/site\/wp-content\/uploads\/2023\/12\/catalixo.webp","articleSection":["Quadradinho em Foco"],"inLanguage":"pt-BR"},{"@type":"WebPage","@id":"https:\/\/www.notibras.com\/site\/catadores-de-reciclaveis-brigam-para-ter-pagamento-fixo\/","url":"https:\/\/www.notibras.com\/site\/catadores-de-reciclaveis-brigam-para-ter-pagamento-fixo\/","name":"Catadores de recicl\u00e1veis brigam para ter pagamento fixo - Notibras","isPartOf":{"@id":"https:\/\/www.notibras.com\/site\/#website"},"primaryImageOfPage":{"@id":"https:\/\/www.notibras.com\/site\/catadores-de-reciclaveis-brigam-para-ter-pagamento-fixo\/#primaryimage"},"image":{"@id":"https:\/\/www.notibras.com\/site\/catadores-de-reciclaveis-brigam-para-ter-pagamento-fixo\/#primaryimage"},"thumbnailUrl":"https:\/\/www.notibras.com\/site\/wp-content\/uploads\/2023\/12\/catalixo.webp","datePublished":"2023-12-21T03:03:51+00:00","dateModified":"2023-12-21T11:21:58+00:00","breadcrumb":{"@id":"https:\/\/www.notibras.com\/site\/catadores-de-reciclaveis-brigam-para-ter-pagamento-fixo\/#breadcrumb"},"inLanguage":"pt-BR","potentialAction":[{"@type":"ReadAction","target":["https:\/\/www.notibras.com\/site\/catadores-de-reciclaveis-brigam-para-ter-pagamento-fixo\/"]}]},{"@type":"ImageObject","inLanguage":"pt-BR","@id":"https:\/\/www.notibras.com\/site\/catadores-de-reciclaveis-brigam-para-ter-pagamento-fixo\/#primaryimage","url":"https:\/\/www.notibras.com\/site\/wp-content\/uploads\/2023\/12\/catalixo.webp","contentUrl":"https:\/\/www.notibras.com\/site\/wp-content\/uploads\/2023\/12\/catalixo.webp","width":1170,"height":700},{"@type":"BreadcrumbList","@id":"https:\/\/www.notibras.com\/site\/catadores-de-reciclaveis-brigam-para-ter-pagamento-fixo\/#breadcrumb","itemListElement":[{"@type":"ListItem","position":1,"name":"In\u00edcio","item":"https:\/\/www.notibras.com\/site\/"},{"@type":"ListItem","position":2,"name":"Catadores de recicl\u00e1veis brigam para ter pagamento fixo"}]},{"@type":"WebSite","@id":"https:\/\/www.notibras.com\/site\/#website","url":"https:\/\/www.notibras.com\/site\/","name":"Notibras","description":"Not\u00edcias de Bras\u00edlia, do Brasil e do Mundo","publisher":{"@id":"https:\/\/www.notibras.com\/site\/#organization"},"potentialAction":[{"@type":"SearchAction","target":{"@type":"EntryPoint","urlTemplate":"https:\/\/www.notibras.com\/site\/?s={search_term_string}"},"query-input":{"@type":"PropertyValueSpecification","valueRequired":true,"valueName":"search_term_string"}}],"inLanguage":"pt-BR"},{"@type":"Organization","@id":"https:\/\/www.notibras.com\/site\/#organization","name":"Grupo Notibras de Comunica\u00e7\u00e3o","url":"https:\/\/www.notibras.com\/site\/","logo":{"@type":"ImageObject","inLanguage":"pt-BR","@id":"https:\/\/www.notibras.com\/site\/#\/schema\/logo\/image\/","url":"https:\/\/www.notibras.com\/site\/wp-content\/uploads\/2023\/01\/notibras23.png","contentUrl":"https:\/\/www.notibras.com\/site\/wp-content\/uploads\/2023\/01\/notibras23.png","width":350,"height":87,"caption":"Grupo Notibras de Comunica\u00e7\u00e3o"},"image":{"@id":"https:\/\/www.notibras.com\/site\/#\/schema\/logo\/image\/"},"sameAs":["https:\/\/www.facebook.com\/notibras\/","https:\/\/x.com\/Notibras","https:\/\/www.instagram.com\/notibras\/"]},{"@type":"Person","@id":"https:\/\/www.notibras.com\/site\/#\/schema\/person\/36ab0979449956132d3e5b517ea76ac8","name":"Reda\u00e7\u00e3o","image":{"@type":"ImageObject","inLanguage":"pt-BR","@id":"https:\/\/secure.gravatar.com\/avatar\/e0a867bdedb85fd243eadf09663511f96fc81e0720a4a42581f334ad4303aa6b?s=96&d=mm&r=g","url":"https:\/\/secure.gravatar.com\/avatar\/e0a867bdedb85fd243eadf09663511f96fc81e0720a4a42581f334ad4303aa6b?s=96&d=mm&r=g","contentUrl":"https:\/\/secure.gravatar.com\/avatar\/e0a867bdedb85fd243eadf09663511f96fc81e0720a4a42581f334ad4303aa6b?s=96&d=mm&r=g","caption":"Reda\u00e7\u00e3o"}}]}},"amp_enabled":true,"_links":{"self":[{"href":"https:\/\/www.notibras.com\/site\/wp-json\/wp\/v2\/posts\/319492","targetHints":{"allow":["GET"]}}],"collection":[{"href":"https:\/\/www.notibras.com\/site\/wp-json\/wp\/v2\/posts"}],"about":[{"href":"https:\/\/www.notibras.com\/site\/wp-json\/wp\/v2\/types\/post"}],"author":[{"embeddable":true,"href":"https:\/\/www.notibras.com\/site\/wp-json\/wp\/v2\/users\/2"}],"replies":[{"embeddable":true,"href":"https:\/\/www.notibras.com\/site\/wp-json\/wp\/v2\/comments?post=319492"}],"version-history":[{"count":1,"href":"https:\/\/www.notibras.com\/site\/wp-json\/wp\/v2\/posts\/319492\/revisions"}],"predecessor-version":[{"id":319494,"href":"https:\/\/www.notibras.com\/site\/wp-json\/wp\/v2\/posts\/319492\/revisions\/319494"}],"wp:featuredmedia":[{"embeddable":true,"href":"https:\/\/www.notibras.com\/site\/wp-json\/wp\/v2\/media\/319493"}],"wp:attachment":[{"href":"https:\/\/www.notibras.com\/site\/wp-json\/wp\/v2\/media?parent=319492"}],"wp:term":[{"taxonomy":"category","embeddable":true,"href":"https:\/\/www.notibras.com\/site\/wp-json\/wp\/v2\/categories?post=319492"},{"taxonomy":"post_tag","embeddable":true,"href":"https:\/\/www.notibras.com\/site\/wp-json\/wp\/v2\/tags?post=319492"}],"curies":[{"name":"wp","href":"https:\/\/api.w.org\/{rel}","templated":true}]}}