{"id":319495,"date":"2023-12-21T00:02:22","date_gmt":"2023-12-21T03:02:22","guid":{"rendered":"https:\/\/www.notibras.com\/site\/?p=319495"},"modified":"2023-12-21T08:28:49","modified_gmt":"2023-12-21T11:28:49","slug":"trabalho-infantil-cresceu-durante-governo-de-bolsonaro","status":"publish","type":"post","link":"https:\/\/www.notibras.com\/site\/trabalho-infantil-cresceu-durante-governo-de-bolsonaro\/","title":{"rendered":"Trabalho infantil cresceu durante governo de Bolsonaro"},"content":{"rendered":"<p>Depois de tr\u00eas anos seguidos de redu\u00e7\u00e3o, o trabalho infantil cresceu no Brasil entre 2019 e 2022, durante o governo de Jair Bolsonaro. No ano passado, 1,881 milh\u00e3o de pessoas de 5 a 17 anos estavam em situa\u00e7\u00e3o de trabalho infantil. O dado faz parte da Pesquisa Nacional por Amostra de Domic\u00edlios (Pnad) Cont\u00ednua sobre o Trabalho de Crian\u00e7as e Adolescentes, divulgada nesta quarta-feira (20), no Rio de Janeiro, pelo Instituto Brasileiro de Geografia e Estat\u00edstica (IBGE).<\/p>\n<p>O levantamento \u00e9 feito desde 2016, quando o IBGE identificou 2,112 milh\u00f5es de pessoas nessa situa\u00e7\u00e3o. At\u00e9 2019, o contingente caiu seguidamente para 1,758 milh\u00e3o. Por causa da pandemia, a pesquisa n\u00e3o foi divulgada nos anos de 2020 e 2021.<\/p>\n<p>Para classificar o trabalho infantil, o IBGE segue orienta\u00e7\u00f5es da Organiza\u00e7\u00e3o Internacional do Trabalho (OIT), que o conceitua como \u201caquele que \u00e9 perigoso e prejudicial para a sa\u00fade e desenvolvimento mental, f\u00edsico, social ou moral das crian\u00e7as e que interfere na sua escolariza\u00e7\u00e3o\u201d. Acrescentam-se \u00e0 classifica\u00e7\u00e3o atividades informais e com jornadas excessivas.<\/p>\n<p>Do universo de crian\u00e7as e adolescentes no trabalho infantil, 467 mil (24%) realizavam apenas atividades de autoconsumo, como cultivo, ca\u00e7a, pesca, fabrica\u00e7\u00e3o de roupas e constru\u00e7\u00e3o de casa, entre outros exemplos.<\/p>\n<p><strong>O que diz a lei<\/strong><br \/>\nO IBGE estima que, no pa\u00eds, 2,1 milh\u00f5es de pessoas entre 5 e 17 anos exerciam atividades econ\u00f4micas ou para autoconsumo em 2022. A diferen\u00e7a desse n\u00famero para o universo de jovens classificados como em situa\u00e7\u00e3o de trabalho infantil (1,881 milh\u00e3o) se d\u00e1 porque nem todas as atividades nessa faixa et\u00e1ria s\u00e3o consideradas trabalho infantil.<\/p>\n<p>A legisla\u00e7\u00e3o brasileira imp\u00f5e delimita\u00e7\u00f5es. At\u00e9 os 13 anos, \u00e9 proibida qualquer forma de trabalho. De 14 a 15 anos, trabalho \u00e9 permitido apenas na forma de aprendiz. Aos 16 e 17 anos, h\u00e1 restri\u00e7\u00f5es ao trabalho noturno, insalubre e perigoso.<\/p>\n<p><strong>Crescimento<\/strong><br \/>\nO aumento do trabalho infantil no pa\u00eds se revelou n\u00e3o s\u00f3 em termos absolutos \u2013 ou seja, quantidade de pessoas. Houve um crescimento quando se analisa a propor\u00e7\u00e3o de crian\u00e7as e adolescentes exercendo essas atividades.<\/p>\n<p>Entre 2019 e 2022, a popula\u00e7\u00e3o com 5 a 17 anos diminuiu 1,4%, no entanto, o contingente desse grupo et\u00e1rio em situa\u00e7\u00e3o de trabalho infantil aumentou 7%.<\/p>\n<p>Em 2019, o percentual de pessoas de 5 a 17 anos que exerciam alguma forma de trabalho infantil era 4,5%. J\u00e1 em 2022 subiu para 4,9%. Isso representa praticamente um em cada 20 jovens dessa faixa et\u00e1ria.<\/p>\n<p><strong>Faixas et\u00e1rias<\/strong><br \/>\nOs pesquisadores do IBGE identificaram que a exist\u00eancia do trabalho infantil aumenta \u00e0 medida que a idade avan\u00e7a. No grupo de pessoas de 5 a 13 anos, essa incid\u00eancia \u00e9 de 1,7%. J\u00e1 no grupo de 14 e 15 anos, salta para 7,3%. Entre os jovens de 16 e 17 anos, a propor\u00e7\u00e3o mais que dobrava para 16,3%.<\/p>\n<p>Mais da metade de todos os trabalhadores infantis (52,5%) tinha 16 e 17 anos de idade; enquanto 23,9% tinham de 5 a 13 anos, e 23,6% tinham 14 e 15 anos.<\/p>\n<p>Ao se analisar como as faixas et\u00e1rias se comportaram no per\u00edodo em que o trabalho infantil cresceu no Brasil, ou seja, de 2019 a 2022, percebe-se que o grupo de 16 e 17 anos foi o que experimentou maior aumento. Em 2019, a incid\u00eancia era de 14,9%, enquanto em 2022 subiu para 16,3%.<\/p>\n<p><strong>Sexo e cor<\/strong><br \/>\nA pesquisa explicita que homens e negros s\u00e3o sobrerrepresentados nas estat\u00edsticas de trabalho infantil. Em 2022, enquanto no total da popula\u00e7\u00e3o de 5 a 17 anos os homens eram 51%, entre as crian\u00e7as e adolescentes em situa\u00e7\u00e3o de trabalho infantil a propor\u00e7\u00e3o salta para 65%.<\/p>\n<p>No quesito cor, os negros \u2013 classifica\u00e7\u00e3o que soma pretos e pardos &#8211; eram 58,8% da popula\u00e7\u00e3o de 5 a 17 anos em 2022. J\u00e1 no grupo de pessoas em situa\u00e7\u00e3o de trabalho infantil, os negros representavam 66,3%.<\/p>\n<p>Por outro lado, os brancos eram 40,3% da popula\u00e7\u00e3o de 5 a 17 anos, mas 33% entre os envolvidos com trabalho infantil.<\/p>\n<p><strong>Informalidade<\/strong><br \/>\nO IBGE verificou o grau de informalidade no trabalho infantil desempenhado por pessoas de 16 e 17 anos. Foram estimadas 810 mil adolescentes sem carteira assinada, o que significava uma taxa de informalidade de 76,6% &#8211; a maior da s\u00e9rie hist\u00f3rica iniciada em 2016. O menor n\u00edvel de informalidade havia sido em 2018, com 73,6%.<\/p>\n<p>O estudo revela ainda que, no universo de crian\u00e7as e adolescentes envolvidos com o trabalho infantil, a maioria (59,1%) era empregada e mais de um quarto (26,8%) tinha atividade ligada \u00e0 fam\u00edlia. Al\u00e9m disso, 14,1% trabalhavam por conta pr\u00f3pria ou como empregadores.<\/p>\n<p><strong>Piores formas de trabalho infantil<\/strong><br \/>\nA pesquisa do IBGE investigou, tamb\u00e9m, o n\u00famero de jovens submetidos a ocupa\u00e7\u00f5es que fazem parte da Lista das Piores Formas de Trabalho Infantil (Lista TIP), uma rela\u00e7\u00e3o regulamentada pelo Decreto 6.481 da Presid\u00eancia da Rep\u00fablica, de acordo com a Conven\u00e7\u00e3o 182 da Organiza\u00e7\u00e3o Internacional do Trabalho &#8211; OIT.<\/p>\n<p>A Lista TIP re\u00fane atividades desempenhadas em locais como serralherias, ind\u00fastria extrativa, esgoto, matadouros e manguezais, entre outros. S\u00e3o ocupa\u00e7\u00f5es relacionadas a intenso esfor\u00e7o f\u00edsico, calor, insalubridade e outras caracter\u00edsticas que podem causar fraturas, mutila\u00e7\u00f5es, envenenamento e outros danos aos menores de idade.<\/p>\n<p>Em 2022, eram 756 mil crian\u00e7as e adolescentes em atividades da Lista TIP, o que representava 46,2% do total de pessoas de 5 a 17 anos que realizavam atividades econ\u00f4micas (1,6 milh\u00e3o). Esse percentual vem apresentando queda desde 2016, quando era de 51,3%.<\/p>\n<p><strong>Rendimento<\/strong><br \/>\nEm 2022, o rendimento m\u00e9dio mensal das pessoas de 5 a 17 anos que realizavam atividades econ\u00f4micas em situa\u00e7\u00e3o de trabalho infantil foi estimado em R$ 716.<\/p>\n<p>O rendimento crescia conforme a idade, partindo de R$ 246, no grupo de 5 a 13 anos, e alcan\u00e7ando R$ 799 entre as pessoas de 16 e 17 anos.<\/p>\n<p>Em rela\u00e7\u00e3o \u00e0 cor, o valor m\u00e9dio da popula\u00e7\u00e3o negra era de R$ 660, aumentando para R$ 817 para a de cor branca.<\/p>\n<p>Um comparativo que deixa claro o quanto o dinheiro do trabalho infantil afasta o jovem da educa\u00e7\u00e3o \u00e9 que o trabalhador infantil que ainda ia para a escola tinha renda m\u00e9dia de R$ 671. J\u00e1 o que n\u00e3o frequentava mais salas de aula tinha rendimento de R$ 931.<\/p>\n<p>Entre os adolescentes com 16 a 17 anos, 32,4% trabalhavam 40 horas ou mais por semana.<\/p>\n<p><strong>Educa\u00e7\u00e3o<\/strong><br \/>\nNo quesito educa\u00e7\u00e3o, o percentual de 97,1% da popula\u00e7\u00e3o de 5 a 17 anos de idade era formado por estudantes em 2022, enquanto entre os trabalhadores infantis a estimativa baixava para 87,9%. No universo de 5 a 13 anos, havia uma universaliza\u00e7\u00e3o, isto \u00e9, praticamente todos (98%) frequentam a escola.<\/p>\n<p>No grupo 14 e 15 anos, a propor\u00e7\u00e3o de estudantes na popula\u00e7\u00e3o total (98,5%) era levemente superior que a do grupo de mesma idade em situa\u00e7\u00e3o de trabalho infantil (96%).<\/p>\n<p>J\u00e1 entre as pessoas de 16 e 17 anos, havia maior diferen\u00e7a. Enquanto 89,4% da popula\u00e7\u00e3o dessa faixa et\u00e1ria frequentavam escola, o \u00edndice regredia para 79,5% entre os trabalhadores infantis.<\/p>\n<p><strong>Programas sociais<\/strong><br \/>\nO IBGE aponta, ainda, que, em 2022, havia 582 mil pessoas de 5 a 17 anos (35,6%) que realizavam atividade econ\u00f4mica e moravam em domic\u00edlios que possu\u00edam renda proveniente de benef\u00edcios sociais do governo.<\/p>\n","protected":false},"excerpt":{"rendered":"<p>Depois de tr\u00eas anos seguidos de redu\u00e7\u00e3o, o trabalho infantil cresceu no Brasil entre 2019 e 2022, durante o governo de Jair Bolsonaro. No ano passado, 1,881 milh\u00e3o de pessoas de 5 a 17 anos estavam em situa\u00e7\u00e3o de trabalho infantil. O dado faz parte da Pesquisa Nacional por Amostra de Domic\u00edlios (Pnad) Cont\u00ednua sobre [&hellip;]<\/p>\n","protected":false},"author":2,"featured_media":319496,"comment_status":"closed","ping_status":"closed","sticky":false,"template":"","format":"standard","meta":{"_acf_changed":false,"footnotes":""},"categories":[161],"tags":[],"class_list":["post-319495","post","type-post","status-publish","format-standard","has-post-thumbnail","hentry","category-quadradinho-em-foco"],"acf":[],"yoast_head":"<!-- This site is optimized with the Yoast SEO plugin v27.2 - https:\/\/yoast.com\/product\/yoast-seo-wordpress\/ -->\n<title>Trabalho infantil cresceu durante governo de Bolsonaro - Notibras<\/title>\n<meta name=\"robots\" content=\"index, follow, max-snippet:-1, max-image-preview:large, max-video-preview:-1\" \/>\n<link rel=\"canonical\" href=\"https:\/\/www.notibras.com\/site\/trabalho-infantil-cresceu-durante-governo-de-bolsonaro\/\" \/>\n<meta property=\"og:locale\" content=\"pt_BR\" \/>\n<meta property=\"og:type\" content=\"article\" \/>\n<meta property=\"og:title\" content=\"Trabalho infantil cresceu durante governo de Bolsonaro - Notibras\" \/>\n<meta property=\"og:description\" content=\"Depois de tr\u00eas anos seguidos de redu\u00e7\u00e3o, o trabalho infantil cresceu no Brasil entre 2019 e 2022, durante o governo de Jair Bolsonaro. No ano passado, 1,881 milh\u00e3o de pessoas de 5 a 17 anos estavam em situa\u00e7\u00e3o de trabalho infantil. O dado faz parte da Pesquisa Nacional por Amostra de Domic\u00edlios (Pnad) Cont\u00ednua sobre [&hellip;]\" \/>\n<meta property=\"og:url\" content=\"https:\/\/www.notibras.com\/site\/trabalho-infantil-cresceu-durante-governo-de-bolsonaro\/\" \/>\n<meta property=\"og:site_name\" content=\"Notibras\" \/>\n<meta property=\"article:publisher\" content=\"https:\/\/www.facebook.com\/notibras\/\" \/>\n<meta property=\"article:published_time\" content=\"2023-12-21T03:02:22+00:00\" \/>\n<meta property=\"article:modified_time\" content=\"2023-12-21T11:28:49+00:00\" \/>\n<meta property=\"og:image\" content=\"https:\/\/www.notibras.com\/site\/wp-content\/uploads\/2023\/12\/trainvirus.webp\" \/>\n\t<meta property=\"og:image:width\" content=\"1170\" \/>\n\t<meta property=\"og:image:height\" content=\"700\" \/>\n\t<meta property=\"og:image:type\" content=\"image\/webp\" \/>\n<meta name=\"author\" content=\"Reda\u00e7\u00e3o\" \/>\n<meta name=\"twitter:card\" content=\"summary_large_image\" \/>\n<meta name=\"twitter:creator\" content=\"@Notibras\" \/>\n<meta name=\"twitter:site\" content=\"@Notibras\" \/>\n<meta name=\"twitter:label1\" content=\"Escrito por\" \/>\n\t<meta name=\"twitter:data1\" content=\"Reda\u00e7\u00e3o\" \/>\n\t<meta name=\"twitter:label2\" content=\"Est. tempo de leitura\" \/>\n\t<meta name=\"twitter:data2\" content=\"7 minutos\" \/>\n<script type=\"application\/ld+json\" class=\"yoast-schema-graph\">{\"@context\":\"https:\/\/schema.org\",\"@graph\":[{\"@type\":\"Article\",\"@id\":\"https:\/\/www.notibras.com\/site\/trabalho-infantil-cresceu-durante-governo-de-bolsonaro\/#article\",\"isPartOf\":{\"@id\":\"https:\/\/www.notibras.com\/site\/trabalho-infantil-cresceu-durante-governo-de-bolsonaro\/\"},\"author\":{\"name\":\"Reda\u00e7\u00e3o\",\"@id\":\"https:\/\/www.notibras.com\/site\/#\/schema\/person\/36ab0979449956132d3e5b517ea76ac8\"},\"headline\":\"Trabalho infantil cresceu durante governo de Bolsonaro\",\"datePublished\":\"2023-12-21T03:02:22+00:00\",\"dateModified\":\"2023-12-21T11:28:49+00:00\",\"mainEntityOfPage\":{\"@id\":\"https:\/\/www.notibras.com\/site\/trabalho-infantil-cresceu-durante-governo-de-bolsonaro\/\"},\"wordCount\":1152,\"publisher\":{\"@id\":\"https:\/\/www.notibras.com\/site\/#organization\"},\"image\":{\"@id\":\"https:\/\/www.notibras.com\/site\/trabalho-infantil-cresceu-durante-governo-de-bolsonaro\/#primaryimage\"},\"thumbnailUrl\":\"https:\/\/www.notibras.com\/site\/wp-content\/uploads\/2023\/12\/trainvirus.webp\",\"articleSection\":[\"Quadradinho em Foco\"],\"inLanguage\":\"pt-BR\"},{\"@type\":\"WebPage\",\"@id\":\"https:\/\/www.notibras.com\/site\/trabalho-infantil-cresceu-durante-governo-de-bolsonaro\/\",\"url\":\"https:\/\/www.notibras.com\/site\/trabalho-infantil-cresceu-durante-governo-de-bolsonaro\/\",\"name\":\"Trabalho infantil cresceu durante governo de Bolsonaro - Notibras\",\"isPartOf\":{\"@id\":\"https:\/\/www.notibras.com\/site\/#website\"},\"primaryImageOfPage\":{\"@id\":\"https:\/\/www.notibras.com\/site\/trabalho-infantil-cresceu-durante-governo-de-bolsonaro\/#primaryimage\"},\"image\":{\"@id\":\"https:\/\/www.notibras.com\/site\/trabalho-infantil-cresceu-durante-governo-de-bolsonaro\/#primaryimage\"},\"thumbnailUrl\":\"https:\/\/www.notibras.com\/site\/wp-content\/uploads\/2023\/12\/trainvirus.webp\",\"datePublished\":\"2023-12-21T03:02:22+00:00\",\"dateModified\":\"2023-12-21T11:28:49+00:00\",\"breadcrumb\":{\"@id\":\"https:\/\/www.notibras.com\/site\/trabalho-infantil-cresceu-durante-governo-de-bolsonaro\/#breadcrumb\"},\"inLanguage\":\"pt-BR\",\"potentialAction\":[{\"@type\":\"ReadAction\",\"target\":[\"https:\/\/www.notibras.com\/site\/trabalho-infantil-cresceu-durante-governo-de-bolsonaro\/\"]}]},{\"@type\":\"ImageObject\",\"inLanguage\":\"pt-BR\",\"@id\":\"https:\/\/www.notibras.com\/site\/trabalho-infantil-cresceu-durante-governo-de-bolsonaro\/#primaryimage\",\"url\":\"https:\/\/www.notibras.com\/site\/wp-content\/uploads\/2023\/12\/trainvirus.webp\",\"contentUrl\":\"https:\/\/www.notibras.com\/site\/wp-content\/uploads\/2023\/12\/trainvirus.webp\",\"width\":1170,\"height\":700},{\"@type\":\"BreadcrumbList\",\"@id\":\"https:\/\/www.notibras.com\/site\/trabalho-infantil-cresceu-durante-governo-de-bolsonaro\/#breadcrumb\",\"itemListElement\":[{\"@type\":\"ListItem\",\"position\":1,\"name\":\"In\u00edcio\",\"item\":\"https:\/\/www.notibras.com\/site\/\"},{\"@type\":\"ListItem\",\"position\":2,\"name\":\"Trabalho infantil cresceu durante governo de Bolsonaro\"}]},{\"@type\":\"WebSite\",\"@id\":\"https:\/\/www.notibras.com\/site\/#website\",\"url\":\"https:\/\/www.notibras.com\/site\/\",\"name\":\"Notibras\",\"description\":\"Not\u00edcias de Bras\u00edlia, do Brasil e do Mundo\",\"publisher\":{\"@id\":\"https:\/\/www.notibras.com\/site\/#organization\"},\"potentialAction\":[{\"@type\":\"SearchAction\",\"target\":{\"@type\":\"EntryPoint\",\"urlTemplate\":\"https:\/\/www.notibras.com\/site\/?s={search_term_string}\"},\"query-input\":{\"@type\":\"PropertyValueSpecification\",\"valueRequired\":true,\"valueName\":\"search_term_string\"}}],\"inLanguage\":\"pt-BR\"},{\"@type\":\"Organization\",\"@id\":\"https:\/\/www.notibras.com\/site\/#organization\",\"name\":\"Grupo Notibras de Comunica\u00e7\u00e3o\",\"url\":\"https:\/\/www.notibras.com\/site\/\",\"logo\":{\"@type\":\"ImageObject\",\"inLanguage\":\"pt-BR\",\"@id\":\"https:\/\/www.notibras.com\/site\/#\/schema\/logo\/image\/\",\"url\":\"https:\/\/www.notibras.com\/site\/wp-content\/uploads\/2023\/01\/notibras23.png\",\"contentUrl\":\"https:\/\/www.notibras.com\/site\/wp-content\/uploads\/2023\/01\/notibras23.png\",\"width\":350,\"height\":87,\"caption\":\"Grupo Notibras de Comunica\u00e7\u00e3o\"},\"image\":{\"@id\":\"https:\/\/www.notibras.com\/site\/#\/schema\/logo\/image\/\"},\"sameAs\":[\"https:\/\/www.facebook.com\/notibras\/\",\"https:\/\/x.com\/Notibras\",\"https:\/\/www.instagram.com\/notibras\/\"]},{\"@type\":\"Person\",\"@id\":\"https:\/\/www.notibras.com\/site\/#\/schema\/person\/36ab0979449956132d3e5b517ea76ac8\",\"name\":\"Reda\u00e7\u00e3o\",\"image\":{\"@type\":\"ImageObject\",\"inLanguage\":\"pt-BR\",\"@id\":\"https:\/\/secure.gravatar.com\/avatar\/e0a867bdedb85fd243eadf09663511f96fc81e0720a4a42581f334ad4303aa6b?s=96&d=mm&r=g\",\"url\":\"https:\/\/secure.gravatar.com\/avatar\/e0a867bdedb85fd243eadf09663511f96fc81e0720a4a42581f334ad4303aa6b?s=96&d=mm&r=g\",\"contentUrl\":\"https:\/\/secure.gravatar.com\/avatar\/e0a867bdedb85fd243eadf09663511f96fc81e0720a4a42581f334ad4303aa6b?s=96&d=mm&r=g\",\"caption\":\"Reda\u00e7\u00e3o\"}}]}<\/script>\n<!-- \/ Yoast SEO plugin. -->","yoast_head_json":{"title":"Trabalho infantil cresceu durante governo de Bolsonaro - Notibras","robots":{"index":"index","follow":"follow","max-snippet":"max-snippet:-1","max-image-preview":"max-image-preview:large","max-video-preview":"max-video-preview:-1"},"canonical":"https:\/\/www.notibras.com\/site\/trabalho-infantil-cresceu-durante-governo-de-bolsonaro\/","og_locale":"pt_BR","og_type":"article","og_title":"Trabalho infantil cresceu durante governo de Bolsonaro - Notibras","og_description":"Depois de tr\u00eas anos seguidos de redu\u00e7\u00e3o, o trabalho infantil cresceu no Brasil entre 2019 e 2022, durante o governo de Jair Bolsonaro. No ano passado, 1,881 milh\u00e3o de pessoas de 5 a 17 anos estavam em situa\u00e7\u00e3o de trabalho infantil. O dado faz parte da Pesquisa Nacional por Amostra de Domic\u00edlios (Pnad) Cont\u00ednua sobre [&hellip;]","og_url":"https:\/\/www.notibras.com\/site\/trabalho-infantil-cresceu-durante-governo-de-bolsonaro\/","og_site_name":"Notibras","article_publisher":"https:\/\/www.facebook.com\/notibras\/","article_published_time":"2023-12-21T03:02:22+00:00","article_modified_time":"2023-12-21T11:28:49+00:00","og_image":[{"width":1170,"height":700,"url":"https:\/\/www.notibras.com\/site\/wp-content\/uploads\/2023\/12\/trainvirus.webp","type":"image\/webp"}],"author":"Reda\u00e7\u00e3o","twitter_card":"summary_large_image","twitter_creator":"@Notibras","twitter_site":"@Notibras","twitter_misc":{"Escrito por":"Reda\u00e7\u00e3o","Est. tempo de leitura":"7 minutos"},"schema":{"@context":"https:\/\/schema.org","@graph":[{"@type":"Article","@id":"https:\/\/www.notibras.com\/site\/trabalho-infantil-cresceu-durante-governo-de-bolsonaro\/#article","isPartOf":{"@id":"https:\/\/www.notibras.com\/site\/trabalho-infantil-cresceu-durante-governo-de-bolsonaro\/"},"author":{"name":"Reda\u00e7\u00e3o","@id":"https:\/\/www.notibras.com\/site\/#\/schema\/person\/36ab0979449956132d3e5b517ea76ac8"},"headline":"Trabalho infantil cresceu durante governo de Bolsonaro","datePublished":"2023-12-21T03:02:22+00:00","dateModified":"2023-12-21T11:28:49+00:00","mainEntityOfPage":{"@id":"https:\/\/www.notibras.com\/site\/trabalho-infantil-cresceu-durante-governo-de-bolsonaro\/"},"wordCount":1152,"publisher":{"@id":"https:\/\/www.notibras.com\/site\/#organization"},"image":{"@id":"https:\/\/www.notibras.com\/site\/trabalho-infantil-cresceu-durante-governo-de-bolsonaro\/#primaryimage"},"thumbnailUrl":"https:\/\/www.notibras.com\/site\/wp-content\/uploads\/2023\/12\/trainvirus.webp","articleSection":["Quadradinho em Foco"],"inLanguage":"pt-BR"},{"@type":"WebPage","@id":"https:\/\/www.notibras.com\/site\/trabalho-infantil-cresceu-durante-governo-de-bolsonaro\/","url":"https:\/\/www.notibras.com\/site\/trabalho-infantil-cresceu-durante-governo-de-bolsonaro\/","name":"Trabalho infantil cresceu durante governo de Bolsonaro - Notibras","isPartOf":{"@id":"https:\/\/www.notibras.com\/site\/#website"},"primaryImageOfPage":{"@id":"https:\/\/www.notibras.com\/site\/trabalho-infantil-cresceu-durante-governo-de-bolsonaro\/#primaryimage"},"image":{"@id":"https:\/\/www.notibras.com\/site\/trabalho-infantil-cresceu-durante-governo-de-bolsonaro\/#primaryimage"},"thumbnailUrl":"https:\/\/www.notibras.com\/site\/wp-content\/uploads\/2023\/12\/trainvirus.webp","datePublished":"2023-12-21T03:02:22+00:00","dateModified":"2023-12-21T11:28:49+00:00","breadcrumb":{"@id":"https:\/\/www.notibras.com\/site\/trabalho-infantil-cresceu-durante-governo-de-bolsonaro\/#breadcrumb"},"inLanguage":"pt-BR","potentialAction":[{"@type":"ReadAction","target":["https:\/\/www.notibras.com\/site\/trabalho-infantil-cresceu-durante-governo-de-bolsonaro\/"]}]},{"@type":"ImageObject","inLanguage":"pt-BR","@id":"https:\/\/www.notibras.com\/site\/trabalho-infantil-cresceu-durante-governo-de-bolsonaro\/#primaryimage","url":"https:\/\/www.notibras.com\/site\/wp-content\/uploads\/2023\/12\/trainvirus.webp","contentUrl":"https:\/\/www.notibras.com\/site\/wp-content\/uploads\/2023\/12\/trainvirus.webp","width":1170,"height":700},{"@type":"BreadcrumbList","@id":"https:\/\/www.notibras.com\/site\/trabalho-infantil-cresceu-durante-governo-de-bolsonaro\/#breadcrumb","itemListElement":[{"@type":"ListItem","position":1,"name":"In\u00edcio","item":"https:\/\/www.notibras.com\/site\/"},{"@type":"ListItem","position":2,"name":"Trabalho infantil cresceu durante governo de Bolsonaro"}]},{"@type":"WebSite","@id":"https:\/\/www.notibras.com\/site\/#website","url":"https:\/\/www.notibras.com\/site\/","name":"Notibras","description":"Not\u00edcias de Bras\u00edlia, do Brasil e do Mundo","publisher":{"@id":"https:\/\/www.notibras.com\/site\/#organization"},"potentialAction":[{"@type":"SearchAction","target":{"@type":"EntryPoint","urlTemplate":"https:\/\/www.notibras.com\/site\/?s={search_term_string}"},"query-input":{"@type":"PropertyValueSpecification","valueRequired":true,"valueName":"search_term_string"}}],"inLanguage":"pt-BR"},{"@type":"Organization","@id":"https:\/\/www.notibras.com\/site\/#organization","name":"Grupo Notibras de Comunica\u00e7\u00e3o","url":"https:\/\/www.notibras.com\/site\/","logo":{"@type":"ImageObject","inLanguage":"pt-BR","@id":"https:\/\/www.notibras.com\/site\/#\/schema\/logo\/image\/","url":"https:\/\/www.notibras.com\/site\/wp-content\/uploads\/2023\/01\/notibras23.png","contentUrl":"https:\/\/www.notibras.com\/site\/wp-content\/uploads\/2023\/01\/notibras23.png","width":350,"height":87,"caption":"Grupo Notibras de Comunica\u00e7\u00e3o"},"image":{"@id":"https:\/\/www.notibras.com\/site\/#\/schema\/logo\/image\/"},"sameAs":["https:\/\/www.facebook.com\/notibras\/","https:\/\/x.com\/Notibras","https:\/\/www.instagram.com\/notibras\/"]},{"@type":"Person","@id":"https:\/\/www.notibras.com\/site\/#\/schema\/person\/36ab0979449956132d3e5b517ea76ac8","name":"Reda\u00e7\u00e3o","image":{"@type":"ImageObject","inLanguage":"pt-BR","@id":"https:\/\/secure.gravatar.com\/avatar\/e0a867bdedb85fd243eadf09663511f96fc81e0720a4a42581f334ad4303aa6b?s=96&d=mm&r=g","url":"https:\/\/secure.gravatar.com\/avatar\/e0a867bdedb85fd243eadf09663511f96fc81e0720a4a42581f334ad4303aa6b?s=96&d=mm&r=g","contentUrl":"https:\/\/secure.gravatar.com\/avatar\/e0a867bdedb85fd243eadf09663511f96fc81e0720a4a42581f334ad4303aa6b?s=96&d=mm&r=g","caption":"Reda\u00e7\u00e3o"}}]}},"amp_enabled":true,"_links":{"self":[{"href":"https:\/\/www.notibras.com\/site\/wp-json\/wp\/v2\/posts\/319495","targetHints":{"allow":["GET"]}}],"collection":[{"href":"https:\/\/www.notibras.com\/site\/wp-json\/wp\/v2\/posts"}],"about":[{"href":"https:\/\/www.notibras.com\/site\/wp-json\/wp\/v2\/types\/post"}],"author":[{"embeddable":true,"href":"https:\/\/www.notibras.com\/site\/wp-json\/wp\/v2\/users\/2"}],"replies":[{"embeddable":true,"href":"https:\/\/www.notibras.com\/site\/wp-json\/wp\/v2\/comments?post=319495"}],"version-history":[{"count":1,"href":"https:\/\/www.notibras.com\/site\/wp-json\/wp\/v2\/posts\/319495\/revisions"}],"predecessor-version":[{"id":319497,"href":"https:\/\/www.notibras.com\/site\/wp-json\/wp\/v2\/posts\/319495\/revisions\/319497"}],"wp:featuredmedia":[{"embeddable":true,"href":"https:\/\/www.notibras.com\/site\/wp-json\/wp\/v2\/media\/319496"}],"wp:attachment":[{"href":"https:\/\/www.notibras.com\/site\/wp-json\/wp\/v2\/media?parent=319495"}],"wp:term":[{"taxonomy":"category","embeddable":true,"href":"https:\/\/www.notibras.com\/site\/wp-json\/wp\/v2\/categories?post=319495"},{"taxonomy":"post_tag","embeddable":true,"href":"https:\/\/www.notibras.com\/site\/wp-json\/wp\/v2\/tags?post=319495"}],"curies":[{"name":"wp","href":"https:\/\/api.w.org\/{rel}","templated":true}]}}