{"id":319500,"date":"2023-12-21T08:51:20","date_gmt":"2023-12-21T11:51:20","guid":{"rendered":"https:\/\/www.notibras.com\/site\/?p=319500"},"modified":"2023-12-21T08:52:16","modified_gmt":"2023-12-21T11:52:16","slug":"dona-irene-fala-e-cartao-azul-fica-guardado","status":"publish","type":"post","link":"https:\/\/www.notibras.com\/site\/dona-irene-fala-e-cartao-azul-fica-guardado\/","title":{"rendered":"Dona Irene fala e cart\u00e3o azul fica guardado"},"content":{"rendered":"<p>&#8211; Edu, aguenta firme a\u00ed, pois estou ralando demais por aqui. Demais!<\/p>\n<p>&#8211; Pode deixar, Chefe! Essa vida de editor n\u00e3o \u00e9 mesmo f\u00e1cil. N\u00e3o queria estar na sua pele.<\/p>\n<p>&#8211; Acredite, \u00e9 uma miss\u00e3o que me foi dada. Preciso cumprir a minha sina. A cruz \u00e9 pesada, mas Deus me deu for\u00e7as para carreg\u00e1-la.<\/p>\n<p>Pois bem, foi exatamente esse o interl\u00fadio que tive h\u00e1 pouco com o Jos\u00e9 Seabra, que, entre um gole e outro naquela cachacinha com caldo de camar\u00e3o, me pediu mais uma cr\u00f4nica urgentemente para cobrir um buraco de <strong>Notibras<\/strong>.<\/p>\n<p>Seja como for, a minha ingenuidade costumeira me levou a acreditar que o Seabra estava atolado de servi\u00e7o. Que nada! No m\u00e1ximo, com os p\u00e9s fincados nas areias da apraz\u00edvel praia de Itapuama, localizada no munic\u00edpio de Cabo de Santo Agostinho, em Pernambuco, no litoral norte brasileiro.<\/p>\n<p>Pensei em fazer uma reclama\u00e7\u00e3o formal, mas desisti depois que a minha amada, a Dona Irene, me mandou essa: &#8220;Dudu, cuidado, que o santo \u00e9 de barro!&#8221;<\/p>\n<p>Por conta desse s\u00e1bio conselho, resolvi n\u00e3o prolongar minha costumeira rabugice. Afinal, o rel\u00f3gio na parede da cozinha j\u00e1 apontava que eu precisava correr ou, sen\u00e3o, poderia receber aquele famoso bilhete azul, que, talvez para os mais novos, n\u00e3o fa\u00e7a o menor sentido. Pois bem, para esses e os desmemoriados, trata-se da famigerada carta de demiss\u00e3o.<\/p>\n<p>Peguei uma almofada bem macia e a coloquei sobre a cadeira. Liguei o computador e as palavras pareciam n\u00e3o querer se juntar. Frases, ent\u00e3o, nem pensar. Meu pensamento estava totalmente voltado para a praia. Gente, como gosto de praia! Como fico inebriado pela maresia, por aquela infinidade de ondas, que chegam sem cerim\u00f4nia e lambem meus p\u00e9s, como a me instigarem para um mergulho. N\u00e3o resisto e tchibum!<\/p>\n<p>Quase meia-noite e sem qualquer perspectiva, desisto e caminho para o quarto. Talvez a minha mulher ainda esteja acordada. Que nada! Dorme o sono das m\u00e3es de primeira viagem. Deito-me ao seu lado tentando n\u00e3o despert\u00e1-la, quando percebo que acabou de chegar uma mensagem no celular.<\/p>\n<p>\u00c9 o Seabra: &#8220;Edu, um homem longe do mar \u00e9 um ser incompleto&#8221;.<\/p>\n","protected":false},"excerpt":{"rendered":"<p>&#8211; Edu, aguenta firme a\u00ed, pois estou ralando demais por aqui. Demais! &#8211; Pode deixar, Chefe! Essa vida de editor n\u00e3o \u00e9 mesmo f\u00e1cil. N\u00e3o queria estar na sua pele. &#8211; Acredite, \u00e9 uma miss\u00e3o que me foi dada. Preciso cumprir a minha sina. A cruz \u00e9 pesada, mas Deus me deu for\u00e7as para carreg\u00e1-la. [&hellip;]<\/p>\n","protected":false},"author":2,"featured_media":319501,"comment_status":"closed","ping_status":"closed","sticky":false,"template":"","format":"standard","meta":{"_acf_changed":false,"footnotes":""},"categories":[161],"tags":[],"class_list":["post-319500","post","type-post","status-publish","format-standard","has-post-thumbnail","hentry","category-quadradinho-em-foco"],"acf":[],"yoast_head":"<!-- This site is optimized with the Yoast SEO plugin v27.2 - https:\/\/yoast.com\/product\/yoast-seo-wordpress\/ -->\n<title>Dona Irene fala e cart\u00e3o azul fica guardado - Notibras<\/title>\n<meta name=\"robots\" content=\"index, follow, max-snippet:-1, max-image-preview:large, max-video-preview:-1\" \/>\n<link rel=\"canonical\" href=\"https:\/\/www.notibras.com\/site\/dona-irene-fala-e-cartao-azul-fica-guardado\/\" \/>\n<meta property=\"og:locale\" content=\"pt_BR\" \/>\n<meta property=\"og:type\" content=\"article\" \/>\n<meta property=\"og:title\" content=\"Dona Irene fala e cart\u00e3o azul fica guardado - Notibras\" \/>\n<meta property=\"og:description\" content=\"&#8211; Edu, aguenta firme a\u00ed, pois estou ralando demais por aqui. Demais! &#8211; Pode deixar, Chefe! Essa vida de editor n\u00e3o \u00e9 mesmo f\u00e1cil. N\u00e3o queria estar na sua pele. &#8211; Acredite, \u00e9 uma miss\u00e3o que me foi dada. Preciso cumprir a minha sina. A cruz \u00e9 pesada, mas Deus me deu for\u00e7as para carreg\u00e1-la. [&hellip;]\" \/>\n<meta property=\"og:url\" content=\"https:\/\/www.notibras.com\/site\/dona-irene-fala-e-cartao-azul-fica-guardado\/\" \/>\n<meta property=\"og:site_name\" content=\"Notibras\" \/>\n<meta property=\"article:publisher\" content=\"https:\/\/www.facebook.com\/notibras\/\" \/>\n<meta property=\"article:published_time\" content=\"2023-12-21T11:51:20+00:00\" \/>\n<meta property=\"article:modified_time\" content=\"2023-12-21T11:52:16+00:00\" \/>\n<meta property=\"og:image\" content=\"https:\/\/www.notibras.com\/site\/wp-content\/uploads\/2023\/12\/eupraia.du_.jpg\" \/>\n\t<meta property=\"og:image:width\" content=\"1280\" \/>\n\t<meta property=\"og:image:height\" content=\"960\" \/>\n\t<meta property=\"og:image:type\" content=\"image\/jpeg\" \/>\n<meta name=\"author\" content=\"Reda\u00e7\u00e3o\" \/>\n<meta name=\"twitter:card\" content=\"summary_large_image\" \/>\n<meta name=\"twitter:creator\" content=\"@Notibras\" \/>\n<meta name=\"twitter:site\" content=\"@Notibras\" \/>\n<meta name=\"twitter:label1\" content=\"Escrito por\" \/>\n\t<meta name=\"twitter:data1\" content=\"Reda\u00e7\u00e3o\" \/>\n\t<meta name=\"twitter:label2\" content=\"Est. tempo de leitura\" \/>\n\t<meta name=\"twitter:data2\" content=\"2 minutos\" \/>\n<script type=\"application\/ld+json\" class=\"yoast-schema-graph\">{\"@context\":\"https:\/\/schema.org\",\"@graph\":[{\"@type\":\"Article\",\"@id\":\"https:\/\/www.notibras.com\/site\/dona-irene-fala-e-cartao-azul-fica-guardado\/#article\",\"isPartOf\":{\"@id\":\"https:\/\/www.notibras.com\/site\/dona-irene-fala-e-cartao-azul-fica-guardado\/\"},\"author\":{\"name\":\"Reda\u00e7\u00e3o\",\"@id\":\"https:\/\/www.notibras.com\/site\/#\/schema\/person\/36ab0979449956132d3e5b517ea76ac8\"},\"headline\":\"Dona Irene fala e cart\u00e3o azul fica guardado\",\"datePublished\":\"2023-12-21T11:51:20+00:00\",\"dateModified\":\"2023-12-21T11:52:16+00:00\",\"mainEntityOfPage\":{\"@id\":\"https:\/\/www.notibras.com\/site\/dona-irene-fala-e-cartao-azul-fica-guardado\/\"},\"wordCount\":384,\"publisher\":{\"@id\":\"https:\/\/www.notibras.com\/site\/#organization\"},\"image\":{\"@id\":\"https:\/\/www.notibras.com\/site\/dona-irene-fala-e-cartao-azul-fica-guardado\/#primaryimage\"},\"thumbnailUrl\":\"https:\/\/www.notibras.com\/site\/wp-content\/uploads\/2023\/12\/eupraia.du_.jpg\",\"articleSection\":[\"Quadradinho em Foco\"],\"inLanguage\":\"pt-BR\"},{\"@type\":\"WebPage\",\"@id\":\"https:\/\/www.notibras.com\/site\/dona-irene-fala-e-cartao-azul-fica-guardado\/\",\"url\":\"https:\/\/www.notibras.com\/site\/dona-irene-fala-e-cartao-azul-fica-guardado\/\",\"name\":\"Dona Irene fala e cart\u00e3o azul fica guardado - Notibras\",\"isPartOf\":{\"@id\":\"https:\/\/www.notibras.com\/site\/#website\"},\"primaryImageOfPage\":{\"@id\":\"https:\/\/www.notibras.com\/site\/dona-irene-fala-e-cartao-azul-fica-guardado\/#primaryimage\"},\"image\":{\"@id\":\"https:\/\/www.notibras.com\/site\/dona-irene-fala-e-cartao-azul-fica-guardado\/#primaryimage\"},\"thumbnailUrl\":\"https:\/\/www.notibras.com\/site\/wp-content\/uploads\/2023\/12\/eupraia.du_.jpg\",\"datePublished\":\"2023-12-21T11:51:20+00:00\",\"dateModified\":\"2023-12-21T11:52:16+00:00\",\"breadcrumb\":{\"@id\":\"https:\/\/www.notibras.com\/site\/dona-irene-fala-e-cartao-azul-fica-guardado\/#breadcrumb\"},\"inLanguage\":\"pt-BR\",\"potentialAction\":[{\"@type\":\"ReadAction\",\"target\":[\"https:\/\/www.notibras.com\/site\/dona-irene-fala-e-cartao-azul-fica-guardado\/\"]}]},{\"@type\":\"ImageObject\",\"inLanguage\":\"pt-BR\",\"@id\":\"https:\/\/www.notibras.com\/site\/dona-irene-fala-e-cartao-azul-fica-guardado\/#primaryimage\",\"url\":\"https:\/\/www.notibras.com\/site\/wp-content\/uploads\/2023\/12\/eupraia.du_.jpg\",\"contentUrl\":\"https:\/\/www.notibras.com\/site\/wp-content\/uploads\/2023\/12\/eupraia.du_.jpg\",\"width\":1280,\"height\":960},{\"@type\":\"BreadcrumbList\",\"@id\":\"https:\/\/www.notibras.com\/site\/dona-irene-fala-e-cartao-azul-fica-guardado\/#breadcrumb\",\"itemListElement\":[{\"@type\":\"ListItem\",\"position\":1,\"name\":\"In\u00edcio\",\"item\":\"https:\/\/www.notibras.com\/site\/\"},{\"@type\":\"ListItem\",\"position\":2,\"name\":\"Dona Irene fala e cart\u00e3o azul fica guardado\"}]},{\"@type\":\"WebSite\",\"@id\":\"https:\/\/www.notibras.com\/site\/#website\",\"url\":\"https:\/\/www.notibras.com\/site\/\",\"name\":\"Notibras\",\"description\":\"Not\u00edcias de Bras\u00edlia, do Brasil e do Mundo\",\"publisher\":{\"@id\":\"https:\/\/www.notibras.com\/site\/#organization\"},\"potentialAction\":[{\"@type\":\"SearchAction\",\"target\":{\"@type\":\"EntryPoint\",\"urlTemplate\":\"https:\/\/www.notibras.com\/site\/?s={search_term_string}\"},\"query-input\":{\"@type\":\"PropertyValueSpecification\",\"valueRequired\":true,\"valueName\":\"search_term_string\"}}],\"inLanguage\":\"pt-BR\"},{\"@type\":\"Organization\",\"@id\":\"https:\/\/www.notibras.com\/site\/#organization\",\"name\":\"Grupo Notibras de Comunica\u00e7\u00e3o\",\"url\":\"https:\/\/www.notibras.com\/site\/\",\"logo\":{\"@type\":\"ImageObject\",\"inLanguage\":\"pt-BR\",\"@id\":\"https:\/\/www.notibras.com\/site\/#\/schema\/logo\/image\/\",\"url\":\"https:\/\/www.notibras.com\/site\/wp-content\/uploads\/2023\/01\/notibras23.png\",\"contentUrl\":\"https:\/\/www.notibras.com\/site\/wp-content\/uploads\/2023\/01\/notibras23.png\",\"width\":350,\"height\":87,\"caption\":\"Grupo Notibras de Comunica\u00e7\u00e3o\"},\"image\":{\"@id\":\"https:\/\/www.notibras.com\/site\/#\/schema\/logo\/image\/\"},\"sameAs\":[\"https:\/\/www.facebook.com\/notibras\/\",\"https:\/\/x.com\/Notibras\",\"https:\/\/www.instagram.com\/notibras\/\"]},{\"@type\":\"Person\",\"@id\":\"https:\/\/www.notibras.com\/site\/#\/schema\/person\/36ab0979449956132d3e5b517ea76ac8\",\"name\":\"Reda\u00e7\u00e3o\",\"image\":{\"@type\":\"ImageObject\",\"inLanguage\":\"pt-BR\",\"@id\":\"https:\/\/secure.gravatar.com\/avatar\/e0a867bdedb85fd243eadf09663511f96fc81e0720a4a42581f334ad4303aa6b?s=96&d=mm&r=g\",\"url\":\"https:\/\/secure.gravatar.com\/avatar\/e0a867bdedb85fd243eadf09663511f96fc81e0720a4a42581f334ad4303aa6b?s=96&d=mm&r=g\",\"contentUrl\":\"https:\/\/secure.gravatar.com\/avatar\/e0a867bdedb85fd243eadf09663511f96fc81e0720a4a42581f334ad4303aa6b?s=96&d=mm&r=g\",\"caption\":\"Reda\u00e7\u00e3o\"}}]}<\/script>\n<!-- \/ Yoast SEO plugin. -->","yoast_head_json":{"title":"Dona Irene fala e cart\u00e3o azul fica guardado - Notibras","robots":{"index":"index","follow":"follow","max-snippet":"max-snippet:-1","max-image-preview":"max-image-preview:large","max-video-preview":"max-video-preview:-1"},"canonical":"https:\/\/www.notibras.com\/site\/dona-irene-fala-e-cartao-azul-fica-guardado\/","og_locale":"pt_BR","og_type":"article","og_title":"Dona Irene fala e cart\u00e3o azul fica guardado - Notibras","og_description":"&#8211; Edu, aguenta firme a\u00ed, pois estou ralando demais por aqui. Demais! &#8211; Pode deixar, Chefe! Essa vida de editor n\u00e3o \u00e9 mesmo f\u00e1cil. N\u00e3o queria estar na sua pele. &#8211; Acredite, \u00e9 uma miss\u00e3o que me foi dada. Preciso cumprir a minha sina. A cruz \u00e9 pesada, mas Deus me deu for\u00e7as para carreg\u00e1-la. [&hellip;]","og_url":"https:\/\/www.notibras.com\/site\/dona-irene-fala-e-cartao-azul-fica-guardado\/","og_site_name":"Notibras","article_publisher":"https:\/\/www.facebook.com\/notibras\/","article_published_time":"2023-12-21T11:51:20+00:00","article_modified_time":"2023-12-21T11:52:16+00:00","og_image":[{"width":1280,"height":960,"url":"https:\/\/www.notibras.com\/site\/wp-content\/uploads\/2023\/12\/eupraia.du_.jpg","type":"image\/jpeg"}],"author":"Reda\u00e7\u00e3o","twitter_card":"summary_large_image","twitter_creator":"@Notibras","twitter_site":"@Notibras","twitter_misc":{"Escrito por":"Reda\u00e7\u00e3o","Est. tempo de leitura":"2 minutos"},"schema":{"@context":"https:\/\/schema.org","@graph":[{"@type":"Article","@id":"https:\/\/www.notibras.com\/site\/dona-irene-fala-e-cartao-azul-fica-guardado\/#article","isPartOf":{"@id":"https:\/\/www.notibras.com\/site\/dona-irene-fala-e-cartao-azul-fica-guardado\/"},"author":{"name":"Reda\u00e7\u00e3o","@id":"https:\/\/www.notibras.com\/site\/#\/schema\/person\/36ab0979449956132d3e5b517ea76ac8"},"headline":"Dona Irene fala e cart\u00e3o azul fica guardado","datePublished":"2023-12-21T11:51:20+00:00","dateModified":"2023-12-21T11:52:16+00:00","mainEntityOfPage":{"@id":"https:\/\/www.notibras.com\/site\/dona-irene-fala-e-cartao-azul-fica-guardado\/"},"wordCount":384,"publisher":{"@id":"https:\/\/www.notibras.com\/site\/#organization"},"image":{"@id":"https:\/\/www.notibras.com\/site\/dona-irene-fala-e-cartao-azul-fica-guardado\/#primaryimage"},"thumbnailUrl":"https:\/\/www.notibras.com\/site\/wp-content\/uploads\/2023\/12\/eupraia.du_.jpg","articleSection":["Quadradinho em Foco"],"inLanguage":"pt-BR"},{"@type":"WebPage","@id":"https:\/\/www.notibras.com\/site\/dona-irene-fala-e-cartao-azul-fica-guardado\/","url":"https:\/\/www.notibras.com\/site\/dona-irene-fala-e-cartao-azul-fica-guardado\/","name":"Dona Irene fala e cart\u00e3o azul fica guardado - Notibras","isPartOf":{"@id":"https:\/\/www.notibras.com\/site\/#website"},"primaryImageOfPage":{"@id":"https:\/\/www.notibras.com\/site\/dona-irene-fala-e-cartao-azul-fica-guardado\/#primaryimage"},"image":{"@id":"https:\/\/www.notibras.com\/site\/dona-irene-fala-e-cartao-azul-fica-guardado\/#primaryimage"},"thumbnailUrl":"https:\/\/www.notibras.com\/site\/wp-content\/uploads\/2023\/12\/eupraia.du_.jpg","datePublished":"2023-12-21T11:51:20+00:00","dateModified":"2023-12-21T11:52:16+00:00","breadcrumb":{"@id":"https:\/\/www.notibras.com\/site\/dona-irene-fala-e-cartao-azul-fica-guardado\/#breadcrumb"},"inLanguage":"pt-BR","potentialAction":[{"@type":"ReadAction","target":["https:\/\/www.notibras.com\/site\/dona-irene-fala-e-cartao-azul-fica-guardado\/"]}]},{"@type":"ImageObject","inLanguage":"pt-BR","@id":"https:\/\/www.notibras.com\/site\/dona-irene-fala-e-cartao-azul-fica-guardado\/#primaryimage","url":"https:\/\/www.notibras.com\/site\/wp-content\/uploads\/2023\/12\/eupraia.du_.jpg","contentUrl":"https:\/\/www.notibras.com\/site\/wp-content\/uploads\/2023\/12\/eupraia.du_.jpg","width":1280,"height":960},{"@type":"BreadcrumbList","@id":"https:\/\/www.notibras.com\/site\/dona-irene-fala-e-cartao-azul-fica-guardado\/#breadcrumb","itemListElement":[{"@type":"ListItem","position":1,"name":"In\u00edcio","item":"https:\/\/www.notibras.com\/site\/"},{"@type":"ListItem","position":2,"name":"Dona Irene fala e cart\u00e3o azul fica guardado"}]},{"@type":"WebSite","@id":"https:\/\/www.notibras.com\/site\/#website","url":"https:\/\/www.notibras.com\/site\/","name":"Notibras","description":"Not\u00edcias de Bras\u00edlia, do Brasil e do Mundo","publisher":{"@id":"https:\/\/www.notibras.com\/site\/#organization"},"potentialAction":[{"@type":"SearchAction","target":{"@type":"EntryPoint","urlTemplate":"https:\/\/www.notibras.com\/site\/?s={search_term_string}"},"query-input":{"@type":"PropertyValueSpecification","valueRequired":true,"valueName":"search_term_string"}}],"inLanguage":"pt-BR"},{"@type":"Organization","@id":"https:\/\/www.notibras.com\/site\/#organization","name":"Grupo Notibras de Comunica\u00e7\u00e3o","url":"https:\/\/www.notibras.com\/site\/","logo":{"@type":"ImageObject","inLanguage":"pt-BR","@id":"https:\/\/www.notibras.com\/site\/#\/schema\/logo\/image\/","url":"https:\/\/www.notibras.com\/site\/wp-content\/uploads\/2023\/01\/notibras23.png","contentUrl":"https:\/\/www.notibras.com\/site\/wp-content\/uploads\/2023\/01\/notibras23.png","width":350,"height":87,"caption":"Grupo Notibras de Comunica\u00e7\u00e3o"},"image":{"@id":"https:\/\/www.notibras.com\/site\/#\/schema\/logo\/image\/"},"sameAs":["https:\/\/www.facebook.com\/notibras\/","https:\/\/x.com\/Notibras","https:\/\/www.instagram.com\/notibras\/"]},{"@type":"Person","@id":"https:\/\/www.notibras.com\/site\/#\/schema\/person\/36ab0979449956132d3e5b517ea76ac8","name":"Reda\u00e7\u00e3o","image":{"@type":"ImageObject","inLanguage":"pt-BR","@id":"https:\/\/secure.gravatar.com\/avatar\/e0a867bdedb85fd243eadf09663511f96fc81e0720a4a42581f334ad4303aa6b?s=96&d=mm&r=g","url":"https:\/\/secure.gravatar.com\/avatar\/e0a867bdedb85fd243eadf09663511f96fc81e0720a4a42581f334ad4303aa6b?s=96&d=mm&r=g","contentUrl":"https:\/\/secure.gravatar.com\/avatar\/e0a867bdedb85fd243eadf09663511f96fc81e0720a4a42581f334ad4303aa6b?s=96&d=mm&r=g","caption":"Reda\u00e7\u00e3o"}}]}},"amp_enabled":true,"_links":{"self":[{"href":"https:\/\/www.notibras.com\/site\/wp-json\/wp\/v2\/posts\/319500","targetHints":{"allow":["GET"]}}],"collection":[{"href":"https:\/\/www.notibras.com\/site\/wp-json\/wp\/v2\/posts"}],"about":[{"href":"https:\/\/www.notibras.com\/site\/wp-json\/wp\/v2\/types\/post"}],"author":[{"embeddable":true,"href":"https:\/\/www.notibras.com\/site\/wp-json\/wp\/v2\/users\/2"}],"replies":[{"embeddable":true,"href":"https:\/\/www.notibras.com\/site\/wp-json\/wp\/v2\/comments?post=319500"}],"version-history":[{"count":1,"href":"https:\/\/www.notibras.com\/site\/wp-json\/wp\/v2\/posts\/319500\/revisions"}],"predecessor-version":[{"id":319502,"href":"https:\/\/www.notibras.com\/site\/wp-json\/wp\/v2\/posts\/319500\/revisions\/319502"}],"wp:featuredmedia":[{"embeddable":true,"href":"https:\/\/www.notibras.com\/site\/wp-json\/wp\/v2\/media\/319501"}],"wp:attachment":[{"href":"https:\/\/www.notibras.com\/site\/wp-json\/wp\/v2\/media?parent=319500"}],"wp:term":[{"taxonomy":"category","embeddable":true,"href":"https:\/\/www.notibras.com\/site\/wp-json\/wp\/v2\/categories?post=319500"},{"taxonomy":"post_tag","embeddable":true,"href":"https:\/\/www.notibras.com\/site\/wp-json\/wp\/v2\/tags?post=319500"}],"curies":[{"name":"wp","href":"https:\/\/api.w.org\/{rel}","templated":true}]}}