{"id":319503,"date":"2023-12-21T00:00:54","date_gmt":"2023-12-21T03:00:54","guid":{"rendered":"https:\/\/www.notibras.com\/site\/?p=319503"},"modified":"2023-12-21T09:08:02","modified_gmt":"2023-12-21T12:08:02","slug":"plantio-de-mirtilo-marca-o-inicio-da-rota-da-fruticultura","status":"publish","type":"post","link":"https:\/\/www.notibras.com\/site\/plantio-de-mirtilo-marca-o-inicio-da-rota-da-fruticultura\/","title":{"rendered":"Plantio de mirtilo marca o in\u00edcio da Rota da Fruticultura"},"content":{"rendered":"<p>O programa Rota da Fruticultura do DF teve in\u00edcio efetivo com o plantio simb\u00f3lico das primeiras mudas de mirtilo na Fazenda Amigos do Cerrado, do produtor rural Airton Peres, localizada na Ponte Alta do Gama. Airton Peres foi o primeiro produtor rural cadastrado no programa a iniciar o plantio de mudas de mirtilo no DF. O objetivo \u00e9 plantar cinco mil mudas da variedade Emerald, sendo que desse n\u00famero duas mil foram recebidas do projeto e tr\u00eas mil mudas adquiridas por conta pr\u00f3pria. A orienta\u00e7\u00e3o t\u00e9cnica de plantio e irriga\u00e7\u00e3o foi todo prestado pela Emater-DF.<\/p>\n<p>O evento contou com a presen\u00e7a da vice-governadora do DF, Celina Le\u00e3o, do presidente da Emater-DF, Cleison Duval, da deputada federal Bia Kicis, do secret\u00e1rio de Agricultura, Fernando Rodriguez, do coordenador da Rota da Fruticultura no DF e Ride, Luiz Curado, e do diretor da \u00c1rea de Revitaliza\u00e7\u00e3o e Sustentabilidade Socioambiental da Codevasf, Jos\u00e9 Vivaldo de Mendon\u00e7a Filho, al\u00e9m de produtores rurais e extensionistas da Emater-DF.<\/p>\n<p>De acordo com Cleison Duval, a empresa de extens\u00e3o rural \u00e9 parceira integral da Rota da Fruticultura, que est\u00e1 promovendo capacita\u00e7\u00f5es aos extensionistas da empresa e os levou a uma visita t\u00e9cnica ao Peru, maior produtor mundial de mirtilo, para conhecer o processo produtivo peruano, estabelecer contatos e aprimorar t\u00e9cnicas de produ\u00e7\u00e3o.<\/p>\n<p>\u201cN\u00f3s estamos de corpo e alma na Rota da Fruticultura porque acreditamos de fato nessa possibilidade e grande oportunidade de gerar prosperidade no campo, por meio das frutas vermelhas. O mercado do DF \u00e9 um grande consumidor de tudo o que a gente produz aqui, temos alta renda per capita e um p\u00fablico \u00e1vido por novidades. Por isso, estamos prontos para trabalhar conjuntamente com os parceiros da rota, Codevasf, Embrapa Cerrado e Seagri-DF\u201d, disse o presidente da Emater-DF.<\/p>\n<p><strong>Desenvolvimento agr\u00edcola<\/strong><br \/>\nA vice-governadora Celina Le\u00e3o ressaltou o trabalho de capacita\u00e7\u00e3o t\u00e9cnica realizado pela Emater-DF junto aos produtores rurais com investimento para aumentar a produ\u00e7\u00e3o com menos recursos, menos \u00e1gua, menos insumos. \u201cUma Rota de Fruticultura \u00e9 uma coisa que n\u00e3o chama s\u00f3 a quest\u00e3o do agro, mas tamb\u00e9m do turismo. Essa semente de forma simb\u00f3lica n\u00f3s sabemos aonde pode chegar e espero poder ver os frutos do investimento. As pessoas que veem as coisas prontas s\u00e3o as que sonham e j\u00e1 conseguem imaginar. Na safra do ano que vem estaremos aqui celebrando esse grande projeto\u201d, afirmou.<\/p>\n<p>Com orienta\u00e7\u00e3o t\u00e9cnica prestada pela Emater-DF, o produtor rural Airton Peres foi o primeiro a iniciar o cultivo de mudas de mirtilo no DF. O objetivo \u00e9 plantar cinco mil unidades da variedade Emerald<br \/>\n\u201cA primeira preocupa\u00e7\u00e3o da Rota da Fruticultura era se lan\u00e7ar em aventuras, uma vez que o mercado \u00e9 ingrato para fruta. No entanto, est\u00e1 sendo estruturado todo o processo desde a qualidade da fruta at\u00e9 como lan\u00e7ar no mercado. Hoje, para mim, a palavra sustentabilidade se apoia em cinco pilares: social, econ\u00f4mico, ambiental, tecnologia e apoio pol\u00edtico\u201d, defendeu o secret\u00e1rio Fernando Rodriguez.<\/p>\n<p>A deputada federal Bia Kicis afirmou que o produtor Airton Peres ser\u00e1 sempre lembrado pelo pioneirismo, rompendo a hist\u00f3ria, e por ter aceitado o desafio de participar da Rota da Fruticultura, que tem como parceiros institui\u00e7\u00f5es como a Embrapa, UnB, Codevasf, Emater-DF e Seagri-DF. \u201cTudo o que est\u00e1 sendo feito pelo programa vai revolucionar a agricultura do DF e da Ride.\u201d<\/p>\n<p>Para o produtor rural Airton Peres, \u00e9 muito significante ter acreditado no projeto de mirtilo da Rota da Fruticultura.<\/p>\n<p>\u201c\u00c9 importante, apesar das dificuldades, come\u00e7ar o projeto para incentivar os demais produtores, que estavam cheio de d\u00favidas. Assim, eles vendo a realidade acontecer, escutando a rota, procurando melhorar a quest\u00e3o do pagamento das mudas, hoje sinto que est\u00e3o animados. Al\u00e9m disso, a Emater-DF teve uma participa\u00e7\u00e3o fant\u00e1stica, o coordenador da Fruticultura, Felipe Camargo, e o gerente do escrit\u00f3rio local do Gama, Kleiton Aquiles, estiveram conosco no dia a dia, procurando ajudar, tirar d\u00favidas. Foram incans\u00e1veis\u201d, declarou Airton Peres.<\/p>\n<p><strong>Rota da Fruticultura<\/strong><br \/>\nA Rota da Fruticultura \u00e9 uma a\u00e7\u00e3o do Minist\u00e9rio do Desenvolvimento Regional em conjunto com \u00f3rg\u00e3os parceiros, associa\u00e7\u00f5es e entidades locais. Tem o objetivo de elaborar estrat\u00e9gias para aumentar a produ\u00e7\u00e3o e o fornecimento de frutas para mercados internos e externos, gerar emprego e renda na regi\u00e3o, promover o interc\u00e2mbio de experi\u00eancias e tecnologias, diversificar e implantar novas culturas e fomentar e motivar novos agricultores na produ\u00e7\u00e3o de frutas no DF e Entorno.<\/p>\n<p>Durante a AgroBras\u00edlia 2023, foi assinado um Acordo de Coopera\u00e7\u00e3o T\u00e9cnica com a Codevasf, formalizando a atua\u00e7\u00e3o da Emater-DF e da Seagri no trabalho que vem sendo realizado junto aos produtores rurais do DF visando aumentar a produ\u00e7\u00e3o de frutas, como a\u00e7a\u00ed e mirtilo no DF.<\/p>\n","protected":false},"excerpt":{"rendered":"<p>O programa Rota da Fruticultura do DF teve in\u00edcio efetivo com o plantio simb\u00f3lico das primeiras mudas de mirtilo na Fazenda Amigos do Cerrado, do produtor rural Airton Peres, localizada na Ponte Alta do Gama. Airton Peres foi o primeiro produtor rural cadastrado no programa a iniciar o plantio de mudas de mirtilo no DF. [&hellip;]<\/p>\n","protected":false},"author":2,"featured_media":319504,"comment_status":"closed","ping_status":"closed","sticky":false,"template":"","format":"standard","meta":{"_acf_changed":false,"footnotes":""},"categories":[161],"tags":[],"class_list":["post-319503","post","type-post","status-publish","format-standard","has-post-thumbnail","hentry","category-quadradinho-em-foco"],"acf":[],"yoast_head":"<!-- This site is optimized with the Yoast SEO plugin v27.2 - https:\/\/yoast.com\/product\/yoast-seo-wordpress\/ -->\n<title>Plantio de mirtilo marca o in\u00edcio da Rota da Fruticultura - Notibras<\/title>\n<meta name=\"robots\" content=\"index, follow, max-snippet:-1, max-image-preview:large, max-video-preview:-1\" \/>\n<link rel=\"canonical\" href=\"https:\/\/www.notibras.com\/site\/plantio-de-mirtilo-marca-o-inicio-da-rota-da-fruticultura\/\" \/>\n<meta property=\"og:locale\" content=\"pt_BR\" \/>\n<meta property=\"og:type\" content=\"article\" \/>\n<meta property=\"og:title\" content=\"Plantio de mirtilo marca o in\u00edcio da Rota da Fruticultura - Notibras\" \/>\n<meta property=\"og:description\" content=\"O programa Rota da Fruticultura do DF teve in\u00edcio efetivo com o plantio simb\u00f3lico das primeiras mudas de mirtilo na Fazenda Amigos do Cerrado, do produtor rural Airton Peres, localizada na Ponte Alta do Gama. Airton Peres foi o primeiro produtor rural cadastrado no programa a iniciar o plantio de mudas de mirtilo no DF. [&hellip;]\" \/>\n<meta property=\"og:url\" content=\"https:\/\/www.notibras.com\/site\/plantio-de-mirtilo-marca-o-inicio-da-rota-da-fruticultura\/\" \/>\n<meta property=\"og:site_name\" content=\"Notibras\" \/>\n<meta property=\"article:publisher\" content=\"https:\/\/www.facebook.com\/notibras\/\" \/>\n<meta property=\"article:published_time\" content=\"2023-12-21T03:00:54+00:00\" \/>\n<meta property=\"article:modified_time\" content=\"2023-12-21T12:08:02+00:00\" \/>\n<meta property=\"og:image\" content=\"https:\/\/www.notibras.com\/site\/wp-content\/uploads\/2023\/12\/mihoplantio.jpg\" \/>\n\t<meta property=\"og:image:width\" content=\"750\" \/>\n\t<meta property=\"og:image:height\" content=\"420\" \/>\n\t<meta property=\"og:image:type\" content=\"image\/jpeg\" \/>\n<meta name=\"author\" content=\"Reda\u00e7\u00e3o\" \/>\n<meta name=\"twitter:card\" content=\"summary_large_image\" \/>\n<meta name=\"twitter:creator\" content=\"@Notibras\" \/>\n<meta name=\"twitter:site\" content=\"@Notibras\" \/>\n<meta name=\"twitter:label1\" content=\"Escrito por\" \/>\n\t<meta name=\"twitter:data1\" content=\"Reda\u00e7\u00e3o\" \/>\n\t<meta name=\"twitter:label2\" content=\"Est. tempo de leitura\" \/>\n\t<meta name=\"twitter:data2\" content=\"5 minutos\" \/>\n<script type=\"application\/ld+json\" class=\"yoast-schema-graph\">{\"@context\":\"https:\/\/schema.org\",\"@graph\":[{\"@type\":\"Article\",\"@id\":\"https:\/\/www.notibras.com\/site\/plantio-de-mirtilo-marca-o-inicio-da-rota-da-fruticultura\/#article\",\"isPartOf\":{\"@id\":\"https:\/\/www.notibras.com\/site\/plantio-de-mirtilo-marca-o-inicio-da-rota-da-fruticultura\/\"},\"author\":{\"name\":\"Reda\u00e7\u00e3o\",\"@id\":\"https:\/\/www.notibras.com\/site\/#\/schema\/person\/36ab0979449956132d3e5b517ea76ac8\"},\"headline\":\"Plantio de mirtilo marca o in\u00edcio da Rota da Fruticultura\",\"datePublished\":\"2023-12-21T03:00:54+00:00\",\"dateModified\":\"2023-12-21T12:08:02+00:00\",\"mainEntityOfPage\":{\"@id\":\"https:\/\/www.notibras.com\/site\/plantio-de-mirtilo-marca-o-inicio-da-rota-da-fruticultura\/\"},\"wordCount\":834,\"publisher\":{\"@id\":\"https:\/\/www.notibras.com\/site\/#organization\"},\"image\":{\"@id\":\"https:\/\/www.notibras.com\/site\/plantio-de-mirtilo-marca-o-inicio-da-rota-da-fruticultura\/#primaryimage\"},\"thumbnailUrl\":\"https:\/\/www.notibras.com\/site\/wp-content\/uploads\/2023\/12\/mihoplantio.jpg\",\"articleSection\":[\"Quadradinho em Foco\"],\"inLanguage\":\"pt-BR\"},{\"@type\":\"WebPage\",\"@id\":\"https:\/\/www.notibras.com\/site\/plantio-de-mirtilo-marca-o-inicio-da-rota-da-fruticultura\/\",\"url\":\"https:\/\/www.notibras.com\/site\/plantio-de-mirtilo-marca-o-inicio-da-rota-da-fruticultura\/\",\"name\":\"Plantio de mirtilo marca o in\u00edcio da Rota da Fruticultura - Notibras\",\"isPartOf\":{\"@id\":\"https:\/\/www.notibras.com\/site\/#website\"},\"primaryImageOfPage\":{\"@id\":\"https:\/\/www.notibras.com\/site\/plantio-de-mirtilo-marca-o-inicio-da-rota-da-fruticultura\/#primaryimage\"},\"image\":{\"@id\":\"https:\/\/www.notibras.com\/site\/plantio-de-mirtilo-marca-o-inicio-da-rota-da-fruticultura\/#primaryimage\"},\"thumbnailUrl\":\"https:\/\/www.notibras.com\/site\/wp-content\/uploads\/2023\/12\/mihoplantio.jpg\",\"datePublished\":\"2023-12-21T03:00:54+00:00\",\"dateModified\":\"2023-12-21T12:08:02+00:00\",\"breadcrumb\":{\"@id\":\"https:\/\/www.notibras.com\/site\/plantio-de-mirtilo-marca-o-inicio-da-rota-da-fruticultura\/#breadcrumb\"},\"inLanguage\":\"pt-BR\",\"potentialAction\":[{\"@type\":\"ReadAction\",\"target\":[\"https:\/\/www.notibras.com\/site\/plantio-de-mirtilo-marca-o-inicio-da-rota-da-fruticultura\/\"]}]},{\"@type\":\"ImageObject\",\"inLanguage\":\"pt-BR\",\"@id\":\"https:\/\/www.notibras.com\/site\/plantio-de-mirtilo-marca-o-inicio-da-rota-da-fruticultura\/#primaryimage\",\"url\":\"https:\/\/www.notibras.com\/site\/wp-content\/uploads\/2023\/12\/mihoplantio.jpg\",\"contentUrl\":\"https:\/\/www.notibras.com\/site\/wp-content\/uploads\/2023\/12\/mihoplantio.jpg\",\"width\":750,\"height\":420},{\"@type\":\"BreadcrumbList\",\"@id\":\"https:\/\/www.notibras.com\/site\/plantio-de-mirtilo-marca-o-inicio-da-rota-da-fruticultura\/#breadcrumb\",\"itemListElement\":[{\"@type\":\"ListItem\",\"position\":1,\"name\":\"In\u00edcio\",\"item\":\"https:\/\/www.notibras.com\/site\/\"},{\"@type\":\"ListItem\",\"position\":2,\"name\":\"Plantio de mirtilo marca o in\u00edcio da Rota da Fruticultura\"}]},{\"@type\":\"WebSite\",\"@id\":\"https:\/\/www.notibras.com\/site\/#website\",\"url\":\"https:\/\/www.notibras.com\/site\/\",\"name\":\"Notibras\",\"description\":\"Not\u00edcias de Bras\u00edlia, do Brasil e do Mundo\",\"publisher\":{\"@id\":\"https:\/\/www.notibras.com\/site\/#organization\"},\"potentialAction\":[{\"@type\":\"SearchAction\",\"target\":{\"@type\":\"EntryPoint\",\"urlTemplate\":\"https:\/\/www.notibras.com\/site\/?s={search_term_string}\"},\"query-input\":{\"@type\":\"PropertyValueSpecification\",\"valueRequired\":true,\"valueName\":\"search_term_string\"}}],\"inLanguage\":\"pt-BR\"},{\"@type\":\"Organization\",\"@id\":\"https:\/\/www.notibras.com\/site\/#organization\",\"name\":\"Grupo Notibras de Comunica\u00e7\u00e3o\",\"url\":\"https:\/\/www.notibras.com\/site\/\",\"logo\":{\"@type\":\"ImageObject\",\"inLanguage\":\"pt-BR\",\"@id\":\"https:\/\/www.notibras.com\/site\/#\/schema\/logo\/image\/\",\"url\":\"https:\/\/www.notibras.com\/site\/wp-content\/uploads\/2023\/01\/notibras23.png\",\"contentUrl\":\"https:\/\/www.notibras.com\/site\/wp-content\/uploads\/2023\/01\/notibras23.png\",\"width\":350,\"height\":87,\"caption\":\"Grupo Notibras de Comunica\u00e7\u00e3o\"},\"image\":{\"@id\":\"https:\/\/www.notibras.com\/site\/#\/schema\/logo\/image\/\"},\"sameAs\":[\"https:\/\/www.facebook.com\/notibras\/\",\"https:\/\/x.com\/Notibras\",\"https:\/\/www.instagram.com\/notibras\/\"]},{\"@type\":\"Person\",\"@id\":\"https:\/\/www.notibras.com\/site\/#\/schema\/person\/36ab0979449956132d3e5b517ea76ac8\",\"name\":\"Reda\u00e7\u00e3o\",\"image\":{\"@type\":\"ImageObject\",\"inLanguage\":\"pt-BR\",\"@id\":\"https:\/\/secure.gravatar.com\/avatar\/e0a867bdedb85fd243eadf09663511f96fc81e0720a4a42581f334ad4303aa6b?s=96&d=mm&r=g\",\"url\":\"https:\/\/secure.gravatar.com\/avatar\/e0a867bdedb85fd243eadf09663511f96fc81e0720a4a42581f334ad4303aa6b?s=96&d=mm&r=g\",\"contentUrl\":\"https:\/\/secure.gravatar.com\/avatar\/e0a867bdedb85fd243eadf09663511f96fc81e0720a4a42581f334ad4303aa6b?s=96&d=mm&r=g\",\"caption\":\"Reda\u00e7\u00e3o\"}}]}<\/script>\n<!-- \/ Yoast SEO plugin. -->","yoast_head_json":{"title":"Plantio de mirtilo marca o in\u00edcio da Rota da Fruticultura - Notibras","robots":{"index":"index","follow":"follow","max-snippet":"max-snippet:-1","max-image-preview":"max-image-preview:large","max-video-preview":"max-video-preview:-1"},"canonical":"https:\/\/www.notibras.com\/site\/plantio-de-mirtilo-marca-o-inicio-da-rota-da-fruticultura\/","og_locale":"pt_BR","og_type":"article","og_title":"Plantio de mirtilo marca o in\u00edcio da Rota da Fruticultura - Notibras","og_description":"O programa Rota da Fruticultura do DF teve in\u00edcio efetivo com o plantio simb\u00f3lico das primeiras mudas de mirtilo na Fazenda Amigos do Cerrado, do produtor rural Airton Peres, localizada na Ponte Alta do Gama. Airton Peres foi o primeiro produtor rural cadastrado no programa a iniciar o plantio de mudas de mirtilo no DF. [&hellip;]","og_url":"https:\/\/www.notibras.com\/site\/plantio-de-mirtilo-marca-o-inicio-da-rota-da-fruticultura\/","og_site_name":"Notibras","article_publisher":"https:\/\/www.facebook.com\/notibras\/","article_published_time":"2023-12-21T03:00:54+00:00","article_modified_time":"2023-12-21T12:08:02+00:00","og_image":[{"width":750,"height":420,"url":"https:\/\/www.notibras.com\/site\/wp-content\/uploads\/2023\/12\/mihoplantio.jpg","type":"image\/jpeg"}],"author":"Reda\u00e7\u00e3o","twitter_card":"summary_large_image","twitter_creator":"@Notibras","twitter_site":"@Notibras","twitter_misc":{"Escrito por":"Reda\u00e7\u00e3o","Est. tempo de leitura":"5 minutos"},"schema":{"@context":"https:\/\/schema.org","@graph":[{"@type":"Article","@id":"https:\/\/www.notibras.com\/site\/plantio-de-mirtilo-marca-o-inicio-da-rota-da-fruticultura\/#article","isPartOf":{"@id":"https:\/\/www.notibras.com\/site\/plantio-de-mirtilo-marca-o-inicio-da-rota-da-fruticultura\/"},"author":{"name":"Reda\u00e7\u00e3o","@id":"https:\/\/www.notibras.com\/site\/#\/schema\/person\/36ab0979449956132d3e5b517ea76ac8"},"headline":"Plantio de mirtilo marca o in\u00edcio da Rota da Fruticultura","datePublished":"2023-12-21T03:00:54+00:00","dateModified":"2023-12-21T12:08:02+00:00","mainEntityOfPage":{"@id":"https:\/\/www.notibras.com\/site\/plantio-de-mirtilo-marca-o-inicio-da-rota-da-fruticultura\/"},"wordCount":834,"publisher":{"@id":"https:\/\/www.notibras.com\/site\/#organization"},"image":{"@id":"https:\/\/www.notibras.com\/site\/plantio-de-mirtilo-marca-o-inicio-da-rota-da-fruticultura\/#primaryimage"},"thumbnailUrl":"https:\/\/www.notibras.com\/site\/wp-content\/uploads\/2023\/12\/mihoplantio.jpg","articleSection":["Quadradinho em Foco"],"inLanguage":"pt-BR"},{"@type":"WebPage","@id":"https:\/\/www.notibras.com\/site\/plantio-de-mirtilo-marca-o-inicio-da-rota-da-fruticultura\/","url":"https:\/\/www.notibras.com\/site\/plantio-de-mirtilo-marca-o-inicio-da-rota-da-fruticultura\/","name":"Plantio de mirtilo marca o in\u00edcio da Rota da Fruticultura - Notibras","isPartOf":{"@id":"https:\/\/www.notibras.com\/site\/#website"},"primaryImageOfPage":{"@id":"https:\/\/www.notibras.com\/site\/plantio-de-mirtilo-marca-o-inicio-da-rota-da-fruticultura\/#primaryimage"},"image":{"@id":"https:\/\/www.notibras.com\/site\/plantio-de-mirtilo-marca-o-inicio-da-rota-da-fruticultura\/#primaryimage"},"thumbnailUrl":"https:\/\/www.notibras.com\/site\/wp-content\/uploads\/2023\/12\/mihoplantio.jpg","datePublished":"2023-12-21T03:00:54+00:00","dateModified":"2023-12-21T12:08:02+00:00","breadcrumb":{"@id":"https:\/\/www.notibras.com\/site\/plantio-de-mirtilo-marca-o-inicio-da-rota-da-fruticultura\/#breadcrumb"},"inLanguage":"pt-BR","potentialAction":[{"@type":"ReadAction","target":["https:\/\/www.notibras.com\/site\/plantio-de-mirtilo-marca-o-inicio-da-rota-da-fruticultura\/"]}]},{"@type":"ImageObject","inLanguage":"pt-BR","@id":"https:\/\/www.notibras.com\/site\/plantio-de-mirtilo-marca-o-inicio-da-rota-da-fruticultura\/#primaryimage","url":"https:\/\/www.notibras.com\/site\/wp-content\/uploads\/2023\/12\/mihoplantio.jpg","contentUrl":"https:\/\/www.notibras.com\/site\/wp-content\/uploads\/2023\/12\/mihoplantio.jpg","width":750,"height":420},{"@type":"BreadcrumbList","@id":"https:\/\/www.notibras.com\/site\/plantio-de-mirtilo-marca-o-inicio-da-rota-da-fruticultura\/#breadcrumb","itemListElement":[{"@type":"ListItem","position":1,"name":"In\u00edcio","item":"https:\/\/www.notibras.com\/site\/"},{"@type":"ListItem","position":2,"name":"Plantio de mirtilo marca o in\u00edcio da Rota da Fruticultura"}]},{"@type":"WebSite","@id":"https:\/\/www.notibras.com\/site\/#website","url":"https:\/\/www.notibras.com\/site\/","name":"Notibras","description":"Not\u00edcias de Bras\u00edlia, do Brasil e do Mundo","publisher":{"@id":"https:\/\/www.notibras.com\/site\/#organization"},"potentialAction":[{"@type":"SearchAction","target":{"@type":"EntryPoint","urlTemplate":"https:\/\/www.notibras.com\/site\/?s={search_term_string}"},"query-input":{"@type":"PropertyValueSpecification","valueRequired":true,"valueName":"search_term_string"}}],"inLanguage":"pt-BR"},{"@type":"Organization","@id":"https:\/\/www.notibras.com\/site\/#organization","name":"Grupo Notibras de Comunica\u00e7\u00e3o","url":"https:\/\/www.notibras.com\/site\/","logo":{"@type":"ImageObject","inLanguage":"pt-BR","@id":"https:\/\/www.notibras.com\/site\/#\/schema\/logo\/image\/","url":"https:\/\/www.notibras.com\/site\/wp-content\/uploads\/2023\/01\/notibras23.png","contentUrl":"https:\/\/www.notibras.com\/site\/wp-content\/uploads\/2023\/01\/notibras23.png","width":350,"height":87,"caption":"Grupo Notibras de Comunica\u00e7\u00e3o"},"image":{"@id":"https:\/\/www.notibras.com\/site\/#\/schema\/logo\/image\/"},"sameAs":["https:\/\/www.facebook.com\/notibras\/","https:\/\/x.com\/Notibras","https:\/\/www.instagram.com\/notibras\/"]},{"@type":"Person","@id":"https:\/\/www.notibras.com\/site\/#\/schema\/person\/36ab0979449956132d3e5b517ea76ac8","name":"Reda\u00e7\u00e3o","image":{"@type":"ImageObject","inLanguage":"pt-BR","@id":"https:\/\/secure.gravatar.com\/avatar\/e0a867bdedb85fd243eadf09663511f96fc81e0720a4a42581f334ad4303aa6b?s=96&d=mm&r=g","url":"https:\/\/secure.gravatar.com\/avatar\/e0a867bdedb85fd243eadf09663511f96fc81e0720a4a42581f334ad4303aa6b?s=96&d=mm&r=g","contentUrl":"https:\/\/secure.gravatar.com\/avatar\/e0a867bdedb85fd243eadf09663511f96fc81e0720a4a42581f334ad4303aa6b?s=96&d=mm&r=g","caption":"Reda\u00e7\u00e3o"}}]}},"amp_enabled":true,"_links":{"self":[{"href":"https:\/\/www.notibras.com\/site\/wp-json\/wp\/v2\/posts\/319503","targetHints":{"allow":["GET"]}}],"collection":[{"href":"https:\/\/www.notibras.com\/site\/wp-json\/wp\/v2\/posts"}],"about":[{"href":"https:\/\/www.notibras.com\/site\/wp-json\/wp\/v2\/types\/post"}],"author":[{"embeddable":true,"href":"https:\/\/www.notibras.com\/site\/wp-json\/wp\/v2\/users\/2"}],"replies":[{"embeddable":true,"href":"https:\/\/www.notibras.com\/site\/wp-json\/wp\/v2\/comments?post=319503"}],"version-history":[{"count":1,"href":"https:\/\/www.notibras.com\/site\/wp-json\/wp\/v2\/posts\/319503\/revisions"}],"predecessor-version":[{"id":319505,"href":"https:\/\/www.notibras.com\/site\/wp-json\/wp\/v2\/posts\/319503\/revisions\/319505"}],"wp:featuredmedia":[{"embeddable":true,"href":"https:\/\/www.notibras.com\/site\/wp-json\/wp\/v2\/media\/319504"}],"wp:attachment":[{"href":"https:\/\/www.notibras.com\/site\/wp-json\/wp\/v2\/media?parent=319503"}],"wp:term":[{"taxonomy":"category","embeddable":true,"href":"https:\/\/www.notibras.com\/site\/wp-json\/wp\/v2\/categories?post=319503"},{"taxonomy":"post_tag","embeddable":true,"href":"https:\/\/www.notibras.com\/site\/wp-json\/wp\/v2\/tags?post=319503"}],"curies":[{"name":"wp","href":"https:\/\/api.w.org\/{rel}","templated":true}]}}