{"id":319515,"date":"2023-12-21T06:23:47","date_gmt":"2023-12-21T09:23:47","guid":{"rendered":"https:\/\/www.notibras.com\/site\/?p=319515"},"modified":"2023-12-21T10:28:18","modified_gmt":"2023-12-21T13:28:18","slug":"olimpiada-de-matematica-divulga-resultado-dos-vencedores","status":"publish","type":"post","link":"https:\/\/www.notibras.com\/site\/olimpiada-de-matematica-divulga-resultado-dos-vencedores\/","title":{"rendered":"Olimp\u00edada de Matem\u00e1tica divulga resultado dos vencedores"},"content":{"rendered":"<p>A Olimp\u00edada Brasileira de Matem\u00e1tica das Escolas P\u00fablicas (Obmep) divulgou o resultado da 18\u00ba edi\u00e7\u00e3o. Os estudantes premiados v\u00e3o receber um total de 8,4 mil medalhas, sendo 650 ouros, 1.950 pratas e 5.850 bronzes, al\u00e9m de 51 mil men\u00e7\u00f5es honrosas. A informa\u00e7\u00e3o foi divulgada pelo Instituto de Matem\u00e1tica Pura e Aplicada (Impa), promotor da competi\u00e7\u00e3o. A lista de premiados pode ser consultada\u00a0<a href=\"https:\/\/premiacao.obmep.org.br\/18obmep\/mapa.htm?_gl=1*1jixot*_ga*NDM5NzY2ODcuMTY2NTA2MzE4Ng..*_ga_21HEQ7CQ8K*MTcwMzA4MDUwMi4yNTQuMS4xNzAzMDg5MTYwLjAuMC4w\" target=\"_blank\" rel=\"noopener\">aqui<\/a>.<img decoding=\"async\" src=\"https:\/\/agenciabrasil.ebc.com.br\/ebc.png?id=1573634&amp;o=node\" \/><img decoding=\"async\" src=\"https:\/\/agenciabrasil.ebc.com.br\/ebc.gif?id=1573634&amp;o=node\" \/><\/p>\n<p>A olimp\u00edada premia separadamente escolas p\u00fablicas e particulares e, este ano, dobrou o n\u00famero de premia\u00e7\u00f5es das institui\u00e7\u00f5es privadas. Para o diretor-geral do Impa, Marcelo Viana, este ano, o sabor da olimp\u00edada \u00e9 ainda mais especial. &#8220;Al\u00e9m da premia\u00e7\u00e3o nacional, criamos tamb\u00e9m as premia\u00e7\u00f5es estaduais. S\u00e3o muito mais medalhas em todo o Brasil\u201d. Ser\u00e3o distribu\u00eddas cerca de 20,5 mil medalhas estaduais.<\/p>\n<p>Ser\u00e3o agraciados ainda professores, escolas e secretarias municipais de Educa\u00e7\u00e3o que se destacaram pelo desempenho dos alunos. As cerim\u00f4nias de premia\u00e7\u00e3o da 18\u00aa Obmep est\u00e3o previstas para o pr\u00f3ximo ano, em data e local ainda a serem definidos. Este ano, a olimp\u00edada reuniu mais de 18,3 milh\u00f5es de alunos dos ensinos fundamental e m\u00e9dio. Trata-se da maior competi\u00e7\u00e3o cient\u00edfica do pa\u00eds. Foram alcan\u00e7ados 99,78% dos munic\u00edpios brasileiros e mais de 55 mil escolas participaram do certame.<\/p>\n<p><strong>Abrindo portas<\/strong><br \/>\nO estudante Kevin Neves Ramos Badaro, 14 anos, do ensino fundamental da Escola Municipal Mariano Ferreira de Nazareth, localizada em Domingos Martins (ES), tem duas participa\u00e7\u00f5es na Obmep, sendo uma no ano passado, com medalha de bronze, e a outra da edi\u00e7\u00e3o de 2023, em que faturou o ouro. \u201cQuando vi que tinha ganhado medalha de ouro, fiquei muito feliz mesmo\u201d. Kevin contou que pretende continuar participando da olimp\u00edada e que buscar\u00e1 sempre dar o seu melhor, &#8220;porque vir\u00e3o outras medalhas de ouro ainda\u201d. Ele n\u00e3o tem certeza se vai cursar matem\u00e1tica no ensino superior. \u201cEu sou muito bom em matem\u00e1tica, mas a \u00e1rea da computa\u00e7\u00e3o e da inform\u00e1tica \u00e9 muito boa hoje em dia. Estou pensando nisso, mas ainda n\u00e3o tenho certeza.\u201d<\/p>\n<p>Os medalhistas nacionais s\u00e3o convidados a participar do Programa de Inicia\u00e7\u00e3o Cient\u00edfica Jr. (PIC) com aulas avan\u00e7adas para seu desenvolvimento acad\u00eamico. Os participantes de escolas p\u00fablicas recebem R$ 300 para integrar o programa. A bolsa \u00e9 concedida pelo Conselho Nacional de Desenvolvimento Cient\u00edfico e Tecnol\u00f3gico (CNPq) teve o valor reajustado em 200% este ano.<\/p>\n<p><strong>Impa Tech<\/strong><br \/>\nA novidade deste ano \u00e9 que medalhistas do n\u00edvel 3 (ensino m\u00e9dio) na Obmep e em outras quatro olimp\u00edadas de conhecimento poder\u00e3o concorrer a uma vaga no Impa Tech, primeiro curso de gradua\u00e7\u00e3o do instituto. As inscri\u00e7\u00f5es para o bacharelado em matem\u00e1tica da tecnologia e inova\u00e7\u00e3o est\u00e3o abertas at\u00e9 28 deste m\u00eas neste endere\u00e7o eletr\u00f4nico. O curso ser\u00e1 uma qualifica\u00e7\u00e3o de excel\u00eancia para os estudantes entrarem de forma efetiva no mercado de tecnologia e inova\u00e7\u00e3o. O processo seletivo destina 20% das vagas para alunos com \u00f3timo desempenho na prova de matem\u00e1tica do Exame Nacional do Ensino M\u00e9dio (Enem). O edital pode ser acessado aqui.<\/p>\n<p>O coordenador-geral da Obmep, Claudio Landim, destacou que conquistar uma medalha na Obmep pode abrir as portas de uma universidade para os estudantes premiados. &#8220;Algumas das melhores universidades brasileiras t\u00eam admitido alunos baseados exclusivamente no seu desempenho em olimp\u00edadas, como \u00e9 o caso da rec\u00e9m-criada gradua\u00e7\u00e3o do Impa, o Impa Tech.\u201d<\/p>\n<p>Marcelo Viana informou que o Impa Tech ser\u00e1 iniciado em 2024. A gradua\u00e7\u00e3o do instituto reserva 80% de suas vagas para medalhistas das olimp\u00edadas. \u201cQuem ganhou medalha do n\u00edvel 3 [ensino m\u00e9dio] j\u00e1 pode solicitar o seu certificado para se candidatar ao Impa Tech\u201d, indicou.<\/p>\n<p><strong>Olimp\u00edada<\/strong><br \/>\nCriada pelo Impa em 2005 e realizada com apoio da Sociedade Brasileira de Matem\u00e1tica (SBM), a Obmep \u00e9 promovida com recursos dos minist\u00e9rios da Ci\u00eancia, Tecnologia e Inova\u00e7\u00e3o (MCTI) e da Educa\u00e7\u00e3o (MEC). Destinada a estudantes do 6\u00ba ano do fundamental ao 3\u00ba ano do ensino m\u00e9dio, a competi\u00e7\u00e3o contribui para estimular o estudo da matem\u00e1tica e identificar jovens talentos da disciplina.<\/p>\n<p>Outro objetivo \u00e9 contribuir para a melhoria da qualidade da educa\u00e7\u00e3o b\u00e1sica, permitindo que um maior n\u00famero de alunos brasileiros tenha acesso a material did\u00e1tico de qualidade.<\/p>\n","protected":false},"excerpt":{"rendered":"<p>A Olimp\u00edada Brasileira de Matem\u00e1tica das Escolas P\u00fablicas (Obmep) divulgou o resultado da 18\u00ba edi\u00e7\u00e3o. Os estudantes premiados v\u00e3o receber um total de 8,4 mil medalhas, sendo 650 ouros, 1.950 pratas e 5.850 bronzes, al\u00e9m de 51 mil men\u00e7\u00f5es honrosas. A informa\u00e7\u00e3o foi divulgada pelo Instituto de Matem\u00e1tica Pura e Aplicada (Impa), promotor da competi\u00e7\u00e3o. [&hellip;]<\/p>\n","protected":false},"author":2,"featured_media":319516,"comment_status":"closed","ping_status":"closed","sticky":false,"template":"","format":"standard","meta":{"_acf_changed":false,"footnotes":""},"categories":[161],"tags":[95],"class_list":["post-319515","post","type-post","status-publish","format-standard","has-post-thumbnail","hentry","category-quadradinho-em-foco","tag-capa"],"acf":[],"yoast_head":"<!-- This site is optimized with the Yoast SEO plugin v27.2 - https:\/\/yoast.com\/product\/yoast-seo-wordpress\/ -->\n<title>Olimp\u00edada de Matem\u00e1tica divulga resultado dos vencedores - Notibras<\/title>\n<meta name=\"robots\" content=\"index, follow, max-snippet:-1, max-image-preview:large, max-video-preview:-1\" \/>\n<link rel=\"canonical\" href=\"https:\/\/www.notibras.com\/site\/olimpiada-de-matematica-divulga-resultado-dos-vencedores\/\" \/>\n<meta property=\"og:locale\" content=\"pt_BR\" \/>\n<meta property=\"og:type\" content=\"article\" \/>\n<meta property=\"og:title\" content=\"Olimp\u00edada de Matem\u00e1tica divulga resultado dos vencedores - Notibras\" \/>\n<meta property=\"og:description\" content=\"A Olimp\u00edada Brasileira de Matem\u00e1tica das Escolas P\u00fablicas (Obmep) divulgou o resultado da 18\u00ba edi\u00e7\u00e3o. Os estudantes premiados v\u00e3o receber um total de 8,4 mil medalhas, sendo 650 ouros, 1.950 pratas e 5.850 bronzes, al\u00e9m de 51 mil men\u00e7\u00f5es honrosas. A informa\u00e7\u00e3o foi divulgada pelo Instituto de Matem\u00e1tica Pura e Aplicada (Impa), promotor da competi\u00e7\u00e3o. [&hellip;]\" \/>\n<meta property=\"og:url\" content=\"https:\/\/www.notibras.com\/site\/olimpiada-de-matematica-divulga-resultado-dos-vencedores\/\" \/>\n<meta property=\"og:site_name\" content=\"Notibras\" \/>\n<meta property=\"article:publisher\" content=\"https:\/\/www.facebook.com\/notibras\/\" \/>\n<meta property=\"article:published_time\" content=\"2023-12-21T09:23:47+00:00\" \/>\n<meta property=\"article:modified_time\" content=\"2023-12-21T13:28:18+00:00\" \/>\n<meta property=\"og:image\" content=\"https:\/\/www.notibras.com\/site\/wp-content\/uploads\/2023\/12\/olimmate.webp\" \/>\n\t<meta property=\"og:image:width\" content=\"1170\" \/>\n\t<meta property=\"og:image:height\" content=\"700\" \/>\n\t<meta property=\"og:image:type\" content=\"image\/webp\" \/>\n<meta name=\"author\" content=\"Reda\u00e7\u00e3o\" \/>\n<meta name=\"twitter:card\" content=\"summary_large_image\" \/>\n<meta name=\"twitter:creator\" content=\"@Notibras\" \/>\n<meta name=\"twitter:site\" content=\"@Notibras\" \/>\n<meta name=\"twitter:label1\" content=\"Escrito por\" \/>\n\t<meta name=\"twitter:data1\" content=\"Reda\u00e7\u00e3o\" \/>\n\t<meta name=\"twitter:label2\" content=\"Est. tempo de leitura\" \/>\n\t<meta name=\"twitter:data2\" content=\"5 minutos\" \/>\n<script type=\"application\/ld+json\" class=\"yoast-schema-graph\">{\"@context\":\"https:\/\/schema.org\",\"@graph\":[{\"@type\":\"Article\",\"@id\":\"https:\/\/www.notibras.com\/site\/olimpiada-de-matematica-divulga-resultado-dos-vencedores\/#article\",\"isPartOf\":{\"@id\":\"https:\/\/www.notibras.com\/site\/olimpiada-de-matematica-divulga-resultado-dos-vencedores\/\"},\"author\":{\"name\":\"Reda\u00e7\u00e3o\",\"@id\":\"https:\/\/www.notibras.com\/site\/#\/schema\/person\/36ab0979449956132d3e5b517ea76ac8\"},\"headline\":\"Olimp\u00edada de Matem\u00e1tica divulga resultado dos vencedores\",\"datePublished\":\"2023-12-21T09:23:47+00:00\",\"dateModified\":\"2023-12-21T13:28:18+00:00\",\"mainEntityOfPage\":{\"@id\":\"https:\/\/www.notibras.com\/site\/olimpiada-de-matematica-divulga-resultado-dos-vencedores\/\"},\"wordCount\":742,\"publisher\":{\"@id\":\"https:\/\/www.notibras.com\/site\/#organization\"},\"image\":{\"@id\":\"https:\/\/www.notibras.com\/site\/olimpiada-de-matematica-divulga-resultado-dos-vencedores\/#primaryimage\"},\"thumbnailUrl\":\"https:\/\/www.notibras.com\/site\/wp-content\/uploads\/2023\/12\/olimmate.webp\",\"keywords\":[\"capa\"],\"articleSection\":[\"Quadradinho em Foco\"],\"inLanguage\":\"pt-BR\"},{\"@type\":\"WebPage\",\"@id\":\"https:\/\/www.notibras.com\/site\/olimpiada-de-matematica-divulga-resultado-dos-vencedores\/\",\"url\":\"https:\/\/www.notibras.com\/site\/olimpiada-de-matematica-divulga-resultado-dos-vencedores\/\",\"name\":\"Olimp\u00edada de Matem\u00e1tica divulga resultado dos vencedores - Notibras\",\"isPartOf\":{\"@id\":\"https:\/\/www.notibras.com\/site\/#website\"},\"primaryImageOfPage\":{\"@id\":\"https:\/\/www.notibras.com\/site\/olimpiada-de-matematica-divulga-resultado-dos-vencedores\/#primaryimage\"},\"image\":{\"@id\":\"https:\/\/www.notibras.com\/site\/olimpiada-de-matematica-divulga-resultado-dos-vencedores\/#primaryimage\"},\"thumbnailUrl\":\"https:\/\/www.notibras.com\/site\/wp-content\/uploads\/2023\/12\/olimmate.webp\",\"datePublished\":\"2023-12-21T09:23:47+00:00\",\"dateModified\":\"2023-12-21T13:28:18+00:00\",\"breadcrumb\":{\"@id\":\"https:\/\/www.notibras.com\/site\/olimpiada-de-matematica-divulga-resultado-dos-vencedores\/#breadcrumb\"},\"inLanguage\":\"pt-BR\",\"potentialAction\":[{\"@type\":\"ReadAction\",\"target\":[\"https:\/\/www.notibras.com\/site\/olimpiada-de-matematica-divulga-resultado-dos-vencedores\/\"]}]},{\"@type\":\"ImageObject\",\"inLanguage\":\"pt-BR\",\"@id\":\"https:\/\/www.notibras.com\/site\/olimpiada-de-matematica-divulga-resultado-dos-vencedores\/#primaryimage\",\"url\":\"https:\/\/www.notibras.com\/site\/wp-content\/uploads\/2023\/12\/olimmate.webp\",\"contentUrl\":\"https:\/\/www.notibras.com\/site\/wp-content\/uploads\/2023\/12\/olimmate.webp\",\"width\":1170,\"height\":700},{\"@type\":\"BreadcrumbList\",\"@id\":\"https:\/\/www.notibras.com\/site\/olimpiada-de-matematica-divulga-resultado-dos-vencedores\/#breadcrumb\",\"itemListElement\":[{\"@type\":\"ListItem\",\"position\":1,\"name\":\"In\u00edcio\",\"item\":\"https:\/\/www.notibras.com\/site\/\"},{\"@type\":\"ListItem\",\"position\":2,\"name\":\"Olimp\u00edada de Matem\u00e1tica divulga resultado dos vencedores\"}]},{\"@type\":\"WebSite\",\"@id\":\"https:\/\/www.notibras.com\/site\/#website\",\"url\":\"https:\/\/www.notibras.com\/site\/\",\"name\":\"Notibras\",\"description\":\"Not\u00edcias de Bras\u00edlia, do Brasil e do Mundo\",\"publisher\":{\"@id\":\"https:\/\/www.notibras.com\/site\/#organization\"},\"potentialAction\":[{\"@type\":\"SearchAction\",\"target\":{\"@type\":\"EntryPoint\",\"urlTemplate\":\"https:\/\/www.notibras.com\/site\/?s={search_term_string}\"},\"query-input\":{\"@type\":\"PropertyValueSpecification\",\"valueRequired\":true,\"valueName\":\"search_term_string\"}}],\"inLanguage\":\"pt-BR\"},{\"@type\":\"Organization\",\"@id\":\"https:\/\/www.notibras.com\/site\/#organization\",\"name\":\"Grupo Notibras de Comunica\u00e7\u00e3o\",\"url\":\"https:\/\/www.notibras.com\/site\/\",\"logo\":{\"@type\":\"ImageObject\",\"inLanguage\":\"pt-BR\",\"@id\":\"https:\/\/www.notibras.com\/site\/#\/schema\/logo\/image\/\",\"url\":\"https:\/\/www.notibras.com\/site\/wp-content\/uploads\/2023\/01\/notibras23.png\",\"contentUrl\":\"https:\/\/www.notibras.com\/site\/wp-content\/uploads\/2023\/01\/notibras23.png\",\"width\":350,\"height\":87,\"caption\":\"Grupo Notibras de Comunica\u00e7\u00e3o\"},\"image\":{\"@id\":\"https:\/\/www.notibras.com\/site\/#\/schema\/logo\/image\/\"},\"sameAs\":[\"https:\/\/www.facebook.com\/notibras\/\",\"https:\/\/x.com\/Notibras\",\"https:\/\/www.instagram.com\/notibras\/\"]},{\"@type\":\"Person\",\"@id\":\"https:\/\/www.notibras.com\/site\/#\/schema\/person\/36ab0979449956132d3e5b517ea76ac8\",\"name\":\"Reda\u00e7\u00e3o\",\"image\":{\"@type\":\"ImageObject\",\"inLanguage\":\"pt-BR\",\"@id\":\"https:\/\/secure.gravatar.com\/avatar\/e0a867bdedb85fd243eadf09663511f96fc81e0720a4a42581f334ad4303aa6b?s=96&d=mm&r=g\",\"url\":\"https:\/\/secure.gravatar.com\/avatar\/e0a867bdedb85fd243eadf09663511f96fc81e0720a4a42581f334ad4303aa6b?s=96&d=mm&r=g\",\"contentUrl\":\"https:\/\/secure.gravatar.com\/avatar\/e0a867bdedb85fd243eadf09663511f96fc81e0720a4a42581f334ad4303aa6b?s=96&d=mm&r=g\",\"caption\":\"Reda\u00e7\u00e3o\"}}]}<\/script>\n<!-- \/ Yoast SEO plugin. -->","yoast_head_json":{"title":"Olimp\u00edada de Matem\u00e1tica divulga resultado dos vencedores - Notibras","robots":{"index":"index","follow":"follow","max-snippet":"max-snippet:-1","max-image-preview":"max-image-preview:large","max-video-preview":"max-video-preview:-1"},"canonical":"https:\/\/www.notibras.com\/site\/olimpiada-de-matematica-divulga-resultado-dos-vencedores\/","og_locale":"pt_BR","og_type":"article","og_title":"Olimp\u00edada de Matem\u00e1tica divulga resultado dos vencedores - Notibras","og_description":"A Olimp\u00edada Brasileira de Matem\u00e1tica das Escolas P\u00fablicas (Obmep) divulgou o resultado da 18\u00ba edi\u00e7\u00e3o. Os estudantes premiados v\u00e3o receber um total de 8,4 mil medalhas, sendo 650 ouros, 1.950 pratas e 5.850 bronzes, al\u00e9m de 51 mil men\u00e7\u00f5es honrosas. A informa\u00e7\u00e3o foi divulgada pelo Instituto de Matem\u00e1tica Pura e Aplicada (Impa), promotor da competi\u00e7\u00e3o. [&hellip;]","og_url":"https:\/\/www.notibras.com\/site\/olimpiada-de-matematica-divulga-resultado-dos-vencedores\/","og_site_name":"Notibras","article_publisher":"https:\/\/www.facebook.com\/notibras\/","article_published_time":"2023-12-21T09:23:47+00:00","article_modified_time":"2023-12-21T13:28:18+00:00","og_image":[{"width":1170,"height":700,"url":"https:\/\/www.notibras.com\/site\/wp-content\/uploads\/2023\/12\/olimmate.webp","type":"image\/webp"}],"author":"Reda\u00e7\u00e3o","twitter_card":"summary_large_image","twitter_creator":"@Notibras","twitter_site":"@Notibras","twitter_misc":{"Escrito por":"Reda\u00e7\u00e3o","Est. tempo de leitura":"5 minutos"},"schema":{"@context":"https:\/\/schema.org","@graph":[{"@type":"Article","@id":"https:\/\/www.notibras.com\/site\/olimpiada-de-matematica-divulga-resultado-dos-vencedores\/#article","isPartOf":{"@id":"https:\/\/www.notibras.com\/site\/olimpiada-de-matematica-divulga-resultado-dos-vencedores\/"},"author":{"name":"Reda\u00e7\u00e3o","@id":"https:\/\/www.notibras.com\/site\/#\/schema\/person\/36ab0979449956132d3e5b517ea76ac8"},"headline":"Olimp\u00edada de Matem\u00e1tica divulga resultado dos vencedores","datePublished":"2023-12-21T09:23:47+00:00","dateModified":"2023-12-21T13:28:18+00:00","mainEntityOfPage":{"@id":"https:\/\/www.notibras.com\/site\/olimpiada-de-matematica-divulga-resultado-dos-vencedores\/"},"wordCount":742,"publisher":{"@id":"https:\/\/www.notibras.com\/site\/#organization"},"image":{"@id":"https:\/\/www.notibras.com\/site\/olimpiada-de-matematica-divulga-resultado-dos-vencedores\/#primaryimage"},"thumbnailUrl":"https:\/\/www.notibras.com\/site\/wp-content\/uploads\/2023\/12\/olimmate.webp","keywords":["capa"],"articleSection":["Quadradinho em Foco"],"inLanguage":"pt-BR"},{"@type":"WebPage","@id":"https:\/\/www.notibras.com\/site\/olimpiada-de-matematica-divulga-resultado-dos-vencedores\/","url":"https:\/\/www.notibras.com\/site\/olimpiada-de-matematica-divulga-resultado-dos-vencedores\/","name":"Olimp\u00edada de Matem\u00e1tica divulga resultado dos vencedores - Notibras","isPartOf":{"@id":"https:\/\/www.notibras.com\/site\/#website"},"primaryImageOfPage":{"@id":"https:\/\/www.notibras.com\/site\/olimpiada-de-matematica-divulga-resultado-dos-vencedores\/#primaryimage"},"image":{"@id":"https:\/\/www.notibras.com\/site\/olimpiada-de-matematica-divulga-resultado-dos-vencedores\/#primaryimage"},"thumbnailUrl":"https:\/\/www.notibras.com\/site\/wp-content\/uploads\/2023\/12\/olimmate.webp","datePublished":"2023-12-21T09:23:47+00:00","dateModified":"2023-12-21T13:28:18+00:00","breadcrumb":{"@id":"https:\/\/www.notibras.com\/site\/olimpiada-de-matematica-divulga-resultado-dos-vencedores\/#breadcrumb"},"inLanguage":"pt-BR","potentialAction":[{"@type":"ReadAction","target":["https:\/\/www.notibras.com\/site\/olimpiada-de-matematica-divulga-resultado-dos-vencedores\/"]}]},{"@type":"ImageObject","inLanguage":"pt-BR","@id":"https:\/\/www.notibras.com\/site\/olimpiada-de-matematica-divulga-resultado-dos-vencedores\/#primaryimage","url":"https:\/\/www.notibras.com\/site\/wp-content\/uploads\/2023\/12\/olimmate.webp","contentUrl":"https:\/\/www.notibras.com\/site\/wp-content\/uploads\/2023\/12\/olimmate.webp","width":1170,"height":700},{"@type":"BreadcrumbList","@id":"https:\/\/www.notibras.com\/site\/olimpiada-de-matematica-divulga-resultado-dos-vencedores\/#breadcrumb","itemListElement":[{"@type":"ListItem","position":1,"name":"In\u00edcio","item":"https:\/\/www.notibras.com\/site\/"},{"@type":"ListItem","position":2,"name":"Olimp\u00edada de Matem\u00e1tica divulga resultado dos vencedores"}]},{"@type":"WebSite","@id":"https:\/\/www.notibras.com\/site\/#website","url":"https:\/\/www.notibras.com\/site\/","name":"Notibras","description":"Not\u00edcias de Bras\u00edlia, do Brasil e do Mundo","publisher":{"@id":"https:\/\/www.notibras.com\/site\/#organization"},"potentialAction":[{"@type":"SearchAction","target":{"@type":"EntryPoint","urlTemplate":"https:\/\/www.notibras.com\/site\/?s={search_term_string}"},"query-input":{"@type":"PropertyValueSpecification","valueRequired":true,"valueName":"search_term_string"}}],"inLanguage":"pt-BR"},{"@type":"Organization","@id":"https:\/\/www.notibras.com\/site\/#organization","name":"Grupo Notibras de Comunica\u00e7\u00e3o","url":"https:\/\/www.notibras.com\/site\/","logo":{"@type":"ImageObject","inLanguage":"pt-BR","@id":"https:\/\/www.notibras.com\/site\/#\/schema\/logo\/image\/","url":"https:\/\/www.notibras.com\/site\/wp-content\/uploads\/2023\/01\/notibras23.png","contentUrl":"https:\/\/www.notibras.com\/site\/wp-content\/uploads\/2023\/01\/notibras23.png","width":350,"height":87,"caption":"Grupo Notibras de Comunica\u00e7\u00e3o"},"image":{"@id":"https:\/\/www.notibras.com\/site\/#\/schema\/logo\/image\/"},"sameAs":["https:\/\/www.facebook.com\/notibras\/","https:\/\/x.com\/Notibras","https:\/\/www.instagram.com\/notibras\/"]},{"@type":"Person","@id":"https:\/\/www.notibras.com\/site\/#\/schema\/person\/36ab0979449956132d3e5b517ea76ac8","name":"Reda\u00e7\u00e3o","image":{"@type":"ImageObject","inLanguage":"pt-BR","@id":"https:\/\/secure.gravatar.com\/avatar\/e0a867bdedb85fd243eadf09663511f96fc81e0720a4a42581f334ad4303aa6b?s=96&d=mm&r=g","url":"https:\/\/secure.gravatar.com\/avatar\/e0a867bdedb85fd243eadf09663511f96fc81e0720a4a42581f334ad4303aa6b?s=96&d=mm&r=g","contentUrl":"https:\/\/secure.gravatar.com\/avatar\/e0a867bdedb85fd243eadf09663511f96fc81e0720a4a42581f334ad4303aa6b?s=96&d=mm&r=g","caption":"Reda\u00e7\u00e3o"}}]}},"amp_enabled":true,"_links":{"self":[{"href":"https:\/\/www.notibras.com\/site\/wp-json\/wp\/v2\/posts\/319515","targetHints":{"allow":["GET"]}}],"collection":[{"href":"https:\/\/www.notibras.com\/site\/wp-json\/wp\/v2\/posts"}],"about":[{"href":"https:\/\/www.notibras.com\/site\/wp-json\/wp\/v2\/types\/post"}],"author":[{"embeddable":true,"href":"https:\/\/www.notibras.com\/site\/wp-json\/wp\/v2\/users\/2"}],"replies":[{"embeddable":true,"href":"https:\/\/www.notibras.com\/site\/wp-json\/wp\/v2\/comments?post=319515"}],"version-history":[{"count":3,"href":"https:\/\/www.notibras.com\/site\/wp-json\/wp\/v2\/posts\/319515\/revisions"}],"predecessor-version":[{"id":319519,"href":"https:\/\/www.notibras.com\/site\/wp-json\/wp\/v2\/posts\/319515\/revisions\/319519"}],"wp:featuredmedia":[{"embeddable":true,"href":"https:\/\/www.notibras.com\/site\/wp-json\/wp\/v2\/media\/319516"}],"wp:attachment":[{"href":"https:\/\/www.notibras.com\/site\/wp-json\/wp\/v2\/media?parent=319515"}],"wp:term":[{"taxonomy":"category","embeddable":true,"href":"https:\/\/www.notibras.com\/site\/wp-json\/wp\/v2\/categories?post=319515"},{"taxonomy":"post_tag","embeddable":true,"href":"https:\/\/www.notibras.com\/site\/wp-json\/wp\/v2\/tags?post=319515"}],"curies":[{"name":"wp","href":"https:\/\/api.w.org\/{rel}","templated":true}]}}