{"id":319536,"date":"2023-12-22T07:39:26","date_gmt":"2023-12-22T10:39:26","guid":{"rendered":"https:\/\/www.notibras.com\/site\/?p=319536"},"modified":"2023-12-22T08:01:59","modified_gmt":"2023-12-22T11:01:59","slug":"autobiografia-e-primaveril-mas-a-verdade-e-pb","status":"publish","type":"post","link":"https:\/\/www.notibras.com\/site\/autobiografia-e-primaveril-mas-a-verdade-e-pb\/","title":{"rendered":"Autobiografia \u00e9 primaveril, mas a verdade \u00e9 p&#038;b"},"content":{"rendered":"<p>De todas as biografias, a menos confi\u00e1vel \u00e9 justamente aquela em que contamos a nossa hist\u00f3ria. E isso ocorre at\u00e9 mesmo com os que se julgam ferrenhos amigos da verdade, j\u00e1 que, principalmente esses, omitir\u00e3o os cap\u00edtulos n\u00e3o t\u00e3o heroicos de sua exist\u00eancia. Por isso, n\u00e3o confio em autobiografias, pois seriam como contos de fadas a nosso respeito escritos pelas nossas m\u00e3es: nada de lembran\u00e7as onde, literalmente, chutamos o pau-da-barraca.<\/p>\n<p>Voc\u00ea j\u00e1 reparou que mentimos inclusive quando falamos de coisas que realmente aconteceram? Gostamos de acrescentar uma pitadinha de sal aqui, outra de pimenta ali, tudo para que a tal realidade ganhe contornos \u00e9picos e, ent\u00e3o, todos fiquem admirados, Obviamente, a mentira est\u00e1 muito mais arraigada entre os homens, que a todo instante tentam se passar por her\u00f3is. Dessa forma, somos todos Garrinchas nas peladas, Bruces Lees nas tolas brigas em qualquer lugar, Einsteins nas provas da escola.<\/p>\n<p>Isso tudo me lembrou uma vez que fui entrevistar o saudoso Adalberto, antigo goleiro do Botafogo, campe\u00e3o carioca em 1957 contra o Fluminense naquela incr\u00edvel final dos 6 x 2. Pois bem, ele me contou que havia sido companheiro de palestras do Jo\u00e3o Saldanha. Este, por sua vez, sempre falava sobre as in\u00fameras aventuras do Garrincha, mas tamb\u00e9m gostava de acrescentar algo aqui e ali para a hist\u00f3ria ficar ainda mais engra\u00e7ada. Findo o causo, o Jo\u00e3o se virava para o Adalberto e perguntava: &#8220;Voc\u00ea lembra disso?&#8221; T\u00edmido, o ex-goleiro simplesmente acenava positivamente com a cabe\u00e7a. Todavia, quando os dois estavam sozinhos, surgia o seguinte interl\u00fadio.<\/p>\n<p>&#8211; Jo\u00e3o, mas nessa \u00e9poca eu nem estava mais no Botafogo.<\/p>\n<p>&#8211; E da\u00ed? Meu amigo, o que importa n\u00e3o s\u00e3o os fatos, mas a hist\u00f3ria!<\/p>\n","protected":false},"excerpt":{"rendered":"<p>De todas as biografias, a menos confi\u00e1vel \u00e9 justamente aquela em que contamos a nossa hist\u00f3ria. E isso ocorre at\u00e9 mesmo com os que se julgam ferrenhos amigos da verdade, j\u00e1 que, principalmente esses, omitir\u00e3o os cap\u00edtulos n\u00e3o t\u00e3o heroicos de sua exist\u00eancia. Por isso, n\u00e3o confio em autobiografias, pois seriam como contos de fadas [&hellip;]<\/p>\n","protected":false},"author":2,"featured_media":319538,"comment_status":"closed","ping_status":"closed","sticky":false,"template":"","format":"standard","meta":{"_acf_changed":false,"footnotes":""},"categories":[161],"tags":[],"class_list":["post-319536","post","type-post","status-publish","format-standard","has-post-thumbnail","hentry","category-quadradinho-em-foco"],"acf":[],"yoast_head":"<!-- This site is optimized with the Yoast SEO plugin v27.2 - https:\/\/yoast.com\/product\/yoast-seo-wordpress\/ -->\n<title>Autobiografia \u00e9 primaveril, mas a verdade \u00e9 p&amp;b - Notibras<\/title>\n<meta name=\"robots\" content=\"index, follow, max-snippet:-1, max-image-preview:large, max-video-preview:-1\" \/>\n<link rel=\"canonical\" href=\"https:\/\/www.notibras.com\/site\/autobiografia-e-primaveril-mas-a-verdade-e-pb\/\" \/>\n<meta property=\"og:locale\" content=\"pt_BR\" \/>\n<meta property=\"og:type\" content=\"article\" \/>\n<meta property=\"og:title\" content=\"Autobiografia \u00e9 primaveril, mas a verdade \u00e9 p&amp;b - Notibras\" \/>\n<meta property=\"og:description\" content=\"De todas as biografias, a menos confi\u00e1vel \u00e9 justamente aquela em que contamos a nossa hist\u00f3ria. E isso ocorre at\u00e9 mesmo com os que se julgam ferrenhos amigos da verdade, j\u00e1 que, principalmente esses, omitir\u00e3o os cap\u00edtulos n\u00e3o t\u00e3o heroicos de sua exist\u00eancia. Por isso, n\u00e3o confio em autobiografias, pois seriam como contos de fadas [&hellip;]\" \/>\n<meta property=\"og:url\" content=\"https:\/\/www.notibras.com\/site\/autobiografia-e-primaveril-mas-a-verdade-e-pb\/\" \/>\n<meta property=\"og:site_name\" content=\"Notibras\" \/>\n<meta property=\"article:publisher\" content=\"https:\/\/www.facebook.com\/notibras\/\" \/>\n<meta property=\"article:published_time\" content=\"2023-12-22T10:39:26+00:00\" \/>\n<meta property=\"article:modified_time\" content=\"2023-12-22T11:01:59+00:00\" \/>\n<meta property=\"og:image\" content=\"https:\/\/www.notibras.com\/site\/wp-content\/uploads\/2023\/12\/brneve.disney.jpg\" \/>\n\t<meta property=\"og:image:width\" content=\"976\" \/>\n\t<meta property=\"og:image:height\" content=\"550\" \/>\n\t<meta property=\"og:image:type\" content=\"image\/jpeg\" \/>\n<meta name=\"author\" content=\"Reda\u00e7\u00e3o\" \/>\n<meta name=\"twitter:card\" content=\"summary_large_image\" \/>\n<meta name=\"twitter:creator\" content=\"@Notibras\" \/>\n<meta name=\"twitter:site\" content=\"@Notibras\" \/>\n<meta name=\"twitter:label1\" content=\"Escrito por\" \/>\n\t<meta name=\"twitter:data1\" content=\"Reda\u00e7\u00e3o\" \/>\n\t<meta name=\"twitter:label2\" content=\"Est. tempo de leitura\" \/>\n\t<meta name=\"twitter:data2\" content=\"2 minutos\" \/>\n<script type=\"application\/ld+json\" class=\"yoast-schema-graph\">{\"@context\":\"https:\/\/schema.org\",\"@graph\":[{\"@type\":\"Article\",\"@id\":\"https:\/\/www.notibras.com\/site\/autobiografia-e-primaveril-mas-a-verdade-e-pb\/#article\",\"isPartOf\":{\"@id\":\"https:\/\/www.notibras.com\/site\/autobiografia-e-primaveril-mas-a-verdade-e-pb\/\"},\"author\":{\"name\":\"Reda\u00e7\u00e3o\",\"@id\":\"https:\/\/www.notibras.com\/site\/#\/schema\/person\/36ab0979449956132d3e5b517ea76ac8\"},\"headline\":\"Autobiografia \u00e9 primaveril, mas a verdade \u00e9 p&#038;b\",\"datePublished\":\"2023-12-22T10:39:26+00:00\",\"dateModified\":\"2023-12-22T11:01:59+00:00\",\"mainEntityOfPage\":{\"@id\":\"https:\/\/www.notibras.com\/site\/autobiografia-e-primaveril-mas-a-verdade-e-pb\/\"},\"wordCount\":310,\"publisher\":{\"@id\":\"https:\/\/www.notibras.com\/site\/#organization\"},\"image\":{\"@id\":\"https:\/\/www.notibras.com\/site\/autobiografia-e-primaveril-mas-a-verdade-e-pb\/#primaryimage\"},\"thumbnailUrl\":\"https:\/\/www.notibras.com\/site\/wp-content\/uploads\/2023\/12\/brneve.disney.jpg\",\"articleSection\":[\"Quadradinho em Foco\"],\"inLanguage\":\"pt-BR\"},{\"@type\":\"WebPage\",\"@id\":\"https:\/\/www.notibras.com\/site\/autobiografia-e-primaveril-mas-a-verdade-e-pb\/\",\"url\":\"https:\/\/www.notibras.com\/site\/autobiografia-e-primaveril-mas-a-verdade-e-pb\/\",\"name\":\"Autobiografia \u00e9 primaveril, mas a verdade \u00e9 p&b - Notibras\",\"isPartOf\":{\"@id\":\"https:\/\/www.notibras.com\/site\/#website\"},\"primaryImageOfPage\":{\"@id\":\"https:\/\/www.notibras.com\/site\/autobiografia-e-primaveril-mas-a-verdade-e-pb\/#primaryimage\"},\"image\":{\"@id\":\"https:\/\/www.notibras.com\/site\/autobiografia-e-primaveril-mas-a-verdade-e-pb\/#primaryimage\"},\"thumbnailUrl\":\"https:\/\/www.notibras.com\/site\/wp-content\/uploads\/2023\/12\/brneve.disney.jpg\",\"datePublished\":\"2023-12-22T10:39:26+00:00\",\"dateModified\":\"2023-12-22T11:01:59+00:00\",\"breadcrumb\":{\"@id\":\"https:\/\/www.notibras.com\/site\/autobiografia-e-primaveril-mas-a-verdade-e-pb\/#breadcrumb\"},\"inLanguage\":\"pt-BR\",\"potentialAction\":[{\"@type\":\"ReadAction\",\"target\":[\"https:\/\/www.notibras.com\/site\/autobiografia-e-primaveril-mas-a-verdade-e-pb\/\"]}]},{\"@type\":\"ImageObject\",\"inLanguage\":\"pt-BR\",\"@id\":\"https:\/\/www.notibras.com\/site\/autobiografia-e-primaveril-mas-a-verdade-e-pb\/#primaryimage\",\"url\":\"https:\/\/www.notibras.com\/site\/wp-content\/uploads\/2023\/12\/brneve.disney.jpg\",\"contentUrl\":\"https:\/\/www.notibras.com\/site\/wp-content\/uploads\/2023\/12\/brneve.disney.jpg\",\"width\":976,\"height\":550},{\"@type\":\"BreadcrumbList\",\"@id\":\"https:\/\/www.notibras.com\/site\/autobiografia-e-primaveril-mas-a-verdade-e-pb\/#breadcrumb\",\"itemListElement\":[{\"@type\":\"ListItem\",\"position\":1,\"name\":\"In\u00edcio\",\"item\":\"https:\/\/www.notibras.com\/site\/\"},{\"@type\":\"ListItem\",\"position\":2,\"name\":\"Autobiografia \u00e9 primaveril, mas a verdade \u00e9 p&#038;b\"}]},{\"@type\":\"WebSite\",\"@id\":\"https:\/\/www.notibras.com\/site\/#website\",\"url\":\"https:\/\/www.notibras.com\/site\/\",\"name\":\"Notibras\",\"description\":\"Not\u00edcias de Bras\u00edlia, do Brasil e do Mundo\",\"publisher\":{\"@id\":\"https:\/\/www.notibras.com\/site\/#organization\"},\"potentialAction\":[{\"@type\":\"SearchAction\",\"target\":{\"@type\":\"EntryPoint\",\"urlTemplate\":\"https:\/\/www.notibras.com\/site\/?s={search_term_string}\"},\"query-input\":{\"@type\":\"PropertyValueSpecification\",\"valueRequired\":true,\"valueName\":\"search_term_string\"}}],\"inLanguage\":\"pt-BR\"},{\"@type\":\"Organization\",\"@id\":\"https:\/\/www.notibras.com\/site\/#organization\",\"name\":\"Grupo Notibras de Comunica\u00e7\u00e3o\",\"url\":\"https:\/\/www.notibras.com\/site\/\",\"logo\":{\"@type\":\"ImageObject\",\"inLanguage\":\"pt-BR\",\"@id\":\"https:\/\/www.notibras.com\/site\/#\/schema\/logo\/image\/\",\"url\":\"https:\/\/www.notibras.com\/site\/wp-content\/uploads\/2023\/01\/notibras23.png\",\"contentUrl\":\"https:\/\/www.notibras.com\/site\/wp-content\/uploads\/2023\/01\/notibras23.png\",\"width\":350,\"height\":87,\"caption\":\"Grupo Notibras de Comunica\u00e7\u00e3o\"},\"image\":{\"@id\":\"https:\/\/www.notibras.com\/site\/#\/schema\/logo\/image\/\"},\"sameAs\":[\"https:\/\/www.facebook.com\/notibras\/\",\"https:\/\/x.com\/Notibras\",\"https:\/\/www.instagram.com\/notibras\/\"]},{\"@type\":\"Person\",\"@id\":\"https:\/\/www.notibras.com\/site\/#\/schema\/person\/36ab0979449956132d3e5b517ea76ac8\",\"name\":\"Reda\u00e7\u00e3o\",\"image\":{\"@type\":\"ImageObject\",\"inLanguage\":\"pt-BR\",\"@id\":\"https:\/\/secure.gravatar.com\/avatar\/e0a867bdedb85fd243eadf09663511f96fc81e0720a4a42581f334ad4303aa6b?s=96&d=mm&r=g\",\"url\":\"https:\/\/secure.gravatar.com\/avatar\/e0a867bdedb85fd243eadf09663511f96fc81e0720a4a42581f334ad4303aa6b?s=96&d=mm&r=g\",\"contentUrl\":\"https:\/\/secure.gravatar.com\/avatar\/e0a867bdedb85fd243eadf09663511f96fc81e0720a4a42581f334ad4303aa6b?s=96&d=mm&r=g\",\"caption\":\"Reda\u00e7\u00e3o\"}}]}<\/script>\n<!-- \/ Yoast SEO plugin. -->","yoast_head_json":{"title":"Autobiografia \u00e9 primaveril, mas a verdade \u00e9 p&b - Notibras","robots":{"index":"index","follow":"follow","max-snippet":"max-snippet:-1","max-image-preview":"max-image-preview:large","max-video-preview":"max-video-preview:-1"},"canonical":"https:\/\/www.notibras.com\/site\/autobiografia-e-primaveril-mas-a-verdade-e-pb\/","og_locale":"pt_BR","og_type":"article","og_title":"Autobiografia \u00e9 primaveril, mas a verdade \u00e9 p&b - Notibras","og_description":"De todas as biografias, a menos confi\u00e1vel \u00e9 justamente aquela em que contamos a nossa hist\u00f3ria. E isso ocorre at\u00e9 mesmo com os que se julgam ferrenhos amigos da verdade, j\u00e1 que, principalmente esses, omitir\u00e3o os cap\u00edtulos n\u00e3o t\u00e3o heroicos de sua exist\u00eancia. Por isso, n\u00e3o confio em autobiografias, pois seriam como contos de fadas [&hellip;]","og_url":"https:\/\/www.notibras.com\/site\/autobiografia-e-primaveril-mas-a-verdade-e-pb\/","og_site_name":"Notibras","article_publisher":"https:\/\/www.facebook.com\/notibras\/","article_published_time":"2023-12-22T10:39:26+00:00","article_modified_time":"2023-12-22T11:01:59+00:00","og_image":[{"width":976,"height":550,"url":"https:\/\/www.notibras.com\/site\/wp-content\/uploads\/2023\/12\/brneve.disney.jpg","type":"image\/jpeg"}],"author":"Reda\u00e7\u00e3o","twitter_card":"summary_large_image","twitter_creator":"@Notibras","twitter_site":"@Notibras","twitter_misc":{"Escrito por":"Reda\u00e7\u00e3o","Est. tempo de leitura":"2 minutos"},"schema":{"@context":"https:\/\/schema.org","@graph":[{"@type":"Article","@id":"https:\/\/www.notibras.com\/site\/autobiografia-e-primaveril-mas-a-verdade-e-pb\/#article","isPartOf":{"@id":"https:\/\/www.notibras.com\/site\/autobiografia-e-primaveril-mas-a-verdade-e-pb\/"},"author":{"name":"Reda\u00e7\u00e3o","@id":"https:\/\/www.notibras.com\/site\/#\/schema\/person\/36ab0979449956132d3e5b517ea76ac8"},"headline":"Autobiografia \u00e9 primaveril, mas a verdade \u00e9 p&#038;b","datePublished":"2023-12-22T10:39:26+00:00","dateModified":"2023-12-22T11:01:59+00:00","mainEntityOfPage":{"@id":"https:\/\/www.notibras.com\/site\/autobiografia-e-primaveril-mas-a-verdade-e-pb\/"},"wordCount":310,"publisher":{"@id":"https:\/\/www.notibras.com\/site\/#organization"},"image":{"@id":"https:\/\/www.notibras.com\/site\/autobiografia-e-primaveril-mas-a-verdade-e-pb\/#primaryimage"},"thumbnailUrl":"https:\/\/www.notibras.com\/site\/wp-content\/uploads\/2023\/12\/brneve.disney.jpg","articleSection":["Quadradinho em Foco"],"inLanguage":"pt-BR"},{"@type":"WebPage","@id":"https:\/\/www.notibras.com\/site\/autobiografia-e-primaveril-mas-a-verdade-e-pb\/","url":"https:\/\/www.notibras.com\/site\/autobiografia-e-primaveril-mas-a-verdade-e-pb\/","name":"Autobiografia \u00e9 primaveril, mas a verdade \u00e9 p&b - Notibras","isPartOf":{"@id":"https:\/\/www.notibras.com\/site\/#website"},"primaryImageOfPage":{"@id":"https:\/\/www.notibras.com\/site\/autobiografia-e-primaveril-mas-a-verdade-e-pb\/#primaryimage"},"image":{"@id":"https:\/\/www.notibras.com\/site\/autobiografia-e-primaveril-mas-a-verdade-e-pb\/#primaryimage"},"thumbnailUrl":"https:\/\/www.notibras.com\/site\/wp-content\/uploads\/2023\/12\/brneve.disney.jpg","datePublished":"2023-12-22T10:39:26+00:00","dateModified":"2023-12-22T11:01:59+00:00","breadcrumb":{"@id":"https:\/\/www.notibras.com\/site\/autobiografia-e-primaveril-mas-a-verdade-e-pb\/#breadcrumb"},"inLanguage":"pt-BR","potentialAction":[{"@type":"ReadAction","target":["https:\/\/www.notibras.com\/site\/autobiografia-e-primaveril-mas-a-verdade-e-pb\/"]}]},{"@type":"ImageObject","inLanguage":"pt-BR","@id":"https:\/\/www.notibras.com\/site\/autobiografia-e-primaveril-mas-a-verdade-e-pb\/#primaryimage","url":"https:\/\/www.notibras.com\/site\/wp-content\/uploads\/2023\/12\/brneve.disney.jpg","contentUrl":"https:\/\/www.notibras.com\/site\/wp-content\/uploads\/2023\/12\/brneve.disney.jpg","width":976,"height":550},{"@type":"BreadcrumbList","@id":"https:\/\/www.notibras.com\/site\/autobiografia-e-primaveril-mas-a-verdade-e-pb\/#breadcrumb","itemListElement":[{"@type":"ListItem","position":1,"name":"In\u00edcio","item":"https:\/\/www.notibras.com\/site\/"},{"@type":"ListItem","position":2,"name":"Autobiografia \u00e9 primaveril, mas a verdade \u00e9 p&#038;b"}]},{"@type":"WebSite","@id":"https:\/\/www.notibras.com\/site\/#website","url":"https:\/\/www.notibras.com\/site\/","name":"Notibras","description":"Not\u00edcias de Bras\u00edlia, do Brasil e do Mundo","publisher":{"@id":"https:\/\/www.notibras.com\/site\/#organization"},"potentialAction":[{"@type":"SearchAction","target":{"@type":"EntryPoint","urlTemplate":"https:\/\/www.notibras.com\/site\/?s={search_term_string}"},"query-input":{"@type":"PropertyValueSpecification","valueRequired":true,"valueName":"search_term_string"}}],"inLanguage":"pt-BR"},{"@type":"Organization","@id":"https:\/\/www.notibras.com\/site\/#organization","name":"Grupo Notibras de Comunica\u00e7\u00e3o","url":"https:\/\/www.notibras.com\/site\/","logo":{"@type":"ImageObject","inLanguage":"pt-BR","@id":"https:\/\/www.notibras.com\/site\/#\/schema\/logo\/image\/","url":"https:\/\/www.notibras.com\/site\/wp-content\/uploads\/2023\/01\/notibras23.png","contentUrl":"https:\/\/www.notibras.com\/site\/wp-content\/uploads\/2023\/01\/notibras23.png","width":350,"height":87,"caption":"Grupo Notibras de Comunica\u00e7\u00e3o"},"image":{"@id":"https:\/\/www.notibras.com\/site\/#\/schema\/logo\/image\/"},"sameAs":["https:\/\/www.facebook.com\/notibras\/","https:\/\/x.com\/Notibras","https:\/\/www.instagram.com\/notibras\/"]},{"@type":"Person","@id":"https:\/\/www.notibras.com\/site\/#\/schema\/person\/36ab0979449956132d3e5b517ea76ac8","name":"Reda\u00e7\u00e3o","image":{"@type":"ImageObject","inLanguage":"pt-BR","@id":"https:\/\/secure.gravatar.com\/avatar\/e0a867bdedb85fd243eadf09663511f96fc81e0720a4a42581f334ad4303aa6b?s=96&d=mm&r=g","url":"https:\/\/secure.gravatar.com\/avatar\/e0a867bdedb85fd243eadf09663511f96fc81e0720a4a42581f334ad4303aa6b?s=96&d=mm&r=g","contentUrl":"https:\/\/secure.gravatar.com\/avatar\/e0a867bdedb85fd243eadf09663511f96fc81e0720a4a42581f334ad4303aa6b?s=96&d=mm&r=g","caption":"Reda\u00e7\u00e3o"}}]}},"amp_enabled":true,"_links":{"self":[{"href":"https:\/\/www.notibras.com\/site\/wp-json\/wp\/v2\/posts\/319536","targetHints":{"allow":["GET"]}}],"collection":[{"href":"https:\/\/www.notibras.com\/site\/wp-json\/wp\/v2\/posts"}],"about":[{"href":"https:\/\/www.notibras.com\/site\/wp-json\/wp\/v2\/types\/post"}],"author":[{"embeddable":true,"href":"https:\/\/www.notibras.com\/site\/wp-json\/wp\/v2\/users\/2"}],"replies":[{"embeddable":true,"href":"https:\/\/www.notibras.com\/site\/wp-json\/wp\/v2\/comments?post=319536"}],"version-history":[{"count":2,"href":"https:\/\/www.notibras.com\/site\/wp-json\/wp\/v2\/posts\/319536\/revisions"}],"predecessor-version":[{"id":319544,"href":"https:\/\/www.notibras.com\/site\/wp-json\/wp\/v2\/posts\/319536\/revisions\/319544"}],"wp:featuredmedia":[{"embeddable":true,"href":"https:\/\/www.notibras.com\/site\/wp-json\/wp\/v2\/media\/319538"}],"wp:attachment":[{"href":"https:\/\/www.notibras.com\/site\/wp-json\/wp\/v2\/media?parent=319536"}],"wp:term":[{"taxonomy":"category","embeddable":true,"href":"https:\/\/www.notibras.com\/site\/wp-json\/wp\/v2\/categories?post=319536"},{"taxonomy":"post_tag","embeddable":true,"href":"https:\/\/www.notibras.com\/site\/wp-json\/wp\/v2\/tags?post=319536"}],"curies":[{"name":"wp","href":"https:\/\/api.w.org\/{rel}","templated":true}]}}