{"id":319555,"date":"2023-12-22T06:04:43","date_gmt":"2023-12-22T09:04:43","guid":{"rendered":"https:\/\/www.notibras.com\/site\/?p=319555"},"modified":"2023-12-22T09:07:56","modified_gmt":"2023-12-22T12:07:56","slug":"verao-chega-com-calor-acima-da-media-historica","status":"publish","type":"post","link":"https:\/\/www.notibras.com\/site\/verao-chega-com-calor-acima-da-media-historica\/","title":{"rendered":"Ver\u00e3o chega com calor acima da m\u00e9dia hist\u00f3rica"},"content":{"rendered":"<p>J\u00e1 \u00e9 ver\u00e3o no Brasil. Mais precisamente desde a 0h27 desta sexta-feira (22), quando a esta\u00e7\u00e3o come\u00e7ou em todo o Hemisf\u00e9rio Sul. Depois de um ano marcado por ondas at\u00edpicas de calor, a previs\u00e3o \u00e9 de temperaturas acima da m\u00e9dia hist\u00f3rica, segundo relat\u00f3rio clim\u00e1tico produzido pelo Instituto Nacional de Meteorologia (Inmet), em parceria com o Instituto Nacional de Pesquisas Espaciais (Inpe).<\/p>\n<p>Normalmente, o ver\u00e3o no pa\u00eds \u00e9 marcado pela eleva\u00e7\u00e3o de temperatura, dias mais longos do que as noites, chuvas fortes, descargas el\u00e9tricas e ventos de intensidade moderada a forte. Devido ao fen\u00f4meno El Ni\u00f1o, que alterna a distribui\u00e7\u00e3o da temperatura da \u00e1gua no Oceano Pac\u00edfico, as altera\u00e7\u00f5es no clima devem ser mais intensas. No Brasil, os efeitos do El Ni\u00f1o podem se prolongar por toda a esta\u00e7\u00e3o, que termina em 20 de mar\u00e7o de 2024.<\/p>\n<p>Entre os meses de janeiro e mar\u00e7o, a Regi\u00e3o Norte do pa\u00eds pode registrar calor com valores de 1\u00baC acima da m\u00e9dia hist\u00f3rica. Em rela\u00e7\u00e3o \u00e0s chuvas, os estados do Acre, de Roraima, do Amap\u00e1 e o sudoeste do Amazonas devem ter volumes pr\u00f3ximos ou acima da m\u00e9dia no trimestre. Outras regi\u00f5es devem continuar enfrentando um per\u00edodo de seca. \u00c9 o caso da maior parte do Amazonas, Par\u00e1, de Rond\u00f4nia e do Tocantins.<\/p>\n<p>A Regi\u00e3o Nordeste tamb\u00e9m tem expectativa de temperatura acima da m\u00e9dia, principalmente nos estados do Maranh\u00e3o, Piau\u00ed e no norte da Bahia. H\u00e1 previs\u00e3o de chuva pr\u00f3xima ou abaixo da climatologia no centro-norte da regi\u00e3o. J\u00e1 no centro-sul, por causa do padr\u00e3o de \u00e1guas mais aquecidas do Atl\u00e2ntico Sul, podem ocorrer chuvas mais volumosas.<\/p>\n<p>No Centro-Oeste, a tend\u00eancia \u00e9 de calor forte em todos os estados, com valores acima de 1\u00baC da m\u00e9dia hist\u00f3rica. Tamb\u00e9m \u00e9 esperada chuva pr\u00f3xima ou acima da m\u00e9dia em praticamente toda a regi\u00e3o, exceto no oeste de Mato Grosso, que deve ter volume ligeiramente abaixo da climatologia do trimestre.<\/p>\n<p>Na Regi\u00e3o Sudeste, as temperaturas devem ficar elevadas em todos os estados, com previs\u00e3o de valores acima de 0,5\u00baC da m\u00e9dia. A expectativa \u00e9 que haja maior volume de chuva, principalmente em Minas Gerais, onde ela pode ser mais frequente e mais intensa.<\/p>\n<p>No Sul, \u00e9 esperado calor pr\u00f3ximo ou ligeiramente acima do normal no Paran\u00e1, em Santa Catarina e no norte do Rio Grande do Sul. Nas demais \u00e1reas do \u00faltimo estado, possibilidade de valores na m\u00e9dia ou abaixo dela. As chuvas devem ser mais intensas no Rio Grande do Sul, principalmente na parte sul do estado. Nas demais \u00e1reas da regi\u00e3o, haver\u00e1 chuvas irregulares, com totais pr\u00f3ximos ou pouco abaixo da m\u00e9dia.<\/p>\n<p><strong>Impactos na safra<\/strong><br \/>\nO Inmet chama a aten\u00e7\u00e3o para os impactos do El Ni\u00f1o na safra de ver\u00e3o 2023\/24. Nos estados do Maranh\u00e3o, Tocantins, Piau\u00ed e da Bahia, a chuva ficou abaixo da m\u00e9dia em outubro e novembro. Assim, os n\u00edveis de \u00e1gua do solo est\u00e3o muito baixos, o que n\u00e3o favorece as fases iniciais dos cultivos de ver\u00e3o. A previs\u00e3o \u00e9 que os n\u00edveis continuem baixos nos pr\u00f3ximos meses, com d\u00e9ficit h\u00eddrico e aumento da evapotranspira\u00e7\u00e3o devido \u00e0s altas temperaturas.<\/p>\n<p>No Brasil Central, houve eleva\u00e7\u00e3o dos n\u00edveis de \u00e1gua no solo em algumas \u00e1reas, por causa do retorno da chuva nessa segunda quinzena de dezembro. Com exce\u00e7\u00e3o do norte de Minas Gerais, o cen\u00e1rio ficou favor\u00e1vel para a retomada do plantio de desenvolvimento dos cultivos de primeira safra.<\/p>\n<p>Para a Regi\u00e3o Sul, os volumes de chuva previstos devem manter elevados os n\u00edveis de \u00e1gua no solo. Mas a probabilidade de excedente h\u00eddrico \u00e9 menor em algumas localidades. Com a diminui\u00e7\u00e3o da chuva em rela\u00e7\u00e3o aos meses anteriores, a expectativa \u00e9 de retomar a semeadura das culturas de primeira safra em regi\u00f5es que est\u00e3o com atraso.<\/p>\n","protected":false},"excerpt":{"rendered":"<p>J\u00e1 \u00e9 ver\u00e3o no Brasil. Mais precisamente desde a 0h27 desta sexta-feira (22), quando a esta\u00e7\u00e3o come\u00e7ou em todo o Hemisf\u00e9rio Sul. Depois de um ano marcado por ondas at\u00edpicas de calor, a previs\u00e3o \u00e9 de temperaturas acima da m\u00e9dia hist\u00f3rica, segundo relat\u00f3rio clim\u00e1tico produzido pelo Instituto Nacional de Meteorologia (Inmet), em parceria com o [&hellip;]<\/p>\n","protected":false},"author":2,"featured_media":201410,"comment_status":"closed","ping_status":"closed","sticky":false,"template":"","format":"standard","meta":{"_acf_changed":false,"footnotes":""},"categories":[161],"tags":[],"class_list":["post-319555","post","type-post","status-publish","format-standard","has-post-thumbnail","hentry","category-quadradinho-em-foco"],"acf":[],"yoast_head":"<!-- This site is optimized with the Yoast SEO plugin v27.2 - https:\/\/yoast.com\/product\/yoast-seo-wordpress\/ -->\n<title>Ver\u00e3o chega com calor acima da m\u00e9dia hist\u00f3rica - Notibras<\/title>\n<meta name=\"robots\" content=\"index, follow, max-snippet:-1, max-image-preview:large, max-video-preview:-1\" \/>\n<link rel=\"canonical\" href=\"https:\/\/www.notibras.com\/site\/verao-chega-com-calor-acima-da-media-historica\/\" \/>\n<meta property=\"og:locale\" content=\"pt_BR\" \/>\n<meta property=\"og:type\" content=\"article\" \/>\n<meta property=\"og:title\" content=\"Ver\u00e3o chega com calor acima da m\u00e9dia hist\u00f3rica - Notibras\" \/>\n<meta property=\"og:description\" content=\"J\u00e1 \u00e9 ver\u00e3o no Brasil. Mais precisamente desde a 0h27 desta sexta-feira (22), quando a esta\u00e7\u00e3o come\u00e7ou em todo o Hemisf\u00e9rio Sul. Depois de um ano marcado por ondas at\u00edpicas de calor, a previs\u00e3o \u00e9 de temperaturas acima da m\u00e9dia hist\u00f3rica, segundo relat\u00f3rio clim\u00e1tico produzido pelo Instituto Nacional de Meteorologia (Inmet), em parceria com o [&hellip;]\" \/>\n<meta property=\"og:url\" content=\"https:\/\/www.notibras.com\/site\/verao-chega-com-calor-acima-da-media-historica\/\" \/>\n<meta property=\"og:site_name\" content=\"Notibras\" \/>\n<meta property=\"article:publisher\" content=\"https:\/\/www.facebook.com\/notibras\/\" \/>\n<meta property=\"article:published_time\" content=\"2023-12-22T09:04:43+00:00\" \/>\n<meta property=\"article:modified_time\" content=\"2023-12-22T12:07:56+00:00\" \/>\n<meta property=\"og:image\" content=\"https:\/\/www.notibras.com\/site\/wp-content\/uploads\/2019\/02\/brasilia-seca.jpg\" \/>\n\t<meta property=\"og:image:width\" content=\"1024\" \/>\n\t<meta property=\"og:image:height\" content=\"576\" \/>\n\t<meta property=\"og:image:type\" content=\"image\/jpeg\" \/>\n<meta name=\"author\" content=\"Reda\u00e7\u00e3o\" \/>\n<meta name=\"twitter:card\" content=\"summary_large_image\" \/>\n<meta name=\"twitter:creator\" content=\"@Notibras\" \/>\n<meta name=\"twitter:site\" content=\"@Notibras\" \/>\n<meta name=\"twitter:label1\" content=\"Escrito por\" \/>\n\t<meta name=\"twitter:data1\" content=\"Reda\u00e7\u00e3o\" \/>\n\t<meta name=\"twitter:label2\" content=\"Est. tempo de leitura\" \/>\n\t<meta name=\"twitter:data2\" content=\"4 minutos\" \/>\n<script type=\"application\/ld+json\" class=\"yoast-schema-graph\">{\"@context\":\"https:\/\/schema.org\",\"@graph\":[{\"@type\":\"Article\",\"@id\":\"https:\/\/www.notibras.com\/site\/verao-chega-com-calor-acima-da-media-historica\/#article\",\"isPartOf\":{\"@id\":\"https:\/\/www.notibras.com\/site\/verao-chega-com-calor-acima-da-media-historica\/\"},\"author\":{\"name\":\"Reda\u00e7\u00e3o\",\"@id\":\"https:\/\/www.notibras.com\/site\/#\/schema\/person\/36ab0979449956132d3e5b517ea76ac8\"},\"headline\":\"Ver\u00e3o chega com calor acima da m\u00e9dia hist\u00f3rica\",\"datePublished\":\"2023-12-22T09:04:43+00:00\",\"dateModified\":\"2023-12-22T12:07:56+00:00\",\"mainEntityOfPage\":{\"@id\":\"https:\/\/www.notibras.com\/site\/verao-chega-com-calor-acima-da-media-historica\/\"},\"wordCount\":693,\"publisher\":{\"@id\":\"https:\/\/www.notibras.com\/site\/#organization\"},\"image\":{\"@id\":\"https:\/\/www.notibras.com\/site\/verao-chega-com-calor-acima-da-media-historica\/#primaryimage\"},\"thumbnailUrl\":\"https:\/\/www.notibras.com\/site\/wp-content\/uploads\/2019\/02\/brasilia-seca.jpg\",\"articleSection\":[\"Quadradinho em Foco\"],\"inLanguage\":\"pt-BR\"},{\"@type\":\"WebPage\",\"@id\":\"https:\/\/www.notibras.com\/site\/verao-chega-com-calor-acima-da-media-historica\/\",\"url\":\"https:\/\/www.notibras.com\/site\/verao-chega-com-calor-acima-da-media-historica\/\",\"name\":\"Ver\u00e3o chega com calor acima da m\u00e9dia hist\u00f3rica - Notibras\",\"isPartOf\":{\"@id\":\"https:\/\/www.notibras.com\/site\/#website\"},\"primaryImageOfPage\":{\"@id\":\"https:\/\/www.notibras.com\/site\/verao-chega-com-calor-acima-da-media-historica\/#primaryimage\"},\"image\":{\"@id\":\"https:\/\/www.notibras.com\/site\/verao-chega-com-calor-acima-da-media-historica\/#primaryimage\"},\"thumbnailUrl\":\"https:\/\/www.notibras.com\/site\/wp-content\/uploads\/2019\/02\/brasilia-seca.jpg\",\"datePublished\":\"2023-12-22T09:04:43+00:00\",\"dateModified\":\"2023-12-22T12:07:56+00:00\",\"breadcrumb\":{\"@id\":\"https:\/\/www.notibras.com\/site\/verao-chega-com-calor-acima-da-media-historica\/#breadcrumb\"},\"inLanguage\":\"pt-BR\",\"potentialAction\":[{\"@type\":\"ReadAction\",\"target\":[\"https:\/\/www.notibras.com\/site\/verao-chega-com-calor-acima-da-media-historica\/\"]}]},{\"@type\":\"ImageObject\",\"inLanguage\":\"pt-BR\",\"@id\":\"https:\/\/www.notibras.com\/site\/verao-chega-com-calor-acima-da-media-historica\/#primaryimage\",\"url\":\"https:\/\/www.notibras.com\/site\/wp-content\/uploads\/2019\/02\/brasilia-seca.jpg\",\"contentUrl\":\"https:\/\/www.notibras.com\/site\/wp-content\/uploads\/2019\/02\/brasilia-seca.jpg\",\"width\":1024,\"height\":576},{\"@type\":\"BreadcrumbList\",\"@id\":\"https:\/\/www.notibras.com\/site\/verao-chega-com-calor-acima-da-media-historica\/#breadcrumb\",\"itemListElement\":[{\"@type\":\"ListItem\",\"position\":1,\"name\":\"In\u00edcio\",\"item\":\"https:\/\/www.notibras.com\/site\/\"},{\"@type\":\"ListItem\",\"position\":2,\"name\":\"Ver\u00e3o chega com calor acima da m\u00e9dia hist\u00f3rica\"}]},{\"@type\":\"WebSite\",\"@id\":\"https:\/\/www.notibras.com\/site\/#website\",\"url\":\"https:\/\/www.notibras.com\/site\/\",\"name\":\"Notibras\",\"description\":\"Not\u00edcias de Bras\u00edlia, do Brasil e do Mundo\",\"publisher\":{\"@id\":\"https:\/\/www.notibras.com\/site\/#organization\"},\"potentialAction\":[{\"@type\":\"SearchAction\",\"target\":{\"@type\":\"EntryPoint\",\"urlTemplate\":\"https:\/\/www.notibras.com\/site\/?s={search_term_string}\"},\"query-input\":{\"@type\":\"PropertyValueSpecification\",\"valueRequired\":true,\"valueName\":\"search_term_string\"}}],\"inLanguage\":\"pt-BR\"},{\"@type\":\"Organization\",\"@id\":\"https:\/\/www.notibras.com\/site\/#organization\",\"name\":\"Grupo Notibras de Comunica\u00e7\u00e3o\",\"url\":\"https:\/\/www.notibras.com\/site\/\",\"logo\":{\"@type\":\"ImageObject\",\"inLanguage\":\"pt-BR\",\"@id\":\"https:\/\/www.notibras.com\/site\/#\/schema\/logo\/image\/\",\"url\":\"https:\/\/www.notibras.com\/site\/wp-content\/uploads\/2023\/01\/notibras23.png\",\"contentUrl\":\"https:\/\/www.notibras.com\/site\/wp-content\/uploads\/2023\/01\/notibras23.png\",\"width\":350,\"height\":87,\"caption\":\"Grupo Notibras de Comunica\u00e7\u00e3o\"},\"image\":{\"@id\":\"https:\/\/www.notibras.com\/site\/#\/schema\/logo\/image\/\"},\"sameAs\":[\"https:\/\/www.facebook.com\/notibras\/\",\"https:\/\/x.com\/Notibras\",\"https:\/\/www.instagram.com\/notibras\/\"]},{\"@type\":\"Person\",\"@id\":\"https:\/\/www.notibras.com\/site\/#\/schema\/person\/36ab0979449956132d3e5b517ea76ac8\",\"name\":\"Reda\u00e7\u00e3o\",\"image\":{\"@type\":\"ImageObject\",\"inLanguage\":\"pt-BR\",\"@id\":\"https:\/\/secure.gravatar.com\/avatar\/e0a867bdedb85fd243eadf09663511f96fc81e0720a4a42581f334ad4303aa6b?s=96&d=mm&r=g\",\"url\":\"https:\/\/secure.gravatar.com\/avatar\/e0a867bdedb85fd243eadf09663511f96fc81e0720a4a42581f334ad4303aa6b?s=96&d=mm&r=g\",\"contentUrl\":\"https:\/\/secure.gravatar.com\/avatar\/e0a867bdedb85fd243eadf09663511f96fc81e0720a4a42581f334ad4303aa6b?s=96&d=mm&r=g\",\"caption\":\"Reda\u00e7\u00e3o\"}}]}<\/script>\n<!-- \/ Yoast SEO plugin. -->","yoast_head_json":{"title":"Ver\u00e3o chega com calor acima da m\u00e9dia hist\u00f3rica - Notibras","robots":{"index":"index","follow":"follow","max-snippet":"max-snippet:-1","max-image-preview":"max-image-preview:large","max-video-preview":"max-video-preview:-1"},"canonical":"https:\/\/www.notibras.com\/site\/verao-chega-com-calor-acima-da-media-historica\/","og_locale":"pt_BR","og_type":"article","og_title":"Ver\u00e3o chega com calor acima da m\u00e9dia hist\u00f3rica - Notibras","og_description":"J\u00e1 \u00e9 ver\u00e3o no Brasil. Mais precisamente desde a 0h27 desta sexta-feira (22), quando a esta\u00e7\u00e3o come\u00e7ou em todo o Hemisf\u00e9rio Sul. Depois de um ano marcado por ondas at\u00edpicas de calor, a previs\u00e3o \u00e9 de temperaturas acima da m\u00e9dia hist\u00f3rica, segundo relat\u00f3rio clim\u00e1tico produzido pelo Instituto Nacional de Meteorologia (Inmet), em parceria com o [&hellip;]","og_url":"https:\/\/www.notibras.com\/site\/verao-chega-com-calor-acima-da-media-historica\/","og_site_name":"Notibras","article_publisher":"https:\/\/www.facebook.com\/notibras\/","article_published_time":"2023-12-22T09:04:43+00:00","article_modified_time":"2023-12-22T12:07:56+00:00","og_image":[{"width":1024,"height":576,"url":"https:\/\/www.notibras.com\/site\/wp-content\/uploads\/2019\/02\/brasilia-seca.jpg","type":"image\/jpeg"}],"author":"Reda\u00e7\u00e3o","twitter_card":"summary_large_image","twitter_creator":"@Notibras","twitter_site":"@Notibras","twitter_misc":{"Escrito por":"Reda\u00e7\u00e3o","Est. tempo de leitura":"4 minutos"},"schema":{"@context":"https:\/\/schema.org","@graph":[{"@type":"Article","@id":"https:\/\/www.notibras.com\/site\/verao-chega-com-calor-acima-da-media-historica\/#article","isPartOf":{"@id":"https:\/\/www.notibras.com\/site\/verao-chega-com-calor-acima-da-media-historica\/"},"author":{"name":"Reda\u00e7\u00e3o","@id":"https:\/\/www.notibras.com\/site\/#\/schema\/person\/36ab0979449956132d3e5b517ea76ac8"},"headline":"Ver\u00e3o chega com calor acima da m\u00e9dia hist\u00f3rica","datePublished":"2023-12-22T09:04:43+00:00","dateModified":"2023-12-22T12:07:56+00:00","mainEntityOfPage":{"@id":"https:\/\/www.notibras.com\/site\/verao-chega-com-calor-acima-da-media-historica\/"},"wordCount":693,"publisher":{"@id":"https:\/\/www.notibras.com\/site\/#organization"},"image":{"@id":"https:\/\/www.notibras.com\/site\/verao-chega-com-calor-acima-da-media-historica\/#primaryimage"},"thumbnailUrl":"https:\/\/www.notibras.com\/site\/wp-content\/uploads\/2019\/02\/brasilia-seca.jpg","articleSection":["Quadradinho em Foco"],"inLanguage":"pt-BR"},{"@type":"WebPage","@id":"https:\/\/www.notibras.com\/site\/verao-chega-com-calor-acima-da-media-historica\/","url":"https:\/\/www.notibras.com\/site\/verao-chega-com-calor-acima-da-media-historica\/","name":"Ver\u00e3o chega com calor acima da m\u00e9dia hist\u00f3rica - Notibras","isPartOf":{"@id":"https:\/\/www.notibras.com\/site\/#website"},"primaryImageOfPage":{"@id":"https:\/\/www.notibras.com\/site\/verao-chega-com-calor-acima-da-media-historica\/#primaryimage"},"image":{"@id":"https:\/\/www.notibras.com\/site\/verao-chega-com-calor-acima-da-media-historica\/#primaryimage"},"thumbnailUrl":"https:\/\/www.notibras.com\/site\/wp-content\/uploads\/2019\/02\/brasilia-seca.jpg","datePublished":"2023-12-22T09:04:43+00:00","dateModified":"2023-12-22T12:07:56+00:00","breadcrumb":{"@id":"https:\/\/www.notibras.com\/site\/verao-chega-com-calor-acima-da-media-historica\/#breadcrumb"},"inLanguage":"pt-BR","potentialAction":[{"@type":"ReadAction","target":["https:\/\/www.notibras.com\/site\/verao-chega-com-calor-acima-da-media-historica\/"]}]},{"@type":"ImageObject","inLanguage":"pt-BR","@id":"https:\/\/www.notibras.com\/site\/verao-chega-com-calor-acima-da-media-historica\/#primaryimage","url":"https:\/\/www.notibras.com\/site\/wp-content\/uploads\/2019\/02\/brasilia-seca.jpg","contentUrl":"https:\/\/www.notibras.com\/site\/wp-content\/uploads\/2019\/02\/brasilia-seca.jpg","width":1024,"height":576},{"@type":"BreadcrumbList","@id":"https:\/\/www.notibras.com\/site\/verao-chega-com-calor-acima-da-media-historica\/#breadcrumb","itemListElement":[{"@type":"ListItem","position":1,"name":"In\u00edcio","item":"https:\/\/www.notibras.com\/site\/"},{"@type":"ListItem","position":2,"name":"Ver\u00e3o chega com calor acima da m\u00e9dia hist\u00f3rica"}]},{"@type":"WebSite","@id":"https:\/\/www.notibras.com\/site\/#website","url":"https:\/\/www.notibras.com\/site\/","name":"Notibras","description":"Not\u00edcias de Bras\u00edlia, do Brasil e do Mundo","publisher":{"@id":"https:\/\/www.notibras.com\/site\/#organization"},"potentialAction":[{"@type":"SearchAction","target":{"@type":"EntryPoint","urlTemplate":"https:\/\/www.notibras.com\/site\/?s={search_term_string}"},"query-input":{"@type":"PropertyValueSpecification","valueRequired":true,"valueName":"search_term_string"}}],"inLanguage":"pt-BR"},{"@type":"Organization","@id":"https:\/\/www.notibras.com\/site\/#organization","name":"Grupo Notibras de Comunica\u00e7\u00e3o","url":"https:\/\/www.notibras.com\/site\/","logo":{"@type":"ImageObject","inLanguage":"pt-BR","@id":"https:\/\/www.notibras.com\/site\/#\/schema\/logo\/image\/","url":"https:\/\/www.notibras.com\/site\/wp-content\/uploads\/2023\/01\/notibras23.png","contentUrl":"https:\/\/www.notibras.com\/site\/wp-content\/uploads\/2023\/01\/notibras23.png","width":350,"height":87,"caption":"Grupo Notibras de Comunica\u00e7\u00e3o"},"image":{"@id":"https:\/\/www.notibras.com\/site\/#\/schema\/logo\/image\/"},"sameAs":["https:\/\/www.facebook.com\/notibras\/","https:\/\/x.com\/Notibras","https:\/\/www.instagram.com\/notibras\/"]},{"@type":"Person","@id":"https:\/\/www.notibras.com\/site\/#\/schema\/person\/36ab0979449956132d3e5b517ea76ac8","name":"Reda\u00e7\u00e3o","image":{"@type":"ImageObject","inLanguage":"pt-BR","@id":"https:\/\/secure.gravatar.com\/avatar\/e0a867bdedb85fd243eadf09663511f96fc81e0720a4a42581f334ad4303aa6b?s=96&d=mm&r=g","url":"https:\/\/secure.gravatar.com\/avatar\/e0a867bdedb85fd243eadf09663511f96fc81e0720a4a42581f334ad4303aa6b?s=96&d=mm&r=g","contentUrl":"https:\/\/secure.gravatar.com\/avatar\/e0a867bdedb85fd243eadf09663511f96fc81e0720a4a42581f334ad4303aa6b?s=96&d=mm&r=g","caption":"Reda\u00e7\u00e3o"}}]}},"amp_enabled":true,"_links":{"self":[{"href":"https:\/\/www.notibras.com\/site\/wp-json\/wp\/v2\/posts\/319555","targetHints":{"allow":["GET"]}}],"collection":[{"href":"https:\/\/www.notibras.com\/site\/wp-json\/wp\/v2\/posts"}],"about":[{"href":"https:\/\/www.notibras.com\/site\/wp-json\/wp\/v2\/types\/post"}],"author":[{"embeddable":true,"href":"https:\/\/www.notibras.com\/site\/wp-json\/wp\/v2\/users\/2"}],"replies":[{"embeddable":true,"href":"https:\/\/www.notibras.com\/site\/wp-json\/wp\/v2\/comments?post=319555"}],"version-history":[{"count":1,"href":"https:\/\/www.notibras.com\/site\/wp-json\/wp\/v2\/posts\/319555\/revisions"}],"predecessor-version":[{"id":319556,"href":"https:\/\/www.notibras.com\/site\/wp-json\/wp\/v2\/posts\/319555\/revisions\/319556"}],"wp:featuredmedia":[{"embeddable":true,"href":"https:\/\/www.notibras.com\/site\/wp-json\/wp\/v2\/media\/201410"}],"wp:attachment":[{"href":"https:\/\/www.notibras.com\/site\/wp-json\/wp\/v2\/media?parent=319555"}],"wp:term":[{"taxonomy":"category","embeddable":true,"href":"https:\/\/www.notibras.com\/site\/wp-json\/wp\/v2\/categories?post=319555"},{"taxonomy":"post_tag","embeddable":true,"href":"https:\/\/www.notibras.com\/site\/wp-json\/wp\/v2\/tags?post=319555"}],"curies":[{"name":"wp","href":"https:\/\/api.w.org\/{rel}","templated":true}]}}