{"id":319563,"date":"2023-12-22T00:00:15","date_gmt":"2023-12-22T03:00:15","guid":{"rendered":"https:\/\/www.notibras.com\/site\/?p=319563"},"modified":"2023-12-22T09:23:29","modified_gmt":"2023-12-22T12:23:29","slug":"terceirizados-do-planalto-ganham-recesso-de-fim-de-ano","status":"publish","type":"post","link":"https:\/\/www.notibras.com\/site\/terceirizados-do-planalto-ganham-recesso-de-fim-de-ano\/","title":{"rendered":"Terceirizados do Planalto ganham recesso de fim de ano"},"content":{"rendered":"<p>Em evento de confraterniza\u00e7\u00e3o com trabalhadores terceirizados do Pal\u00e1cio do Planalto, nesta quinta-feira (21), o presidente Luiz In\u00e1cio Lula da Silva anunciou que a categoria passar\u00e1 a ter direito a recesso de fim de ano, como ocorre com os servidores p\u00fablicos. Na ocasi\u00e3o, Lula discursou, abra\u00e7ou e tirou fotos com dezenas de funcion\u00e1rios, especialmente o pessoal da limpeza.<\/p>\n<p>&#8220;O que \u00e9 importante a gente dizer \u00e9 que os servidores terceirizados do Pal\u00e1cio do Planalto importam, e que a gente tem que cuidar de voc\u00eas com respeito e com cidadania. Hoje, eu s\u00f3 tenho um aviso para dar para voc\u00eas, que voc\u00eas v\u00e3o come\u00e7ar a ter recesso que todo servidor p\u00fablico tem que ter. Voc\u00eas podem escolher ou descansar na semana entre o Natal e o ano novo, ou tirar o recesso na semana depois do ano novo. \u00c9 uma portaria que j\u00e1 foi assinada pela nossa ministra da Gest\u00e3o&#8221;, afirmou o presidente, seguido por muitos aplausos dos terceirizados. Normalmente, servidores p\u00fablicos tiram uma semana de recesso no per\u00edodo de Natal ou ano novo, de forma escalonada, e com posterior compensa\u00e7\u00e3o.<\/p>\n<p>Lula tamb\u00e9m se comprometeu a melhorar as condi\u00e7\u00f5es de trabalho dos terceirizados que trabalham na sede do Poder Executivo.<\/p>\n<p>&#8220;Eu estou estudando o contrato que a empresa [em] que voc\u00eas trabalham tem com Pal\u00e1cio do Planalto. Obviamente que eu n\u00e3o posso fazer para todo mundo, mas eu quero assumir o compromisso com voc\u00eas de que os servidores de terceirizados que trabalham no Pal\u00e1cio do Planalto ser\u00e3o tratados de forma diferenciada, porque trabalhar no pal\u00e1cio presidencial deve ser uma promo\u00e7\u00e3o&#8221;, acrescentou.<\/p>\n<p>O presidente tamb\u00e9m lembrou o encontro anterior que teve com os funcion\u00e1rios da limpeza, dias ap\u00f3s os ataques golpistas de 8 de janeiro, que deixaram um rastro de destrui\u00e7\u00e3o na sede da Presid\u00eancia da Rep\u00fablica.<\/p>\n<p>Ap\u00f3s o discurso de Lula, a ministra da Gest\u00e3o e Inova\u00e7\u00e3o em Servi\u00e7os P\u00fablicos, Ester Dweck, afirmou que a pasta est\u00e1 estudando uma revis\u00e3o nos contratos com as empresas que fornecem m\u00e3o de obra terceirizada para o governo federal.<\/p>\n<p>&#8220;A gente tem que tratar os terceirizados de forma decente, n\u00e3o pode ser um trabalho precarizado. Esse \u00e9 o pedido dele [Lula], que inclui o tratamento salarial, o tratamento de direitos, ao recesso, direito aos feriados, ent\u00e3o a a gente discutiu isso ao longo do ano e vai implementar a partir de segunda-feira. A gente vai explicar para todo mundo direitinho, todas as empresas ser\u00e3o avisadas e a gente vai garantir que voc\u00eas tenham o mesmo tratamento que todos os demais trabalhadores aqui do governo federal&#8221;, destacou a ministra.<\/p>\n","protected":false},"excerpt":{"rendered":"<p>Em evento de confraterniza\u00e7\u00e3o com trabalhadores terceirizados do Pal\u00e1cio do Planalto, nesta quinta-feira (21), o presidente Luiz In\u00e1cio Lula da Silva anunciou que a categoria passar\u00e1 a ter direito a recesso de fim de ano, como ocorre com os servidores p\u00fablicos. Na ocasi\u00e3o, Lula discursou, abra\u00e7ou e tirou fotos com dezenas de funcion\u00e1rios, especialmente o [&hellip;]<\/p>\n","protected":false},"author":2,"featured_media":319564,"comment_status":"closed","ping_status":"closed","sticky":false,"template":"","format":"standard","meta":{"_acf_changed":false,"footnotes":""},"categories":[161],"tags":[],"class_list":["post-319563","post","type-post","status-publish","format-standard","has-post-thumbnail","hentry","category-quadradinho-em-foco"],"acf":[],"yoast_head":"<!-- This site is optimized with the Yoast SEO plugin v27.2 - https:\/\/yoast.com\/product\/yoast-seo-wordpress\/ -->\n<title>Terceirizados do Planalto ganham recesso de fim de ano - Notibras<\/title>\n<meta name=\"robots\" content=\"index, follow, max-snippet:-1, max-image-preview:large, max-video-preview:-1\" \/>\n<link rel=\"canonical\" href=\"https:\/\/www.notibras.com\/site\/terceirizados-do-planalto-ganham-recesso-de-fim-de-ano\/\" \/>\n<meta property=\"og:locale\" content=\"pt_BR\" \/>\n<meta property=\"og:type\" content=\"article\" \/>\n<meta property=\"og:title\" content=\"Terceirizados do Planalto ganham recesso de fim de ano - Notibras\" \/>\n<meta property=\"og:description\" content=\"Em evento de confraterniza\u00e7\u00e3o com trabalhadores terceirizados do Pal\u00e1cio do Planalto, nesta quinta-feira (21), o presidente Luiz In\u00e1cio Lula da Silva anunciou que a categoria passar\u00e1 a ter direito a recesso de fim de ano, como ocorre com os servidores p\u00fablicos. Na ocasi\u00e3o, Lula discursou, abra\u00e7ou e tirou fotos com dezenas de funcion\u00e1rios, especialmente o [&hellip;]\" \/>\n<meta property=\"og:url\" content=\"https:\/\/www.notibras.com\/site\/terceirizados-do-planalto-ganham-recesso-de-fim-de-ano\/\" \/>\n<meta property=\"og:site_name\" content=\"Notibras\" \/>\n<meta property=\"article:publisher\" content=\"https:\/\/www.facebook.com\/notibras\/\" \/>\n<meta property=\"article:published_time\" content=\"2023-12-22T03:00:15+00:00\" \/>\n<meta property=\"article:modified_time\" content=\"2023-12-22T12:23:29+00:00\" \/>\n<meta property=\"og:image\" content=\"https:\/\/www.notibras.com\/site\/wp-content\/uploads\/2023\/12\/recesso.ter_.webp\" \/>\n\t<meta property=\"og:image:width\" content=\"1170\" \/>\n\t<meta property=\"og:image:height\" content=\"700\" \/>\n\t<meta property=\"og:image:type\" content=\"image\/webp\" \/>\n<meta name=\"author\" content=\"Reda\u00e7\u00e3o\" \/>\n<meta name=\"twitter:card\" content=\"summary_large_image\" \/>\n<meta name=\"twitter:creator\" content=\"@Notibras\" \/>\n<meta name=\"twitter:site\" content=\"@Notibras\" \/>\n<meta name=\"twitter:label1\" content=\"Escrito por\" \/>\n\t<meta name=\"twitter:data1\" content=\"Reda\u00e7\u00e3o\" \/>\n\t<meta name=\"twitter:label2\" content=\"Est. tempo de leitura\" \/>\n\t<meta name=\"twitter:data2\" content=\"3 minutos\" \/>\n<script type=\"application\/ld+json\" class=\"yoast-schema-graph\">{\"@context\":\"https:\/\/schema.org\",\"@graph\":[{\"@type\":\"Article\",\"@id\":\"https:\/\/www.notibras.com\/site\/terceirizados-do-planalto-ganham-recesso-de-fim-de-ano\/#article\",\"isPartOf\":{\"@id\":\"https:\/\/www.notibras.com\/site\/terceirizados-do-planalto-ganham-recesso-de-fim-de-ano\/\"},\"author\":{\"name\":\"Reda\u00e7\u00e3o\",\"@id\":\"https:\/\/www.notibras.com\/site\/#\/schema\/person\/36ab0979449956132d3e5b517ea76ac8\"},\"headline\":\"Terceirizados do Planalto ganham recesso de fim de ano\",\"datePublished\":\"2023-12-22T03:00:15+00:00\",\"dateModified\":\"2023-12-22T12:23:29+00:00\",\"mainEntityOfPage\":{\"@id\":\"https:\/\/www.notibras.com\/site\/terceirizados-do-planalto-ganham-recesso-de-fim-de-ano\/\"},\"wordCount\":472,\"publisher\":{\"@id\":\"https:\/\/www.notibras.com\/site\/#organization\"},\"image\":{\"@id\":\"https:\/\/www.notibras.com\/site\/terceirizados-do-planalto-ganham-recesso-de-fim-de-ano\/#primaryimage\"},\"thumbnailUrl\":\"https:\/\/www.notibras.com\/site\/wp-content\/uploads\/2023\/12\/recesso.ter_.webp\",\"articleSection\":[\"Quadradinho em Foco\"],\"inLanguage\":\"pt-BR\"},{\"@type\":\"WebPage\",\"@id\":\"https:\/\/www.notibras.com\/site\/terceirizados-do-planalto-ganham-recesso-de-fim-de-ano\/\",\"url\":\"https:\/\/www.notibras.com\/site\/terceirizados-do-planalto-ganham-recesso-de-fim-de-ano\/\",\"name\":\"Terceirizados do Planalto ganham recesso de fim de ano - Notibras\",\"isPartOf\":{\"@id\":\"https:\/\/www.notibras.com\/site\/#website\"},\"primaryImageOfPage\":{\"@id\":\"https:\/\/www.notibras.com\/site\/terceirizados-do-planalto-ganham-recesso-de-fim-de-ano\/#primaryimage\"},\"image\":{\"@id\":\"https:\/\/www.notibras.com\/site\/terceirizados-do-planalto-ganham-recesso-de-fim-de-ano\/#primaryimage\"},\"thumbnailUrl\":\"https:\/\/www.notibras.com\/site\/wp-content\/uploads\/2023\/12\/recesso.ter_.webp\",\"datePublished\":\"2023-12-22T03:00:15+00:00\",\"dateModified\":\"2023-12-22T12:23:29+00:00\",\"breadcrumb\":{\"@id\":\"https:\/\/www.notibras.com\/site\/terceirizados-do-planalto-ganham-recesso-de-fim-de-ano\/#breadcrumb\"},\"inLanguage\":\"pt-BR\",\"potentialAction\":[{\"@type\":\"ReadAction\",\"target\":[\"https:\/\/www.notibras.com\/site\/terceirizados-do-planalto-ganham-recesso-de-fim-de-ano\/\"]}]},{\"@type\":\"ImageObject\",\"inLanguage\":\"pt-BR\",\"@id\":\"https:\/\/www.notibras.com\/site\/terceirizados-do-planalto-ganham-recesso-de-fim-de-ano\/#primaryimage\",\"url\":\"https:\/\/www.notibras.com\/site\/wp-content\/uploads\/2023\/12\/recesso.ter_.webp\",\"contentUrl\":\"https:\/\/www.notibras.com\/site\/wp-content\/uploads\/2023\/12\/recesso.ter_.webp\",\"width\":1170,\"height\":700},{\"@type\":\"BreadcrumbList\",\"@id\":\"https:\/\/www.notibras.com\/site\/terceirizados-do-planalto-ganham-recesso-de-fim-de-ano\/#breadcrumb\",\"itemListElement\":[{\"@type\":\"ListItem\",\"position\":1,\"name\":\"In\u00edcio\",\"item\":\"https:\/\/www.notibras.com\/site\/\"},{\"@type\":\"ListItem\",\"position\":2,\"name\":\"Terceirizados do Planalto ganham recesso de fim de ano\"}]},{\"@type\":\"WebSite\",\"@id\":\"https:\/\/www.notibras.com\/site\/#website\",\"url\":\"https:\/\/www.notibras.com\/site\/\",\"name\":\"Notibras\",\"description\":\"Not\u00edcias de Bras\u00edlia, do Brasil e do Mundo\",\"publisher\":{\"@id\":\"https:\/\/www.notibras.com\/site\/#organization\"},\"potentialAction\":[{\"@type\":\"SearchAction\",\"target\":{\"@type\":\"EntryPoint\",\"urlTemplate\":\"https:\/\/www.notibras.com\/site\/?s={search_term_string}\"},\"query-input\":{\"@type\":\"PropertyValueSpecification\",\"valueRequired\":true,\"valueName\":\"search_term_string\"}}],\"inLanguage\":\"pt-BR\"},{\"@type\":\"Organization\",\"@id\":\"https:\/\/www.notibras.com\/site\/#organization\",\"name\":\"Grupo Notibras de Comunica\u00e7\u00e3o\",\"url\":\"https:\/\/www.notibras.com\/site\/\",\"logo\":{\"@type\":\"ImageObject\",\"inLanguage\":\"pt-BR\",\"@id\":\"https:\/\/www.notibras.com\/site\/#\/schema\/logo\/image\/\",\"url\":\"https:\/\/www.notibras.com\/site\/wp-content\/uploads\/2023\/01\/notibras23.png\",\"contentUrl\":\"https:\/\/www.notibras.com\/site\/wp-content\/uploads\/2023\/01\/notibras23.png\",\"width\":350,\"height\":87,\"caption\":\"Grupo Notibras de Comunica\u00e7\u00e3o\"},\"image\":{\"@id\":\"https:\/\/www.notibras.com\/site\/#\/schema\/logo\/image\/\"},\"sameAs\":[\"https:\/\/www.facebook.com\/notibras\/\",\"https:\/\/x.com\/Notibras\",\"https:\/\/www.instagram.com\/notibras\/\"]},{\"@type\":\"Person\",\"@id\":\"https:\/\/www.notibras.com\/site\/#\/schema\/person\/36ab0979449956132d3e5b517ea76ac8\",\"name\":\"Reda\u00e7\u00e3o\",\"image\":{\"@type\":\"ImageObject\",\"inLanguage\":\"pt-BR\",\"@id\":\"https:\/\/secure.gravatar.com\/avatar\/e0a867bdedb85fd243eadf09663511f96fc81e0720a4a42581f334ad4303aa6b?s=96&d=mm&r=g\",\"url\":\"https:\/\/secure.gravatar.com\/avatar\/e0a867bdedb85fd243eadf09663511f96fc81e0720a4a42581f334ad4303aa6b?s=96&d=mm&r=g\",\"contentUrl\":\"https:\/\/secure.gravatar.com\/avatar\/e0a867bdedb85fd243eadf09663511f96fc81e0720a4a42581f334ad4303aa6b?s=96&d=mm&r=g\",\"caption\":\"Reda\u00e7\u00e3o\"}}]}<\/script>\n<!-- \/ Yoast SEO plugin. -->","yoast_head_json":{"title":"Terceirizados do Planalto ganham recesso de fim de ano - Notibras","robots":{"index":"index","follow":"follow","max-snippet":"max-snippet:-1","max-image-preview":"max-image-preview:large","max-video-preview":"max-video-preview:-1"},"canonical":"https:\/\/www.notibras.com\/site\/terceirizados-do-planalto-ganham-recesso-de-fim-de-ano\/","og_locale":"pt_BR","og_type":"article","og_title":"Terceirizados do Planalto ganham recesso de fim de ano - Notibras","og_description":"Em evento de confraterniza\u00e7\u00e3o com trabalhadores terceirizados do Pal\u00e1cio do Planalto, nesta quinta-feira (21), o presidente Luiz In\u00e1cio Lula da Silva anunciou que a categoria passar\u00e1 a ter direito a recesso de fim de ano, como ocorre com os servidores p\u00fablicos. Na ocasi\u00e3o, Lula discursou, abra\u00e7ou e tirou fotos com dezenas de funcion\u00e1rios, especialmente o [&hellip;]","og_url":"https:\/\/www.notibras.com\/site\/terceirizados-do-planalto-ganham-recesso-de-fim-de-ano\/","og_site_name":"Notibras","article_publisher":"https:\/\/www.facebook.com\/notibras\/","article_published_time":"2023-12-22T03:00:15+00:00","article_modified_time":"2023-12-22T12:23:29+00:00","og_image":[{"width":1170,"height":700,"url":"https:\/\/www.notibras.com\/site\/wp-content\/uploads\/2023\/12\/recesso.ter_.webp","type":"image\/webp"}],"author":"Reda\u00e7\u00e3o","twitter_card":"summary_large_image","twitter_creator":"@Notibras","twitter_site":"@Notibras","twitter_misc":{"Escrito por":"Reda\u00e7\u00e3o","Est. tempo de leitura":"3 minutos"},"schema":{"@context":"https:\/\/schema.org","@graph":[{"@type":"Article","@id":"https:\/\/www.notibras.com\/site\/terceirizados-do-planalto-ganham-recesso-de-fim-de-ano\/#article","isPartOf":{"@id":"https:\/\/www.notibras.com\/site\/terceirizados-do-planalto-ganham-recesso-de-fim-de-ano\/"},"author":{"name":"Reda\u00e7\u00e3o","@id":"https:\/\/www.notibras.com\/site\/#\/schema\/person\/36ab0979449956132d3e5b517ea76ac8"},"headline":"Terceirizados do Planalto ganham recesso de fim de ano","datePublished":"2023-12-22T03:00:15+00:00","dateModified":"2023-12-22T12:23:29+00:00","mainEntityOfPage":{"@id":"https:\/\/www.notibras.com\/site\/terceirizados-do-planalto-ganham-recesso-de-fim-de-ano\/"},"wordCount":472,"publisher":{"@id":"https:\/\/www.notibras.com\/site\/#organization"},"image":{"@id":"https:\/\/www.notibras.com\/site\/terceirizados-do-planalto-ganham-recesso-de-fim-de-ano\/#primaryimage"},"thumbnailUrl":"https:\/\/www.notibras.com\/site\/wp-content\/uploads\/2023\/12\/recesso.ter_.webp","articleSection":["Quadradinho em Foco"],"inLanguage":"pt-BR"},{"@type":"WebPage","@id":"https:\/\/www.notibras.com\/site\/terceirizados-do-planalto-ganham-recesso-de-fim-de-ano\/","url":"https:\/\/www.notibras.com\/site\/terceirizados-do-planalto-ganham-recesso-de-fim-de-ano\/","name":"Terceirizados do Planalto ganham recesso de fim de ano - Notibras","isPartOf":{"@id":"https:\/\/www.notibras.com\/site\/#website"},"primaryImageOfPage":{"@id":"https:\/\/www.notibras.com\/site\/terceirizados-do-planalto-ganham-recesso-de-fim-de-ano\/#primaryimage"},"image":{"@id":"https:\/\/www.notibras.com\/site\/terceirizados-do-planalto-ganham-recesso-de-fim-de-ano\/#primaryimage"},"thumbnailUrl":"https:\/\/www.notibras.com\/site\/wp-content\/uploads\/2023\/12\/recesso.ter_.webp","datePublished":"2023-12-22T03:00:15+00:00","dateModified":"2023-12-22T12:23:29+00:00","breadcrumb":{"@id":"https:\/\/www.notibras.com\/site\/terceirizados-do-planalto-ganham-recesso-de-fim-de-ano\/#breadcrumb"},"inLanguage":"pt-BR","potentialAction":[{"@type":"ReadAction","target":["https:\/\/www.notibras.com\/site\/terceirizados-do-planalto-ganham-recesso-de-fim-de-ano\/"]}]},{"@type":"ImageObject","inLanguage":"pt-BR","@id":"https:\/\/www.notibras.com\/site\/terceirizados-do-planalto-ganham-recesso-de-fim-de-ano\/#primaryimage","url":"https:\/\/www.notibras.com\/site\/wp-content\/uploads\/2023\/12\/recesso.ter_.webp","contentUrl":"https:\/\/www.notibras.com\/site\/wp-content\/uploads\/2023\/12\/recesso.ter_.webp","width":1170,"height":700},{"@type":"BreadcrumbList","@id":"https:\/\/www.notibras.com\/site\/terceirizados-do-planalto-ganham-recesso-de-fim-de-ano\/#breadcrumb","itemListElement":[{"@type":"ListItem","position":1,"name":"In\u00edcio","item":"https:\/\/www.notibras.com\/site\/"},{"@type":"ListItem","position":2,"name":"Terceirizados do Planalto ganham recesso de fim de ano"}]},{"@type":"WebSite","@id":"https:\/\/www.notibras.com\/site\/#website","url":"https:\/\/www.notibras.com\/site\/","name":"Notibras","description":"Not\u00edcias de Bras\u00edlia, do Brasil e do Mundo","publisher":{"@id":"https:\/\/www.notibras.com\/site\/#organization"},"potentialAction":[{"@type":"SearchAction","target":{"@type":"EntryPoint","urlTemplate":"https:\/\/www.notibras.com\/site\/?s={search_term_string}"},"query-input":{"@type":"PropertyValueSpecification","valueRequired":true,"valueName":"search_term_string"}}],"inLanguage":"pt-BR"},{"@type":"Organization","@id":"https:\/\/www.notibras.com\/site\/#organization","name":"Grupo Notibras de Comunica\u00e7\u00e3o","url":"https:\/\/www.notibras.com\/site\/","logo":{"@type":"ImageObject","inLanguage":"pt-BR","@id":"https:\/\/www.notibras.com\/site\/#\/schema\/logo\/image\/","url":"https:\/\/www.notibras.com\/site\/wp-content\/uploads\/2023\/01\/notibras23.png","contentUrl":"https:\/\/www.notibras.com\/site\/wp-content\/uploads\/2023\/01\/notibras23.png","width":350,"height":87,"caption":"Grupo Notibras de Comunica\u00e7\u00e3o"},"image":{"@id":"https:\/\/www.notibras.com\/site\/#\/schema\/logo\/image\/"},"sameAs":["https:\/\/www.facebook.com\/notibras\/","https:\/\/x.com\/Notibras","https:\/\/www.instagram.com\/notibras\/"]},{"@type":"Person","@id":"https:\/\/www.notibras.com\/site\/#\/schema\/person\/36ab0979449956132d3e5b517ea76ac8","name":"Reda\u00e7\u00e3o","image":{"@type":"ImageObject","inLanguage":"pt-BR","@id":"https:\/\/secure.gravatar.com\/avatar\/e0a867bdedb85fd243eadf09663511f96fc81e0720a4a42581f334ad4303aa6b?s=96&d=mm&r=g","url":"https:\/\/secure.gravatar.com\/avatar\/e0a867bdedb85fd243eadf09663511f96fc81e0720a4a42581f334ad4303aa6b?s=96&d=mm&r=g","contentUrl":"https:\/\/secure.gravatar.com\/avatar\/e0a867bdedb85fd243eadf09663511f96fc81e0720a4a42581f334ad4303aa6b?s=96&d=mm&r=g","caption":"Reda\u00e7\u00e3o"}}]}},"amp_enabled":true,"_links":{"self":[{"href":"https:\/\/www.notibras.com\/site\/wp-json\/wp\/v2\/posts\/319563","targetHints":{"allow":["GET"]}}],"collection":[{"href":"https:\/\/www.notibras.com\/site\/wp-json\/wp\/v2\/posts"}],"about":[{"href":"https:\/\/www.notibras.com\/site\/wp-json\/wp\/v2\/types\/post"}],"author":[{"embeddable":true,"href":"https:\/\/www.notibras.com\/site\/wp-json\/wp\/v2\/users\/2"}],"replies":[{"embeddable":true,"href":"https:\/\/www.notibras.com\/site\/wp-json\/wp\/v2\/comments?post=319563"}],"version-history":[{"count":1,"href":"https:\/\/www.notibras.com\/site\/wp-json\/wp\/v2\/posts\/319563\/revisions"}],"predecessor-version":[{"id":319565,"href":"https:\/\/www.notibras.com\/site\/wp-json\/wp\/v2\/posts\/319563\/revisions\/319565"}],"wp:featuredmedia":[{"embeddable":true,"href":"https:\/\/www.notibras.com\/site\/wp-json\/wp\/v2\/media\/319564"}],"wp:attachment":[{"href":"https:\/\/www.notibras.com\/site\/wp-json\/wp\/v2\/media?parent=319563"}],"wp:term":[{"taxonomy":"category","embeddable":true,"href":"https:\/\/www.notibras.com\/site\/wp-json\/wp\/v2\/categories?post=319563"},{"taxonomy":"post_tag","embeddable":true,"href":"https:\/\/www.notibras.com\/site\/wp-json\/wp\/v2\/tags?post=319563"}],"curies":[{"name":"wp","href":"https:\/\/api.w.org\/{rel}","templated":true}]}}