{"id":319566,"date":"2023-12-22T00:00:46","date_gmt":"2023-12-22T03:00:46","guid":{"rendered":"https:\/\/www.notibras.com\/site\/?p=319566"},"modified":"2023-12-22T09:30:32","modified_gmt":"2023-12-22T12:30:32","slug":"saude-incorpora-ao-sistema-do-sus-vacina-contra-a-dengue","status":"publish","type":"post","link":"https:\/\/www.notibras.com\/site\/saude-incorpora-ao-sistema-do-sus-vacina-contra-a-dengue\/","title":{"rendered":"Sa\u00fade incorpora ao sistema do SUS vacina contra a dengue"},"content":{"rendered":"<p>O Minist\u00e9rio da Sa\u00fade decidiu incorporar, nesta quinta-feira (21), a vacina contra dengue ao Sistema \u00danico de Sa\u00fade (SUS). Segundo a ministra da Sa\u00fade, N\u00edsia Trindade, o Brasil \u00e9 o primeiro pa\u00eds do mundo a oferecer o imunizante no sistema p\u00fablico universal.<\/p>\n<p>Conhecida como Qdenga, a vacina n\u00e3o ser\u00e1 disponibilizada em larga escala em um primeiro momento, mas ser\u00e1 focada em p\u00fablico e regi\u00f5es priorit\u00e1rias. A incorpora\u00e7\u00e3o do imunizante foi analisada e aprovada pela Comiss\u00e3o Nacional de Incorpora\u00e7\u00f5es de Tecnologias no SUS (Conitec).<\/p>\n<p>\u201cO Minist\u00e9rio da Sa\u00fade avaliou a rela\u00e7\u00e3o custo-benef\u00edcio e a quest\u00e3o do acesso, j\u00e1 que em um pa\u00eds como o Brasil \u00e9 preciso ter uma quantidade de vacinas adequada para o tamanho da nossa popula\u00e7\u00e3o. A partir do parecer favor\u00e1vel da Conitec, seremos o primeiro pa\u00eds a dar o acesso p\u00fablico a essa vacina, como um imunizante do SUS. E, at\u00e9 o in\u00edcio do ano, faremos a defini\u00e7\u00e3o dos p\u00fablicos alvo levando em considera\u00e7\u00e3o a limita\u00e7\u00e3o da empresa Takeda do n\u00famero de vacinas dispon\u00edveis. Faremos prioriza\u00e7\u00f5es\u201d, explicou a ministra da Sa\u00fade, N\u00edsia Trindade.<\/p>\n<p>A estrat\u00e9gia para utiliza\u00e7\u00e3o da quantitativo de vacinas ser\u00e1 definida pelo Programa Nacional de Imuniza\u00e7\u00f5es (PNI) e pela C\u00e2mara T\u00e9cnica de Assessoramento em Imuniza\u00e7\u00e3o (CTAI) que tamb\u00e9m v\u00e3o estipular o p\u00fablico alvo priorit\u00e1rio e regi\u00f5es com maior incid\u00eancia da doen\u00e7a para aplica\u00e7\u00e3o das doses. A defini\u00e7\u00e3o dessas estrat\u00e9gias deve ocorrer nas primeiras semanas de janeiro.<\/p>\n<p>Segundo o laborat\u00f3rio, a previs\u00e3o \u00e9 que sejam entregues 5,082 milh\u00f5es de doses em 2024, entre fevereiro e novembro. O esquema vacinal \u00e9 composto por duas doses.<\/p>\n<p>O imunizante Qdenga tem registro na Ag\u00eancia Nacional de Vigil\u00e2ncia Sanit\u00e1ria (Anvisa) com indica\u00e7\u00e3o para preven\u00e7\u00e3o de dengue causada por qualquer sorotipo do v\u00edrus para pessoas de 4 a 60 anos de idade, independentemente de exposi\u00e7\u00e3o pr\u00e9via.<\/p>\n<p>Para o vice-presidente da Sociedade Brasileira de Imuniza\u00e7\u00f5es (SBIm), Renato Kfouri, a vacina ser\u00e1 importante para controlar a dengue no pa\u00eds. \u201cA dengue \u00e9 uma doen\u00e7a que impacta praticamente todo o territ\u00f3rio nacional e o controle do vetor vem sendo insuficiente para reduzir as taxas de infec\u00e7\u00e3o. Estamos fechando o ano com recorde de \u00f3bitos. A vacina, sem d\u00favida, junto com outras medidas, ser\u00e1 um importante instrumento para controle dessa doen\u00e7a\u201d, disse.<\/p>\n<p>Segundo ele, a Organiza\u00e7\u00e3o Mundial da Sa\u00fade preconiza entre 6 e 16 anos de idade como a faixa et\u00e1ria ideal de introdu\u00e7\u00e3o da vacina. Dentro dessa faixa et\u00e1ria, j\u00e1 h\u00e1 outros imunizantes que podem ser associados \u00e0 aplica\u00e7\u00e3o da vacina da dengue e otimizar os atendimentos nos hospitais.<\/p>\n","protected":false},"excerpt":{"rendered":"<p>O Minist\u00e9rio da Sa\u00fade decidiu incorporar, nesta quinta-feira (21), a vacina contra dengue ao Sistema \u00danico de Sa\u00fade (SUS). Segundo a ministra da Sa\u00fade, N\u00edsia Trindade, o Brasil \u00e9 o primeiro pa\u00eds do mundo a oferecer o imunizante no sistema p\u00fablico universal. Conhecida como Qdenga, a vacina n\u00e3o ser\u00e1 disponibilizada em larga escala em um [&hellip;]<\/p>\n","protected":false},"author":2,"featured_media":319567,"comment_status":"closed","ping_status":"closed","sticky":false,"template":"","format":"standard","meta":{"_acf_changed":false,"footnotes":""},"categories":[161],"tags":[],"class_list":["post-319566","post","type-post","status-publish","format-standard","has-post-thumbnail","hentry","category-quadradinho-em-foco"],"acf":[],"yoast_head":"<!-- This site is optimized with the Yoast SEO plugin v27.2 - https:\/\/yoast.com\/product\/yoast-seo-wordpress\/ -->\n<title>Sa\u00fade incorpora ao sistema do SUS vacina contra a dengue - Notibras<\/title>\n<meta name=\"robots\" content=\"index, follow, max-snippet:-1, max-image-preview:large, max-video-preview:-1\" \/>\n<link rel=\"canonical\" href=\"https:\/\/www.notibras.com\/site\/saude-incorpora-ao-sistema-do-sus-vacina-contra-a-dengue\/\" \/>\n<meta property=\"og:locale\" content=\"pt_BR\" \/>\n<meta property=\"og:type\" content=\"article\" \/>\n<meta property=\"og:title\" content=\"Sa\u00fade incorpora ao sistema do SUS vacina contra a dengue - Notibras\" \/>\n<meta property=\"og:description\" content=\"O Minist\u00e9rio da Sa\u00fade decidiu incorporar, nesta quinta-feira (21), a vacina contra dengue ao Sistema \u00danico de Sa\u00fade (SUS). Segundo a ministra da Sa\u00fade, N\u00edsia Trindade, o Brasil \u00e9 o primeiro pa\u00eds do mundo a oferecer o imunizante no sistema p\u00fablico universal. Conhecida como Qdenga, a vacina n\u00e3o ser\u00e1 disponibilizada em larga escala em um [&hellip;]\" \/>\n<meta property=\"og:url\" content=\"https:\/\/www.notibras.com\/site\/saude-incorpora-ao-sistema-do-sus-vacina-contra-a-dengue\/\" \/>\n<meta property=\"og:site_name\" content=\"Notibras\" \/>\n<meta property=\"article:publisher\" content=\"https:\/\/www.facebook.com\/notibras\/\" \/>\n<meta property=\"article:published_time\" content=\"2023-12-22T03:00:46+00:00\" \/>\n<meta property=\"article:modified_time\" content=\"2023-12-22T12:30:32+00:00\" \/>\n<meta property=\"og:image\" content=\"https:\/\/www.notibras.com\/site\/wp-content\/uploads\/2023\/12\/dengue.vac_.sus_.webp\" \/>\n\t<meta property=\"og:image:width\" content=\"1170\" \/>\n\t<meta property=\"og:image:height\" content=\"700\" \/>\n\t<meta property=\"og:image:type\" content=\"image\/webp\" \/>\n<meta name=\"author\" content=\"Reda\u00e7\u00e3o\" \/>\n<meta name=\"twitter:card\" content=\"summary_large_image\" \/>\n<meta name=\"twitter:creator\" content=\"@Notibras\" \/>\n<meta name=\"twitter:site\" content=\"@Notibras\" \/>\n<meta name=\"twitter:label1\" content=\"Escrito por\" \/>\n\t<meta name=\"twitter:data1\" content=\"Reda\u00e7\u00e3o\" \/>\n\t<meta name=\"twitter:label2\" content=\"Est. tempo de leitura\" \/>\n\t<meta name=\"twitter:data2\" content=\"3 minutos\" \/>\n<script type=\"application\/ld+json\" class=\"yoast-schema-graph\">{\"@context\":\"https:\/\/schema.org\",\"@graph\":[{\"@type\":\"Article\",\"@id\":\"https:\/\/www.notibras.com\/site\/saude-incorpora-ao-sistema-do-sus-vacina-contra-a-dengue\/#article\",\"isPartOf\":{\"@id\":\"https:\/\/www.notibras.com\/site\/saude-incorpora-ao-sistema-do-sus-vacina-contra-a-dengue\/\"},\"author\":{\"name\":\"Reda\u00e7\u00e3o\",\"@id\":\"https:\/\/www.notibras.com\/site\/#\/schema\/person\/36ab0979449956132d3e5b517ea76ac8\"},\"headline\":\"Sa\u00fade incorpora ao sistema do SUS vacina contra a dengue\",\"datePublished\":\"2023-12-22T03:00:46+00:00\",\"dateModified\":\"2023-12-22T12:30:32+00:00\",\"mainEntityOfPage\":{\"@id\":\"https:\/\/www.notibras.com\/site\/saude-incorpora-ao-sistema-do-sus-vacina-contra-a-dengue\/\"},\"wordCount\":487,\"publisher\":{\"@id\":\"https:\/\/www.notibras.com\/site\/#organization\"},\"image\":{\"@id\":\"https:\/\/www.notibras.com\/site\/saude-incorpora-ao-sistema-do-sus-vacina-contra-a-dengue\/#primaryimage\"},\"thumbnailUrl\":\"https:\/\/www.notibras.com\/site\/wp-content\/uploads\/2023\/12\/dengue.vac_.sus_.webp\",\"articleSection\":[\"Quadradinho em Foco\"],\"inLanguage\":\"pt-BR\"},{\"@type\":\"WebPage\",\"@id\":\"https:\/\/www.notibras.com\/site\/saude-incorpora-ao-sistema-do-sus-vacina-contra-a-dengue\/\",\"url\":\"https:\/\/www.notibras.com\/site\/saude-incorpora-ao-sistema-do-sus-vacina-contra-a-dengue\/\",\"name\":\"Sa\u00fade incorpora ao sistema do SUS vacina contra a dengue - Notibras\",\"isPartOf\":{\"@id\":\"https:\/\/www.notibras.com\/site\/#website\"},\"primaryImageOfPage\":{\"@id\":\"https:\/\/www.notibras.com\/site\/saude-incorpora-ao-sistema-do-sus-vacina-contra-a-dengue\/#primaryimage\"},\"image\":{\"@id\":\"https:\/\/www.notibras.com\/site\/saude-incorpora-ao-sistema-do-sus-vacina-contra-a-dengue\/#primaryimage\"},\"thumbnailUrl\":\"https:\/\/www.notibras.com\/site\/wp-content\/uploads\/2023\/12\/dengue.vac_.sus_.webp\",\"datePublished\":\"2023-12-22T03:00:46+00:00\",\"dateModified\":\"2023-12-22T12:30:32+00:00\",\"breadcrumb\":{\"@id\":\"https:\/\/www.notibras.com\/site\/saude-incorpora-ao-sistema-do-sus-vacina-contra-a-dengue\/#breadcrumb\"},\"inLanguage\":\"pt-BR\",\"potentialAction\":[{\"@type\":\"ReadAction\",\"target\":[\"https:\/\/www.notibras.com\/site\/saude-incorpora-ao-sistema-do-sus-vacina-contra-a-dengue\/\"]}]},{\"@type\":\"ImageObject\",\"inLanguage\":\"pt-BR\",\"@id\":\"https:\/\/www.notibras.com\/site\/saude-incorpora-ao-sistema-do-sus-vacina-contra-a-dengue\/#primaryimage\",\"url\":\"https:\/\/www.notibras.com\/site\/wp-content\/uploads\/2023\/12\/dengue.vac_.sus_.webp\",\"contentUrl\":\"https:\/\/www.notibras.com\/site\/wp-content\/uploads\/2023\/12\/dengue.vac_.sus_.webp\",\"width\":1170,\"height\":700},{\"@type\":\"BreadcrumbList\",\"@id\":\"https:\/\/www.notibras.com\/site\/saude-incorpora-ao-sistema-do-sus-vacina-contra-a-dengue\/#breadcrumb\",\"itemListElement\":[{\"@type\":\"ListItem\",\"position\":1,\"name\":\"In\u00edcio\",\"item\":\"https:\/\/www.notibras.com\/site\/\"},{\"@type\":\"ListItem\",\"position\":2,\"name\":\"Sa\u00fade incorpora ao sistema do SUS vacina contra a dengue\"}]},{\"@type\":\"WebSite\",\"@id\":\"https:\/\/www.notibras.com\/site\/#website\",\"url\":\"https:\/\/www.notibras.com\/site\/\",\"name\":\"Notibras\",\"description\":\"Not\u00edcias de Bras\u00edlia, do Brasil e do Mundo\",\"publisher\":{\"@id\":\"https:\/\/www.notibras.com\/site\/#organization\"},\"potentialAction\":[{\"@type\":\"SearchAction\",\"target\":{\"@type\":\"EntryPoint\",\"urlTemplate\":\"https:\/\/www.notibras.com\/site\/?s={search_term_string}\"},\"query-input\":{\"@type\":\"PropertyValueSpecification\",\"valueRequired\":true,\"valueName\":\"search_term_string\"}}],\"inLanguage\":\"pt-BR\"},{\"@type\":\"Organization\",\"@id\":\"https:\/\/www.notibras.com\/site\/#organization\",\"name\":\"Grupo Notibras de Comunica\u00e7\u00e3o\",\"url\":\"https:\/\/www.notibras.com\/site\/\",\"logo\":{\"@type\":\"ImageObject\",\"inLanguage\":\"pt-BR\",\"@id\":\"https:\/\/www.notibras.com\/site\/#\/schema\/logo\/image\/\",\"url\":\"https:\/\/www.notibras.com\/site\/wp-content\/uploads\/2023\/01\/notibras23.png\",\"contentUrl\":\"https:\/\/www.notibras.com\/site\/wp-content\/uploads\/2023\/01\/notibras23.png\",\"width\":350,\"height\":87,\"caption\":\"Grupo Notibras de Comunica\u00e7\u00e3o\"},\"image\":{\"@id\":\"https:\/\/www.notibras.com\/site\/#\/schema\/logo\/image\/\"},\"sameAs\":[\"https:\/\/www.facebook.com\/notibras\/\",\"https:\/\/x.com\/Notibras\",\"https:\/\/www.instagram.com\/notibras\/\"]},{\"@type\":\"Person\",\"@id\":\"https:\/\/www.notibras.com\/site\/#\/schema\/person\/36ab0979449956132d3e5b517ea76ac8\",\"name\":\"Reda\u00e7\u00e3o\",\"image\":{\"@type\":\"ImageObject\",\"inLanguage\":\"pt-BR\",\"@id\":\"https:\/\/secure.gravatar.com\/avatar\/e0a867bdedb85fd243eadf09663511f96fc81e0720a4a42581f334ad4303aa6b?s=96&d=mm&r=g\",\"url\":\"https:\/\/secure.gravatar.com\/avatar\/e0a867bdedb85fd243eadf09663511f96fc81e0720a4a42581f334ad4303aa6b?s=96&d=mm&r=g\",\"contentUrl\":\"https:\/\/secure.gravatar.com\/avatar\/e0a867bdedb85fd243eadf09663511f96fc81e0720a4a42581f334ad4303aa6b?s=96&d=mm&r=g\",\"caption\":\"Reda\u00e7\u00e3o\"}}]}<\/script>\n<!-- \/ Yoast SEO plugin. -->","yoast_head_json":{"title":"Sa\u00fade incorpora ao sistema do SUS vacina contra a dengue - Notibras","robots":{"index":"index","follow":"follow","max-snippet":"max-snippet:-1","max-image-preview":"max-image-preview:large","max-video-preview":"max-video-preview:-1"},"canonical":"https:\/\/www.notibras.com\/site\/saude-incorpora-ao-sistema-do-sus-vacina-contra-a-dengue\/","og_locale":"pt_BR","og_type":"article","og_title":"Sa\u00fade incorpora ao sistema do SUS vacina contra a dengue - Notibras","og_description":"O Minist\u00e9rio da Sa\u00fade decidiu incorporar, nesta quinta-feira (21), a vacina contra dengue ao Sistema \u00danico de Sa\u00fade (SUS). Segundo a ministra da Sa\u00fade, N\u00edsia Trindade, o Brasil \u00e9 o primeiro pa\u00eds do mundo a oferecer o imunizante no sistema p\u00fablico universal. Conhecida como Qdenga, a vacina n\u00e3o ser\u00e1 disponibilizada em larga escala em um [&hellip;]","og_url":"https:\/\/www.notibras.com\/site\/saude-incorpora-ao-sistema-do-sus-vacina-contra-a-dengue\/","og_site_name":"Notibras","article_publisher":"https:\/\/www.facebook.com\/notibras\/","article_published_time":"2023-12-22T03:00:46+00:00","article_modified_time":"2023-12-22T12:30:32+00:00","og_image":[{"width":1170,"height":700,"url":"https:\/\/www.notibras.com\/site\/wp-content\/uploads\/2023\/12\/dengue.vac_.sus_.webp","type":"image\/webp"}],"author":"Reda\u00e7\u00e3o","twitter_card":"summary_large_image","twitter_creator":"@Notibras","twitter_site":"@Notibras","twitter_misc":{"Escrito por":"Reda\u00e7\u00e3o","Est. tempo de leitura":"3 minutos"},"schema":{"@context":"https:\/\/schema.org","@graph":[{"@type":"Article","@id":"https:\/\/www.notibras.com\/site\/saude-incorpora-ao-sistema-do-sus-vacina-contra-a-dengue\/#article","isPartOf":{"@id":"https:\/\/www.notibras.com\/site\/saude-incorpora-ao-sistema-do-sus-vacina-contra-a-dengue\/"},"author":{"name":"Reda\u00e7\u00e3o","@id":"https:\/\/www.notibras.com\/site\/#\/schema\/person\/36ab0979449956132d3e5b517ea76ac8"},"headline":"Sa\u00fade incorpora ao sistema do SUS vacina contra a dengue","datePublished":"2023-12-22T03:00:46+00:00","dateModified":"2023-12-22T12:30:32+00:00","mainEntityOfPage":{"@id":"https:\/\/www.notibras.com\/site\/saude-incorpora-ao-sistema-do-sus-vacina-contra-a-dengue\/"},"wordCount":487,"publisher":{"@id":"https:\/\/www.notibras.com\/site\/#organization"},"image":{"@id":"https:\/\/www.notibras.com\/site\/saude-incorpora-ao-sistema-do-sus-vacina-contra-a-dengue\/#primaryimage"},"thumbnailUrl":"https:\/\/www.notibras.com\/site\/wp-content\/uploads\/2023\/12\/dengue.vac_.sus_.webp","articleSection":["Quadradinho em Foco"],"inLanguage":"pt-BR"},{"@type":"WebPage","@id":"https:\/\/www.notibras.com\/site\/saude-incorpora-ao-sistema-do-sus-vacina-contra-a-dengue\/","url":"https:\/\/www.notibras.com\/site\/saude-incorpora-ao-sistema-do-sus-vacina-contra-a-dengue\/","name":"Sa\u00fade incorpora ao sistema do SUS vacina contra a dengue - Notibras","isPartOf":{"@id":"https:\/\/www.notibras.com\/site\/#website"},"primaryImageOfPage":{"@id":"https:\/\/www.notibras.com\/site\/saude-incorpora-ao-sistema-do-sus-vacina-contra-a-dengue\/#primaryimage"},"image":{"@id":"https:\/\/www.notibras.com\/site\/saude-incorpora-ao-sistema-do-sus-vacina-contra-a-dengue\/#primaryimage"},"thumbnailUrl":"https:\/\/www.notibras.com\/site\/wp-content\/uploads\/2023\/12\/dengue.vac_.sus_.webp","datePublished":"2023-12-22T03:00:46+00:00","dateModified":"2023-12-22T12:30:32+00:00","breadcrumb":{"@id":"https:\/\/www.notibras.com\/site\/saude-incorpora-ao-sistema-do-sus-vacina-contra-a-dengue\/#breadcrumb"},"inLanguage":"pt-BR","potentialAction":[{"@type":"ReadAction","target":["https:\/\/www.notibras.com\/site\/saude-incorpora-ao-sistema-do-sus-vacina-contra-a-dengue\/"]}]},{"@type":"ImageObject","inLanguage":"pt-BR","@id":"https:\/\/www.notibras.com\/site\/saude-incorpora-ao-sistema-do-sus-vacina-contra-a-dengue\/#primaryimage","url":"https:\/\/www.notibras.com\/site\/wp-content\/uploads\/2023\/12\/dengue.vac_.sus_.webp","contentUrl":"https:\/\/www.notibras.com\/site\/wp-content\/uploads\/2023\/12\/dengue.vac_.sus_.webp","width":1170,"height":700},{"@type":"BreadcrumbList","@id":"https:\/\/www.notibras.com\/site\/saude-incorpora-ao-sistema-do-sus-vacina-contra-a-dengue\/#breadcrumb","itemListElement":[{"@type":"ListItem","position":1,"name":"In\u00edcio","item":"https:\/\/www.notibras.com\/site\/"},{"@type":"ListItem","position":2,"name":"Sa\u00fade incorpora ao sistema do SUS vacina contra a dengue"}]},{"@type":"WebSite","@id":"https:\/\/www.notibras.com\/site\/#website","url":"https:\/\/www.notibras.com\/site\/","name":"Notibras","description":"Not\u00edcias de Bras\u00edlia, do Brasil e do Mundo","publisher":{"@id":"https:\/\/www.notibras.com\/site\/#organization"},"potentialAction":[{"@type":"SearchAction","target":{"@type":"EntryPoint","urlTemplate":"https:\/\/www.notibras.com\/site\/?s={search_term_string}"},"query-input":{"@type":"PropertyValueSpecification","valueRequired":true,"valueName":"search_term_string"}}],"inLanguage":"pt-BR"},{"@type":"Organization","@id":"https:\/\/www.notibras.com\/site\/#organization","name":"Grupo Notibras de Comunica\u00e7\u00e3o","url":"https:\/\/www.notibras.com\/site\/","logo":{"@type":"ImageObject","inLanguage":"pt-BR","@id":"https:\/\/www.notibras.com\/site\/#\/schema\/logo\/image\/","url":"https:\/\/www.notibras.com\/site\/wp-content\/uploads\/2023\/01\/notibras23.png","contentUrl":"https:\/\/www.notibras.com\/site\/wp-content\/uploads\/2023\/01\/notibras23.png","width":350,"height":87,"caption":"Grupo Notibras de Comunica\u00e7\u00e3o"},"image":{"@id":"https:\/\/www.notibras.com\/site\/#\/schema\/logo\/image\/"},"sameAs":["https:\/\/www.facebook.com\/notibras\/","https:\/\/x.com\/Notibras","https:\/\/www.instagram.com\/notibras\/"]},{"@type":"Person","@id":"https:\/\/www.notibras.com\/site\/#\/schema\/person\/36ab0979449956132d3e5b517ea76ac8","name":"Reda\u00e7\u00e3o","image":{"@type":"ImageObject","inLanguage":"pt-BR","@id":"https:\/\/secure.gravatar.com\/avatar\/e0a867bdedb85fd243eadf09663511f96fc81e0720a4a42581f334ad4303aa6b?s=96&d=mm&r=g","url":"https:\/\/secure.gravatar.com\/avatar\/e0a867bdedb85fd243eadf09663511f96fc81e0720a4a42581f334ad4303aa6b?s=96&d=mm&r=g","contentUrl":"https:\/\/secure.gravatar.com\/avatar\/e0a867bdedb85fd243eadf09663511f96fc81e0720a4a42581f334ad4303aa6b?s=96&d=mm&r=g","caption":"Reda\u00e7\u00e3o"}}]}},"amp_enabled":true,"_links":{"self":[{"href":"https:\/\/www.notibras.com\/site\/wp-json\/wp\/v2\/posts\/319566","targetHints":{"allow":["GET"]}}],"collection":[{"href":"https:\/\/www.notibras.com\/site\/wp-json\/wp\/v2\/posts"}],"about":[{"href":"https:\/\/www.notibras.com\/site\/wp-json\/wp\/v2\/types\/post"}],"author":[{"embeddable":true,"href":"https:\/\/www.notibras.com\/site\/wp-json\/wp\/v2\/users\/2"}],"replies":[{"embeddable":true,"href":"https:\/\/www.notibras.com\/site\/wp-json\/wp\/v2\/comments?post=319566"}],"version-history":[{"count":1,"href":"https:\/\/www.notibras.com\/site\/wp-json\/wp\/v2\/posts\/319566\/revisions"}],"predecessor-version":[{"id":319568,"href":"https:\/\/www.notibras.com\/site\/wp-json\/wp\/v2\/posts\/319566\/revisions\/319568"}],"wp:featuredmedia":[{"embeddable":true,"href":"https:\/\/www.notibras.com\/site\/wp-json\/wp\/v2\/media\/319567"}],"wp:attachment":[{"href":"https:\/\/www.notibras.com\/site\/wp-json\/wp\/v2\/media?parent=319566"}],"wp:term":[{"taxonomy":"category","embeddable":true,"href":"https:\/\/www.notibras.com\/site\/wp-json\/wp\/v2\/categories?post=319566"},{"taxonomy":"post_tag","embeddable":true,"href":"https:\/\/www.notibras.com\/site\/wp-json\/wp\/v2\/tags?post=319566"}],"curies":[{"name":"wp","href":"https:\/\/api.w.org\/{rel}","templated":true}]}}