{"id":319615,"date":"2023-12-23T00:10:29","date_gmt":"2023-12-23T03:10:29","guid":{"rendered":"https:\/\/www.notibras.com\/site\/?p=319615"},"modified":"2023-12-23T07:14:52","modified_gmt":"2023-12-23T10:14:52","slug":"azeites-improprios-para-consumo-sao-retirados-das-gondolas","status":"publish","type":"post","link":"https:\/\/www.notibras.com\/site\/azeites-improprios-para-consumo-sao-retirados-das-gondolas\/","title":{"rendered":"Azeites impr\u00f3prios para consumo s\u00e3o retirados das g\u00f4ndolas"},"content":{"rendered":"<p>O Minist\u00e9rio da Agricultura e Pecu\u00e1ria determinou o recolhimento de 12 lotes de azeites de oliva que est\u00e3o impr\u00f3prios para o consumo. A medida foi tomada ap\u00f3s a confirma\u00e7\u00e3o &#8211; em an\u00e1lises laboratoriais &#8211; de que os produtos n\u00e3o correspondem aos padr\u00f5es de identidade e qualidade estabelecidos por regulamento t\u00e9cnico.<\/p>\n<p>\u201cAo todo, s\u00e3o dez marcas de oito empresas respons\u00e1veis que foram encontradas em supermercados, centros de distribui\u00e7\u00e3o ou em estabelecimento envasilhador [engarrafador] e que representam 82 mil litros do produto apreendido e retirados dos mercados\u201d, informou o minist\u00e9rio.<\/p>\n<p>A orienta\u00e7\u00e3o \u00e9 no sentido de evitar o consumo dos produtos e que eles sejam devolvidos aos locais de venda em que foram adquiridos.<\/p>\n<p><strong>Fraude<\/strong><br \/>\nO azeite \u00e9 o segundo produto alimentar mais fraudado do mundo, atr\u00e1s apenas do pescado. Entre as orienta\u00e7\u00f5es para evitar que o consumidor seja enganado na hora da compra, o Minist\u00e9rio da Agricultura diz que ele deve desconfiar de pre\u00e7os muito abaixo da m\u00e9dia do mercado; n\u00e3o compre azeite a granel; fique atento \u00e0 data de validade e aos ingredientes contidos; e opte por produtos com a data de engarrafamento mais recente.<\/p>\n<p>O Minist\u00e9rio da Agricultura informou, tamb\u00e9m, que, al\u00e9m dos 12 lotes anunciados, h\u00e1 tamb\u00e9m outros produtos que foram cautelarmente apreendidos devido a ind\u00edcios de irregularidades. Esses produtos ainda aguardam parecer laboratorial final.<\/p>\n","protected":false},"excerpt":{"rendered":"<p>O Minist\u00e9rio da Agricultura e Pecu\u00e1ria determinou o recolhimento de 12 lotes de azeites de oliva que est\u00e3o impr\u00f3prios para o consumo. A medida foi tomada ap\u00f3s a confirma\u00e7\u00e3o &#8211; em an\u00e1lises laboratoriais &#8211; de que os produtos n\u00e3o correspondem aos padr\u00f5es de identidade e qualidade estabelecidos por regulamento t\u00e9cnico. \u201cAo todo, s\u00e3o dez marcas [&hellip;]<\/p>\n","protected":false},"author":2,"featured_media":319616,"comment_status":"closed","ping_status":"closed","sticky":false,"template":"","format":"standard","meta":{"_acf_changed":false,"footnotes":""},"categories":[161],"tags":[],"class_list":["post-319615","post","type-post","status-publish","format-standard","has-post-thumbnail","hentry","category-quadradinho-em-foco"],"acf":[],"yoast_head":"<!-- This site is optimized with the Yoast SEO plugin v27.2 - https:\/\/yoast.com\/product\/yoast-seo-wordpress\/ -->\n<title>Azeites impr\u00f3prios para consumo s\u00e3o retirados das g\u00f4ndolas - Notibras<\/title>\n<meta name=\"robots\" content=\"index, follow, max-snippet:-1, max-image-preview:large, max-video-preview:-1\" \/>\n<link rel=\"canonical\" href=\"https:\/\/www.notibras.com\/site\/azeites-improprios-para-consumo-sao-retirados-das-gondolas\/\" \/>\n<meta property=\"og:locale\" content=\"pt_BR\" \/>\n<meta property=\"og:type\" content=\"article\" \/>\n<meta property=\"og:title\" content=\"Azeites impr\u00f3prios para consumo s\u00e3o retirados das g\u00f4ndolas - Notibras\" \/>\n<meta property=\"og:description\" content=\"O Minist\u00e9rio da Agricultura e Pecu\u00e1ria determinou o recolhimento de 12 lotes de azeites de oliva que est\u00e3o impr\u00f3prios para o consumo. A medida foi tomada ap\u00f3s a confirma\u00e7\u00e3o &#8211; em an\u00e1lises laboratoriais &#8211; de que os produtos n\u00e3o correspondem aos padr\u00f5es de identidade e qualidade estabelecidos por regulamento t\u00e9cnico. \u201cAo todo, s\u00e3o dez marcas [&hellip;]\" \/>\n<meta property=\"og:url\" content=\"https:\/\/www.notibras.com\/site\/azeites-improprios-para-consumo-sao-retirados-das-gondolas\/\" \/>\n<meta property=\"og:site_name\" content=\"Notibras\" \/>\n<meta property=\"article:publisher\" content=\"https:\/\/www.facebook.com\/notibras\/\" \/>\n<meta property=\"article:published_time\" content=\"2023-12-23T03:10:29+00:00\" \/>\n<meta property=\"article:modified_time\" content=\"2023-12-23T10:14:52+00:00\" \/>\n<meta property=\"og:image\" content=\"https:\/\/www.notibras.com\/site\/wp-content\/uploads\/2023\/12\/azeiteruim.webp\" \/>\n\t<meta property=\"og:image:width\" content=\"754\" \/>\n\t<meta property=\"og:image:height\" content=\"328\" \/>\n\t<meta property=\"og:image:type\" content=\"image\/webp\" \/>\n<meta name=\"author\" content=\"Reda\u00e7\u00e3o\" \/>\n<meta name=\"twitter:card\" content=\"summary_large_image\" \/>\n<meta name=\"twitter:creator\" content=\"@Notibras\" \/>\n<meta name=\"twitter:site\" content=\"@Notibras\" \/>\n<meta name=\"twitter:label1\" content=\"Escrito por\" \/>\n\t<meta name=\"twitter:data1\" content=\"Reda\u00e7\u00e3o\" \/>\n\t<meta name=\"twitter:label2\" content=\"Est. tempo de leitura\" \/>\n\t<meta name=\"twitter:data2\" content=\"2 minutos\" \/>\n<script type=\"application\/ld+json\" class=\"yoast-schema-graph\">{\"@context\":\"https:\/\/schema.org\",\"@graph\":[{\"@type\":\"Article\",\"@id\":\"https:\/\/www.notibras.com\/site\/azeites-improprios-para-consumo-sao-retirados-das-gondolas\/#article\",\"isPartOf\":{\"@id\":\"https:\/\/www.notibras.com\/site\/azeites-improprios-para-consumo-sao-retirados-das-gondolas\/\"},\"author\":{\"name\":\"Reda\u00e7\u00e3o\",\"@id\":\"https:\/\/www.notibras.com\/site\/#\/schema\/person\/36ab0979449956132d3e5b517ea76ac8\"},\"headline\":\"Azeites impr\u00f3prios para consumo s\u00e3o retirados das g\u00f4ndolas\",\"datePublished\":\"2023-12-23T03:10:29+00:00\",\"dateModified\":\"2023-12-23T10:14:52+00:00\",\"mainEntityOfPage\":{\"@id\":\"https:\/\/www.notibras.com\/site\/azeites-improprios-para-consumo-sao-retirados-das-gondolas\/\"},\"wordCount\":248,\"publisher\":{\"@id\":\"https:\/\/www.notibras.com\/site\/#organization\"},\"image\":{\"@id\":\"https:\/\/www.notibras.com\/site\/azeites-improprios-para-consumo-sao-retirados-das-gondolas\/#primaryimage\"},\"thumbnailUrl\":\"https:\/\/www.notibras.com\/site\/wp-content\/uploads\/2023\/12\/azeiteruim.webp\",\"articleSection\":[\"Quadradinho em Foco\"],\"inLanguage\":\"pt-BR\"},{\"@type\":\"WebPage\",\"@id\":\"https:\/\/www.notibras.com\/site\/azeites-improprios-para-consumo-sao-retirados-das-gondolas\/\",\"url\":\"https:\/\/www.notibras.com\/site\/azeites-improprios-para-consumo-sao-retirados-das-gondolas\/\",\"name\":\"Azeites impr\u00f3prios para consumo s\u00e3o retirados das g\u00f4ndolas - Notibras\",\"isPartOf\":{\"@id\":\"https:\/\/www.notibras.com\/site\/#website\"},\"primaryImageOfPage\":{\"@id\":\"https:\/\/www.notibras.com\/site\/azeites-improprios-para-consumo-sao-retirados-das-gondolas\/#primaryimage\"},\"image\":{\"@id\":\"https:\/\/www.notibras.com\/site\/azeites-improprios-para-consumo-sao-retirados-das-gondolas\/#primaryimage\"},\"thumbnailUrl\":\"https:\/\/www.notibras.com\/site\/wp-content\/uploads\/2023\/12\/azeiteruim.webp\",\"datePublished\":\"2023-12-23T03:10:29+00:00\",\"dateModified\":\"2023-12-23T10:14:52+00:00\",\"breadcrumb\":{\"@id\":\"https:\/\/www.notibras.com\/site\/azeites-improprios-para-consumo-sao-retirados-das-gondolas\/#breadcrumb\"},\"inLanguage\":\"pt-BR\",\"potentialAction\":[{\"@type\":\"ReadAction\",\"target\":[\"https:\/\/www.notibras.com\/site\/azeites-improprios-para-consumo-sao-retirados-das-gondolas\/\"]}]},{\"@type\":\"ImageObject\",\"inLanguage\":\"pt-BR\",\"@id\":\"https:\/\/www.notibras.com\/site\/azeites-improprios-para-consumo-sao-retirados-das-gondolas\/#primaryimage\",\"url\":\"https:\/\/www.notibras.com\/site\/wp-content\/uploads\/2023\/12\/azeiteruim.webp\",\"contentUrl\":\"https:\/\/www.notibras.com\/site\/wp-content\/uploads\/2023\/12\/azeiteruim.webp\",\"width\":754,\"height\":328},{\"@type\":\"BreadcrumbList\",\"@id\":\"https:\/\/www.notibras.com\/site\/azeites-improprios-para-consumo-sao-retirados-das-gondolas\/#breadcrumb\",\"itemListElement\":[{\"@type\":\"ListItem\",\"position\":1,\"name\":\"In\u00edcio\",\"item\":\"https:\/\/www.notibras.com\/site\/\"},{\"@type\":\"ListItem\",\"position\":2,\"name\":\"Azeites impr\u00f3prios para consumo s\u00e3o retirados das g\u00f4ndolas\"}]},{\"@type\":\"WebSite\",\"@id\":\"https:\/\/www.notibras.com\/site\/#website\",\"url\":\"https:\/\/www.notibras.com\/site\/\",\"name\":\"Notibras\",\"description\":\"Not\u00edcias de Bras\u00edlia, do Brasil e do Mundo\",\"publisher\":{\"@id\":\"https:\/\/www.notibras.com\/site\/#organization\"},\"potentialAction\":[{\"@type\":\"SearchAction\",\"target\":{\"@type\":\"EntryPoint\",\"urlTemplate\":\"https:\/\/www.notibras.com\/site\/?s={search_term_string}\"},\"query-input\":{\"@type\":\"PropertyValueSpecification\",\"valueRequired\":true,\"valueName\":\"search_term_string\"}}],\"inLanguage\":\"pt-BR\"},{\"@type\":\"Organization\",\"@id\":\"https:\/\/www.notibras.com\/site\/#organization\",\"name\":\"Grupo Notibras de Comunica\u00e7\u00e3o\",\"url\":\"https:\/\/www.notibras.com\/site\/\",\"logo\":{\"@type\":\"ImageObject\",\"inLanguage\":\"pt-BR\",\"@id\":\"https:\/\/www.notibras.com\/site\/#\/schema\/logo\/image\/\",\"url\":\"https:\/\/www.notibras.com\/site\/wp-content\/uploads\/2023\/01\/notibras23.png\",\"contentUrl\":\"https:\/\/www.notibras.com\/site\/wp-content\/uploads\/2023\/01\/notibras23.png\",\"width\":350,\"height\":87,\"caption\":\"Grupo Notibras de Comunica\u00e7\u00e3o\"},\"image\":{\"@id\":\"https:\/\/www.notibras.com\/site\/#\/schema\/logo\/image\/\"},\"sameAs\":[\"https:\/\/www.facebook.com\/notibras\/\",\"https:\/\/x.com\/Notibras\",\"https:\/\/www.instagram.com\/notibras\/\"]},{\"@type\":\"Person\",\"@id\":\"https:\/\/www.notibras.com\/site\/#\/schema\/person\/36ab0979449956132d3e5b517ea76ac8\",\"name\":\"Reda\u00e7\u00e3o\",\"image\":{\"@type\":\"ImageObject\",\"inLanguage\":\"pt-BR\",\"@id\":\"https:\/\/secure.gravatar.com\/avatar\/e0a867bdedb85fd243eadf09663511f96fc81e0720a4a42581f334ad4303aa6b?s=96&d=mm&r=g\",\"url\":\"https:\/\/secure.gravatar.com\/avatar\/e0a867bdedb85fd243eadf09663511f96fc81e0720a4a42581f334ad4303aa6b?s=96&d=mm&r=g\",\"contentUrl\":\"https:\/\/secure.gravatar.com\/avatar\/e0a867bdedb85fd243eadf09663511f96fc81e0720a4a42581f334ad4303aa6b?s=96&d=mm&r=g\",\"caption\":\"Reda\u00e7\u00e3o\"}}]}<\/script>\n<!-- \/ Yoast SEO plugin. -->","yoast_head_json":{"title":"Azeites impr\u00f3prios para consumo s\u00e3o retirados das g\u00f4ndolas - Notibras","robots":{"index":"index","follow":"follow","max-snippet":"max-snippet:-1","max-image-preview":"max-image-preview:large","max-video-preview":"max-video-preview:-1"},"canonical":"https:\/\/www.notibras.com\/site\/azeites-improprios-para-consumo-sao-retirados-das-gondolas\/","og_locale":"pt_BR","og_type":"article","og_title":"Azeites impr\u00f3prios para consumo s\u00e3o retirados das g\u00f4ndolas - Notibras","og_description":"O Minist\u00e9rio da Agricultura e Pecu\u00e1ria determinou o recolhimento de 12 lotes de azeites de oliva que est\u00e3o impr\u00f3prios para o consumo. A medida foi tomada ap\u00f3s a confirma\u00e7\u00e3o &#8211; em an\u00e1lises laboratoriais &#8211; de que os produtos n\u00e3o correspondem aos padr\u00f5es de identidade e qualidade estabelecidos por regulamento t\u00e9cnico. \u201cAo todo, s\u00e3o dez marcas [&hellip;]","og_url":"https:\/\/www.notibras.com\/site\/azeites-improprios-para-consumo-sao-retirados-das-gondolas\/","og_site_name":"Notibras","article_publisher":"https:\/\/www.facebook.com\/notibras\/","article_published_time":"2023-12-23T03:10:29+00:00","article_modified_time":"2023-12-23T10:14:52+00:00","og_image":[{"width":754,"height":328,"url":"https:\/\/www.notibras.com\/site\/wp-content\/uploads\/2023\/12\/azeiteruim.webp","type":"image\/webp"}],"author":"Reda\u00e7\u00e3o","twitter_card":"summary_large_image","twitter_creator":"@Notibras","twitter_site":"@Notibras","twitter_misc":{"Escrito por":"Reda\u00e7\u00e3o","Est. tempo de leitura":"2 minutos"},"schema":{"@context":"https:\/\/schema.org","@graph":[{"@type":"Article","@id":"https:\/\/www.notibras.com\/site\/azeites-improprios-para-consumo-sao-retirados-das-gondolas\/#article","isPartOf":{"@id":"https:\/\/www.notibras.com\/site\/azeites-improprios-para-consumo-sao-retirados-das-gondolas\/"},"author":{"name":"Reda\u00e7\u00e3o","@id":"https:\/\/www.notibras.com\/site\/#\/schema\/person\/36ab0979449956132d3e5b517ea76ac8"},"headline":"Azeites impr\u00f3prios para consumo s\u00e3o retirados das g\u00f4ndolas","datePublished":"2023-12-23T03:10:29+00:00","dateModified":"2023-12-23T10:14:52+00:00","mainEntityOfPage":{"@id":"https:\/\/www.notibras.com\/site\/azeites-improprios-para-consumo-sao-retirados-das-gondolas\/"},"wordCount":248,"publisher":{"@id":"https:\/\/www.notibras.com\/site\/#organization"},"image":{"@id":"https:\/\/www.notibras.com\/site\/azeites-improprios-para-consumo-sao-retirados-das-gondolas\/#primaryimage"},"thumbnailUrl":"https:\/\/www.notibras.com\/site\/wp-content\/uploads\/2023\/12\/azeiteruim.webp","articleSection":["Quadradinho em Foco"],"inLanguage":"pt-BR"},{"@type":"WebPage","@id":"https:\/\/www.notibras.com\/site\/azeites-improprios-para-consumo-sao-retirados-das-gondolas\/","url":"https:\/\/www.notibras.com\/site\/azeites-improprios-para-consumo-sao-retirados-das-gondolas\/","name":"Azeites impr\u00f3prios para consumo s\u00e3o retirados das g\u00f4ndolas - Notibras","isPartOf":{"@id":"https:\/\/www.notibras.com\/site\/#website"},"primaryImageOfPage":{"@id":"https:\/\/www.notibras.com\/site\/azeites-improprios-para-consumo-sao-retirados-das-gondolas\/#primaryimage"},"image":{"@id":"https:\/\/www.notibras.com\/site\/azeites-improprios-para-consumo-sao-retirados-das-gondolas\/#primaryimage"},"thumbnailUrl":"https:\/\/www.notibras.com\/site\/wp-content\/uploads\/2023\/12\/azeiteruim.webp","datePublished":"2023-12-23T03:10:29+00:00","dateModified":"2023-12-23T10:14:52+00:00","breadcrumb":{"@id":"https:\/\/www.notibras.com\/site\/azeites-improprios-para-consumo-sao-retirados-das-gondolas\/#breadcrumb"},"inLanguage":"pt-BR","potentialAction":[{"@type":"ReadAction","target":["https:\/\/www.notibras.com\/site\/azeites-improprios-para-consumo-sao-retirados-das-gondolas\/"]}]},{"@type":"ImageObject","inLanguage":"pt-BR","@id":"https:\/\/www.notibras.com\/site\/azeites-improprios-para-consumo-sao-retirados-das-gondolas\/#primaryimage","url":"https:\/\/www.notibras.com\/site\/wp-content\/uploads\/2023\/12\/azeiteruim.webp","contentUrl":"https:\/\/www.notibras.com\/site\/wp-content\/uploads\/2023\/12\/azeiteruim.webp","width":754,"height":328},{"@type":"BreadcrumbList","@id":"https:\/\/www.notibras.com\/site\/azeites-improprios-para-consumo-sao-retirados-das-gondolas\/#breadcrumb","itemListElement":[{"@type":"ListItem","position":1,"name":"In\u00edcio","item":"https:\/\/www.notibras.com\/site\/"},{"@type":"ListItem","position":2,"name":"Azeites impr\u00f3prios para consumo s\u00e3o retirados das g\u00f4ndolas"}]},{"@type":"WebSite","@id":"https:\/\/www.notibras.com\/site\/#website","url":"https:\/\/www.notibras.com\/site\/","name":"Notibras","description":"Not\u00edcias de Bras\u00edlia, do Brasil e do Mundo","publisher":{"@id":"https:\/\/www.notibras.com\/site\/#organization"},"potentialAction":[{"@type":"SearchAction","target":{"@type":"EntryPoint","urlTemplate":"https:\/\/www.notibras.com\/site\/?s={search_term_string}"},"query-input":{"@type":"PropertyValueSpecification","valueRequired":true,"valueName":"search_term_string"}}],"inLanguage":"pt-BR"},{"@type":"Organization","@id":"https:\/\/www.notibras.com\/site\/#organization","name":"Grupo Notibras de Comunica\u00e7\u00e3o","url":"https:\/\/www.notibras.com\/site\/","logo":{"@type":"ImageObject","inLanguage":"pt-BR","@id":"https:\/\/www.notibras.com\/site\/#\/schema\/logo\/image\/","url":"https:\/\/www.notibras.com\/site\/wp-content\/uploads\/2023\/01\/notibras23.png","contentUrl":"https:\/\/www.notibras.com\/site\/wp-content\/uploads\/2023\/01\/notibras23.png","width":350,"height":87,"caption":"Grupo Notibras de Comunica\u00e7\u00e3o"},"image":{"@id":"https:\/\/www.notibras.com\/site\/#\/schema\/logo\/image\/"},"sameAs":["https:\/\/www.facebook.com\/notibras\/","https:\/\/x.com\/Notibras","https:\/\/www.instagram.com\/notibras\/"]},{"@type":"Person","@id":"https:\/\/www.notibras.com\/site\/#\/schema\/person\/36ab0979449956132d3e5b517ea76ac8","name":"Reda\u00e7\u00e3o","image":{"@type":"ImageObject","inLanguage":"pt-BR","@id":"https:\/\/secure.gravatar.com\/avatar\/e0a867bdedb85fd243eadf09663511f96fc81e0720a4a42581f334ad4303aa6b?s=96&d=mm&r=g","url":"https:\/\/secure.gravatar.com\/avatar\/e0a867bdedb85fd243eadf09663511f96fc81e0720a4a42581f334ad4303aa6b?s=96&d=mm&r=g","contentUrl":"https:\/\/secure.gravatar.com\/avatar\/e0a867bdedb85fd243eadf09663511f96fc81e0720a4a42581f334ad4303aa6b?s=96&d=mm&r=g","caption":"Reda\u00e7\u00e3o"}}]}},"amp_enabled":true,"_links":{"self":[{"href":"https:\/\/www.notibras.com\/site\/wp-json\/wp\/v2\/posts\/319615","targetHints":{"allow":["GET"]}}],"collection":[{"href":"https:\/\/www.notibras.com\/site\/wp-json\/wp\/v2\/posts"}],"about":[{"href":"https:\/\/www.notibras.com\/site\/wp-json\/wp\/v2\/types\/post"}],"author":[{"embeddable":true,"href":"https:\/\/www.notibras.com\/site\/wp-json\/wp\/v2\/users\/2"}],"replies":[{"embeddable":true,"href":"https:\/\/www.notibras.com\/site\/wp-json\/wp\/v2\/comments?post=319615"}],"version-history":[{"count":1,"href":"https:\/\/www.notibras.com\/site\/wp-json\/wp\/v2\/posts\/319615\/revisions"}],"predecessor-version":[{"id":319617,"href":"https:\/\/www.notibras.com\/site\/wp-json\/wp\/v2\/posts\/319615\/revisions\/319617"}],"wp:featuredmedia":[{"embeddable":true,"href":"https:\/\/www.notibras.com\/site\/wp-json\/wp\/v2\/media\/319616"}],"wp:attachment":[{"href":"https:\/\/www.notibras.com\/site\/wp-json\/wp\/v2\/media?parent=319615"}],"wp:term":[{"taxonomy":"category","embeddable":true,"href":"https:\/\/www.notibras.com\/site\/wp-json\/wp\/v2\/categories?post=319615"},{"taxonomy":"post_tag","embeddable":true,"href":"https:\/\/www.notibras.com\/site\/wp-json\/wp\/v2\/tags?post=319615"}],"curies":[{"name":"wp","href":"https:\/\/api.w.org\/{rel}","templated":true}]}}