{"id":319655,"date":"2023-12-23T19:12:15","date_gmt":"2023-12-23T22:12:15","guid":{"rendered":"https:\/\/www.notibras.com\/site\/?p=319655"},"modified":"2023-12-23T19:25:23","modified_gmt":"2023-12-23T22:25:23","slug":"ano-novo-vem-ai-e-o-natal-ja-agora-pede-de-nos-reflexoes","status":"publish","type":"post","link":"https:\/\/www.notibras.com\/site\/ano-novo-vem-ai-e-o-natal-ja-agora-pede-de-nos-reflexoes\/","title":{"rendered":"Ano novo vem a\u00ed, e o Natal, j\u00e1 agora, pede de n\u00f3s reflex\u00f5es"},"content":{"rendered":"<p>O final do ano se aproxima e com ele v\u00eam as festas mais esperadas e encantadoras: o Natal e o Ano Novo. \u00c9 uma \u00e9poca de alegria, solidariedade e celebra\u00e7\u00e3o, onde as luzes brilham mais intensamente e os cora\u00e7\u00f5es se enchem de esperan\u00e7a.<\/p>\n<p>O Natal, com suas decora\u00e7\u00f5es vibrantes e luzes cintilantes, nos convida a reunir a fam\u00edlia e os amigos em torno da \u00e1rvore, trocar presentes e compartilhar momentos especiais. \u00c9 o momento de refletir sobre o ano que passou, expressar gratid\u00e3o e renovar os la\u00e7os afetivos. As ruas se enchem de cores festivas, e o aroma de comidas deliciosas paira no ar, criando uma atmosfera \u00fanica e inesquec\u00edvel.<\/p>\n<p>O esp\u00edrito natalino tamb\u00e9m se manifesta na solidariedade, com muitas pessoas se dedicando a ajudar aqueles que mais precisam. A generosidade floresce, e iniciativas de caridade se multiplicam, lembrando-nos de que o verdadeiro significado do Natal est\u00e1 na compaix\u00e3o e na partilha.<\/p>\n<p>\u00c0 medida que nos despedimos do ano velho, ansiamos pela chegada do Ano Novo, uma \u00e9poca de renova\u00e7\u00e3o e novas oportunidades. As festividades de r\u00e9veillon s\u00e3o marcadas por festas animadas, fogos de artif\u00edcio e a contagem regressiva para o momento em que o rel\u00f3gio marca meia-noite, simbolizando um novo come\u00e7o.<\/p>\n<p>\u00c9 tamb\u00e9m um momento de reflex\u00e3o pessoal, onde estabelecemos metas e resolu\u00e7\u00f5es para o pr\u00f3ximo ano. As esperan\u00e7as se renovam, e a promessa de um futuro brilhante paira no ar. \u00c9 o momento de deixar para tr\u00e1s o que n\u00e3o serve mais, aprender com as experi\u00eancias passadas e abra\u00e7ar o desconhecido com otimismo.<\/p>\n<p>Seja celebrando com a fam\u00edlia em casa, participando de festas com amigos ou assistindo \u00e0 queima de fogos em locais ic\u00f4nicos, as festas de Natal e Ano Novo s\u00e3o uma oportunidade de criar mem\u00f3rias preciosas e fortalecer os la\u00e7os que nos unem. Que esses momentos de alegria e confraterniza\u00e7\u00e3o nos inspirem a enfrentar o novo ano com esperan\u00e7a, amor e determina\u00e7\u00e3o.<\/p>\n<p>Que as luzes do Natal e a energia positiva do Ano Novo iluminem o caminho \u00e0 frente, tornando este per\u00edodo uma lembran\u00e7a inesquec\u00edvel em nossas vidas. Que cada momento seja preenchido com alegria, gratid\u00e3o e a promessa de um futuro repleto de realiza\u00e7\u00f5es. Feliz Natal e um pr\u00f3spero Ano Novo a todos!<\/p>\n<p><strong>*Aos nossos leitores:\u00a0<em>Notibras<\/em>\u00a0abriu este espa\u00e7o editorial para o segmento PcD. Para que possamos interagir, mostrarmos que somos pessoas comuns. Encaminhe sugest\u00f5es, mande seus textos. Prometo que tudo ser\u00e1 bem recebido e aproveitado. Meu WhasApp \u00e9 +55 61 98425-4895.<\/strong><\/p>\n","protected":false},"excerpt":{"rendered":"<p>O final do ano se aproxima e com ele v\u00eam as festas mais esperadas e encantadoras: o Natal e o Ano Novo. \u00c9 uma \u00e9poca de alegria, solidariedade e celebra\u00e7\u00e3o, onde as luzes brilham mais intensamente e os cora\u00e7\u00f5es se enchem de esperan\u00e7a. O Natal, com suas decora\u00e7\u00f5es vibrantes e luzes cintilantes, nos convida a [&hellip;]<\/p>\n","protected":false},"author":2,"featured_media":319656,"comment_status":"closed","ping_status":"closed","sticky":false,"template":"","format":"standard","meta":{"_acf_changed":false,"footnotes":""},"categories":[161],"tags":[95],"class_list":["post-319655","post","type-post","status-publish","format-standard","has-post-thumbnail","hentry","category-quadradinho-em-foco","tag-capa"],"acf":[],"yoast_head":"<!-- This site is optimized with the Yoast SEO plugin v27.2 - https:\/\/yoast.com\/product\/yoast-seo-wordpress\/ -->\n<title>Ano novo vem a\u00ed, e o Natal, j\u00e1 agora, pede de n\u00f3s reflex\u00f5es - Notibras<\/title>\n<meta name=\"robots\" content=\"index, follow, max-snippet:-1, max-image-preview:large, max-video-preview:-1\" \/>\n<link rel=\"canonical\" href=\"https:\/\/www.notibras.com\/site\/ano-novo-vem-ai-e-o-natal-ja-agora-pede-de-nos-reflexoes\/\" \/>\n<meta property=\"og:locale\" content=\"pt_BR\" \/>\n<meta property=\"og:type\" content=\"article\" \/>\n<meta property=\"og:title\" content=\"Ano novo vem a\u00ed, e o Natal, j\u00e1 agora, pede de n\u00f3s reflex\u00f5es - Notibras\" \/>\n<meta property=\"og:description\" content=\"O final do ano se aproxima e com ele v\u00eam as festas mais esperadas e encantadoras: o Natal e o Ano Novo. \u00c9 uma \u00e9poca de alegria, solidariedade e celebra\u00e7\u00e3o, onde as luzes brilham mais intensamente e os cora\u00e7\u00f5es se enchem de esperan\u00e7a. O Natal, com suas decora\u00e7\u00f5es vibrantes e luzes cintilantes, nos convida a [&hellip;]\" \/>\n<meta property=\"og:url\" content=\"https:\/\/www.notibras.com\/site\/ano-novo-vem-ai-e-o-natal-ja-agora-pede-de-nos-reflexoes\/\" \/>\n<meta property=\"og:site_name\" content=\"Notibras\" \/>\n<meta property=\"article:publisher\" content=\"https:\/\/www.facebook.com\/notibras\/\" \/>\n<meta property=\"article:published_time\" content=\"2023-12-23T22:12:15+00:00\" \/>\n<meta property=\"article:modified_time\" content=\"2023-12-23T22:25:23+00:00\" \/>\n<meta property=\"og:image\" content=\"https:\/\/www.notibras.com\/site\/wp-content\/uploads\/2023\/12\/natal.buriti.jpg\" \/>\n\t<meta property=\"og:image:width\" content=\"1536\" \/>\n\t<meta property=\"og:image:height\" content=\"1024\" \/>\n\t<meta property=\"og:image:type\" content=\"image\/jpeg\" \/>\n<meta name=\"author\" content=\"Reda\u00e7\u00e3o\" \/>\n<meta name=\"twitter:card\" content=\"summary_large_image\" \/>\n<meta name=\"twitter:creator\" content=\"@Notibras\" \/>\n<meta name=\"twitter:site\" content=\"@Notibras\" \/>\n<meta name=\"twitter:label1\" content=\"Escrito por\" \/>\n\t<meta name=\"twitter:data1\" content=\"Reda\u00e7\u00e3o\" \/>\n\t<meta name=\"twitter:label2\" content=\"Est. tempo de leitura\" \/>\n\t<meta name=\"twitter:data2\" content=\"3 minutos\" \/>\n<script type=\"application\/ld+json\" class=\"yoast-schema-graph\">{\"@context\":\"https:\/\/schema.org\",\"@graph\":[{\"@type\":\"Article\",\"@id\":\"https:\/\/www.notibras.com\/site\/ano-novo-vem-ai-e-o-natal-ja-agora-pede-de-nos-reflexoes\/#article\",\"isPartOf\":{\"@id\":\"https:\/\/www.notibras.com\/site\/ano-novo-vem-ai-e-o-natal-ja-agora-pede-de-nos-reflexoes\/\"},\"author\":{\"name\":\"Reda\u00e7\u00e3o\",\"@id\":\"https:\/\/www.notibras.com\/site\/#\/schema\/person\/36ab0979449956132d3e5b517ea76ac8\"},\"headline\":\"Ano novo vem a\u00ed, e o Natal, j\u00e1 agora, pede de n\u00f3s reflex\u00f5es\",\"datePublished\":\"2023-12-23T22:12:15+00:00\",\"dateModified\":\"2023-12-23T22:25:23+00:00\",\"mainEntityOfPage\":{\"@id\":\"https:\/\/www.notibras.com\/site\/ano-novo-vem-ai-e-o-natal-ja-agora-pede-de-nos-reflexoes\/\"},\"wordCount\":456,\"publisher\":{\"@id\":\"https:\/\/www.notibras.com\/site\/#organization\"},\"image\":{\"@id\":\"https:\/\/www.notibras.com\/site\/ano-novo-vem-ai-e-o-natal-ja-agora-pede-de-nos-reflexoes\/#primaryimage\"},\"thumbnailUrl\":\"https:\/\/www.notibras.com\/site\/wp-content\/uploads\/2023\/12\/natal.buriti.jpg\",\"keywords\":[\"capa\"],\"articleSection\":[\"Quadradinho em Foco\"],\"inLanguage\":\"pt-BR\"},{\"@type\":\"WebPage\",\"@id\":\"https:\/\/www.notibras.com\/site\/ano-novo-vem-ai-e-o-natal-ja-agora-pede-de-nos-reflexoes\/\",\"url\":\"https:\/\/www.notibras.com\/site\/ano-novo-vem-ai-e-o-natal-ja-agora-pede-de-nos-reflexoes\/\",\"name\":\"Ano novo vem a\u00ed, e o Natal, j\u00e1 agora, pede de n\u00f3s reflex\u00f5es - Notibras\",\"isPartOf\":{\"@id\":\"https:\/\/www.notibras.com\/site\/#website\"},\"primaryImageOfPage\":{\"@id\":\"https:\/\/www.notibras.com\/site\/ano-novo-vem-ai-e-o-natal-ja-agora-pede-de-nos-reflexoes\/#primaryimage\"},\"image\":{\"@id\":\"https:\/\/www.notibras.com\/site\/ano-novo-vem-ai-e-o-natal-ja-agora-pede-de-nos-reflexoes\/#primaryimage\"},\"thumbnailUrl\":\"https:\/\/www.notibras.com\/site\/wp-content\/uploads\/2023\/12\/natal.buriti.jpg\",\"datePublished\":\"2023-12-23T22:12:15+00:00\",\"dateModified\":\"2023-12-23T22:25:23+00:00\",\"breadcrumb\":{\"@id\":\"https:\/\/www.notibras.com\/site\/ano-novo-vem-ai-e-o-natal-ja-agora-pede-de-nos-reflexoes\/#breadcrumb\"},\"inLanguage\":\"pt-BR\",\"potentialAction\":[{\"@type\":\"ReadAction\",\"target\":[\"https:\/\/www.notibras.com\/site\/ano-novo-vem-ai-e-o-natal-ja-agora-pede-de-nos-reflexoes\/\"]}]},{\"@type\":\"ImageObject\",\"inLanguage\":\"pt-BR\",\"@id\":\"https:\/\/www.notibras.com\/site\/ano-novo-vem-ai-e-o-natal-ja-agora-pede-de-nos-reflexoes\/#primaryimage\",\"url\":\"https:\/\/www.notibras.com\/site\/wp-content\/uploads\/2023\/12\/natal.buriti.jpg\",\"contentUrl\":\"https:\/\/www.notibras.com\/site\/wp-content\/uploads\/2023\/12\/natal.buriti.jpg\",\"width\":1536,\"height\":1024},{\"@type\":\"BreadcrumbList\",\"@id\":\"https:\/\/www.notibras.com\/site\/ano-novo-vem-ai-e-o-natal-ja-agora-pede-de-nos-reflexoes\/#breadcrumb\",\"itemListElement\":[{\"@type\":\"ListItem\",\"position\":1,\"name\":\"In\u00edcio\",\"item\":\"https:\/\/www.notibras.com\/site\/\"},{\"@type\":\"ListItem\",\"position\":2,\"name\":\"Ano novo vem a\u00ed, e o Natal, j\u00e1 agora, pede de n\u00f3s reflex\u00f5es\"}]},{\"@type\":\"WebSite\",\"@id\":\"https:\/\/www.notibras.com\/site\/#website\",\"url\":\"https:\/\/www.notibras.com\/site\/\",\"name\":\"Notibras\",\"description\":\"Not\u00edcias de Bras\u00edlia, do Brasil e do Mundo\",\"publisher\":{\"@id\":\"https:\/\/www.notibras.com\/site\/#organization\"},\"potentialAction\":[{\"@type\":\"SearchAction\",\"target\":{\"@type\":\"EntryPoint\",\"urlTemplate\":\"https:\/\/www.notibras.com\/site\/?s={search_term_string}\"},\"query-input\":{\"@type\":\"PropertyValueSpecification\",\"valueRequired\":true,\"valueName\":\"search_term_string\"}}],\"inLanguage\":\"pt-BR\"},{\"@type\":\"Organization\",\"@id\":\"https:\/\/www.notibras.com\/site\/#organization\",\"name\":\"Grupo Notibras de Comunica\u00e7\u00e3o\",\"url\":\"https:\/\/www.notibras.com\/site\/\",\"logo\":{\"@type\":\"ImageObject\",\"inLanguage\":\"pt-BR\",\"@id\":\"https:\/\/www.notibras.com\/site\/#\/schema\/logo\/image\/\",\"url\":\"https:\/\/www.notibras.com\/site\/wp-content\/uploads\/2023\/01\/notibras23.png\",\"contentUrl\":\"https:\/\/www.notibras.com\/site\/wp-content\/uploads\/2023\/01\/notibras23.png\",\"width\":350,\"height\":87,\"caption\":\"Grupo Notibras de Comunica\u00e7\u00e3o\"},\"image\":{\"@id\":\"https:\/\/www.notibras.com\/site\/#\/schema\/logo\/image\/\"},\"sameAs\":[\"https:\/\/www.facebook.com\/notibras\/\",\"https:\/\/x.com\/Notibras\",\"https:\/\/www.instagram.com\/notibras\/\"]},{\"@type\":\"Person\",\"@id\":\"https:\/\/www.notibras.com\/site\/#\/schema\/person\/36ab0979449956132d3e5b517ea76ac8\",\"name\":\"Reda\u00e7\u00e3o\",\"image\":{\"@type\":\"ImageObject\",\"inLanguage\":\"pt-BR\",\"@id\":\"https:\/\/secure.gravatar.com\/avatar\/e0a867bdedb85fd243eadf09663511f96fc81e0720a4a42581f334ad4303aa6b?s=96&d=mm&r=g\",\"url\":\"https:\/\/secure.gravatar.com\/avatar\/e0a867bdedb85fd243eadf09663511f96fc81e0720a4a42581f334ad4303aa6b?s=96&d=mm&r=g\",\"contentUrl\":\"https:\/\/secure.gravatar.com\/avatar\/e0a867bdedb85fd243eadf09663511f96fc81e0720a4a42581f334ad4303aa6b?s=96&d=mm&r=g\",\"caption\":\"Reda\u00e7\u00e3o\"}}]}<\/script>\n<!-- \/ Yoast SEO plugin. -->","yoast_head_json":{"title":"Ano novo vem a\u00ed, e o Natal, j\u00e1 agora, pede de n\u00f3s reflex\u00f5es - Notibras","robots":{"index":"index","follow":"follow","max-snippet":"max-snippet:-1","max-image-preview":"max-image-preview:large","max-video-preview":"max-video-preview:-1"},"canonical":"https:\/\/www.notibras.com\/site\/ano-novo-vem-ai-e-o-natal-ja-agora-pede-de-nos-reflexoes\/","og_locale":"pt_BR","og_type":"article","og_title":"Ano novo vem a\u00ed, e o Natal, j\u00e1 agora, pede de n\u00f3s reflex\u00f5es - Notibras","og_description":"O final do ano se aproxima e com ele v\u00eam as festas mais esperadas e encantadoras: o Natal e o Ano Novo. \u00c9 uma \u00e9poca de alegria, solidariedade e celebra\u00e7\u00e3o, onde as luzes brilham mais intensamente e os cora\u00e7\u00f5es se enchem de esperan\u00e7a. O Natal, com suas decora\u00e7\u00f5es vibrantes e luzes cintilantes, nos convida a [&hellip;]","og_url":"https:\/\/www.notibras.com\/site\/ano-novo-vem-ai-e-o-natal-ja-agora-pede-de-nos-reflexoes\/","og_site_name":"Notibras","article_publisher":"https:\/\/www.facebook.com\/notibras\/","article_published_time":"2023-12-23T22:12:15+00:00","article_modified_time":"2023-12-23T22:25:23+00:00","og_image":[{"width":1536,"height":1024,"url":"https:\/\/www.notibras.com\/site\/wp-content\/uploads\/2023\/12\/natal.buriti.jpg","type":"image\/jpeg"}],"author":"Reda\u00e7\u00e3o","twitter_card":"summary_large_image","twitter_creator":"@Notibras","twitter_site":"@Notibras","twitter_misc":{"Escrito por":"Reda\u00e7\u00e3o","Est. tempo de leitura":"3 minutos"},"schema":{"@context":"https:\/\/schema.org","@graph":[{"@type":"Article","@id":"https:\/\/www.notibras.com\/site\/ano-novo-vem-ai-e-o-natal-ja-agora-pede-de-nos-reflexoes\/#article","isPartOf":{"@id":"https:\/\/www.notibras.com\/site\/ano-novo-vem-ai-e-o-natal-ja-agora-pede-de-nos-reflexoes\/"},"author":{"name":"Reda\u00e7\u00e3o","@id":"https:\/\/www.notibras.com\/site\/#\/schema\/person\/36ab0979449956132d3e5b517ea76ac8"},"headline":"Ano novo vem a\u00ed, e o Natal, j\u00e1 agora, pede de n\u00f3s reflex\u00f5es","datePublished":"2023-12-23T22:12:15+00:00","dateModified":"2023-12-23T22:25:23+00:00","mainEntityOfPage":{"@id":"https:\/\/www.notibras.com\/site\/ano-novo-vem-ai-e-o-natal-ja-agora-pede-de-nos-reflexoes\/"},"wordCount":456,"publisher":{"@id":"https:\/\/www.notibras.com\/site\/#organization"},"image":{"@id":"https:\/\/www.notibras.com\/site\/ano-novo-vem-ai-e-o-natal-ja-agora-pede-de-nos-reflexoes\/#primaryimage"},"thumbnailUrl":"https:\/\/www.notibras.com\/site\/wp-content\/uploads\/2023\/12\/natal.buriti.jpg","keywords":["capa"],"articleSection":["Quadradinho em Foco"],"inLanguage":"pt-BR"},{"@type":"WebPage","@id":"https:\/\/www.notibras.com\/site\/ano-novo-vem-ai-e-o-natal-ja-agora-pede-de-nos-reflexoes\/","url":"https:\/\/www.notibras.com\/site\/ano-novo-vem-ai-e-o-natal-ja-agora-pede-de-nos-reflexoes\/","name":"Ano novo vem a\u00ed, e o Natal, j\u00e1 agora, pede de n\u00f3s reflex\u00f5es - Notibras","isPartOf":{"@id":"https:\/\/www.notibras.com\/site\/#website"},"primaryImageOfPage":{"@id":"https:\/\/www.notibras.com\/site\/ano-novo-vem-ai-e-o-natal-ja-agora-pede-de-nos-reflexoes\/#primaryimage"},"image":{"@id":"https:\/\/www.notibras.com\/site\/ano-novo-vem-ai-e-o-natal-ja-agora-pede-de-nos-reflexoes\/#primaryimage"},"thumbnailUrl":"https:\/\/www.notibras.com\/site\/wp-content\/uploads\/2023\/12\/natal.buriti.jpg","datePublished":"2023-12-23T22:12:15+00:00","dateModified":"2023-12-23T22:25:23+00:00","breadcrumb":{"@id":"https:\/\/www.notibras.com\/site\/ano-novo-vem-ai-e-o-natal-ja-agora-pede-de-nos-reflexoes\/#breadcrumb"},"inLanguage":"pt-BR","potentialAction":[{"@type":"ReadAction","target":["https:\/\/www.notibras.com\/site\/ano-novo-vem-ai-e-o-natal-ja-agora-pede-de-nos-reflexoes\/"]}]},{"@type":"ImageObject","inLanguage":"pt-BR","@id":"https:\/\/www.notibras.com\/site\/ano-novo-vem-ai-e-o-natal-ja-agora-pede-de-nos-reflexoes\/#primaryimage","url":"https:\/\/www.notibras.com\/site\/wp-content\/uploads\/2023\/12\/natal.buriti.jpg","contentUrl":"https:\/\/www.notibras.com\/site\/wp-content\/uploads\/2023\/12\/natal.buriti.jpg","width":1536,"height":1024},{"@type":"BreadcrumbList","@id":"https:\/\/www.notibras.com\/site\/ano-novo-vem-ai-e-o-natal-ja-agora-pede-de-nos-reflexoes\/#breadcrumb","itemListElement":[{"@type":"ListItem","position":1,"name":"In\u00edcio","item":"https:\/\/www.notibras.com\/site\/"},{"@type":"ListItem","position":2,"name":"Ano novo vem a\u00ed, e o Natal, j\u00e1 agora, pede de n\u00f3s reflex\u00f5es"}]},{"@type":"WebSite","@id":"https:\/\/www.notibras.com\/site\/#website","url":"https:\/\/www.notibras.com\/site\/","name":"Notibras","description":"Not\u00edcias de Bras\u00edlia, do Brasil e do Mundo","publisher":{"@id":"https:\/\/www.notibras.com\/site\/#organization"},"potentialAction":[{"@type":"SearchAction","target":{"@type":"EntryPoint","urlTemplate":"https:\/\/www.notibras.com\/site\/?s={search_term_string}"},"query-input":{"@type":"PropertyValueSpecification","valueRequired":true,"valueName":"search_term_string"}}],"inLanguage":"pt-BR"},{"@type":"Organization","@id":"https:\/\/www.notibras.com\/site\/#organization","name":"Grupo Notibras de Comunica\u00e7\u00e3o","url":"https:\/\/www.notibras.com\/site\/","logo":{"@type":"ImageObject","inLanguage":"pt-BR","@id":"https:\/\/www.notibras.com\/site\/#\/schema\/logo\/image\/","url":"https:\/\/www.notibras.com\/site\/wp-content\/uploads\/2023\/01\/notibras23.png","contentUrl":"https:\/\/www.notibras.com\/site\/wp-content\/uploads\/2023\/01\/notibras23.png","width":350,"height":87,"caption":"Grupo Notibras de Comunica\u00e7\u00e3o"},"image":{"@id":"https:\/\/www.notibras.com\/site\/#\/schema\/logo\/image\/"},"sameAs":["https:\/\/www.facebook.com\/notibras\/","https:\/\/x.com\/Notibras","https:\/\/www.instagram.com\/notibras\/"]},{"@type":"Person","@id":"https:\/\/www.notibras.com\/site\/#\/schema\/person\/36ab0979449956132d3e5b517ea76ac8","name":"Reda\u00e7\u00e3o","image":{"@type":"ImageObject","inLanguage":"pt-BR","@id":"https:\/\/secure.gravatar.com\/avatar\/e0a867bdedb85fd243eadf09663511f96fc81e0720a4a42581f334ad4303aa6b?s=96&d=mm&r=g","url":"https:\/\/secure.gravatar.com\/avatar\/e0a867bdedb85fd243eadf09663511f96fc81e0720a4a42581f334ad4303aa6b?s=96&d=mm&r=g","contentUrl":"https:\/\/secure.gravatar.com\/avatar\/e0a867bdedb85fd243eadf09663511f96fc81e0720a4a42581f334ad4303aa6b?s=96&d=mm&r=g","caption":"Reda\u00e7\u00e3o"}}]}},"amp_enabled":true,"_links":{"self":[{"href":"https:\/\/www.notibras.com\/site\/wp-json\/wp\/v2\/posts\/319655","targetHints":{"allow":["GET"]}}],"collection":[{"href":"https:\/\/www.notibras.com\/site\/wp-json\/wp\/v2\/posts"}],"about":[{"href":"https:\/\/www.notibras.com\/site\/wp-json\/wp\/v2\/types\/post"}],"author":[{"embeddable":true,"href":"https:\/\/www.notibras.com\/site\/wp-json\/wp\/v2\/users\/2"}],"replies":[{"embeddable":true,"href":"https:\/\/www.notibras.com\/site\/wp-json\/wp\/v2\/comments?post=319655"}],"version-history":[{"count":3,"href":"https:\/\/www.notibras.com\/site\/wp-json\/wp\/v2\/posts\/319655\/revisions"}],"predecessor-version":[{"id":319663,"href":"https:\/\/www.notibras.com\/site\/wp-json\/wp\/v2\/posts\/319655\/revisions\/319663"}],"wp:featuredmedia":[{"embeddable":true,"href":"https:\/\/www.notibras.com\/site\/wp-json\/wp\/v2\/media\/319656"}],"wp:attachment":[{"href":"https:\/\/www.notibras.com\/site\/wp-json\/wp\/v2\/media?parent=319655"}],"wp:term":[{"taxonomy":"category","embeddable":true,"href":"https:\/\/www.notibras.com\/site\/wp-json\/wp\/v2\/categories?post=319655"},{"taxonomy":"post_tag","embeddable":true,"href":"https:\/\/www.notibras.com\/site\/wp-json\/wp\/v2\/tags?post=319655"}],"curies":[{"name":"wp","href":"https:\/\/api.w.org\/{rel}","templated":true}]}}