{"id":319668,"date":"2023-12-23T19:36:11","date_gmt":"2023-12-23T22:36:11","guid":{"rendered":"https:\/\/www.notibras.com\/site\/?p=319668"},"modified":"2023-12-25T08:20:20","modified_gmt":"2023-12-25T11:20:20","slug":"hidratacao-e-essencial-nas-festas-de-fim-de-ano","status":"publish","type":"post","link":"https:\/\/www.notibras.com\/site\/hidratacao-e-essencial-nas-festas-de-fim-de-ano\/","title":{"rendered":"Hidrata\u00e7\u00e3o \u00e9 essencial nas festas de fim de ano"},"content":{"rendered":"<p>Para preservar a sa\u00fade nas festas de fim de ano, a endocrinologista Lorena Lima Amato, membro da Sociedade Brasileira de Endocrinologia e Metabologia (SBEM), destaca que, no ver\u00e3o, no Brasil, como se trata de uma \u00e9poca sempre quente, a hidrata\u00e7\u00e3o \u00e9 essencial. A pessoa deve beber muita \u00e1gua e tomar cuidado com a exposi\u00e7\u00e3o excessiva ao sol \u201cporque, realmente, as temperaturas s\u00e3o muito elevadas\u201d.<\/p>\n<p>Lorena diz que \u00e9 preciso escolher o tipo de alimento e, tamb\u00e9m, as bebidas alco\u00f3licas, porque agravam qualquer situa\u00e7\u00e3o de desidrata\u00e7\u00e3o. Em rela\u00e7\u00e3o aos alimentos, de forma particular, chamou a aten\u00e7\u00e3o para a verifica\u00e7\u00e3o da proced\u00eancia, para evitar quadro de desarranjo intestinal.<\/p>\n<p>\u201cA desidrata\u00e7\u00e3o, \u00e0s vezes, pode se transformar em um quadro grave, dependendo do paciente\u201d. Ela recomendou a manuten\u00e7\u00e3o dos tratamentos medicamentosos, quaisquer que sejam. \u201cN\u00e3o parar e continuar a pr\u00e1tica de atividade f\u00edsica, na medida do poss\u00edvel\u201d.<\/p>\n<p><strong>Gordura<\/strong><br \/>\nEm rela\u00e7\u00e3o \u00e0 alimenta\u00e7\u00e3o, a m\u00e9dica indicou que se deve ter aten\u00e7\u00e3o em rela\u00e7\u00e3o a alimentos muito gordurosos. \u201cN\u00e3o abusar muito\u201d. Lembrou, entretanto, que nenhum alimento \u00e9 proibido, inclusive para diab\u00e9ticos e hipertensos.<\/p>\n<p>\u201cNenhum alimento \u00e9 proibido; eu sempre falo isso para os pacientes. A quest\u00e3o \u00e9 modera\u00e7\u00e3o Se h\u00e1 um alimento que n\u00e3o vai fazer t\u00e3o bem, que seja em pequena quantidade, isto \u00e9, para saborear e n\u00e3o para um excesso ou abuso. Se desconfiar que tem um certo descontrole, ou compuls\u00e3o por alimento, procure aten\u00e7\u00e3o m\u00e9dica, porque existe tratamento para isso\u201d.<\/p>\n<p>Durante reuni\u00f5es ou confraterniza\u00e7\u00f5es de fim de ano, uma dica \u00e9, a cada gole de bebida alco\u00f3lica, tomar tamb\u00e9m um gole de \u00e1gua para manter-se hidratado, pois o \u00e1lcool desidrata o organismo rapidamente.<\/p>\n<p>\u201cVoc\u00ea se hidrata e acaba bebendo menos\u201d. As pessoas devem manter-se longe das mesas de petiscos, principalmente se est\u00e3o com fome. Uma dica pr\u00e1tica \u00e9, em vez de ficar pegando com a m\u00e3o direto do pote, pegar o que quer de petisco de entrada em um prato e afastar-se. \u201cA quest\u00e3o \u00e9 perder a no\u00e7\u00e3o da quantidade porque, se ficar do lado da mesa e da comida, vai pegando da fonte e n\u00e3o faz a menor ideia se comeu um balde ou uma colher\u201d.<\/p>\n<p>Ainda em rela\u00e7\u00e3o a bebidas, afirmou que deve-se dar prefer\u00eancia a bebidas sem a\u00e7\u00facar, porque o \u00e1lcool j\u00e1 tem muita caloria vazia, ou caloria zero nutriente.<\/p>\n<p>\u201cSe voc\u00ea ainda bota a\u00e7\u00facar, fica cheio de calorias vazias\u201d. Outra dica \u00e9 n\u00e3o deixar o gar\u00e7om ficar enchendo sua ta\u00e7a ou copo antes da bebida acabar porque, no final, a pessoa n\u00e3o vai ter ideia de quantas doses tomou. O prefer\u00edvel \u00e9 deixar esvaziar a ta\u00e7a para ter percep\u00e7\u00e3o e manter o dom\u00ednio da quantidade que est\u00e1 ingerindo. E sem esquecer de tomar a mesma propor\u00e7\u00e3o de \u00e1gua a cada gole.<\/p>\n<p><strong>Risco<\/strong><br \/>\nSegundo a m\u00e9dica, os diab\u00e9ticos bem controlados n\u00e3o precisam se privar de nada, da mesma forma que uma pessoa saud\u00e1vel. Mas deve ter uma aten\u00e7\u00e3o maior, evitando alimentos que tenham alto \u00edndice de gordura ou muito a\u00e7\u00facar. No caso dos hipertensos, muita gordura e muito sal v\u00e3o ser prejudiciais tamb\u00e9m.<\/p>\n<p>Devem ter aten\u00e7\u00e3o especial, mas nada \u00e9 proibido, desde que tomem as devidas cautelas. A endocrinologista destacou que o problema da hipertens\u00e3o \u00e9 o risco cardiovascular, porque os alimentos com gordura geralmente t\u00eam colesterol alto.<\/p>\n<p>Para aqueles que exagerarem na bebida alco\u00f3lica e tiverem ressaca no dia seguinte, a orienta\u00e7\u00e3o \u00e9 manter-se hidratado e usar medicamentos apropriados para os sintomas, mas sempre com a orienta\u00e7\u00e3o do seu m\u00e9dico. A ingest\u00e3o de alimentos leves \u00e9 muito importante para a recupera\u00e7\u00e3o ap\u00f3s excesso de \u00e1lcool.<\/p>\n<p><strong>Aspecto social<\/strong><br \/>\nA nutricionista cl\u00ednica do Hospital S\u00e3o Vicente de Paulo, Julia Quinet, refor\u00e7ou que, para evitar excessos e manter a boa alimenta\u00e7\u00e3o e a sa\u00fade nas festas de fim de ano, as pessoas devem reduzir o foco na comida e destacar o aspecto social, \u201cque \u00e9 o mais importante, a gente se reunir para confraternizar com os outros\u201d.<\/p>\n<p>Evitar pular refei\u00e7\u00f5es \u00e9 outra dica de Julia para que o cidad\u00e3o, se tiver algum evento, n\u00e3o chegue com muita fome e acabe comendo mais petiscos e bebendo mais. Ele deve dar prefer\u00eancia a alimentos mais proteicos. \u201cSempre pedir uma carne, prote\u00edna, para ter mais saciedade\u201d, disse \u00e0 Ag\u00eancia Brasil.<\/p>\n<p>Julia Quinet recomendou que a pessoa deve buscar poss\u00edveis altera\u00e7\u00f5es no card\u00e1pio em confraterniza\u00e7\u00f5es fora de casa, de acordo com as suas restri\u00e7\u00f5es alimentares, substituindo, por exemplo, dois acompanhamentos por uma salada, para a refei\u00e7\u00e3o ficar mais equilibrada.<\/p>\n<p>Em restaurantes, a dica \u00e9 come\u00e7ar sempre com \u00e1gua normal ou com \u00e1gua com gotas de lim\u00e3o, \u201cporque, com isso, a gente consegue controlar mais a fome e a\u00ed voc\u00ea n\u00e3o vai com tanto apetite na hora da refei\u00e7\u00e3o. Consegue comer um pouco menos, reduzir o espa\u00e7o do est\u00f4mago\u201d.<\/p>\n<p>Se a pessoa for consumir bebida alco\u00f3lica, deve preferir os destilados, como vodca, gim t\u00f4nica, e evitar cerveja e chope, que s\u00e3o mais cal\u00f3ricos, e fugir das prepara\u00e7\u00f5es fritas ou empanadas, mais gordurosas, al\u00e9m de serem inflamat\u00f3rias para o corpo. \u201cA pessoa acaba retendo mais l\u00edquido e inchando um pouco mais, ficando mais inflamado\u201d.<\/p>\n<p>Da mesma maneira, deve-se evitar molhos cremosos, como ros\u00e9 e t\u00e1rtaro, que t\u00eam ingredientes l\u00e1cteos, mais gordurosos. Uma boa op\u00e7\u00e3o s\u00e3o caldos de feij\u00e3o e ab\u00f3bora que t\u00eam menos calorias, e dispensar torradinhas, sugeriu. Na d\u00favida, para Julia Quinet, a melhor op\u00e7\u00e3o s\u00e3o os grelhados, com acompanhamento de legumes assados, cozidos ou no vapor ou, ent\u00e3o, salada. Se tiver o carboidrato da bebida alco\u00f3lica, essa \u00e9 a op\u00e7\u00e3o mais inteligente, disse a nutricionista. \u201cSe vai ter a caloria da bebida, a gente tenta reduzir um pouco mais na comida.\u201d<\/p>\n","protected":false},"excerpt":{"rendered":"<p>Para preservar a sa\u00fade nas festas de fim de ano, a endocrinologista Lorena Lima Amato, membro da Sociedade Brasileira de Endocrinologia e Metabologia (SBEM), destaca que, no ver\u00e3o, no Brasil, como se trata de uma \u00e9poca sempre quente, a hidrata\u00e7\u00e3o \u00e9 essencial. A pessoa deve beber muita \u00e1gua e tomar cuidado com a exposi\u00e7\u00e3o excessiva [&hellip;]<\/p>\n","protected":false},"author":2,"featured_media":319669,"comment_status":"closed","ping_status":"closed","sticky":false,"template":"","format":"standard","meta":{"_acf_changed":false,"footnotes":""},"categories":[161],"tags":[95],"class_list":["post-319668","post","type-post","status-publish","format-standard","has-post-thumbnail","hentry","category-quadradinho-em-foco","tag-capa"],"acf":[],"yoast_head":"<!-- This site is optimized with the Yoast SEO plugin v27.2 - https:\/\/yoast.com\/product\/yoast-seo-wordpress\/ -->\n<title>Hidrata\u00e7\u00e3o \u00e9 essencial nas festas de fim de ano - Notibras<\/title>\n<meta name=\"robots\" content=\"index, follow, max-snippet:-1, max-image-preview:large, max-video-preview:-1\" \/>\n<link rel=\"canonical\" href=\"https:\/\/www.notibras.com\/site\/hidratacao-e-essencial-nas-festas-de-fim-de-ano\/\" \/>\n<meta property=\"og:locale\" content=\"pt_BR\" \/>\n<meta property=\"og:type\" content=\"article\" \/>\n<meta property=\"og:title\" content=\"Hidrata\u00e7\u00e3o \u00e9 essencial nas festas de fim de ano - Notibras\" \/>\n<meta property=\"og:description\" content=\"Para preservar a sa\u00fade nas festas de fim de ano, a endocrinologista Lorena Lima Amato, membro da Sociedade Brasileira de Endocrinologia e Metabologia (SBEM), destaca que, no ver\u00e3o, no Brasil, como se trata de uma \u00e9poca sempre quente, a hidrata\u00e7\u00e3o \u00e9 essencial. A pessoa deve beber muita \u00e1gua e tomar cuidado com a exposi\u00e7\u00e3o excessiva [&hellip;]\" \/>\n<meta property=\"og:url\" content=\"https:\/\/www.notibras.com\/site\/hidratacao-e-essencial-nas-festas-de-fim-de-ano\/\" \/>\n<meta property=\"og:site_name\" content=\"Notibras\" \/>\n<meta property=\"article:publisher\" content=\"https:\/\/www.facebook.com\/notibras\/\" \/>\n<meta property=\"article:published_time\" content=\"2023-12-23T22:36:11+00:00\" \/>\n<meta property=\"article:modified_time\" content=\"2023-12-25T11:20:20+00:00\" \/>\n<meta property=\"og:image\" content=\"https:\/\/www.notibras.com\/site\/wp-content\/uploads\/2023\/12\/hidrata.cachaca.webp\" \/>\n\t<meta property=\"og:image:width\" content=\"1170\" \/>\n\t<meta property=\"og:image:height\" content=\"700\" \/>\n\t<meta property=\"og:image:type\" content=\"image\/webp\" \/>\n<meta name=\"author\" content=\"Reda\u00e7\u00e3o\" \/>\n<meta name=\"twitter:card\" content=\"summary_large_image\" \/>\n<meta name=\"twitter:creator\" content=\"@Notibras\" \/>\n<meta name=\"twitter:site\" content=\"@Notibras\" \/>\n<meta name=\"twitter:label1\" content=\"Escrito por\" \/>\n\t<meta name=\"twitter:data1\" content=\"Reda\u00e7\u00e3o\" \/>\n\t<meta name=\"twitter:label2\" content=\"Est. tempo de leitura\" \/>\n\t<meta name=\"twitter:data2\" content=\"6 minutos\" \/>\n<script type=\"application\/ld+json\" class=\"yoast-schema-graph\">{\"@context\":\"https:\/\/schema.org\",\"@graph\":[{\"@type\":\"Article\",\"@id\":\"https:\/\/www.notibras.com\/site\/hidratacao-e-essencial-nas-festas-de-fim-de-ano\/#article\",\"isPartOf\":{\"@id\":\"https:\/\/www.notibras.com\/site\/hidratacao-e-essencial-nas-festas-de-fim-de-ano\/\"},\"author\":{\"name\":\"Reda\u00e7\u00e3o\",\"@id\":\"https:\/\/www.notibras.com\/site\/#\/schema\/person\/36ab0979449956132d3e5b517ea76ac8\"},\"headline\":\"Hidrata\u00e7\u00e3o \u00e9 essencial nas festas de fim de ano\",\"datePublished\":\"2023-12-23T22:36:11+00:00\",\"dateModified\":\"2023-12-25T11:20:20+00:00\",\"mainEntityOfPage\":{\"@id\":\"https:\/\/www.notibras.com\/site\/hidratacao-e-essencial-nas-festas-de-fim-de-ano\/\"},\"wordCount\":1033,\"publisher\":{\"@id\":\"https:\/\/www.notibras.com\/site\/#organization\"},\"image\":{\"@id\":\"https:\/\/www.notibras.com\/site\/hidratacao-e-essencial-nas-festas-de-fim-de-ano\/#primaryimage\"},\"thumbnailUrl\":\"https:\/\/www.notibras.com\/site\/wp-content\/uploads\/2023\/12\/hidrata.cachaca.webp\",\"keywords\":[\"capa\"],\"articleSection\":[\"Quadradinho em Foco\"],\"inLanguage\":\"pt-BR\"},{\"@type\":\"WebPage\",\"@id\":\"https:\/\/www.notibras.com\/site\/hidratacao-e-essencial-nas-festas-de-fim-de-ano\/\",\"url\":\"https:\/\/www.notibras.com\/site\/hidratacao-e-essencial-nas-festas-de-fim-de-ano\/\",\"name\":\"Hidrata\u00e7\u00e3o \u00e9 essencial nas festas de fim de ano - Notibras\",\"isPartOf\":{\"@id\":\"https:\/\/www.notibras.com\/site\/#website\"},\"primaryImageOfPage\":{\"@id\":\"https:\/\/www.notibras.com\/site\/hidratacao-e-essencial-nas-festas-de-fim-de-ano\/#primaryimage\"},\"image\":{\"@id\":\"https:\/\/www.notibras.com\/site\/hidratacao-e-essencial-nas-festas-de-fim-de-ano\/#primaryimage\"},\"thumbnailUrl\":\"https:\/\/www.notibras.com\/site\/wp-content\/uploads\/2023\/12\/hidrata.cachaca.webp\",\"datePublished\":\"2023-12-23T22:36:11+00:00\",\"dateModified\":\"2023-12-25T11:20:20+00:00\",\"breadcrumb\":{\"@id\":\"https:\/\/www.notibras.com\/site\/hidratacao-e-essencial-nas-festas-de-fim-de-ano\/#breadcrumb\"},\"inLanguage\":\"pt-BR\",\"potentialAction\":[{\"@type\":\"ReadAction\",\"target\":[\"https:\/\/www.notibras.com\/site\/hidratacao-e-essencial-nas-festas-de-fim-de-ano\/\"]}]},{\"@type\":\"ImageObject\",\"inLanguage\":\"pt-BR\",\"@id\":\"https:\/\/www.notibras.com\/site\/hidratacao-e-essencial-nas-festas-de-fim-de-ano\/#primaryimage\",\"url\":\"https:\/\/www.notibras.com\/site\/wp-content\/uploads\/2023\/12\/hidrata.cachaca.webp\",\"contentUrl\":\"https:\/\/www.notibras.com\/site\/wp-content\/uploads\/2023\/12\/hidrata.cachaca.webp\",\"width\":1170,\"height\":700},{\"@type\":\"BreadcrumbList\",\"@id\":\"https:\/\/www.notibras.com\/site\/hidratacao-e-essencial-nas-festas-de-fim-de-ano\/#breadcrumb\",\"itemListElement\":[{\"@type\":\"ListItem\",\"position\":1,\"name\":\"In\u00edcio\",\"item\":\"https:\/\/www.notibras.com\/site\/\"},{\"@type\":\"ListItem\",\"position\":2,\"name\":\"Hidrata\u00e7\u00e3o \u00e9 essencial nas festas de fim de ano\"}]},{\"@type\":\"WebSite\",\"@id\":\"https:\/\/www.notibras.com\/site\/#website\",\"url\":\"https:\/\/www.notibras.com\/site\/\",\"name\":\"Notibras\",\"description\":\"Not\u00edcias de Bras\u00edlia, do Brasil e do Mundo\",\"publisher\":{\"@id\":\"https:\/\/www.notibras.com\/site\/#organization\"},\"potentialAction\":[{\"@type\":\"SearchAction\",\"target\":{\"@type\":\"EntryPoint\",\"urlTemplate\":\"https:\/\/www.notibras.com\/site\/?s={search_term_string}\"},\"query-input\":{\"@type\":\"PropertyValueSpecification\",\"valueRequired\":true,\"valueName\":\"search_term_string\"}}],\"inLanguage\":\"pt-BR\"},{\"@type\":\"Organization\",\"@id\":\"https:\/\/www.notibras.com\/site\/#organization\",\"name\":\"Grupo Notibras de Comunica\u00e7\u00e3o\",\"url\":\"https:\/\/www.notibras.com\/site\/\",\"logo\":{\"@type\":\"ImageObject\",\"inLanguage\":\"pt-BR\",\"@id\":\"https:\/\/www.notibras.com\/site\/#\/schema\/logo\/image\/\",\"url\":\"https:\/\/www.notibras.com\/site\/wp-content\/uploads\/2023\/01\/notibras23.png\",\"contentUrl\":\"https:\/\/www.notibras.com\/site\/wp-content\/uploads\/2023\/01\/notibras23.png\",\"width\":350,\"height\":87,\"caption\":\"Grupo Notibras de Comunica\u00e7\u00e3o\"},\"image\":{\"@id\":\"https:\/\/www.notibras.com\/site\/#\/schema\/logo\/image\/\"},\"sameAs\":[\"https:\/\/www.facebook.com\/notibras\/\",\"https:\/\/x.com\/Notibras\",\"https:\/\/www.instagram.com\/notibras\/\"]},{\"@type\":\"Person\",\"@id\":\"https:\/\/www.notibras.com\/site\/#\/schema\/person\/36ab0979449956132d3e5b517ea76ac8\",\"name\":\"Reda\u00e7\u00e3o\",\"image\":{\"@type\":\"ImageObject\",\"inLanguage\":\"pt-BR\",\"@id\":\"https:\/\/secure.gravatar.com\/avatar\/e0a867bdedb85fd243eadf09663511f96fc81e0720a4a42581f334ad4303aa6b?s=96&d=mm&r=g\",\"url\":\"https:\/\/secure.gravatar.com\/avatar\/e0a867bdedb85fd243eadf09663511f96fc81e0720a4a42581f334ad4303aa6b?s=96&d=mm&r=g\",\"contentUrl\":\"https:\/\/secure.gravatar.com\/avatar\/e0a867bdedb85fd243eadf09663511f96fc81e0720a4a42581f334ad4303aa6b?s=96&d=mm&r=g\",\"caption\":\"Reda\u00e7\u00e3o\"}}]}<\/script>\n<!-- \/ Yoast SEO plugin. -->","yoast_head_json":{"title":"Hidrata\u00e7\u00e3o \u00e9 essencial nas festas de fim de ano - Notibras","robots":{"index":"index","follow":"follow","max-snippet":"max-snippet:-1","max-image-preview":"max-image-preview:large","max-video-preview":"max-video-preview:-1"},"canonical":"https:\/\/www.notibras.com\/site\/hidratacao-e-essencial-nas-festas-de-fim-de-ano\/","og_locale":"pt_BR","og_type":"article","og_title":"Hidrata\u00e7\u00e3o \u00e9 essencial nas festas de fim de ano - Notibras","og_description":"Para preservar a sa\u00fade nas festas de fim de ano, a endocrinologista Lorena Lima Amato, membro da Sociedade Brasileira de Endocrinologia e Metabologia (SBEM), destaca que, no ver\u00e3o, no Brasil, como se trata de uma \u00e9poca sempre quente, a hidrata\u00e7\u00e3o \u00e9 essencial. A pessoa deve beber muita \u00e1gua e tomar cuidado com a exposi\u00e7\u00e3o excessiva [&hellip;]","og_url":"https:\/\/www.notibras.com\/site\/hidratacao-e-essencial-nas-festas-de-fim-de-ano\/","og_site_name":"Notibras","article_publisher":"https:\/\/www.facebook.com\/notibras\/","article_published_time":"2023-12-23T22:36:11+00:00","article_modified_time":"2023-12-25T11:20:20+00:00","og_image":[{"width":1170,"height":700,"url":"https:\/\/www.notibras.com\/site\/wp-content\/uploads\/2023\/12\/hidrata.cachaca.webp","type":"image\/webp"}],"author":"Reda\u00e7\u00e3o","twitter_card":"summary_large_image","twitter_creator":"@Notibras","twitter_site":"@Notibras","twitter_misc":{"Escrito por":"Reda\u00e7\u00e3o","Est. tempo de leitura":"6 minutos"},"schema":{"@context":"https:\/\/schema.org","@graph":[{"@type":"Article","@id":"https:\/\/www.notibras.com\/site\/hidratacao-e-essencial-nas-festas-de-fim-de-ano\/#article","isPartOf":{"@id":"https:\/\/www.notibras.com\/site\/hidratacao-e-essencial-nas-festas-de-fim-de-ano\/"},"author":{"name":"Reda\u00e7\u00e3o","@id":"https:\/\/www.notibras.com\/site\/#\/schema\/person\/36ab0979449956132d3e5b517ea76ac8"},"headline":"Hidrata\u00e7\u00e3o \u00e9 essencial nas festas de fim de ano","datePublished":"2023-12-23T22:36:11+00:00","dateModified":"2023-12-25T11:20:20+00:00","mainEntityOfPage":{"@id":"https:\/\/www.notibras.com\/site\/hidratacao-e-essencial-nas-festas-de-fim-de-ano\/"},"wordCount":1033,"publisher":{"@id":"https:\/\/www.notibras.com\/site\/#organization"},"image":{"@id":"https:\/\/www.notibras.com\/site\/hidratacao-e-essencial-nas-festas-de-fim-de-ano\/#primaryimage"},"thumbnailUrl":"https:\/\/www.notibras.com\/site\/wp-content\/uploads\/2023\/12\/hidrata.cachaca.webp","keywords":["capa"],"articleSection":["Quadradinho em Foco"],"inLanguage":"pt-BR"},{"@type":"WebPage","@id":"https:\/\/www.notibras.com\/site\/hidratacao-e-essencial-nas-festas-de-fim-de-ano\/","url":"https:\/\/www.notibras.com\/site\/hidratacao-e-essencial-nas-festas-de-fim-de-ano\/","name":"Hidrata\u00e7\u00e3o \u00e9 essencial nas festas de fim de ano - Notibras","isPartOf":{"@id":"https:\/\/www.notibras.com\/site\/#website"},"primaryImageOfPage":{"@id":"https:\/\/www.notibras.com\/site\/hidratacao-e-essencial-nas-festas-de-fim-de-ano\/#primaryimage"},"image":{"@id":"https:\/\/www.notibras.com\/site\/hidratacao-e-essencial-nas-festas-de-fim-de-ano\/#primaryimage"},"thumbnailUrl":"https:\/\/www.notibras.com\/site\/wp-content\/uploads\/2023\/12\/hidrata.cachaca.webp","datePublished":"2023-12-23T22:36:11+00:00","dateModified":"2023-12-25T11:20:20+00:00","breadcrumb":{"@id":"https:\/\/www.notibras.com\/site\/hidratacao-e-essencial-nas-festas-de-fim-de-ano\/#breadcrumb"},"inLanguage":"pt-BR","potentialAction":[{"@type":"ReadAction","target":["https:\/\/www.notibras.com\/site\/hidratacao-e-essencial-nas-festas-de-fim-de-ano\/"]}]},{"@type":"ImageObject","inLanguage":"pt-BR","@id":"https:\/\/www.notibras.com\/site\/hidratacao-e-essencial-nas-festas-de-fim-de-ano\/#primaryimage","url":"https:\/\/www.notibras.com\/site\/wp-content\/uploads\/2023\/12\/hidrata.cachaca.webp","contentUrl":"https:\/\/www.notibras.com\/site\/wp-content\/uploads\/2023\/12\/hidrata.cachaca.webp","width":1170,"height":700},{"@type":"BreadcrumbList","@id":"https:\/\/www.notibras.com\/site\/hidratacao-e-essencial-nas-festas-de-fim-de-ano\/#breadcrumb","itemListElement":[{"@type":"ListItem","position":1,"name":"In\u00edcio","item":"https:\/\/www.notibras.com\/site\/"},{"@type":"ListItem","position":2,"name":"Hidrata\u00e7\u00e3o \u00e9 essencial nas festas de fim de ano"}]},{"@type":"WebSite","@id":"https:\/\/www.notibras.com\/site\/#website","url":"https:\/\/www.notibras.com\/site\/","name":"Notibras","description":"Not\u00edcias de Bras\u00edlia, do Brasil e do Mundo","publisher":{"@id":"https:\/\/www.notibras.com\/site\/#organization"},"potentialAction":[{"@type":"SearchAction","target":{"@type":"EntryPoint","urlTemplate":"https:\/\/www.notibras.com\/site\/?s={search_term_string}"},"query-input":{"@type":"PropertyValueSpecification","valueRequired":true,"valueName":"search_term_string"}}],"inLanguage":"pt-BR"},{"@type":"Organization","@id":"https:\/\/www.notibras.com\/site\/#organization","name":"Grupo Notibras de Comunica\u00e7\u00e3o","url":"https:\/\/www.notibras.com\/site\/","logo":{"@type":"ImageObject","inLanguage":"pt-BR","@id":"https:\/\/www.notibras.com\/site\/#\/schema\/logo\/image\/","url":"https:\/\/www.notibras.com\/site\/wp-content\/uploads\/2023\/01\/notibras23.png","contentUrl":"https:\/\/www.notibras.com\/site\/wp-content\/uploads\/2023\/01\/notibras23.png","width":350,"height":87,"caption":"Grupo Notibras de Comunica\u00e7\u00e3o"},"image":{"@id":"https:\/\/www.notibras.com\/site\/#\/schema\/logo\/image\/"},"sameAs":["https:\/\/www.facebook.com\/notibras\/","https:\/\/x.com\/Notibras","https:\/\/www.instagram.com\/notibras\/"]},{"@type":"Person","@id":"https:\/\/www.notibras.com\/site\/#\/schema\/person\/36ab0979449956132d3e5b517ea76ac8","name":"Reda\u00e7\u00e3o","image":{"@type":"ImageObject","inLanguage":"pt-BR","@id":"https:\/\/secure.gravatar.com\/avatar\/e0a867bdedb85fd243eadf09663511f96fc81e0720a4a42581f334ad4303aa6b?s=96&d=mm&r=g","url":"https:\/\/secure.gravatar.com\/avatar\/e0a867bdedb85fd243eadf09663511f96fc81e0720a4a42581f334ad4303aa6b?s=96&d=mm&r=g","contentUrl":"https:\/\/secure.gravatar.com\/avatar\/e0a867bdedb85fd243eadf09663511f96fc81e0720a4a42581f334ad4303aa6b?s=96&d=mm&r=g","caption":"Reda\u00e7\u00e3o"}}]}},"amp_enabled":true,"_links":{"self":[{"href":"https:\/\/www.notibras.com\/site\/wp-json\/wp\/v2\/posts\/319668","targetHints":{"allow":["GET"]}}],"collection":[{"href":"https:\/\/www.notibras.com\/site\/wp-json\/wp\/v2\/posts"}],"about":[{"href":"https:\/\/www.notibras.com\/site\/wp-json\/wp\/v2\/types\/post"}],"author":[{"embeddable":true,"href":"https:\/\/www.notibras.com\/site\/wp-json\/wp\/v2\/users\/2"}],"replies":[{"embeddable":true,"href":"https:\/\/www.notibras.com\/site\/wp-json\/wp\/v2\/comments?post=319668"}],"version-history":[{"count":1,"href":"https:\/\/www.notibras.com\/site\/wp-json\/wp\/v2\/posts\/319668\/revisions"}],"predecessor-version":[{"id":319670,"href":"https:\/\/www.notibras.com\/site\/wp-json\/wp\/v2\/posts\/319668\/revisions\/319670"}],"wp:featuredmedia":[{"embeddable":true,"href":"https:\/\/www.notibras.com\/site\/wp-json\/wp\/v2\/media\/319669"}],"wp:attachment":[{"href":"https:\/\/www.notibras.com\/site\/wp-json\/wp\/v2\/media?parent=319668"}],"wp:term":[{"taxonomy":"category","embeddable":true,"href":"https:\/\/www.notibras.com\/site\/wp-json\/wp\/v2\/categories?post=319668"},{"taxonomy":"post_tag","embeddable":true,"href":"https:\/\/www.notibras.com\/site\/wp-json\/wp\/v2\/tags?post=319668"}],"curies":[{"name":"wp","href":"https:\/\/api.w.org\/{rel}","templated":true}]}}