{"id":319674,"date":"2023-12-24T10:25:34","date_gmt":"2023-12-24T13:25:34","guid":{"rendered":"https:\/\/www.notibras.com\/site\/?p=319674"},"modified":"2023-12-24T11:04:44","modified_gmt":"2023-12-24T14:04:44","slug":"ibaneis-advogado-alquimista-fez-de-brasilia-novo-jardim-do-eden","status":"publish","type":"post","link":"https:\/\/www.notibras.com\/site\/ibaneis-advogado-alquimista-fez-de-brasilia-novo-jardim-do-eden\/","title":{"rendered":"Ibaneis, advogado-alquimista, fez de Bras\u00edlia novo Jardim do \u00c9den"},"content":{"rendered":"<p>Estive com Ibaneis Rocha (MDB), um \u00fanico dia, em duas ocasi\u00f5es. Foi h\u00e1 cerca de quatro anos. Ele, pragm\u00e1tico; eu, \u00e1cido. A primeira, quando ele chegou com sua tropa de advogados ao corredor que leva aos gabinetes dos ju\u00edzes no edif\u00edcio-sede do Tribunal de Justi\u00e7a do Distrito Federal e Territ\u00f3rios. Nos cumprimentamos formalmente. Logo depois, j\u00e1 na sala de um juiz que acatara uma den\u00fancia dele contra este rep\u00f3rter e <strong>Notibras<\/strong>, voltamos a nos cumprimentar. Seguiu-se a audi\u00eancia de concilia\u00e7\u00e3o que findou em um acordo. N\u00e3o houve vencido nem vencedor. Diria que o VAR, na condi\u00e7\u00e3o de magistrado, decretaria empate.<\/p>\n<p>N\u00e3o escrevo neste momento motivado pelo esp\u00edrito natalino. Sou isento, portanto, para abordar um tema que muita gente se sente desencorajada. Se um dia Ibaneis, supostamente, tentou destruir <strong>Notibras<\/strong>, consequ\u00eancia de uma ta\u00e7a de vinho vinagrado, tenho brios para sustentar que a postura dele, como governador, tem sido a de um estadista neste ano que se encerra. Isso apesar de todas as dores de cabe\u00e7a provocadas pelo 8 de janeiro.<\/p>\n<p>Costumo dizer &#8211; e esta \u00e9 uma orienta\u00e7\u00e3o de <strong>Notibras<\/strong> a todos os nossos profissionais, sob o olhar eventualmente flexivo do companheiro Armando Cardoso, que preside o Conselho Editorial do Portal -, que a democracia, ao mesmo tempo em que nos garante o livre exerc\u00edcio do voto, nos d\u00e1 cidadania, termo que, conforme o dicion\u00e1rio, expressa a igualdade dos indiv\u00edduos perante a lei. O princ\u00edpio filos\u00f3fico da democracia \u00e9 que nem todos os dias s\u00e3o bons, mas sempre h\u00e1 algo de bom em cada dia.<\/p>\n<p>Partindo da g\u00eanese dos deveres e direitos que o sistema estabelece, ningu\u00e9m \u00e9 obrigado a homenagear ou louvar um governante. No entanto, \u00e9 obriga\u00e7\u00e3o dos democratas respeitar e reconhecer os feitos de um mandat\u00e1rio eleito, ainda no primeiro turno, com os votos da maioria esmagadora dos brasilienses. Em se tratando do governador Ibaneis Rocha, n\u00e3o parece dif\u00edcil sintetizar seu quinqu\u00eanio \u00e0 frente do Pal\u00e1cio do Buriti.<\/p>\n<p>Encarnando a tese de que o primeiro passo para tornar um sonho em realidade \u00e9 acreditar que ele \u00e9 poss\u00edvel, Ibaneis derrubou o hobby dos que pautam apenas temas negativos e proporcionou ao Distrito Federal um reencontro com obras verdadeiramente necess\u00e1rias, vi\u00e1veis e projetadas para melhorar a vida do contribuinte.<\/p>\n<p>Faltaria espa\u00e7o para elencar todas, mas vale destacar o viaduto do Sudoeste, o t\u00fanel de Taguatinga, o recapeamento asf\u00e1ltico de v\u00e1rias vias e rodovias, notadamente o da Estrutural, al\u00e9m do anunciado investimento de R$ 2,8 bilh\u00f5es at\u00e9 2027 na Caesb, de modo a garantir mais seguran\u00e7a h\u00eddrica \u00e0 popula\u00e7\u00e3o do nosso &#8216;Quadradinho&#8217;.<\/p>\n<p>Tamb\u00e9m est\u00e3o na agenda de Ibaneis Rocha a expans\u00e3o da Ceil\u00e2ndia e do metr\u00f4 de Samambaia, o BRT Norte, um viaduto na regi\u00e3o do Jardim Bot\u00e2nico, duplica\u00e7\u00e3o da DF-140 e o corredor de \u00f4nibus ligando, por meio da H\u00e9lio Prates, Taguatinga e Ceil\u00e2ndia.<\/p>\n<p>Por tudo isso, apesar dos respingos que provocaram seu afastamento da chefia do Executivo mal o ano raiara, o 2023 do governador est\u00e1 terminando exatamente como come\u00e7ou: vitorioso da largada \u00e0 bandeirada. A sensa\u00e7\u00e3o de dever cumprido s\u00f3 \u00e9 sentida por aqueles que fazem algo por amor ao pr\u00f3ximo. O oposto disso \u00e9 apenas rea\u00e7\u00e3o de uma a\u00e7\u00e3o executada. Em s\u00edntese, o sentimento do dever cumprido \u00e9 a melhor maneira de fazer da pr\u00f3pria consci\u00eancia o mais alto lugar de repouso.<\/p>\n<p>Ainda h\u00e1 muito por fazer, admite, em conversas pinceladas no WhatsApp, o secret\u00e1rio Welington Moraes. E concordamos que uma pequena sensa\u00e7\u00e3o do cumprimento do que se prometeu j\u00e1 \u00e9 grande coisa. Como disse Arist\u00f3teles, n\u00f3s somos aquilo que fazemos repetidamente. A excel\u00eancia, portanto, \u00e9 um h\u00e1bito, n\u00e3o um incidente, no governo de Ibaneis Rocha.<\/p>\n<p>Embora n\u00e3o tenha sido seu eleitor, me reconhe\u00e7o hoje como um defensor das obras iniciadas e conclu\u00eddas pelo governador. Em outras palavras, mesmo de longe, sou testemunha de sua satisfa\u00e7\u00e3o pessoal pelo trabalho que produziu at\u00e9 agora. E n\u00e3o foi pouco. Depois de d\u00e9cadas de espera, de alguns elefantes brancos e sem investimentos em suportes estruturais, 2024 ser\u00e1, de acordo com o pr\u00f3prio Ibaneis, o ano do foco em obras de infraestrutura e de a\u00e7\u00f5es sociais.<\/p>\n<p>A expectativa \u00e9 de que sejam investidos R$ 2 bilh\u00f5es em toda a cidade. Os projetos sociais n\u00e3o ser\u00e3o esquecidos, mas a prova de que a marca do governador s\u00e3o as grandes obras, \u00e9 o novo sistema vi\u00e1rio de boa parte da Capital Federal. Mais humanizado, \u00e1gil e plasticamente mais apresent\u00e1vel, os combos rodovi\u00e1rios est\u00e3o em conson\u00e2ncia com as necessidades de milhares de usu\u00e1rios. A menos de uma semana para o encerramento do ano e do primeiro ano do seu segundo mandato, o maior empreendimento do governador foi mostrar \u00e0 sociedade que profissionalismo, motiva\u00e7\u00e3o, confian\u00e7a e coragem movem montanhas e derrubam a\u00e7\u00f5es amadoristas de poder.<\/p>\n<p>Hoje compreendo que depois de Ibaneis, \u00e9 improv\u00e1vel que algum aventureiro se arrisque a concorrer \u00e0 cadeira dele em 2026. N\u00e3o precisamos de novos alquimistas, mas de verdadeiros pol\u00edticos pragm\u00e1ticos, para que o Para\u00edso em que Bras\u00edlia se transformou, continue a ser chamada de Jardim do \u00c9den.<\/p>\n","protected":false},"excerpt":{"rendered":"<p>Estive com Ibaneis Rocha (MDB), um \u00fanico dia, em duas ocasi\u00f5es. Foi h\u00e1 cerca de quatro anos. Ele, pragm\u00e1tico; eu, \u00e1cido. A primeira, quando ele chegou com sua tropa de advogados ao corredor que leva aos gabinetes dos ju\u00edzes no edif\u00edcio-sede do Tribunal de Justi\u00e7a do Distrito Federal e Territ\u00f3rios. Nos cumprimentamos formalmente. Logo depois, [&hellip;]<\/p>\n","protected":false},"author":2,"featured_media":319675,"comment_status":"closed","ping_status":"closed","sticky":false,"template":"","format":"standard","meta":{"_acf_changed":false,"footnotes":""},"categories":[161],"tags":[95],"class_list":["post-319674","post","type-post","status-publish","format-standard","has-post-thumbnail","hentry","category-quadradinho-em-foco","tag-capa"],"acf":[],"yoast_head":"<!-- This site is optimized with the Yoast SEO plugin v27.2 - https:\/\/yoast.com\/product\/yoast-seo-wordpress\/ -->\n<title>Ibaneis, advogado-alquimista, fez de Bras\u00edlia novo Jardim do \u00c9den - Notibras<\/title>\n<meta name=\"robots\" content=\"index, follow, max-snippet:-1, max-image-preview:large, max-video-preview:-1\" \/>\n<link rel=\"canonical\" href=\"https:\/\/www.notibras.com\/site\/ibaneis-advogado-alquimista-fez-de-brasilia-novo-jardim-do-eden\/\" \/>\n<meta property=\"og:locale\" content=\"pt_BR\" \/>\n<meta property=\"og:type\" content=\"article\" \/>\n<meta property=\"og:title\" content=\"Ibaneis, advogado-alquimista, fez de Bras\u00edlia novo Jardim do \u00c9den - Notibras\" \/>\n<meta property=\"og:description\" content=\"Estive com Ibaneis Rocha (MDB), um \u00fanico dia, em duas ocasi\u00f5es. Foi h\u00e1 cerca de quatro anos. Ele, pragm\u00e1tico; eu, \u00e1cido. A primeira, quando ele chegou com sua tropa de advogados ao corredor que leva aos gabinetes dos ju\u00edzes no edif\u00edcio-sede do Tribunal de Justi\u00e7a do Distrito Federal e Territ\u00f3rios. Nos cumprimentamos formalmente. Logo depois, [&hellip;]\" \/>\n<meta property=\"og:url\" content=\"https:\/\/www.notibras.com\/site\/ibaneis-advogado-alquimista-fez-de-brasilia-novo-jardim-do-eden\/\" \/>\n<meta property=\"og:site_name\" content=\"Notibras\" \/>\n<meta property=\"article:publisher\" content=\"https:\/\/www.facebook.com\/notibras\/\" \/>\n<meta property=\"article:published_time\" content=\"2023-12-24T13:25:34+00:00\" \/>\n<meta property=\"article:modified_time\" content=\"2023-12-24T14:04:44+00:00\" \/>\n<meta property=\"og:image\" content=\"https:\/\/www.notibras.com\/site\/wp-content\/uploads\/2023\/12\/eden.df_.jpg\" \/>\n\t<meta property=\"og:image:width\" content=\"751\" \/>\n\t<meta property=\"og:image:height\" content=\"431\" \/>\n\t<meta property=\"og:image:type\" content=\"image\/jpeg\" \/>\n<meta name=\"author\" content=\"Reda\u00e7\u00e3o\" \/>\n<meta name=\"twitter:card\" content=\"summary_large_image\" \/>\n<meta name=\"twitter:creator\" content=\"@Notibras\" \/>\n<meta name=\"twitter:site\" content=\"@Notibras\" \/>\n<meta name=\"twitter:label1\" content=\"Escrito por\" \/>\n\t<meta name=\"twitter:data1\" content=\"Reda\u00e7\u00e3o\" \/>\n\t<meta name=\"twitter:label2\" content=\"Est. tempo de leitura\" \/>\n\t<meta name=\"twitter:data2\" content=\"5 minutos\" \/>\n<script type=\"application\/ld+json\" class=\"yoast-schema-graph\">{\"@context\":\"https:\/\/schema.org\",\"@graph\":[{\"@type\":\"Article\",\"@id\":\"https:\/\/www.notibras.com\/site\/ibaneis-advogado-alquimista-fez-de-brasilia-novo-jardim-do-eden\/#article\",\"isPartOf\":{\"@id\":\"https:\/\/www.notibras.com\/site\/ibaneis-advogado-alquimista-fez-de-brasilia-novo-jardim-do-eden\/\"},\"author\":{\"name\":\"Reda\u00e7\u00e3o\",\"@id\":\"https:\/\/www.notibras.com\/site\/#\/schema\/person\/36ab0979449956132d3e5b517ea76ac8\"},\"headline\":\"Ibaneis, advogado-alquimista, fez de Bras\u00edlia novo Jardim do \u00c9den\",\"datePublished\":\"2023-12-24T13:25:34+00:00\",\"dateModified\":\"2023-12-24T14:04:44+00:00\",\"mainEntityOfPage\":{\"@id\":\"https:\/\/www.notibras.com\/site\/ibaneis-advogado-alquimista-fez-de-brasilia-novo-jardim-do-eden\/\"},\"wordCount\":908,\"publisher\":{\"@id\":\"https:\/\/www.notibras.com\/site\/#organization\"},\"image\":{\"@id\":\"https:\/\/www.notibras.com\/site\/ibaneis-advogado-alquimista-fez-de-brasilia-novo-jardim-do-eden\/#primaryimage\"},\"thumbnailUrl\":\"https:\/\/www.notibras.com\/site\/wp-content\/uploads\/2023\/12\/eden.df_.jpg\",\"keywords\":[\"capa\"],\"articleSection\":[\"Quadradinho em Foco\"],\"inLanguage\":\"pt-BR\"},{\"@type\":\"WebPage\",\"@id\":\"https:\/\/www.notibras.com\/site\/ibaneis-advogado-alquimista-fez-de-brasilia-novo-jardim-do-eden\/\",\"url\":\"https:\/\/www.notibras.com\/site\/ibaneis-advogado-alquimista-fez-de-brasilia-novo-jardim-do-eden\/\",\"name\":\"Ibaneis, advogado-alquimista, fez de Bras\u00edlia novo Jardim do \u00c9den - Notibras\",\"isPartOf\":{\"@id\":\"https:\/\/www.notibras.com\/site\/#website\"},\"primaryImageOfPage\":{\"@id\":\"https:\/\/www.notibras.com\/site\/ibaneis-advogado-alquimista-fez-de-brasilia-novo-jardim-do-eden\/#primaryimage\"},\"image\":{\"@id\":\"https:\/\/www.notibras.com\/site\/ibaneis-advogado-alquimista-fez-de-brasilia-novo-jardim-do-eden\/#primaryimage\"},\"thumbnailUrl\":\"https:\/\/www.notibras.com\/site\/wp-content\/uploads\/2023\/12\/eden.df_.jpg\",\"datePublished\":\"2023-12-24T13:25:34+00:00\",\"dateModified\":\"2023-12-24T14:04:44+00:00\",\"breadcrumb\":{\"@id\":\"https:\/\/www.notibras.com\/site\/ibaneis-advogado-alquimista-fez-de-brasilia-novo-jardim-do-eden\/#breadcrumb\"},\"inLanguage\":\"pt-BR\",\"potentialAction\":[{\"@type\":\"ReadAction\",\"target\":[\"https:\/\/www.notibras.com\/site\/ibaneis-advogado-alquimista-fez-de-brasilia-novo-jardim-do-eden\/\"]}]},{\"@type\":\"ImageObject\",\"inLanguage\":\"pt-BR\",\"@id\":\"https:\/\/www.notibras.com\/site\/ibaneis-advogado-alquimista-fez-de-brasilia-novo-jardim-do-eden\/#primaryimage\",\"url\":\"https:\/\/www.notibras.com\/site\/wp-content\/uploads\/2023\/12\/eden.df_.jpg\",\"contentUrl\":\"https:\/\/www.notibras.com\/site\/wp-content\/uploads\/2023\/12\/eden.df_.jpg\",\"width\":751,\"height\":431},{\"@type\":\"BreadcrumbList\",\"@id\":\"https:\/\/www.notibras.com\/site\/ibaneis-advogado-alquimista-fez-de-brasilia-novo-jardim-do-eden\/#breadcrumb\",\"itemListElement\":[{\"@type\":\"ListItem\",\"position\":1,\"name\":\"In\u00edcio\",\"item\":\"https:\/\/www.notibras.com\/site\/\"},{\"@type\":\"ListItem\",\"position\":2,\"name\":\"Ibaneis, advogado-alquimista, fez de Bras\u00edlia novo Jardim do \u00c9den\"}]},{\"@type\":\"WebSite\",\"@id\":\"https:\/\/www.notibras.com\/site\/#website\",\"url\":\"https:\/\/www.notibras.com\/site\/\",\"name\":\"Notibras\",\"description\":\"Not\u00edcias de Bras\u00edlia, do Brasil e do Mundo\",\"publisher\":{\"@id\":\"https:\/\/www.notibras.com\/site\/#organization\"},\"potentialAction\":[{\"@type\":\"SearchAction\",\"target\":{\"@type\":\"EntryPoint\",\"urlTemplate\":\"https:\/\/www.notibras.com\/site\/?s={search_term_string}\"},\"query-input\":{\"@type\":\"PropertyValueSpecification\",\"valueRequired\":true,\"valueName\":\"search_term_string\"}}],\"inLanguage\":\"pt-BR\"},{\"@type\":\"Organization\",\"@id\":\"https:\/\/www.notibras.com\/site\/#organization\",\"name\":\"Grupo Notibras de Comunica\u00e7\u00e3o\",\"url\":\"https:\/\/www.notibras.com\/site\/\",\"logo\":{\"@type\":\"ImageObject\",\"inLanguage\":\"pt-BR\",\"@id\":\"https:\/\/www.notibras.com\/site\/#\/schema\/logo\/image\/\",\"url\":\"https:\/\/www.notibras.com\/site\/wp-content\/uploads\/2023\/01\/notibras23.png\",\"contentUrl\":\"https:\/\/www.notibras.com\/site\/wp-content\/uploads\/2023\/01\/notibras23.png\",\"width\":350,\"height\":87,\"caption\":\"Grupo Notibras de Comunica\u00e7\u00e3o\"},\"image\":{\"@id\":\"https:\/\/www.notibras.com\/site\/#\/schema\/logo\/image\/\"},\"sameAs\":[\"https:\/\/www.facebook.com\/notibras\/\",\"https:\/\/x.com\/Notibras\",\"https:\/\/www.instagram.com\/notibras\/\"]},{\"@type\":\"Person\",\"@id\":\"https:\/\/www.notibras.com\/site\/#\/schema\/person\/36ab0979449956132d3e5b517ea76ac8\",\"name\":\"Reda\u00e7\u00e3o\",\"image\":{\"@type\":\"ImageObject\",\"inLanguage\":\"pt-BR\",\"@id\":\"https:\/\/secure.gravatar.com\/avatar\/e0a867bdedb85fd243eadf09663511f96fc81e0720a4a42581f334ad4303aa6b?s=96&d=mm&r=g\",\"url\":\"https:\/\/secure.gravatar.com\/avatar\/e0a867bdedb85fd243eadf09663511f96fc81e0720a4a42581f334ad4303aa6b?s=96&d=mm&r=g\",\"contentUrl\":\"https:\/\/secure.gravatar.com\/avatar\/e0a867bdedb85fd243eadf09663511f96fc81e0720a4a42581f334ad4303aa6b?s=96&d=mm&r=g\",\"caption\":\"Reda\u00e7\u00e3o\"}}]}<\/script>\n<!-- \/ Yoast SEO plugin. -->","yoast_head_json":{"title":"Ibaneis, advogado-alquimista, fez de Bras\u00edlia novo Jardim do \u00c9den - Notibras","robots":{"index":"index","follow":"follow","max-snippet":"max-snippet:-1","max-image-preview":"max-image-preview:large","max-video-preview":"max-video-preview:-1"},"canonical":"https:\/\/www.notibras.com\/site\/ibaneis-advogado-alquimista-fez-de-brasilia-novo-jardim-do-eden\/","og_locale":"pt_BR","og_type":"article","og_title":"Ibaneis, advogado-alquimista, fez de Bras\u00edlia novo Jardim do \u00c9den - Notibras","og_description":"Estive com Ibaneis Rocha (MDB), um \u00fanico dia, em duas ocasi\u00f5es. Foi h\u00e1 cerca de quatro anos. Ele, pragm\u00e1tico; eu, \u00e1cido. A primeira, quando ele chegou com sua tropa de advogados ao corredor que leva aos gabinetes dos ju\u00edzes no edif\u00edcio-sede do Tribunal de Justi\u00e7a do Distrito Federal e Territ\u00f3rios. Nos cumprimentamos formalmente. Logo depois, [&hellip;]","og_url":"https:\/\/www.notibras.com\/site\/ibaneis-advogado-alquimista-fez-de-brasilia-novo-jardim-do-eden\/","og_site_name":"Notibras","article_publisher":"https:\/\/www.facebook.com\/notibras\/","article_published_time":"2023-12-24T13:25:34+00:00","article_modified_time":"2023-12-24T14:04:44+00:00","og_image":[{"width":751,"height":431,"url":"https:\/\/www.notibras.com\/site\/wp-content\/uploads\/2023\/12\/eden.df_.jpg","type":"image\/jpeg"}],"author":"Reda\u00e7\u00e3o","twitter_card":"summary_large_image","twitter_creator":"@Notibras","twitter_site":"@Notibras","twitter_misc":{"Escrito por":"Reda\u00e7\u00e3o","Est. tempo de leitura":"5 minutos"},"schema":{"@context":"https:\/\/schema.org","@graph":[{"@type":"Article","@id":"https:\/\/www.notibras.com\/site\/ibaneis-advogado-alquimista-fez-de-brasilia-novo-jardim-do-eden\/#article","isPartOf":{"@id":"https:\/\/www.notibras.com\/site\/ibaneis-advogado-alquimista-fez-de-brasilia-novo-jardim-do-eden\/"},"author":{"name":"Reda\u00e7\u00e3o","@id":"https:\/\/www.notibras.com\/site\/#\/schema\/person\/36ab0979449956132d3e5b517ea76ac8"},"headline":"Ibaneis, advogado-alquimista, fez de Bras\u00edlia novo Jardim do \u00c9den","datePublished":"2023-12-24T13:25:34+00:00","dateModified":"2023-12-24T14:04:44+00:00","mainEntityOfPage":{"@id":"https:\/\/www.notibras.com\/site\/ibaneis-advogado-alquimista-fez-de-brasilia-novo-jardim-do-eden\/"},"wordCount":908,"publisher":{"@id":"https:\/\/www.notibras.com\/site\/#organization"},"image":{"@id":"https:\/\/www.notibras.com\/site\/ibaneis-advogado-alquimista-fez-de-brasilia-novo-jardim-do-eden\/#primaryimage"},"thumbnailUrl":"https:\/\/www.notibras.com\/site\/wp-content\/uploads\/2023\/12\/eden.df_.jpg","keywords":["capa"],"articleSection":["Quadradinho em Foco"],"inLanguage":"pt-BR"},{"@type":"WebPage","@id":"https:\/\/www.notibras.com\/site\/ibaneis-advogado-alquimista-fez-de-brasilia-novo-jardim-do-eden\/","url":"https:\/\/www.notibras.com\/site\/ibaneis-advogado-alquimista-fez-de-brasilia-novo-jardim-do-eden\/","name":"Ibaneis, advogado-alquimista, fez de Bras\u00edlia novo Jardim do \u00c9den - Notibras","isPartOf":{"@id":"https:\/\/www.notibras.com\/site\/#website"},"primaryImageOfPage":{"@id":"https:\/\/www.notibras.com\/site\/ibaneis-advogado-alquimista-fez-de-brasilia-novo-jardim-do-eden\/#primaryimage"},"image":{"@id":"https:\/\/www.notibras.com\/site\/ibaneis-advogado-alquimista-fez-de-brasilia-novo-jardim-do-eden\/#primaryimage"},"thumbnailUrl":"https:\/\/www.notibras.com\/site\/wp-content\/uploads\/2023\/12\/eden.df_.jpg","datePublished":"2023-12-24T13:25:34+00:00","dateModified":"2023-12-24T14:04:44+00:00","breadcrumb":{"@id":"https:\/\/www.notibras.com\/site\/ibaneis-advogado-alquimista-fez-de-brasilia-novo-jardim-do-eden\/#breadcrumb"},"inLanguage":"pt-BR","potentialAction":[{"@type":"ReadAction","target":["https:\/\/www.notibras.com\/site\/ibaneis-advogado-alquimista-fez-de-brasilia-novo-jardim-do-eden\/"]}]},{"@type":"ImageObject","inLanguage":"pt-BR","@id":"https:\/\/www.notibras.com\/site\/ibaneis-advogado-alquimista-fez-de-brasilia-novo-jardim-do-eden\/#primaryimage","url":"https:\/\/www.notibras.com\/site\/wp-content\/uploads\/2023\/12\/eden.df_.jpg","contentUrl":"https:\/\/www.notibras.com\/site\/wp-content\/uploads\/2023\/12\/eden.df_.jpg","width":751,"height":431},{"@type":"BreadcrumbList","@id":"https:\/\/www.notibras.com\/site\/ibaneis-advogado-alquimista-fez-de-brasilia-novo-jardim-do-eden\/#breadcrumb","itemListElement":[{"@type":"ListItem","position":1,"name":"In\u00edcio","item":"https:\/\/www.notibras.com\/site\/"},{"@type":"ListItem","position":2,"name":"Ibaneis, advogado-alquimista, fez de Bras\u00edlia novo Jardim do \u00c9den"}]},{"@type":"WebSite","@id":"https:\/\/www.notibras.com\/site\/#website","url":"https:\/\/www.notibras.com\/site\/","name":"Notibras","description":"Not\u00edcias de Bras\u00edlia, do Brasil e do Mundo","publisher":{"@id":"https:\/\/www.notibras.com\/site\/#organization"},"potentialAction":[{"@type":"SearchAction","target":{"@type":"EntryPoint","urlTemplate":"https:\/\/www.notibras.com\/site\/?s={search_term_string}"},"query-input":{"@type":"PropertyValueSpecification","valueRequired":true,"valueName":"search_term_string"}}],"inLanguage":"pt-BR"},{"@type":"Organization","@id":"https:\/\/www.notibras.com\/site\/#organization","name":"Grupo Notibras de Comunica\u00e7\u00e3o","url":"https:\/\/www.notibras.com\/site\/","logo":{"@type":"ImageObject","inLanguage":"pt-BR","@id":"https:\/\/www.notibras.com\/site\/#\/schema\/logo\/image\/","url":"https:\/\/www.notibras.com\/site\/wp-content\/uploads\/2023\/01\/notibras23.png","contentUrl":"https:\/\/www.notibras.com\/site\/wp-content\/uploads\/2023\/01\/notibras23.png","width":350,"height":87,"caption":"Grupo Notibras de Comunica\u00e7\u00e3o"},"image":{"@id":"https:\/\/www.notibras.com\/site\/#\/schema\/logo\/image\/"},"sameAs":["https:\/\/www.facebook.com\/notibras\/","https:\/\/x.com\/Notibras","https:\/\/www.instagram.com\/notibras\/"]},{"@type":"Person","@id":"https:\/\/www.notibras.com\/site\/#\/schema\/person\/36ab0979449956132d3e5b517ea76ac8","name":"Reda\u00e7\u00e3o","image":{"@type":"ImageObject","inLanguage":"pt-BR","@id":"https:\/\/secure.gravatar.com\/avatar\/e0a867bdedb85fd243eadf09663511f96fc81e0720a4a42581f334ad4303aa6b?s=96&d=mm&r=g","url":"https:\/\/secure.gravatar.com\/avatar\/e0a867bdedb85fd243eadf09663511f96fc81e0720a4a42581f334ad4303aa6b?s=96&d=mm&r=g","contentUrl":"https:\/\/secure.gravatar.com\/avatar\/e0a867bdedb85fd243eadf09663511f96fc81e0720a4a42581f334ad4303aa6b?s=96&d=mm&r=g","caption":"Reda\u00e7\u00e3o"}}]}},"amp_enabled":true,"_links":{"self":[{"href":"https:\/\/www.notibras.com\/site\/wp-json\/wp\/v2\/posts\/319674","targetHints":{"allow":["GET"]}}],"collection":[{"href":"https:\/\/www.notibras.com\/site\/wp-json\/wp\/v2\/posts"}],"about":[{"href":"https:\/\/www.notibras.com\/site\/wp-json\/wp\/v2\/types\/post"}],"author":[{"embeddable":true,"href":"https:\/\/www.notibras.com\/site\/wp-json\/wp\/v2\/users\/2"}],"replies":[{"embeddable":true,"href":"https:\/\/www.notibras.com\/site\/wp-json\/wp\/v2\/comments?post=319674"}],"version-history":[{"count":5,"href":"https:\/\/www.notibras.com\/site\/wp-json\/wp\/v2\/posts\/319674\/revisions"}],"predecessor-version":[{"id":319680,"href":"https:\/\/www.notibras.com\/site\/wp-json\/wp\/v2\/posts\/319674\/revisions\/319680"}],"wp:featuredmedia":[{"embeddable":true,"href":"https:\/\/www.notibras.com\/site\/wp-json\/wp\/v2\/media\/319675"}],"wp:attachment":[{"href":"https:\/\/www.notibras.com\/site\/wp-json\/wp\/v2\/media?parent=319674"}],"wp:term":[{"taxonomy":"category","embeddable":true,"href":"https:\/\/www.notibras.com\/site\/wp-json\/wp\/v2\/categories?post=319674"},{"taxonomy":"post_tag","embeddable":true,"href":"https:\/\/www.notibras.com\/site\/wp-json\/wp\/v2\/tags?post=319674"}],"curies":[{"name":"wp","href":"https:\/\/api.w.org\/{rel}","templated":true}]}}