{"id":319717,"date":"2023-12-25T00:00:17","date_gmt":"2023-12-25T03:00:17","guid":{"rendered":"https:\/\/www.notibras.com\/site\/?p=319717"},"modified":"2023-12-25T08:36:11","modified_gmt":"2023-12-25T11:36:11","slug":"programas-alimentares-destinaram-38-mi-para-agricultura-familiar","status":"publish","type":"post","link":"https:\/\/www.notibras.com\/site\/programas-alimentares-destinaram-38-mi-para-agricultura-familiar\/","title":{"rendered":"Programas alimentares destinaram 38 mi para agricultura familiar"},"content":{"rendered":"<p>Em 2023, os programas de Aquisi\u00e7\u00e3o de Alimentos (PAA), de Aquisi\u00e7\u00e3o da Produ\u00e7\u00e3o da Agricultura do Distrito Federal (Papa-DF) e Nacional de Alimenta\u00e7\u00e3o Escolar (Pnae), juntos, destinaram R$ 38,2 milh\u00f5es a produtores rurais com a compra de 6.267 toneladas de alimentos.<\/p>\n<p>Os programas de compras institucionais, que contam com apoio da Emater-DF, permitem o escoamento da produ\u00e7\u00e3o por parte dos agricultores familiares e a gera\u00e7\u00e3o de renda no espa\u00e7o rural, com o fornecimento da produ\u00e7\u00e3o agr\u00edcola diretamente para o governo. Os alimentos s\u00e3o destinados a pessoas em situa\u00e7\u00e3o de inseguran\u00e7a alimentar e nutricional e tamb\u00e9m a alunos da rede p\u00fablica de ensino.<\/p>\n<p>No DF, o or\u00e7amento para o PAA \u00e9 executado pela Secretaria da Agricultura, Abastecimento e Desenvolvimento Rural e o do Pnae, pela Secretaria de Educa\u00e7\u00e3o, com recursos destinados pelo Minist\u00e9rio do Desenvolvimento Social e pelo Fundo Nacional de Desenvolvimento da Educa\u00e7\u00e3o. J\u00e1 o Papa-DF \u00e9 um programa do Governo do Distrito Federal, por meio do qual qualquer \u00f3rg\u00e3o governamental pode adquirir alimentos in natura, agroindustriais, flores e artesanato.<\/p>\n<p><strong>Compras p\u00fablicas<\/strong><br \/>\n\u201cA Emater apoia os produtores desde o planejamento, prepara\u00e7\u00e3o e manejo da produ\u00e7\u00e3o, nas boas pr\u00e1ticas agropecu\u00e1rias; e, da porteira para fora, existe um trabalho cont\u00ednuo relacionado \u00e0 classifica\u00e7\u00e3o dos produtos, padroniza\u00e7\u00e3o, diversifica\u00e7\u00e3o, log\u00edstica de entrega, organiza\u00e7\u00e3o social e tamb\u00e9m relacionado \u00e0 formaliza\u00e7\u00e3o tribut\u00e1ria, fiscal e ambiental, para que o produto produzido v\u00e1 ao destino final com a maior legalidade poss\u00edvel em diversos aspectos\u201d, explica o gerente de Comercializa\u00e7\u00e3o e Organiza\u00e7\u00e3o Rural da Emater-DF, Blaiton Carvalho da Silva.<\/p>\n<p>\u201cAs compras p\u00fablicas v\u00eam como uma das ferramentas fundamentais para dar a viabilidade \u00e0 produ\u00e7\u00e3o rural\u201d, refor\u00e7a o secret\u00e1rio-executivo da Seagri, Rafael Bueno. \u201cNesses programas, n\u00f3s contamos com a parceria da Emater, desde a mobiliza\u00e7\u00e3o dos produtores na ponta, que \u00e9 algo fundamental, at\u00e9 a parte de coleta de pre\u00e7o e subs\u00eddio para a nossa equipe fazer a forma\u00e7\u00e3o dos pre\u00e7os finais da chamada p\u00fablica, elaborar a chamada, fazer a qualifica\u00e7\u00e3o desses produtores e organizar tamb\u00e9m a parte de log\u00edstica e atendimento com os alimentos adquiridos. \u00c9 uma forma de estimular a produ\u00e7\u00e3o do Distrito Federal, garantindo renda ao produtor e tamb\u00e9m a sustentabilidade da sua atividade\u201d.<\/p>\n<p>Este ano, com mais de 900 agricultores inscritos, o Programa de Aquisi\u00e7\u00e3o de Alimentos (PAA) j\u00e1 destinou R$ 4 milh\u00f5es para compra de alimentos a serem entregues a 244 entidades socioassistenciais, beneficiando mais 78 mil pessoas. J\u00e1 o Pnae contratou 17 organiza\u00e7\u00f5es de agricultores para fornecer alimentos a mais de 470 mil alunos da rede p\u00fablica. Foram destinados R$ 20.441.861,50, que beneficiaram 558 agricultores familiares.<\/p>\n<p><strong>Alimentos org\u00e2nicos<\/strong><br \/>\nEm 2023, tamb\u00e9m teve in\u00edcio o projeto-piloto para compra de alimentos org\u00e2nicos. Foram adquiridos 361 quilos de alimentos org\u00e2nicos de pelo menos 76 agricultores familiares, beneficiando 43.249 alunos de escolas p\u00fablicas do Guar\u00e1 e de S\u00e3o Sebasti\u00e3o. Essa aquisi\u00e7\u00e3o atende \u00e0 Lei n\u00ba 7.075\/2022, que disp\u00f5e sobre a obrigatoriedade da inclus\u00e3o de alimentos org\u00e2nicos ou de base agroecol\u00f3gica na alimenta\u00e7\u00e3o escolar nas unidades de ensino p\u00fablico do DF.<\/p>\n<p>A diretora de Alimenta\u00e7\u00e3o Escolar da Secretaria de Educa\u00e7\u00e3o Fl\u00e1via Itabaiana, lembra que os objetivos do Pnae, executado no DF como Programa de Alimenta\u00e7\u00e3o Escolar do Distrito Federal (PAE-DF), contribuem para o crescimento e o desenvolvimento biopsicossocial, a aprendizagem e a forma\u00e7\u00e3o de h\u00e1bitos alimentares saud\u00e1veis por meio de a\u00e7\u00f5es de educa\u00e7\u00e3o alimentar e nutricional e da oferta de refei\u00e7\u00f5es que atendam \u00e0s exig\u00eancias nutricionais dos alunos durante, no m\u00ednimo, os 200 dias letivos.<\/p>\n<p><strong>H\u00e1bitos saud\u00e1veis<\/strong><br \/>\n\u201cA compra direta de g\u00eaneros aliment\u00edcios da agricultura familiar garante a oferta de uma alimenta\u00e7\u00e3o adequada, com card\u00e1pios que utilizem produtos variados, seguros, que respeitem a cultura, as tradi\u00e7\u00f5es e os h\u00e1bitos alimentares saud\u00e1veis, em conformidade com a sua faixa et\u00e1ria e seu estado de sa\u00fade, contribuindo assim para um bom desenvolvimento dos alunos e para a melhoria do rendimento escolar\u201d, explica a gestora.<\/p>\n<p>J\u00e1 o Papa-DF teve chamamento p\u00fablico no valor de R$ 10.892.561,66 para aquisi\u00e7\u00e3o de aproximadamente 2 mil toneladas de alimentos destinadas a escolas do DF em produtos como feij\u00e3o-carioca, farinha de milho flocada, arroz-branco polido, color\u00edfico\/colorau, c\u00farcuma em p\u00f3\/a\u00e7afr\u00e3o-da-terra e farinha de mandioca.<\/p>\n<p>\u201cOs programas representam uma oportunidade de [os produtores] desenvolverem habilidades de planejamento da produ\u00e7\u00e3o e de organiza\u00e7\u00e3o administrativa e financeira\u201d, avalia o presidente da Emater-DF, Cleison Duval. \u201cIncentivam a legalidade da produ\u00e7\u00e3o, ampliam os canais de comercializa\u00e7\u00e3o e empoderam os produtores para acessarem mercados maiores\u201d.<\/p>\n","protected":false},"excerpt":{"rendered":"<p>Em 2023, os programas de Aquisi\u00e7\u00e3o de Alimentos (PAA), de Aquisi\u00e7\u00e3o da Produ\u00e7\u00e3o da Agricultura do Distrito Federal (Papa-DF) e Nacional de Alimenta\u00e7\u00e3o Escolar (Pnae), juntos, destinaram R$ 38,2 milh\u00f5es a produtores rurais com a compra de 6.267 toneladas de alimentos. Os programas de compras institucionais, que contam com apoio da Emater-DF, permitem o escoamento [&hellip;]<\/p>\n","protected":false},"author":2,"featured_media":319718,"comment_status":"closed","ping_status":"closed","sticky":false,"template":"","format":"standard","meta":{"_acf_changed":false,"footnotes":""},"categories":[161],"tags":[],"class_list":["post-319717","post","type-post","status-publish","format-standard","has-post-thumbnail","hentry","category-quadradinho-em-foco"],"acf":[],"yoast_head":"<!-- This site is optimized with the Yoast SEO plugin v27.2 - https:\/\/yoast.com\/product\/yoast-seo-wordpress\/ -->\n<title>Programas alimentares destinaram 38 mi para agricultura familiar - Notibras<\/title>\n<meta name=\"robots\" content=\"index, follow, max-snippet:-1, max-image-preview:large, max-video-preview:-1\" \/>\n<link rel=\"canonical\" href=\"https:\/\/www.notibras.com\/site\/programas-alimentares-destinaram-38-mi-para-agricultura-familiar\/\" \/>\n<meta property=\"og:locale\" content=\"pt_BR\" \/>\n<meta property=\"og:type\" content=\"article\" \/>\n<meta property=\"og:title\" content=\"Programas alimentares destinaram 38 mi para agricultura familiar - Notibras\" \/>\n<meta property=\"og:description\" content=\"Em 2023, os programas de Aquisi\u00e7\u00e3o de Alimentos (PAA), de Aquisi\u00e7\u00e3o da Produ\u00e7\u00e3o da Agricultura do Distrito Federal (Papa-DF) e Nacional de Alimenta\u00e7\u00e3o Escolar (Pnae), juntos, destinaram R$ 38,2 milh\u00f5es a produtores rurais com a compra de 6.267 toneladas de alimentos. Os programas de compras institucionais, que contam com apoio da Emater-DF, permitem o escoamento [&hellip;]\" \/>\n<meta property=\"og:url\" content=\"https:\/\/www.notibras.com\/site\/programas-alimentares-destinaram-38-mi-para-agricultura-familiar\/\" \/>\n<meta property=\"og:site_name\" content=\"Notibras\" \/>\n<meta property=\"article:publisher\" content=\"https:\/\/www.facebook.com\/notibras\/\" \/>\n<meta property=\"article:published_time\" content=\"2023-12-25T03:00:17+00:00\" \/>\n<meta property=\"article:modified_time\" content=\"2023-12-25T11:36:11+00:00\" \/>\n<meta property=\"og:image\" content=\"https:\/\/www.notibras.com\/site\/wp-content\/uploads\/2023\/12\/merenda.agr_.fam_.jpg\" \/>\n\t<meta property=\"og:image:width\" content=\"1536\" \/>\n\t<meta property=\"og:image:height\" content=\"1020\" \/>\n\t<meta property=\"og:image:type\" content=\"image\/jpeg\" \/>\n<meta name=\"author\" content=\"Reda\u00e7\u00e3o\" \/>\n<meta name=\"twitter:card\" content=\"summary_large_image\" \/>\n<meta name=\"twitter:creator\" content=\"@Notibras\" \/>\n<meta name=\"twitter:site\" content=\"@Notibras\" \/>\n<meta name=\"twitter:label1\" content=\"Escrito por\" \/>\n\t<meta name=\"twitter:data1\" content=\"Reda\u00e7\u00e3o\" \/>\n\t<meta name=\"twitter:label2\" content=\"Est. tempo de leitura\" \/>\n\t<meta name=\"twitter:data2\" content=\"4 minutos\" \/>\n<script type=\"application\/ld+json\" class=\"yoast-schema-graph\">{\"@context\":\"https:\/\/schema.org\",\"@graph\":[{\"@type\":\"Article\",\"@id\":\"https:\/\/www.notibras.com\/site\/programas-alimentares-destinaram-38-mi-para-agricultura-familiar\/#article\",\"isPartOf\":{\"@id\":\"https:\/\/www.notibras.com\/site\/programas-alimentares-destinaram-38-mi-para-agricultura-familiar\/\"},\"author\":{\"name\":\"Reda\u00e7\u00e3o\",\"@id\":\"https:\/\/www.notibras.com\/site\/#\/schema\/person\/36ab0979449956132d3e5b517ea76ac8\"},\"headline\":\"Programas alimentares destinaram 38 mi para agricultura familiar\",\"datePublished\":\"2023-12-25T03:00:17+00:00\",\"dateModified\":\"2023-12-25T11:36:11+00:00\",\"mainEntityOfPage\":{\"@id\":\"https:\/\/www.notibras.com\/site\/programas-alimentares-destinaram-38-mi-para-agricultura-familiar\/\"},\"wordCount\":809,\"publisher\":{\"@id\":\"https:\/\/www.notibras.com\/site\/#organization\"},\"image\":{\"@id\":\"https:\/\/www.notibras.com\/site\/programas-alimentares-destinaram-38-mi-para-agricultura-familiar\/#primaryimage\"},\"thumbnailUrl\":\"https:\/\/www.notibras.com\/site\/wp-content\/uploads\/2023\/12\/merenda.agr_.fam_.jpg\",\"articleSection\":[\"Quadradinho em Foco\"],\"inLanguage\":\"pt-BR\"},{\"@type\":\"WebPage\",\"@id\":\"https:\/\/www.notibras.com\/site\/programas-alimentares-destinaram-38-mi-para-agricultura-familiar\/\",\"url\":\"https:\/\/www.notibras.com\/site\/programas-alimentares-destinaram-38-mi-para-agricultura-familiar\/\",\"name\":\"Programas alimentares destinaram 38 mi para agricultura familiar - Notibras\",\"isPartOf\":{\"@id\":\"https:\/\/www.notibras.com\/site\/#website\"},\"primaryImageOfPage\":{\"@id\":\"https:\/\/www.notibras.com\/site\/programas-alimentares-destinaram-38-mi-para-agricultura-familiar\/#primaryimage\"},\"image\":{\"@id\":\"https:\/\/www.notibras.com\/site\/programas-alimentares-destinaram-38-mi-para-agricultura-familiar\/#primaryimage\"},\"thumbnailUrl\":\"https:\/\/www.notibras.com\/site\/wp-content\/uploads\/2023\/12\/merenda.agr_.fam_.jpg\",\"datePublished\":\"2023-12-25T03:00:17+00:00\",\"dateModified\":\"2023-12-25T11:36:11+00:00\",\"breadcrumb\":{\"@id\":\"https:\/\/www.notibras.com\/site\/programas-alimentares-destinaram-38-mi-para-agricultura-familiar\/#breadcrumb\"},\"inLanguage\":\"pt-BR\",\"potentialAction\":[{\"@type\":\"ReadAction\",\"target\":[\"https:\/\/www.notibras.com\/site\/programas-alimentares-destinaram-38-mi-para-agricultura-familiar\/\"]}]},{\"@type\":\"ImageObject\",\"inLanguage\":\"pt-BR\",\"@id\":\"https:\/\/www.notibras.com\/site\/programas-alimentares-destinaram-38-mi-para-agricultura-familiar\/#primaryimage\",\"url\":\"https:\/\/www.notibras.com\/site\/wp-content\/uploads\/2023\/12\/merenda.agr_.fam_.jpg\",\"contentUrl\":\"https:\/\/www.notibras.com\/site\/wp-content\/uploads\/2023\/12\/merenda.agr_.fam_.jpg\",\"width\":1536,\"height\":1020},{\"@type\":\"BreadcrumbList\",\"@id\":\"https:\/\/www.notibras.com\/site\/programas-alimentares-destinaram-38-mi-para-agricultura-familiar\/#breadcrumb\",\"itemListElement\":[{\"@type\":\"ListItem\",\"position\":1,\"name\":\"In\u00edcio\",\"item\":\"https:\/\/www.notibras.com\/site\/\"},{\"@type\":\"ListItem\",\"position\":2,\"name\":\"Programas alimentares destinaram 38 mi para agricultura familiar\"}]},{\"@type\":\"WebSite\",\"@id\":\"https:\/\/www.notibras.com\/site\/#website\",\"url\":\"https:\/\/www.notibras.com\/site\/\",\"name\":\"Notibras\",\"description\":\"Not\u00edcias de Bras\u00edlia, do Brasil e do Mundo\",\"publisher\":{\"@id\":\"https:\/\/www.notibras.com\/site\/#organization\"},\"potentialAction\":[{\"@type\":\"SearchAction\",\"target\":{\"@type\":\"EntryPoint\",\"urlTemplate\":\"https:\/\/www.notibras.com\/site\/?s={search_term_string}\"},\"query-input\":{\"@type\":\"PropertyValueSpecification\",\"valueRequired\":true,\"valueName\":\"search_term_string\"}}],\"inLanguage\":\"pt-BR\"},{\"@type\":\"Organization\",\"@id\":\"https:\/\/www.notibras.com\/site\/#organization\",\"name\":\"Grupo Notibras de Comunica\u00e7\u00e3o\",\"url\":\"https:\/\/www.notibras.com\/site\/\",\"logo\":{\"@type\":\"ImageObject\",\"inLanguage\":\"pt-BR\",\"@id\":\"https:\/\/www.notibras.com\/site\/#\/schema\/logo\/image\/\",\"url\":\"https:\/\/www.notibras.com\/site\/wp-content\/uploads\/2023\/01\/notibras23.png\",\"contentUrl\":\"https:\/\/www.notibras.com\/site\/wp-content\/uploads\/2023\/01\/notibras23.png\",\"width\":350,\"height\":87,\"caption\":\"Grupo Notibras de Comunica\u00e7\u00e3o\"},\"image\":{\"@id\":\"https:\/\/www.notibras.com\/site\/#\/schema\/logo\/image\/\"},\"sameAs\":[\"https:\/\/www.facebook.com\/notibras\/\",\"https:\/\/x.com\/Notibras\",\"https:\/\/www.instagram.com\/notibras\/\"]},{\"@type\":\"Person\",\"@id\":\"https:\/\/www.notibras.com\/site\/#\/schema\/person\/36ab0979449956132d3e5b517ea76ac8\",\"name\":\"Reda\u00e7\u00e3o\",\"image\":{\"@type\":\"ImageObject\",\"inLanguage\":\"pt-BR\",\"@id\":\"https:\/\/secure.gravatar.com\/avatar\/e0a867bdedb85fd243eadf09663511f96fc81e0720a4a42581f334ad4303aa6b?s=96&d=mm&r=g\",\"url\":\"https:\/\/secure.gravatar.com\/avatar\/e0a867bdedb85fd243eadf09663511f96fc81e0720a4a42581f334ad4303aa6b?s=96&d=mm&r=g\",\"contentUrl\":\"https:\/\/secure.gravatar.com\/avatar\/e0a867bdedb85fd243eadf09663511f96fc81e0720a4a42581f334ad4303aa6b?s=96&d=mm&r=g\",\"caption\":\"Reda\u00e7\u00e3o\"}}]}<\/script>\n<!-- \/ Yoast SEO plugin. -->","yoast_head_json":{"title":"Programas alimentares destinaram 38 mi para agricultura familiar - Notibras","robots":{"index":"index","follow":"follow","max-snippet":"max-snippet:-1","max-image-preview":"max-image-preview:large","max-video-preview":"max-video-preview:-1"},"canonical":"https:\/\/www.notibras.com\/site\/programas-alimentares-destinaram-38-mi-para-agricultura-familiar\/","og_locale":"pt_BR","og_type":"article","og_title":"Programas alimentares destinaram 38 mi para agricultura familiar - Notibras","og_description":"Em 2023, os programas de Aquisi\u00e7\u00e3o de Alimentos (PAA), de Aquisi\u00e7\u00e3o da Produ\u00e7\u00e3o da Agricultura do Distrito Federal (Papa-DF) e Nacional de Alimenta\u00e7\u00e3o Escolar (Pnae), juntos, destinaram R$ 38,2 milh\u00f5es a produtores rurais com a compra de 6.267 toneladas de alimentos. Os programas de compras institucionais, que contam com apoio da Emater-DF, permitem o escoamento [&hellip;]","og_url":"https:\/\/www.notibras.com\/site\/programas-alimentares-destinaram-38-mi-para-agricultura-familiar\/","og_site_name":"Notibras","article_publisher":"https:\/\/www.facebook.com\/notibras\/","article_published_time":"2023-12-25T03:00:17+00:00","article_modified_time":"2023-12-25T11:36:11+00:00","og_image":[{"width":1536,"height":1020,"url":"https:\/\/www.notibras.com\/site\/wp-content\/uploads\/2023\/12\/merenda.agr_.fam_.jpg","type":"image\/jpeg"}],"author":"Reda\u00e7\u00e3o","twitter_card":"summary_large_image","twitter_creator":"@Notibras","twitter_site":"@Notibras","twitter_misc":{"Escrito por":"Reda\u00e7\u00e3o","Est. tempo de leitura":"4 minutos"},"schema":{"@context":"https:\/\/schema.org","@graph":[{"@type":"Article","@id":"https:\/\/www.notibras.com\/site\/programas-alimentares-destinaram-38-mi-para-agricultura-familiar\/#article","isPartOf":{"@id":"https:\/\/www.notibras.com\/site\/programas-alimentares-destinaram-38-mi-para-agricultura-familiar\/"},"author":{"name":"Reda\u00e7\u00e3o","@id":"https:\/\/www.notibras.com\/site\/#\/schema\/person\/36ab0979449956132d3e5b517ea76ac8"},"headline":"Programas alimentares destinaram 38 mi para agricultura familiar","datePublished":"2023-12-25T03:00:17+00:00","dateModified":"2023-12-25T11:36:11+00:00","mainEntityOfPage":{"@id":"https:\/\/www.notibras.com\/site\/programas-alimentares-destinaram-38-mi-para-agricultura-familiar\/"},"wordCount":809,"publisher":{"@id":"https:\/\/www.notibras.com\/site\/#organization"},"image":{"@id":"https:\/\/www.notibras.com\/site\/programas-alimentares-destinaram-38-mi-para-agricultura-familiar\/#primaryimage"},"thumbnailUrl":"https:\/\/www.notibras.com\/site\/wp-content\/uploads\/2023\/12\/merenda.agr_.fam_.jpg","articleSection":["Quadradinho em Foco"],"inLanguage":"pt-BR"},{"@type":"WebPage","@id":"https:\/\/www.notibras.com\/site\/programas-alimentares-destinaram-38-mi-para-agricultura-familiar\/","url":"https:\/\/www.notibras.com\/site\/programas-alimentares-destinaram-38-mi-para-agricultura-familiar\/","name":"Programas alimentares destinaram 38 mi para agricultura familiar - Notibras","isPartOf":{"@id":"https:\/\/www.notibras.com\/site\/#website"},"primaryImageOfPage":{"@id":"https:\/\/www.notibras.com\/site\/programas-alimentares-destinaram-38-mi-para-agricultura-familiar\/#primaryimage"},"image":{"@id":"https:\/\/www.notibras.com\/site\/programas-alimentares-destinaram-38-mi-para-agricultura-familiar\/#primaryimage"},"thumbnailUrl":"https:\/\/www.notibras.com\/site\/wp-content\/uploads\/2023\/12\/merenda.agr_.fam_.jpg","datePublished":"2023-12-25T03:00:17+00:00","dateModified":"2023-12-25T11:36:11+00:00","breadcrumb":{"@id":"https:\/\/www.notibras.com\/site\/programas-alimentares-destinaram-38-mi-para-agricultura-familiar\/#breadcrumb"},"inLanguage":"pt-BR","potentialAction":[{"@type":"ReadAction","target":["https:\/\/www.notibras.com\/site\/programas-alimentares-destinaram-38-mi-para-agricultura-familiar\/"]}]},{"@type":"ImageObject","inLanguage":"pt-BR","@id":"https:\/\/www.notibras.com\/site\/programas-alimentares-destinaram-38-mi-para-agricultura-familiar\/#primaryimage","url":"https:\/\/www.notibras.com\/site\/wp-content\/uploads\/2023\/12\/merenda.agr_.fam_.jpg","contentUrl":"https:\/\/www.notibras.com\/site\/wp-content\/uploads\/2023\/12\/merenda.agr_.fam_.jpg","width":1536,"height":1020},{"@type":"BreadcrumbList","@id":"https:\/\/www.notibras.com\/site\/programas-alimentares-destinaram-38-mi-para-agricultura-familiar\/#breadcrumb","itemListElement":[{"@type":"ListItem","position":1,"name":"In\u00edcio","item":"https:\/\/www.notibras.com\/site\/"},{"@type":"ListItem","position":2,"name":"Programas alimentares destinaram 38 mi para agricultura familiar"}]},{"@type":"WebSite","@id":"https:\/\/www.notibras.com\/site\/#website","url":"https:\/\/www.notibras.com\/site\/","name":"Notibras","description":"Not\u00edcias de Bras\u00edlia, do Brasil e do Mundo","publisher":{"@id":"https:\/\/www.notibras.com\/site\/#organization"},"potentialAction":[{"@type":"SearchAction","target":{"@type":"EntryPoint","urlTemplate":"https:\/\/www.notibras.com\/site\/?s={search_term_string}"},"query-input":{"@type":"PropertyValueSpecification","valueRequired":true,"valueName":"search_term_string"}}],"inLanguage":"pt-BR"},{"@type":"Organization","@id":"https:\/\/www.notibras.com\/site\/#organization","name":"Grupo Notibras de Comunica\u00e7\u00e3o","url":"https:\/\/www.notibras.com\/site\/","logo":{"@type":"ImageObject","inLanguage":"pt-BR","@id":"https:\/\/www.notibras.com\/site\/#\/schema\/logo\/image\/","url":"https:\/\/www.notibras.com\/site\/wp-content\/uploads\/2023\/01\/notibras23.png","contentUrl":"https:\/\/www.notibras.com\/site\/wp-content\/uploads\/2023\/01\/notibras23.png","width":350,"height":87,"caption":"Grupo Notibras de Comunica\u00e7\u00e3o"},"image":{"@id":"https:\/\/www.notibras.com\/site\/#\/schema\/logo\/image\/"},"sameAs":["https:\/\/www.facebook.com\/notibras\/","https:\/\/x.com\/Notibras","https:\/\/www.instagram.com\/notibras\/"]},{"@type":"Person","@id":"https:\/\/www.notibras.com\/site\/#\/schema\/person\/36ab0979449956132d3e5b517ea76ac8","name":"Reda\u00e7\u00e3o","image":{"@type":"ImageObject","inLanguage":"pt-BR","@id":"https:\/\/secure.gravatar.com\/avatar\/e0a867bdedb85fd243eadf09663511f96fc81e0720a4a42581f334ad4303aa6b?s=96&d=mm&r=g","url":"https:\/\/secure.gravatar.com\/avatar\/e0a867bdedb85fd243eadf09663511f96fc81e0720a4a42581f334ad4303aa6b?s=96&d=mm&r=g","contentUrl":"https:\/\/secure.gravatar.com\/avatar\/e0a867bdedb85fd243eadf09663511f96fc81e0720a4a42581f334ad4303aa6b?s=96&d=mm&r=g","caption":"Reda\u00e7\u00e3o"}}]}},"amp_enabled":true,"_links":{"self":[{"href":"https:\/\/www.notibras.com\/site\/wp-json\/wp\/v2\/posts\/319717","targetHints":{"allow":["GET"]}}],"collection":[{"href":"https:\/\/www.notibras.com\/site\/wp-json\/wp\/v2\/posts"}],"about":[{"href":"https:\/\/www.notibras.com\/site\/wp-json\/wp\/v2\/types\/post"}],"author":[{"embeddable":true,"href":"https:\/\/www.notibras.com\/site\/wp-json\/wp\/v2\/users\/2"}],"replies":[{"embeddable":true,"href":"https:\/\/www.notibras.com\/site\/wp-json\/wp\/v2\/comments?post=319717"}],"version-history":[{"count":1,"href":"https:\/\/www.notibras.com\/site\/wp-json\/wp\/v2\/posts\/319717\/revisions"}],"predecessor-version":[{"id":319719,"href":"https:\/\/www.notibras.com\/site\/wp-json\/wp\/v2\/posts\/319717\/revisions\/319719"}],"wp:featuredmedia":[{"embeddable":true,"href":"https:\/\/www.notibras.com\/site\/wp-json\/wp\/v2\/media\/319718"}],"wp:attachment":[{"href":"https:\/\/www.notibras.com\/site\/wp-json\/wp\/v2\/media?parent=319717"}],"wp:term":[{"taxonomy":"category","embeddable":true,"href":"https:\/\/www.notibras.com\/site\/wp-json\/wp\/v2\/categories?post=319717"},{"taxonomy":"post_tag","embeddable":true,"href":"https:\/\/www.notibras.com\/site\/wp-json\/wp\/v2\/tags?post=319717"}],"curies":[{"name":"wp","href":"https:\/\/api.w.org\/{rel}","templated":true}]}}