{"id":319752,"date":"2023-12-26T06:02:28","date_gmt":"2023-12-26T09:02:28","guid":{"rendered":"https:\/\/www.notibras.com\/site\/?p=319752"},"modified":"2023-12-26T07:44:53","modified_gmt":"2023-12-26T10:44:53","slug":"custos-com-demencia-estao-com-familias-revela-estudo","status":"publish","type":"post","link":"https:\/\/www.notibras.com\/site\/custos-com-demencia-estao-com-familias-revela-estudo\/","title":{"rendered":"Custos com dem\u00eancia est\u00e3o com fam\u00edlias, revela estudo"},"content":{"rendered":"<p>Pelo menos 73% dos custos que envolvem o cuidado de pessoas com dem\u00eancia no Brasil ficam para as fam\u00edlias dos pacientes. O n\u00famero foi divulgado pelo Relat\u00f3rio Nacional sobre a Dem\u00eancia no Brasil (Renade), do Hospital Alem\u00e3o Oswaldo Cruz, a partir da iniciativa do Programa de Apoio ao Desenvolvimento Institucional do Sistema \u00danico de Sa\u00fade (PROADI-SUS). O estudo revelou que, al\u00e9m dos custos, as pessoas respons\u00e1veis pelos cuidados est\u00e3o sobrecarregadas e que, na maior parte das vezes, s\u00e3o mulheres.<\/p>\n<p>O relat\u00f3rio mostra que esses custos podem chegar a 81,3% por parte do familiar a depender do est\u00e1gio da dem\u00eancia.<\/p>\n<p>\u201cIsso envolve horas de dedica\u00e7\u00e3o para o cuidado. A pessoa, por exemplo, pode ter que parar de trabalhar para cuidar. Isso tudo envolve o que a gente chama de custo informal. \u00c9 importante que se ofere\u00e7a um apoio para a fam\u00edlia\u201d, afirmou a psiquiatra e epidemiologista Cleusa Ferri, pesquisadora e coordenadora do Projeto Renade no Hospital Alem\u00e3o Oswaldo Cruz, em entrevista \u00e0 Ag\u00eancia Brasil.<\/p>\n<p>O relat\u00f3rio enumera custos diretos em sa\u00fade, como interna\u00e7\u00f5es, consultas e medicamentos, e tamb\u00e9m os recursos indiretos, como a perda de produtividade da pessoa que \u00e9 cuidadora.<\/p>\n<p>\u201cAs atividades relacionadas ao cuidado e supervis\u00e3o da pessoa com dem\u00eancia consomem uma m\u00e9dia di\u00e1ria de 10 horas e 12 minutos\u201d, aponta o relat\u00f3rio.<\/p>\n<p><strong>Olhar para o cuidador<\/strong><br \/>\nA m\u00e9dica Cleusa Ferri avalia que \u00e9 necess\u00e1rio aumentar o n\u00famero de servi\u00e7os de qualidade que atendam \u00e0s necessidades da pessoa com dem\u00eancia e tamb\u00e9m dos parentes. \u201cO familiar pode at\u00e9 ser um parceiro do cuidado. Mas precisamos tamb\u00e9m pensar nesse cuidador\u201d.<\/p>\n<p>Para elabora\u00e7\u00e3o do estudo, os pesquisadores entrevistaram 140 pessoas com dem\u00eancia e cuidadores de todas as regi\u00f5es do pa\u00eds, com m\u00e9dia de idade de 81,3 anos sendo 69,3% mulheres. Os dados foram coletados com pessoas em diferentes fases da dem\u00eancia.<\/p>\n<p>O relat\u00f3rio mostra, por exemplo, que entre os 140 cuidadores, pelo menos 45% das pessoas apresentavam sintomas psiqui\u00e1tricos de ansiedade e depress\u00e3o, 71,4% apresentavam sinais de sobrecarga relativa ao cuidado, 83,6% exerciam o cuidado de maneira informal e sem remunera\u00e7\u00e3o.<\/p>\n<p>O estudo chama a aten\u00e7\u00e3o para que, dentro dessa amostra, 51,4% dos pacientes utilizaram, em algum momento, o servi\u00e7o privado de sa\u00fade, 42% n\u00e3o utilizavam nenhum tipo de medicamento para dem\u00eancia. \u201cSomente 15% retiravam a medica\u00e7\u00e3o gratuitamente no SUS\u201d, disse a epidemiologista Cleusa Ferri.<\/p>\n<p>O estudo aponta que a maioria das pessoas cuidadoras de familiares com algum tipo de dem\u00eancia s\u00e3o mulheres.<\/p>\n<p>\u201cNessa amostra, temos 86% das cuidadoras sendo mulheres. Isso \u00e9 um fato. H\u00e1 uma cultura da mulher cuidar para o resto da vida. Entendo que \u00e9 uma quest\u00e3o cultural.<\/p>\n<p><strong>Subdiagn\u00f3sticos<\/strong><br \/>\nDe acordo com a pesquisadora, o Brasil contabiliza cerca de 2 milh\u00f5es de pessoas com dem\u00eancia e 80% delas n\u00e3o est\u00e3o diagnosticadas. \u201cA taxa de subdiagn\u00f3stico \u00e9 grande. Temos muitas pessoas sem diagn\u00f3stico e, portanto, sem cuidado espec\u00edfico para as necessidades que envolvem a doen\u00e7a. Ent\u00e3o, esse \u00e9 um desafio muito importante\u201d, afirma a especialista. Ela cita que esse cen\u00e1rio n\u00e3o \u00e9 exclusivo do Brasil.<\/p>\n<p>Na Europa, o subdiagn\u00f3stico chega a ser de mais de 50% e na Am\u00e9rica do Norte, mais de 60%. \u201cNo Brasil, temos 1,85 milh\u00e3o de pessoas com a doen\u00e7a. E a proje\u00e7\u00e3o \u00e9 que esse n\u00famero triplique at\u00e9 2050\u201d.<\/p>\n<p>A pesquisadora acrescenta que a invisibilidade da doen\u00e7a \u00e9 outro desafio. \u201cTemos muito para aumentar o conhecimento, deixar mais vis\u00edvel. A falta de conhecimento da popula\u00e7\u00e3o sobre essa condi\u00e7\u00e3o precisa ser enfrentada\u201d. Nesse contexto, a invisibilidade tamb\u00e9m ocorre diante das desigualdades sociais.<\/p>\n<p>Em um cen\u00e1rio de 80% de pessoas sem diagn\u00f3stico, isso significa a necessidade de melhorar as pol\u00edticas p\u00fablicas para aumentar o conhecimento da popula\u00e7\u00e3o sobre a dem\u00eancia. \u201cH\u00e1 uma quest\u00e3o de estigma tamb\u00e9m. As pessoas evitam falar do tema e procurar ajuda\u201d.<\/p>\n<p>Essa situa\u00e7\u00e3o, na avalia\u00e7\u00e3o da pesquisadora, tamb\u00e9m contribui para dificuldades para conscientiza\u00e7\u00e3o, treinamento de cuidadores e busca por apoio.<\/p>\n","protected":false},"excerpt":{"rendered":"<p>Pelo menos 73% dos custos que envolvem o cuidado de pessoas com dem\u00eancia no Brasil ficam para as fam\u00edlias dos pacientes. O n\u00famero foi divulgado pelo Relat\u00f3rio Nacional sobre a Dem\u00eancia no Brasil (Renade), do Hospital Alem\u00e3o Oswaldo Cruz, a partir da iniciativa do Programa de Apoio ao Desenvolvimento Institucional do Sistema \u00danico de Sa\u00fade [&hellip;]<\/p>\n","protected":false},"author":2,"featured_media":319753,"comment_status":"closed","ping_status":"closed","sticky":false,"template":"","format":"standard","meta":{"_acf_changed":false,"footnotes":""},"categories":[161],"tags":[95],"class_list":["post-319752","post","type-post","status-publish","format-standard","has-post-thumbnail","hentry","category-quadradinho-em-foco","tag-capa"],"acf":[],"yoast_head":"<!-- This site is optimized with the Yoast SEO plugin v27.2 - https:\/\/yoast.com\/product\/yoast-seo-wordpress\/ -->\n<title>Custos com dem\u00eancia est\u00e3o com fam\u00edlias, revela estudo - Notibras<\/title>\n<meta name=\"robots\" content=\"index, follow, max-snippet:-1, max-image-preview:large, max-video-preview:-1\" \/>\n<link rel=\"canonical\" href=\"https:\/\/www.notibras.com\/site\/custos-com-demencia-estao-com-familias-revela-estudo\/\" \/>\n<meta property=\"og:locale\" content=\"pt_BR\" \/>\n<meta property=\"og:type\" content=\"article\" \/>\n<meta property=\"og:title\" content=\"Custos com dem\u00eancia est\u00e3o com fam\u00edlias, revela estudo - Notibras\" \/>\n<meta property=\"og:description\" content=\"Pelo menos 73% dos custos que envolvem o cuidado de pessoas com dem\u00eancia no Brasil ficam para as fam\u00edlias dos pacientes. O n\u00famero foi divulgado pelo Relat\u00f3rio Nacional sobre a Dem\u00eancia no Brasil (Renade), do Hospital Alem\u00e3o Oswaldo Cruz, a partir da iniciativa do Programa de Apoio ao Desenvolvimento Institucional do Sistema \u00danico de Sa\u00fade [&hellip;]\" \/>\n<meta property=\"og:url\" content=\"https:\/\/www.notibras.com\/site\/custos-com-demencia-estao-com-familias-revela-estudo\/\" \/>\n<meta property=\"og:site_name\" content=\"Notibras\" \/>\n<meta property=\"article:publisher\" content=\"https:\/\/www.facebook.com\/notibras\/\" \/>\n<meta property=\"article:published_time\" content=\"2023-12-26T09:02:28+00:00\" \/>\n<meta property=\"article:modified_time\" content=\"2023-12-26T10:44:53+00:00\" \/>\n<meta property=\"og:image\" content=\"https:\/\/www.notibras.com\/site\/wp-content\/uploads\/2023\/12\/demencia.cvustos.webp\" \/>\n\t<meta property=\"og:image:width\" content=\"1170\" \/>\n\t<meta property=\"og:image:height\" content=\"700\" \/>\n\t<meta property=\"og:image:type\" content=\"image\/webp\" \/>\n<meta name=\"author\" content=\"Reda\u00e7\u00e3o\" \/>\n<meta name=\"twitter:card\" content=\"summary_large_image\" \/>\n<meta name=\"twitter:creator\" content=\"@Notibras\" \/>\n<meta name=\"twitter:site\" content=\"@Notibras\" \/>\n<meta name=\"twitter:label1\" content=\"Escrito por\" \/>\n\t<meta name=\"twitter:data1\" content=\"Reda\u00e7\u00e3o\" \/>\n\t<meta name=\"twitter:label2\" content=\"Est. tempo de leitura\" \/>\n\t<meta name=\"twitter:data2\" content=\"4 minutos\" \/>\n<script type=\"application\/ld+json\" class=\"yoast-schema-graph\">{\"@context\":\"https:\/\/schema.org\",\"@graph\":[{\"@type\":\"Article\",\"@id\":\"https:\/\/www.notibras.com\/site\/custos-com-demencia-estao-com-familias-revela-estudo\/#article\",\"isPartOf\":{\"@id\":\"https:\/\/www.notibras.com\/site\/custos-com-demencia-estao-com-familias-revela-estudo\/\"},\"author\":{\"name\":\"Reda\u00e7\u00e3o\",\"@id\":\"https:\/\/www.notibras.com\/site\/#\/schema\/person\/36ab0979449956132d3e5b517ea76ac8\"},\"headline\":\"Custos com dem\u00eancia est\u00e3o com fam\u00edlias, revela estudo\",\"datePublished\":\"2023-12-26T09:02:28+00:00\",\"dateModified\":\"2023-12-26T10:44:53+00:00\",\"mainEntityOfPage\":{\"@id\":\"https:\/\/www.notibras.com\/site\/custos-com-demencia-estao-com-familias-revela-estudo\/\"},\"wordCount\":706,\"publisher\":{\"@id\":\"https:\/\/www.notibras.com\/site\/#organization\"},\"image\":{\"@id\":\"https:\/\/www.notibras.com\/site\/custos-com-demencia-estao-com-familias-revela-estudo\/#primaryimage\"},\"thumbnailUrl\":\"https:\/\/www.notibras.com\/site\/wp-content\/uploads\/2023\/12\/demencia.cvustos.webp\",\"keywords\":[\"capa\"],\"articleSection\":[\"Quadradinho em Foco\"],\"inLanguage\":\"pt-BR\"},{\"@type\":\"WebPage\",\"@id\":\"https:\/\/www.notibras.com\/site\/custos-com-demencia-estao-com-familias-revela-estudo\/\",\"url\":\"https:\/\/www.notibras.com\/site\/custos-com-demencia-estao-com-familias-revela-estudo\/\",\"name\":\"Custos com dem\u00eancia est\u00e3o com fam\u00edlias, revela estudo - Notibras\",\"isPartOf\":{\"@id\":\"https:\/\/www.notibras.com\/site\/#website\"},\"primaryImageOfPage\":{\"@id\":\"https:\/\/www.notibras.com\/site\/custos-com-demencia-estao-com-familias-revela-estudo\/#primaryimage\"},\"image\":{\"@id\":\"https:\/\/www.notibras.com\/site\/custos-com-demencia-estao-com-familias-revela-estudo\/#primaryimage\"},\"thumbnailUrl\":\"https:\/\/www.notibras.com\/site\/wp-content\/uploads\/2023\/12\/demencia.cvustos.webp\",\"datePublished\":\"2023-12-26T09:02:28+00:00\",\"dateModified\":\"2023-12-26T10:44:53+00:00\",\"breadcrumb\":{\"@id\":\"https:\/\/www.notibras.com\/site\/custos-com-demencia-estao-com-familias-revela-estudo\/#breadcrumb\"},\"inLanguage\":\"pt-BR\",\"potentialAction\":[{\"@type\":\"ReadAction\",\"target\":[\"https:\/\/www.notibras.com\/site\/custos-com-demencia-estao-com-familias-revela-estudo\/\"]}]},{\"@type\":\"ImageObject\",\"inLanguage\":\"pt-BR\",\"@id\":\"https:\/\/www.notibras.com\/site\/custos-com-demencia-estao-com-familias-revela-estudo\/#primaryimage\",\"url\":\"https:\/\/www.notibras.com\/site\/wp-content\/uploads\/2023\/12\/demencia.cvustos.webp\",\"contentUrl\":\"https:\/\/www.notibras.com\/site\/wp-content\/uploads\/2023\/12\/demencia.cvustos.webp\",\"width\":1170,\"height\":700},{\"@type\":\"BreadcrumbList\",\"@id\":\"https:\/\/www.notibras.com\/site\/custos-com-demencia-estao-com-familias-revela-estudo\/#breadcrumb\",\"itemListElement\":[{\"@type\":\"ListItem\",\"position\":1,\"name\":\"In\u00edcio\",\"item\":\"https:\/\/www.notibras.com\/site\/\"},{\"@type\":\"ListItem\",\"position\":2,\"name\":\"Custos com dem\u00eancia est\u00e3o com fam\u00edlias, revela estudo\"}]},{\"@type\":\"WebSite\",\"@id\":\"https:\/\/www.notibras.com\/site\/#website\",\"url\":\"https:\/\/www.notibras.com\/site\/\",\"name\":\"Notibras\",\"description\":\"Not\u00edcias de Bras\u00edlia, do Brasil e do Mundo\",\"publisher\":{\"@id\":\"https:\/\/www.notibras.com\/site\/#organization\"},\"potentialAction\":[{\"@type\":\"SearchAction\",\"target\":{\"@type\":\"EntryPoint\",\"urlTemplate\":\"https:\/\/www.notibras.com\/site\/?s={search_term_string}\"},\"query-input\":{\"@type\":\"PropertyValueSpecification\",\"valueRequired\":true,\"valueName\":\"search_term_string\"}}],\"inLanguage\":\"pt-BR\"},{\"@type\":\"Organization\",\"@id\":\"https:\/\/www.notibras.com\/site\/#organization\",\"name\":\"Grupo Notibras de Comunica\u00e7\u00e3o\",\"url\":\"https:\/\/www.notibras.com\/site\/\",\"logo\":{\"@type\":\"ImageObject\",\"inLanguage\":\"pt-BR\",\"@id\":\"https:\/\/www.notibras.com\/site\/#\/schema\/logo\/image\/\",\"url\":\"https:\/\/www.notibras.com\/site\/wp-content\/uploads\/2023\/01\/notibras23.png\",\"contentUrl\":\"https:\/\/www.notibras.com\/site\/wp-content\/uploads\/2023\/01\/notibras23.png\",\"width\":350,\"height\":87,\"caption\":\"Grupo Notibras de Comunica\u00e7\u00e3o\"},\"image\":{\"@id\":\"https:\/\/www.notibras.com\/site\/#\/schema\/logo\/image\/\"},\"sameAs\":[\"https:\/\/www.facebook.com\/notibras\/\",\"https:\/\/x.com\/Notibras\",\"https:\/\/www.instagram.com\/notibras\/\"]},{\"@type\":\"Person\",\"@id\":\"https:\/\/www.notibras.com\/site\/#\/schema\/person\/36ab0979449956132d3e5b517ea76ac8\",\"name\":\"Reda\u00e7\u00e3o\",\"image\":{\"@type\":\"ImageObject\",\"inLanguage\":\"pt-BR\",\"@id\":\"https:\/\/secure.gravatar.com\/avatar\/e0a867bdedb85fd243eadf09663511f96fc81e0720a4a42581f334ad4303aa6b?s=96&d=mm&r=g\",\"url\":\"https:\/\/secure.gravatar.com\/avatar\/e0a867bdedb85fd243eadf09663511f96fc81e0720a4a42581f334ad4303aa6b?s=96&d=mm&r=g\",\"contentUrl\":\"https:\/\/secure.gravatar.com\/avatar\/e0a867bdedb85fd243eadf09663511f96fc81e0720a4a42581f334ad4303aa6b?s=96&d=mm&r=g\",\"caption\":\"Reda\u00e7\u00e3o\"}}]}<\/script>\n<!-- \/ Yoast SEO plugin. -->","yoast_head_json":{"title":"Custos com dem\u00eancia est\u00e3o com fam\u00edlias, revela estudo - Notibras","robots":{"index":"index","follow":"follow","max-snippet":"max-snippet:-1","max-image-preview":"max-image-preview:large","max-video-preview":"max-video-preview:-1"},"canonical":"https:\/\/www.notibras.com\/site\/custos-com-demencia-estao-com-familias-revela-estudo\/","og_locale":"pt_BR","og_type":"article","og_title":"Custos com dem\u00eancia est\u00e3o com fam\u00edlias, revela estudo - Notibras","og_description":"Pelo menos 73% dos custos que envolvem o cuidado de pessoas com dem\u00eancia no Brasil ficam para as fam\u00edlias dos pacientes. O n\u00famero foi divulgado pelo Relat\u00f3rio Nacional sobre a Dem\u00eancia no Brasil (Renade), do Hospital Alem\u00e3o Oswaldo Cruz, a partir da iniciativa do Programa de Apoio ao Desenvolvimento Institucional do Sistema \u00danico de Sa\u00fade [&hellip;]","og_url":"https:\/\/www.notibras.com\/site\/custos-com-demencia-estao-com-familias-revela-estudo\/","og_site_name":"Notibras","article_publisher":"https:\/\/www.facebook.com\/notibras\/","article_published_time":"2023-12-26T09:02:28+00:00","article_modified_time":"2023-12-26T10:44:53+00:00","og_image":[{"width":1170,"height":700,"url":"https:\/\/www.notibras.com\/site\/wp-content\/uploads\/2023\/12\/demencia.cvustos.webp","type":"image\/webp"}],"author":"Reda\u00e7\u00e3o","twitter_card":"summary_large_image","twitter_creator":"@Notibras","twitter_site":"@Notibras","twitter_misc":{"Escrito por":"Reda\u00e7\u00e3o","Est. tempo de leitura":"4 minutos"},"schema":{"@context":"https:\/\/schema.org","@graph":[{"@type":"Article","@id":"https:\/\/www.notibras.com\/site\/custos-com-demencia-estao-com-familias-revela-estudo\/#article","isPartOf":{"@id":"https:\/\/www.notibras.com\/site\/custos-com-demencia-estao-com-familias-revela-estudo\/"},"author":{"name":"Reda\u00e7\u00e3o","@id":"https:\/\/www.notibras.com\/site\/#\/schema\/person\/36ab0979449956132d3e5b517ea76ac8"},"headline":"Custos com dem\u00eancia est\u00e3o com fam\u00edlias, revela estudo","datePublished":"2023-12-26T09:02:28+00:00","dateModified":"2023-12-26T10:44:53+00:00","mainEntityOfPage":{"@id":"https:\/\/www.notibras.com\/site\/custos-com-demencia-estao-com-familias-revela-estudo\/"},"wordCount":706,"publisher":{"@id":"https:\/\/www.notibras.com\/site\/#organization"},"image":{"@id":"https:\/\/www.notibras.com\/site\/custos-com-demencia-estao-com-familias-revela-estudo\/#primaryimage"},"thumbnailUrl":"https:\/\/www.notibras.com\/site\/wp-content\/uploads\/2023\/12\/demencia.cvustos.webp","keywords":["capa"],"articleSection":["Quadradinho em Foco"],"inLanguage":"pt-BR"},{"@type":"WebPage","@id":"https:\/\/www.notibras.com\/site\/custos-com-demencia-estao-com-familias-revela-estudo\/","url":"https:\/\/www.notibras.com\/site\/custos-com-demencia-estao-com-familias-revela-estudo\/","name":"Custos com dem\u00eancia est\u00e3o com fam\u00edlias, revela estudo - Notibras","isPartOf":{"@id":"https:\/\/www.notibras.com\/site\/#website"},"primaryImageOfPage":{"@id":"https:\/\/www.notibras.com\/site\/custos-com-demencia-estao-com-familias-revela-estudo\/#primaryimage"},"image":{"@id":"https:\/\/www.notibras.com\/site\/custos-com-demencia-estao-com-familias-revela-estudo\/#primaryimage"},"thumbnailUrl":"https:\/\/www.notibras.com\/site\/wp-content\/uploads\/2023\/12\/demencia.cvustos.webp","datePublished":"2023-12-26T09:02:28+00:00","dateModified":"2023-12-26T10:44:53+00:00","breadcrumb":{"@id":"https:\/\/www.notibras.com\/site\/custos-com-demencia-estao-com-familias-revela-estudo\/#breadcrumb"},"inLanguage":"pt-BR","potentialAction":[{"@type":"ReadAction","target":["https:\/\/www.notibras.com\/site\/custos-com-demencia-estao-com-familias-revela-estudo\/"]}]},{"@type":"ImageObject","inLanguage":"pt-BR","@id":"https:\/\/www.notibras.com\/site\/custos-com-demencia-estao-com-familias-revela-estudo\/#primaryimage","url":"https:\/\/www.notibras.com\/site\/wp-content\/uploads\/2023\/12\/demencia.cvustos.webp","contentUrl":"https:\/\/www.notibras.com\/site\/wp-content\/uploads\/2023\/12\/demencia.cvustos.webp","width":1170,"height":700},{"@type":"BreadcrumbList","@id":"https:\/\/www.notibras.com\/site\/custos-com-demencia-estao-com-familias-revela-estudo\/#breadcrumb","itemListElement":[{"@type":"ListItem","position":1,"name":"In\u00edcio","item":"https:\/\/www.notibras.com\/site\/"},{"@type":"ListItem","position":2,"name":"Custos com dem\u00eancia est\u00e3o com fam\u00edlias, revela estudo"}]},{"@type":"WebSite","@id":"https:\/\/www.notibras.com\/site\/#website","url":"https:\/\/www.notibras.com\/site\/","name":"Notibras","description":"Not\u00edcias de Bras\u00edlia, do Brasil e do Mundo","publisher":{"@id":"https:\/\/www.notibras.com\/site\/#organization"},"potentialAction":[{"@type":"SearchAction","target":{"@type":"EntryPoint","urlTemplate":"https:\/\/www.notibras.com\/site\/?s={search_term_string}"},"query-input":{"@type":"PropertyValueSpecification","valueRequired":true,"valueName":"search_term_string"}}],"inLanguage":"pt-BR"},{"@type":"Organization","@id":"https:\/\/www.notibras.com\/site\/#organization","name":"Grupo Notibras de Comunica\u00e7\u00e3o","url":"https:\/\/www.notibras.com\/site\/","logo":{"@type":"ImageObject","inLanguage":"pt-BR","@id":"https:\/\/www.notibras.com\/site\/#\/schema\/logo\/image\/","url":"https:\/\/www.notibras.com\/site\/wp-content\/uploads\/2023\/01\/notibras23.png","contentUrl":"https:\/\/www.notibras.com\/site\/wp-content\/uploads\/2023\/01\/notibras23.png","width":350,"height":87,"caption":"Grupo Notibras de Comunica\u00e7\u00e3o"},"image":{"@id":"https:\/\/www.notibras.com\/site\/#\/schema\/logo\/image\/"},"sameAs":["https:\/\/www.facebook.com\/notibras\/","https:\/\/x.com\/Notibras","https:\/\/www.instagram.com\/notibras\/"]},{"@type":"Person","@id":"https:\/\/www.notibras.com\/site\/#\/schema\/person\/36ab0979449956132d3e5b517ea76ac8","name":"Reda\u00e7\u00e3o","image":{"@type":"ImageObject","inLanguage":"pt-BR","@id":"https:\/\/secure.gravatar.com\/avatar\/e0a867bdedb85fd243eadf09663511f96fc81e0720a4a42581f334ad4303aa6b?s=96&d=mm&r=g","url":"https:\/\/secure.gravatar.com\/avatar\/e0a867bdedb85fd243eadf09663511f96fc81e0720a4a42581f334ad4303aa6b?s=96&d=mm&r=g","contentUrl":"https:\/\/secure.gravatar.com\/avatar\/e0a867bdedb85fd243eadf09663511f96fc81e0720a4a42581f334ad4303aa6b?s=96&d=mm&r=g","caption":"Reda\u00e7\u00e3o"}}]}},"amp_enabled":true,"_links":{"self":[{"href":"https:\/\/www.notibras.com\/site\/wp-json\/wp\/v2\/posts\/319752","targetHints":{"allow":["GET"]}}],"collection":[{"href":"https:\/\/www.notibras.com\/site\/wp-json\/wp\/v2\/posts"}],"about":[{"href":"https:\/\/www.notibras.com\/site\/wp-json\/wp\/v2\/types\/post"}],"author":[{"embeddable":true,"href":"https:\/\/www.notibras.com\/site\/wp-json\/wp\/v2\/users\/2"}],"replies":[{"embeddable":true,"href":"https:\/\/www.notibras.com\/site\/wp-json\/wp\/v2\/comments?post=319752"}],"version-history":[{"count":1,"href":"https:\/\/www.notibras.com\/site\/wp-json\/wp\/v2\/posts\/319752\/revisions"}],"predecessor-version":[{"id":319754,"href":"https:\/\/www.notibras.com\/site\/wp-json\/wp\/v2\/posts\/319752\/revisions\/319754"}],"wp:featuredmedia":[{"embeddable":true,"href":"https:\/\/www.notibras.com\/site\/wp-json\/wp\/v2\/media\/319753"}],"wp:attachment":[{"href":"https:\/\/www.notibras.com\/site\/wp-json\/wp\/v2\/media?parent=319752"}],"wp:term":[{"taxonomy":"category","embeddable":true,"href":"https:\/\/www.notibras.com\/site\/wp-json\/wp\/v2\/categories?post=319752"},{"taxonomy":"post_tag","embeddable":true,"href":"https:\/\/www.notibras.com\/site\/wp-json\/wp\/v2\/tags?post=319752"}],"curies":[{"name":"wp","href":"https:\/\/api.w.org\/{rel}","templated":true}]}}