{"id":319755,"date":"2023-12-26T08:06:41","date_gmt":"2023-12-26T11:06:41","guid":{"rendered":"https:\/\/www.notibras.com\/site\/?p=319755"},"modified":"2023-12-26T08:06:41","modified_gmt":"2023-12-26T11:06:41","slug":"calixto-e-matilda-se-aproximam-em-meio-a-briga-alheia","status":"publish","type":"post","link":"https:\/\/www.notibras.com\/site\/calixto-e-matilda-se-aproximam-em-meio-a-briga-alheia\/","title":{"rendered":"Calixto e Matilda se aproximam em meio a briga alheia"},"content":{"rendered":"<p>Calixto era muito conhecido no bairro, j\u00e1 que h\u00e1 quase duas d\u00e9cadas era o dono de uma das poucas bancas de jornal do local. \u00c9 verdade que havia outras duas ou tr\u00eas, mas nenhuma vendia empadinhas de cabe\u00e7a de camar\u00e3o t\u00e3o saborosas. Uma iguaria \u00e0 parte, vendida por cinco reais ou, n\u00e3o raro, dada como brinde a algum fregu\u00eas que gastasse bem al\u00e9m do usual.<\/p>\n<p>O homem, apesar de afirmar categoricamente que tinha exato 1,60 m, n\u00e3o passava de 1,55, j\u00e1 contando as palmilhas especiais e os saltos em dobro dos sapatos pretos caprichosamente engraxados. Empertigava-se todo, mas a barriga proeminente n\u00e3o o permitia faz\u00ea-lo por mais que um ou dois minutos, quando muito. O bon\u00e9 do Internacional completava o quadro, que, provavelmente, agradaria Fernando Botero.<\/p>\n<p>Um dos clientes mais ass\u00edduos era o Paulino, um senhor de l\u00e1 seus 70 ou mais. Costumava dar o ar da gra\u00e7a no final da tarde, quando o movimento na banca j\u00e1 havia diminu\u00eddo. Ia pegar a sua encomenda, que era o jornal do dia anterior. Esse h\u00e1bito poderia parecer estranho para a maioria, mas era logo explicado pelo velho. Card\u00edaco que era, n\u00e3o queria desafiar o cora\u00e7\u00e3o com not\u00edcias frescas.<\/p>\n<p>Gorgonzola era outro fregu\u00eas que passava quase diariamente no local, geralmente para comprar jornal e um bocado de balinhas. Chamava-se Alberto, mas ganhou a alcunha por conta do cheiro desagrad\u00e1vel expelido pelos p\u00e9s, a despeito da quantidade quase infinita de produtos que j\u00e1 havia usado para tentar resolver o inconveniente.<\/p>\n<p>Dona Matilda, uma mulher enorme em todos os sentidos, passava de vez em quando pela banca. Falava mais que a pr\u00f3pria l\u00edngua, mas sempre com um largo sorriso no rosto. Era apaixonada pelo Calixto, mas n\u00e3o havia se declarado, pelo menos n\u00e3o explicitamente. Talvez o homem fosse como tantos outros, ou seja, precisava de um empurr\u00e3ozinho para perceber.<\/p>\n<p>Pois bem, l\u00e1 estava o Calixto com aquela mulher apaixonada. Os dois conversavam trivialidades, quando, ent\u00e3o, passaram dois homens discutindo. N\u00e3o demorou, come\u00e7aram a trocar sopapos bem em frente \u00e0 banca. Rolaram no ch\u00e3o, como meninos em barranco. Isso foi a deixa para que Dona Matilda e Calixto tivessem um pequeno interl\u00fadio.<\/p>\n<p>&#8211; J\u00e1 brigou, Calixto?<\/p>\n<p>&#8211; Capaz! Sou baixinho, gordinho e diab\u00e9tico. Se eu brigar, morro sem precisar tomar um soco. Caio duro s\u00f3 no af\u00e3.<\/p>\n","protected":false},"excerpt":{"rendered":"<p>Calixto era muito conhecido no bairro, j\u00e1 que h\u00e1 quase duas d\u00e9cadas era o dono de uma das poucas bancas de jornal do local. \u00c9 verdade que havia outras duas ou tr\u00eas, mas nenhuma vendia empadinhas de cabe\u00e7a de camar\u00e3o t\u00e3o saborosas. Uma iguaria \u00e0 parte, vendida por cinco reais ou, n\u00e3o raro, dada como [&hellip;]<\/p>\n","protected":false},"author":2,"featured_media":319756,"comment_status":"closed","ping_status":"closed","sticky":false,"template":"","format":"standard","meta":{"_acf_changed":false,"footnotes":""},"categories":[161],"tags":[],"class_list":["post-319755","post","type-post","status-publish","format-standard","has-post-thumbnail","hentry","category-quadradinho-em-foco"],"acf":[],"yoast_head":"<!-- This site is optimized with the Yoast SEO plugin v27.2 - https:\/\/yoast.com\/product\/yoast-seo-wordpress\/ -->\n<title>Calixto e Matilda se aproximam em meio a briga alheia - Notibras<\/title>\n<meta name=\"robots\" content=\"index, follow, max-snippet:-1, max-image-preview:large, max-video-preview:-1\" \/>\n<link rel=\"canonical\" href=\"https:\/\/www.notibras.com\/site\/calixto-e-matilda-se-aproximam-em-meio-a-briga-alheia\/\" \/>\n<meta property=\"og:locale\" content=\"pt_BR\" \/>\n<meta property=\"og:type\" content=\"article\" \/>\n<meta property=\"og:title\" content=\"Calixto e Matilda se aproximam em meio a briga alheia - Notibras\" \/>\n<meta property=\"og:description\" content=\"Calixto era muito conhecido no bairro, j\u00e1 que h\u00e1 quase duas d\u00e9cadas era o dono de uma das poucas bancas de jornal do local. \u00c9 verdade que havia outras duas ou tr\u00eas, mas nenhuma vendia empadinhas de cabe\u00e7a de camar\u00e3o t\u00e3o saborosas. Uma iguaria \u00e0 parte, vendida por cinco reais ou, n\u00e3o raro, dada como [&hellip;]\" \/>\n<meta property=\"og:url\" content=\"https:\/\/www.notibras.com\/site\/calixto-e-matilda-se-aproximam-em-meio-a-briga-alheia\/\" \/>\n<meta property=\"og:site_name\" content=\"Notibras\" \/>\n<meta property=\"article:publisher\" content=\"https:\/\/www.facebook.com\/notibras\/\" \/>\n<meta property=\"article:published_time\" content=\"2023-12-26T11:06:41+00:00\" \/>\n<meta property=\"og:image\" content=\"https:\/\/www.notibras.com\/site\/wp-content\/uploads\/2023\/12\/calixmati.jpg\" \/>\n\t<meta property=\"og:image:width\" content=\"1280\" \/>\n\t<meta property=\"og:image:height\" content=\"914\" \/>\n\t<meta property=\"og:image:type\" content=\"image\/jpeg\" \/>\n<meta name=\"author\" content=\"Reda\u00e7\u00e3o\" \/>\n<meta name=\"twitter:card\" content=\"summary_large_image\" \/>\n<meta name=\"twitter:creator\" content=\"@Notibras\" \/>\n<meta name=\"twitter:site\" content=\"@Notibras\" \/>\n<meta name=\"twitter:label1\" content=\"Escrito por\" \/>\n\t<meta name=\"twitter:data1\" content=\"Reda\u00e7\u00e3o\" \/>\n\t<meta name=\"twitter:label2\" content=\"Est. tempo de leitura\" \/>\n\t<meta name=\"twitter:data2\" content=\"3 minutos\" \/>\n<script type=\"application\/ld+json\" class=\"yoast-schema-graph\">{\"@context\":\"https:\/\/schema.org\",\"@graph\":[{\"@type\":\"Article\",\"@id\":\"https:\/\/www.notibras.com\/site\/calixto-e-matilda-se-aproximam-em-meio-a-briga-alheia\/#article\",\"isPartOf\":{\"@id\":\"https:\/\/www.notibras.com\/site\/calixto-e-matilda-se-aproximam-em-meio-a-briga-alheia\/\"},\"author\":{\"name\":\"Reda\u00e7\u00e3o\",\"@id\":\"https:\/\/www.notibras.com\/site\/#\/schema\/person\/36ab0979449956132d3e5b517ea76ac8\"},\"headline\":\"Calixto e Matilda se aproximam em meio a briga alheia\",\"datePublished\":\"2023-12-26T11:06:41+00:00\",\"mainEntityOfPage\":{\"@id\":\"https:\/\/www.notibras.com\/site\/calixto-e-matilda-se-aproximam-em-meio-a-briga-alheia\/\"},\"wordCount\":419,\"publisher\":{\"@id\":\"https:\/\/www.notibras.com\/site\/#organization\"},\"image\":{\"@id\":\"https:\/\/www.notibras.com\/site\/calixto-e-matilda-se-aproximam-em-meio-a-briga-alheia\/#primaryimage\"},\"thumbnailUrl\":\"https:\/\/www.notibras.com\/site\/wp-content\/uploads\/2023\/12\/calixmati.jpg\",\"articleSection\":[\"Quadradinho em Foco\"],\"inLanguage\":\"pt-BR\"},{\"@type\":\"WebPage\",\"@id\":\"https:\/\/www.notibras.com\/site\/calixto-e-matilda-se-aproximam-em-meio-a-briga-alheia\/\",\"url\":\"https:\/\/www.notibras.com\/site\/calixto-e-matilda-se-aproximam-em-meio-a-briga-alheia\/\",\"name\":\"Calixto e Matilda se aproximam em meio a briga alheia - Notibras\",\"isPartOf\":{\"@id\":\"https:\/\/www.notibras.com\/site\/#website\"},\"primaryImageOfPage\":{\"@id\":\"https:\/\/www.notibras.com\/site\/calixto-e-matilda-se-aproximam-em-meio-a-briga-alheia\/#primaryimage\"},\"image\":{\"@id\":\"https:\/\/www.notibras.com\/site\/calixto-e-matilda-se-aproximam-em-meio-a-briga-alheia\/#primaryimage\"},\"thumbnailUrl\":\"https:\/\/www.notibras.com\/site\/wp-content\/uploads\/2023\/12\/calixmati.jpg\",\"datePublished\":\"2023-12-26T11:06:41+00:00\",\"breadcrumb\":{\"@id\":\"https:\/\/www.notibras.com\/site\/calixto-e-matilda-se-aproximam-em-meio-a-briga-alheia\/#breadcrumb\"},\"inLanguage\":\"pt-BR\",\"potentialAction\":[{\"@type\":\"ReadAction\",\"target\":[\"https:\/\/www.notibras.com\/site\/calixto-e-matilda-se-aproximam-em-meio-a-briga-alheia\/\"]}]},{\"@type\":\"ImageObject\",\"inLanguage\":\"pt-BR\",\"@id\":\"https:\/\/www.notibras.com\/site\/calixto-e-matilda-se-aproximam-em-meio-a-briga-alheia\/#primaryimage\",\"url\":\"https:\/\/www.notibras.com\/site\/wp-content\/uploads\/2023\/12\/calixmati.jpg\",\"contentUrl\":\"https:\/\/www.notibras.com\/site\/wp-content\/uploads\/2023\/12\/calixmati.jpg\",\"width\":1280,\"height\":914},{\"@type\":\"BreadcrumbList\",\"@id\":\"https:\/\/www.notibras.com\/site\/calixto-e-matilda-se-aproximam-em-meio-a-briga-alheia\/#breadcrumb\",\"itemListElement\":[{\"@type\":\"ListItem\",\"position\":1,\"name\":\"In\u00edcio\",\"item\":\"https:\/\/www.notibras.com\/site\/\"},{\"@type\":\"ListItem\",\"position\":2,\"name\":\"Calixto e Matilda se aproximam em meio a briga alheia\"}]},{\"@type\":\"WebSite\",\"@id\":\"https:\/\/www.notibras.com\/site\/#website\",\"url\":\"https:\/\/www.notibras.com\/site\/\",\"name\":\"Notibras\",\"description\":\"Not\u00edcias de Bras\u00edlia, do Brasil e do Mundo\",\"publisher\":{\"@id\":\"https:\/\/www.notibras.com\/site\/#organization\"},\"potentialAction\":[{\"@type\":\"SearchAction\",\"target\":{\"@type\":\"EntryPoint\",\"urlTemplate\":\"https:\/\/www.notibras.com\/site\/?s={search_term_string}\"},\"query-input\":{\"@type\":\"PropertyValueSpecification\",\"valueRequired\":true,\"valueName\":\"search_term_string\"}}],\"inLanguage\":\"pt-BR\"},{\"@type\":\"Organization\",\"@id\":\"https:\/\/www.notibras.com\/site\/#organization\",\"name\":\"Grupo Notibras de Comunica\u00e7\u00e3o\",\"url\":\"https:\/\/www.notibras.com\/site\/\",\"logo\":{\"@type\":\"ImageObject\",\"inLanguage\":\"pt-BR\",\"@id\":\"https:\/\/www.notibras.com\/site\/#\/schema\/logo\/image\/\",\"url\":\"https:\/\/www.notibras.com\/site\/wp-content\/uploads\/2023\/01\/notibras23.png\",\"contentUrl\":\"https:\/\/www.notibras.com\/site\/wp-content\/uploads\/2023\/01\/notibras23.png\",\"width\":350,\"height\":87,\"caption\":\"Grupo Notibras de Comunica\u00e7\u00e3o\"},\"image\":{\"@id\":\"https:\/\/www.notibras.com\/site\/#\/schema\/logo\/image\/\"},\"sameAs\":[\"https:\/\/www.facebook.com\/notibras\/\",\"https:\/\/x.com\/Notibras\",\"https:\/\/www.instagram.com\/notibras\/\"]},{\"@type\":\"Person\",\"@id\":\"https:\/\/www.notibras.com\/site\/#\/schema\/person\/36ab0979449956132d3e5b517ea76ac8\",\"name\":\"Reda\u00e7\u00e3o\",\"image\":{\"@type\":\"ImageObject\",\"inLanguage\":\"pt-BR\",\"@id\":\"https:\/\/secure.gravatar.com\/avatar\/e0a867bdedb85fd243eadf09663511f96fc81e0720a4a42581f334ad4303aa6b?s=96&d=mm&r=g\",\"url\":\"https:\/\/secure.gravatar.com\/avatar\/e0a867bdedb85fd243eadf09663511f96fc81e0720a4a42581f334ad4303aa6b?s=96&d=mm&r=g\",\"contentUrl\":\"https:\/\/secure.gravatar.com\/avatar\/e0a867bdedb85fd243eadf09663511f96fc81e0720a4a42581f334ad4303aa6b?s=96&d=mm&r=g\",\"caption\":\"Reda\u00e7\u00e3o\"}}]}<\/script>\n<!-- \/ Yoast SEO plugin. -->","yoast_head_json":{"title":"Calixto e Matilda se aproximam em meio a briga alheia - Notibras","robots":{"index":"index","follow":"follow","max-snippet":"max-snippet:-1","max-image-preview":"max-image-preview:large","max-video-preview":"max-video-preview:-1"},"canonical":"https:\/\/www.notibras.com\/site\/calixto-e-matilda-se-aproximam-em-meio-a-briga-alheia\/","og_locale":"pt_BR","og_type":"article","og_title":"Calixto e Matilda se aproximam em meio a briga alheia - Notibras","og_description":"Calixto era muito conhecido no bairro, j\u00e1 que h\u00e1 quase duas d\u00e9cadas era o dono de uma das poucas bancas de jornal do local. \u00c9 verdade que havia outras duas ou tr\u00eas, mas nenhuma vendia empadinhas de cabe\u00e7a de camar\u00e3o t\u00e3o saborosas. Uma iguaria \u00e0 parte, vendida por cinco reais ou, n\u00e3o raro, dada como [&hellip;]","og_url":"https:\/\/www.notibras.com\/site\/calixto-e-matilda-se-aproximam-em-meio-a-briga-alheia\/","og_site_name":"Notibras","article_publisher":"https:\/\/www.facebook.com\/notibras\/","article_published_time":"2023-12-26T11:06:41+00:00","og_image":[{"width":1280,"height":914,"url":"https:\/\/www.notibras.com\/site\/wp-content\/uploads\/2023\/12\/calixmati.jpg","type":"image\/jpeg"}],"author":"Reda\u00e7\u00e3o","twitter_card":"summary_large_image","twitter_creator":"@Notibras","twitter_site":"@Notibras","twitter_misc":{"Escrito por":"Reda\u00e7\u00e3o","Est. tempo de leitura":"3 minutos"},"schema":{"@context":"https:\/\/schema.org","@graph":[{"@type":"Article","@id":"https:\/\/www.notibras.com\/site\/calixto-e-matilda-se-aproximam-em-meio-a-briga-alheia\/#article","isPartOf":{"@id":"https:\/\/www.notibras.com\/site\/calixto-e-matilda-se-aproximam-em-meio-a-briga-alheia\/"},"author":{"name":"Reda\u00e7\u00e3o","@id":"https:\/\/www.notibras.com\/site\/#\/schema\/person\/36ab0979449956132d3e5b517ea76ac8"},"headline":"Calixto e Matilda se aproximam em meio a briga alheia","datePublished":"2023-12-26T11:06:41+00:00","mainEntityOfPage":{"@id":"https:\/\/www.notibras.com\/site\/calixto-e-matilda-se-aproximam-em-meio-a-briga-alheia\/"},"wordCount":419,"publisher":{"@id":"https:\/\/www.notibras.com\/site\/#organization"},"image":{"@id":"https:\/\/www.notibras.com\/site\/calixto-e-matilda-se-aproximam-em-meio-a-briga-alheia\/#primaryimage"},"thumbnailUrl":"https:\/\/www.notibras.com\/site\/wp-content\/uploads\/2023\/12\/calixmati.jpg","articleSection":["Quadradinho em Foco"],"inLanguage":"pt-BR"},{"@type":"WebPage","@id":"https:\/\/www.notibras.com\/site\/calixto-e-matilda-se-aproximam-em-meio-a-briga-alheia\/","url":"https:\/\/www.notibras.com\/site\/calixto-e-matilda-se-aproximam-em-meio-a-briga-alheia\/","name":"Calixto e Matilda se aproximam em meio a briga alheia - Notibras","isPartOf":{"@id":"https:\/\/www.notibras.com\/site\/#website"},"primaryImageOfPage":{"@id":"https:\/\/www.notibras.com\/site\/calixto-e-matilda-se-aproximam-em-meio-a-briga-alheia\/#primaryimage"},"image":{"@id":"https:\/\/www.notibras.com\/site\/calixto-e-matilda-se-aproximam-em-meio-a-briga-alheia\/#primaryimage"},"thumbnailUrl":"https:\/\/www.notibras.com\/site\/wp-content\/uploads\/2023\/12\/calixmati.jpg","datePublished":"2023-12-26T11:06:41+00:00","breadcrumb":{"@id":"https:\/\/www.notibras.com\/site\/calixto-e-matilda-se-aproximam-em-meio-a-briga-alheia\/#breadcrumb"},"inLanguage":"pt-BR","potentialAction":[{"@type":"ReadAction","target":["https:\/\/www.notibras.com\/site\/calixto-e-matilda-se-aproximam-em-meio-a-briga-alheia\/"]}]},{"@type":"ImageObject","inLanguage":"pt-BR","@id":"https:\/\/www.notibras.com\/site\/calixto-e-matilda-se-aproximam-em-meio-a-briga-alheia\/#primaryimage","url":"https:\/\/www.notibras.com\/site\/wp-content\/uploads\/2023\/12\/calixmati.jpg","contentUrl":"https:\/\/www.notibras.com\/site\/wp-content\/uploads\/2023\/12\/calixmati.jpg","width":1280,"height":914},{"@type":"BreadcrumbList","@id":"https:\/\/www.notibras.com\/site\/calixto-e-matilda-se-aproximam-em-meio-a-briga-alheia\/#breadcrumb","itemListElement":[{"@type":"ListItem","position":1,"name":"In\u00edcio","item":"https:\/\/www.notibras.com\/site\/"},{"@type":"ListItem","position":2,"name":"Calixto e Matilda se aproximam em meio a briga alheia"}]},{"@type":"WebSite","@id":"https:\/\/www.notibras.com\/site\/#website","url":"https:\/\/www.notibras.com\/site\/","name":"Notibras","description":"Not\u00edcias de Bras\u00edlia, do Brasil e do Mundo","publisher":{"@id":"https:\/\/www.notibras.com\/site\/#organization"},"potentialAction":[{"@type":"SearchAction","target":{"@type":"EntryPoint","urlTemplate":"https:\/\/www.notibras.com\/site\/?s={search_term_string}"},"query-input":{"@type":"PropertyValueSpecification","valueRequired":true,"valueName":"search_term_string"}}],"inLanguage":"pt-BR"},{"@type":"Organization","@id":"https:\/\/www.notibras.com\/site\/#organization","name":"Grupo Notibras de Comunica\u00e7\u00e3o","url":"https:\/\/www.notibras.com\/site\/","logo":{"@type":"ImageObject","inLanguage":"pt-BR","@id":"https:\/\/www.notibras.com\/site\/#\/schema\/logo\/image\/","url":"https:\/\/www.notibras.com\/site\/wp-content\/uploads\/2023\/01\/notibras23.png","contentUrl":"https:\/\/www.notibras.com\/site\/wp-content\/uploads\/2023\/01\/notibras23.png","width":350,"height":87,"caption":"Grupo Notibras de Comunica\u00e7\u00e3o"},"image":{"@id":"https:\/\/www.notibras.com\/site\/#\/schema\/logo\/image\/"},"sameAs":["https:\/\/www.facebook.com\/notibras\/","https:\/\/x.com\/Notibras","https:\/\/www.instagram.com\/notibras\/"]},{"@type":"Person","@id":"https:\/\/www.notibras.com\/site\/#\/schema\/person\/36ab0979449956132d3e5b517ea76ac8","name":"Reda\u00e7\u00e3o","image":{"@type":"ImageObject","inLanguage":"pt-BR","@id":"https:\/\/secure.gravatar.com\/avatar\/e0a867bdedb85fd243eadf09663511f96fc81e0720a4a42581f334ad4303aa6b?s=96&d=mm&r=g","url":"https:\/\/secure.gravatar.com\/avatar\/e0a867bdedb85fd243eadf09663511f96fc81e0720a4a42581f334ad4303aa6b?s=96&d=mm&r=g","contentUrl":"https:\/\/secure.gravatar.com\/avatar\/e0a867bdedb85fd243eadf09663511f96fc81e0720a4a42581f334ad4303aa6b?s=96&d=mm&r=g","caption":"Reda\u00e7\u00e3o"}}]}},"amp_enabled":true,"_links":{"self":[{"href":"https:\/\/www.notibras.com\/site\/wp-json\/wp\/v2\/posts\/319755","targetHints":{"allow":["GET"]}}],"collection":[{"href":"https:\/\/www.notibras.com\/site\/wp-json\/wp\/v2\/posts"}],"about":[{"href":"https:\/\/www.notibras.com\/site\/wp-json\/wp\/v2\/types\/post"}],"author":[{"embeddable":true,"href":"https:\/\/www.notibras.com\/site\/wp-json\/wp\/v2\/users\/2"}],"replies":[{"embeddable":true,"href":"https:\/\/www.notibras.com\/site\/wp-json\/wp\/v2\/comments?post=319755"}],"version-history":[{"count":1,"href":"https:\/\/www.notibras.com\/site\/wp-json\/wp\/v2\/posts\/319755\/revisions"}],"predecessor-version":[{"id":319757,"href":"https:\/\/www.notibras.com\/site\/wp-json\/wp\/v2\/posts\/319755\/revisions\/319757"}],"wp:featuredmedia":[{"embeddable":true,"href":"https:\/\/www.notibras.com\/site\/wp-json\/wp\/v2\/media\/319756"}],"wp:attachment":[{"href":"https:\/\/www.notibras.com\/site\/wp-json\/wp\/v2\/media?parent=319755"}],"wp:term":[{"taxonomy":"category","embeddable":true,"href":"https:\/\/www.notibras.com\/site\/wp-json\/wp\/v2\/categories?post=319755"},{"taxonomy":"post_tag","embeddable":true,"href":"https:\/\/www.notibras.com\/site\/wp-json\/wp\/v2\/tags?post=319755"}],"curies":[{"name":"wp","href":"https:\/\/api.w.org\/{rel}","templated":true}]}}