{"id":319765,"date":"2023-12-27T06:25:52","date_gmt":"2023-12-27T09:25:52","guid":{"rendered":"https:\/\/www.notibras.com\/site\/?p=319765"},"modified":"2023-12-27T07:01:36","modified_gmt":"2023-12-27T10:01:36","slug":"quase-4-mil-aparelhos-sao-bloqueados-em-uma-semana","status":"publish","type":"post","link":"https:\/\/www.notibras.com\/site\/quase-4-mil-aparelhos-sao-bloqueados-em-uma-semana\/","title":{"rendered":"Quase 4 mil aparelhos s\u00e3o bloqueados em uma semana"},"content":{"rendered":"<p>Uma semana ap\u00f3s ser lan\u00e7ado, o programa Celular Seguro, do Minist\u00e9rio da Justi\u00e7a e Seguran\u00e7a P\u00fablica, j\u00e1 resultou no bloqueio de 3.896 aparelhos roubados, furtados, perdidos ou extraviados.<\/p>\n<p>At\u00e9 a ter\u00e7a-feira (26), a ferramenta recebeu 1.658 alertas de usu\u00e1rios v\u00edtimas de roubos. Outros 1.154 alertas foram motivados por furtos; 801 por perdas e 283 por motivos diversos. S\u00f3 no \u00faltimo dia 20, foram 1.113 medidas restritivas.<\/p>\n<p>Em Bras\u00edlia a moda ainda n\u00e3o pegou &#8211; ou os casos s\u00e3o raros. S\u00e3o Paulo \u00e9 a unidade federativa com maior n\u00famero de alertas de bloqueio: 1.011. Em seguida, aparecem o Rio de Janeiro (453); Pernambuco (286); Bahia (272) e Minas Gerais (259).<\/p>\n<p>Disponibilizado no \u00faltimo dia 19, o programa Celular Seguro \u00e9 uma iniciativa federal de combate ao roubo e ao furto de aparelhos celulares e aplicativos digitais no pa\u00eds. Por meio do site e do aplicativo, as v\u00edtimas podem comunicar o crime e pedir o bloqueio imediato dos aparelhos, dos aplicativos banc\u00e1rios e de novos acessos aos dispositivos.<\/p>\n<p>Ainda de acordo com o minist\u00e9rio, 700.697 pessoas acessaram o aplicativo por meio da plataforma gov.br. Destas, apenas 513.098 registraram os n\u00fameros das linhas de telefone que gostariam de bloquear remotamente. Segundo o minist\u00e9rio, \u00e9 poss\u00edvel acessar o aplicativo informando apenas o CPF, deixando de registrar os dados do aparelho.<\/p>\n<p>Cada pessoa que se cadastra no Celular Seguro pode indicar pessoas da sua confian\u00e7a, autorizando-as a efetuar os bloqueios em seu nome. Mais de 467,8 mil pessoas de confian\u00e7a j\u00e1 tinham sido cadastrados at\u00e9 esta tarde. O pr\u00f3prio dono do aparelho cadastrado pode bloque\u00e1-lo acessando o site celularseguro.mj.gov.br, usando um computador seguro. N\u00e3o h\u00e1 limite para o cadastro de n\u00fameros, mas eles precisam estar vinculados ao CPF para que o bloqueio seja efetivado.<\/p>\n<p>N\u00e3o h\u00e1 a op\u00e7\u00e3o de bloqueio tempor\u00e1rio. Caso o aparelho seja recuperado, o usu\u00e1rio ter\u00e1 que entrar em contato com a operadora de telefonia e com os demais parceiros do Projeto Celular Seguro, como bancos e aplicativos, para reativar seus acessos.<\/p>\n","protected":false},"excerpt":{"rendered":"<p>Uma semana ap\u00f3s ser lan\u00e7ado, o programa Celular Seguro, do Minist\u00e9rio da Justi\u00e7a e Seguran\u00e7a P\u00fablica, j\u00e1 resultou no bloqueio de 3.896 aparelhos roubados, furtados, perdidos ou extraviados. At\u00e9 a ter\u00e7a-feira (26), a ferramenta recebeu 1.658 alertas de usu\u00e1rios v\u00edtimas de roubos. Outros 1.154 alertas foram motivados por furtos; 801 por perdas e 283 por [&hellip;]<\/p>\n","protected":false},"author":2,"featured_media":319766,"comment_status":"closed","ping_status":"closed","sticky":false,"template":"","format":"standard","meta":{"_acf_changed":false,"footnotes":""},"categories":[161],"tags":[95],"class_list":["post-319765","post","type-post","status-publish","format-standard","has-post-thumbnail","hentry","category-quadradinho-em-foco","tag-capa"],"acf":[],"yoast_head":"<!-- This site is optimized with the Yoast SEO plugin v27.2 - https:\/\/yoast.com\/product\/yoast-seo-wordpress\/ -->\n<title>Quase 4 mil aparelhos s\u00e3o bloqueados em uma semana - Notibras<\/title>\n<meta name=\"robots\" content=\"index, follow, max-snippet:-1, max-image-preview:large, max-video-preview:-1\" \/>\n<link rel=\"canonical\" href=\"https:\/\/www.notibras.com\/site\/quase-4-mil-aparelhos-sao-bloqueados-em-uma-semana\/\" \/>\n<meta property=\"og:locale\" content=\"pt_BR\" \/>\n<meta property=\"og:type\" content=\"article\" \/>\n<meta property=\"og:title\" content=\"Quase 4 mil aparelhos s\u00e3o bloqueados em uma semana - Notibras\" \/>\n<meta property=\"og:description\" content=\"Uma semana ap\u00f3s ser lan\u00e7ado, o programa Celular Seguro, do Minist\u00e9rio da Justi\u00e7a e Seguran\u00e7a P\u00fablica, j\u00e1 resultou no bloqueio de 3.896 aparelhos roubados, furtados, perdidos ou extraviados. At\u00e9 a ter\u00e7a-feira (26), a ferramenta recebeu 1.658 alertas de usu\u00e1rios v\u00edtimas de roubos. Outros 1.154 alertas foram motivados por furtos; 801 por perdas e 283 por [&hellip;]\" \/>\n<meta property=\"og:url\" content=\"https:\/\/www.notibras.com\/site\/quase-4-mil-aparelhos-sao-bloqueados-em-uma-semana\/\" \/>\n<meta property=\"og:site_name\" content=\"Notibras\" \/>\n<meta property=\"article:publisher\" content=\"https:\/\/www.facebook.com\/notibras\/\" \/>\n<meta property=\"article:published_time\" content=\"2023-12-27T09:25:52+00:00\" \/>\n<meta property=\"article:modified_time\" content=\"2023-12-27T10:01:36+00:00\" \/>\n<meta property=\"og:image\" content=\"https:\/\/www.notibras.com\/site\/wp-content\/uploads\/2023\/12\/celseg.webp\" \/>\n\t<meta property=\"og:image:width\" content=\"1170\" \/>\n\t<meta property=\"og:image:height\" content=\"700\" \/>\n\t<meta property=\"og:image:type\" content=\"image\/webp\" \/>\n<meta name=\"author\" content=\"Reda\u00e7\u00e3o\" \/>\n<meta name=\"twitter:card\" content=\"summary_large_image\" \/>\n<meta name=\"twitter:creator\" content=\"@Notibras\" \/>\n<meta name=\"twitter:site\" content=\"@Notibras\" \/>\n<meta name=\"twitter:label1\" content=\"Escrito por\" \/>\n\t<meta name=\"twitter:data1\" content=\"Reda\u00e7\u00e3o\" \/>\n\t<meta name=\"twitter:label2\" content=\"Est. tempo de leitura\" \/>\n\t<meta name=\"twitter:data2\" content=\"2 minutos\" \/>\n<script type=\"application\/ld+json\" class=\"yoast-schema-graph\">{\"@context\":\"https:\/\/schema.org\",\"@graph\":[{\"@type\":\"Article\",\"@id\":\"https:\/\/www.notibras.com\/site\/quase-4-mil-aparelhos-sao-bloqueados-em-uma-semana\/#article\",\"isPartOf\":{\"@id\":\"https:\/\/www.notibras.com\/site\/quase-4-mil-aparelhos-sao-bloqueados-em-uma-semana\/\"},\"author\":{\"name\":\"Reda\u00e7\u00e3o\",\"@id\":\"https:\/\/www.notibras.com\/site\/#\/schema\/person\/36ab0979449956132d3e5b517ea76ac8\"},\"headline\":\"Quase 4 mil aparelhos s\u00e3o bloqueados em uma semana\",\"datePublished\":\"2023-12-27T09:25:52+00:00\",\"dateModified\":\"2023-12-27T10:01:36+00:00\",\"mainEntityOfPage\":{\"@id\":\"https:\/\/www.notibras.com\/site\/quase-4-mil-aparelhos-sao-bloqueados-em-uma-semana\/\"},\"wordCount\":354,\"publisher\":{\"@id\":\"https:\/\/www.notibras.com\/site\/#organization\"},\"image\":{\"@id\":\"https:\/\/www.notibras.com\/site\/quase-4-mil-aparelhos-sao-bloqueados-em-uma-semana\/#primaryimage\"},\"thumbnailUrl\":\"https:\/\/www.notibras.com\/site\/wp-content\/uploads\/2023\/12\/celseg.webp\",\"keywords\":[\"capa\"],\"articleSection\":[\"Quadradinho em Foco\"],\"inLanguage\":\"pt-BR\"},{\"@type\":\"WebPage\",\"@id\":\"https:\/\/www.notibras.com\/site\/quase-4-mil-aparelhos-sao-bloqueados-em-uma-semana\/\",\"url\":\"https:\/\/www.notibras.com\/site\/quase-4-mil-aparelhos-sao-bloqueados-em-uma-semana\/\",\"name\":\"Quase 4 mil aparelhos s\u00e3o bloqueados em uma semana - Notibras\",\"isPartOf\":{\"@id\":\"https:\/\/www.notibras.com\/site\/#website\"},\"primaryImageOfPage\":{\"@id\":\"https:\/\/www.notibras.com\/site\/quase-4-mil-aparelhos-sao-bloqueados-em-uma-semana\/#primaryimage\"},\"image\":{\"@id\":\"https:\/\/www.notibras.com\/site\/quase-4-mil-aparelhos-sao-bloqueados-em-uma-semana\/#primaryimage\"},\"thumbnailUrl\":\"https:\/\/www.notibras.com\/site\/wp-content\/uploads\/2023\/12\/celseg.webp\",\"datePublished\":\"2023-12-27T09:25:52+00:00\",\"dateModified\":\"2023-12-27T10:01:36+00:00\",\"breadcrumb\":{\"@id\":\"https:\/\/www.notibras.com\/site\/quase-4-mil-aparelhos-sao-bloqueados-em-uma-semana\/#breadcrumb\"},\"inLanguage\":\"pt-BR\",\"potentialAction\":[{\"@type\":\"ReadAction\",\"target\":[\"https:\/\/www.notibras.com\/site\/quase-4-mil-aparelhos-sao-bloqueados-em-uma-semana\/\"]}]},{\"@type\":\"ImageObject\",\"inLanguage\":\"pt-BR\",\"@id\":\"https:\/\/www.notibras.com\/site\/quase-4-mil-aparelhos-sao-bloqueados-em-uma-semana\/#primaryimage\",\"url\":\"https:\/\/www.notibras.com\/site\/wp-content\/uploads\/2023\/12\/celseg.webp\",\"contentUrl\":\"https:\/\/www.notibras.com\/site\/wp-content\/uploads\/2023\/12\/celseg.webp\",\"width\":1170,\"height\":700},{\"@type\":\"BreadcrumbList\",\"@id\":\"https:\/\/www.notibras.com\/site\/quase-4-mil-aparelhos-sao-bloqueados-em-uma-semana\/#breadcrumb\",\"itemListElement\":[{\"@type\":\"ListItem\",\"position\":1,\"name\":\"In\u00edcio\",\"item\":\"https:\/\/www.notibras.com\/site\/\"},{\"@type\":\"ListItem\",\"position\":2,\"name\":\"Quase 4 mil aparelhos s\u00e3o bloqueados em uma semana\"}]},{\"@type\":\"WebSite\",\"@id\":\"https:\/\/www.notibras.com\/site\/#website\",\"url\":\"https:\/\/www.notibras.com\/site\/\",\"name\":\"Notibras\",\"description\":\"Not\u00edcias de Bras\u00edlia, do Brasil e do Mundo\",\"publisher\":{\"@id\":\"https:\/\/www.notibras.com\/site\/#organization\"},\"potentialAction\":[{\"@type\":\"SearchAction\",\"target\":{\"@type\":\"EntryPoint\",\"urlTemplate\":\"https:\/\/www.notibras.com\/site\/?s={search_term_string}\"},\"query-input\":{\"@type\":\"PropertyValueSpecification\",\"valueRequired\":true,\"valueName\":\"search_term_string\"}}],\"inLanguage\":\"pt-BR\"},{\"@type\":\"Organization\",\"@id\":\"https:\/\/www.notibras.com\/site\/#organization\",\"name\":\"Grupo Notibras de Comunica\u00e7\u00e3o\",\"url\":\"https:\/\/www.notibras.com\/site\/\",\"logo\":{\"@type\":\"ImageObject\",\"inLanguage\":\"pt-BR\",\"@id\":\"https:\/\/www.notibras.com\/site\/#\/schema\/logo\/image\/\",\"url\":\"https:\/\/www.notibras.com\/site\/wp-content\/uploads\/2023\/01\/notibras23.png\",\"contentUrl\":\"https:\/\/www.notibras.com\/site\/wp-content\/uploads\/2023\/01\/notibras23.png\",\"width\":350,\"height\":87,\"caption\":\"Grupo Notibras de Comunica\u00e7\u00e3o\"},\"image\":{\"@id\":\"https:\/\/www.notibras.com\/site\/#\/schema\/logo\/image\/\"},\"sameAs\":[\"https:\/\/www.facebook.com\/notibras\/\",\"https:\/\/x.com\/Notibras\",\"https:\/\/www.instagram.com\/notibras\/\"]},{\"@type\":\"Person\",\"@id\":\"https:\/\/www.notibras.com\/site\/#\/schema\/person\/36ab0979449956132d3e5b517ea76ac8\",\"name\":\"Reda\u00e7\u00e3o\",\"image\":{\"@type\":\"ImageObject\",\"inLanguage\":\"pt-BR\",\"@id\":\"https:\/\/secure.gravatar.com\/avatar\/e0a867bdedb85fd243eadf09663511f96fc81e0720a4a42581f334ad4303aa6b?s=96&d=mm&r=g\",\"url\":\"https:\/\/secure.gravatar.com\/avatar\/e0a867bdedb85fd243eadf09663511f96fc81e0720a4a42581f334ad4303aa6b?s=96&d=mm&r=g\",\"contentUrl\":\"https:\/\/secure.gravatar.com\/avatar\/e0a867bdedb85fd243eadf09663511f96fc81e0720a4a42581f334ad4303aa6b?s=96&d=mm&r=g\",\"caption\":\"Reda\u00e7\u00e3o\"}}]}<\/script>\n<!-- \/ Yoast SEO plugin. -->","yoast_head_json":{"title":"Quase 4 mil aparelhos s\u00e3o bloqueados em uma semana - Notibras","robots":{"index":"index","follow":"follow","max-snippet":"max-snippet:-1","max-image-preview":"max-image-preview:large","max-video-preview":"max-video-preview:-1"},"canonical":"https:\/\/www.notibras.com\/site\/quase-4-mil-aparelhos-sao-bloqueados-em-uma-semana\/","og_locale":"pt_BR","og_type":"article","og_title":"Quase 4 mil aparelhos s\u00e3o bloqueados em uma semana - Notibras","og_description":"Uma semana ap\u00f3s ser lan\u00e7ado, o programa Celular Seguro, do Minist\u00e9rio da Justi\u00e7a e Seguran\u00e7a P\u00fablica, j\u00e1 resultou no bloqueio de 3.896 aparelhos roubados, furtados, perdidos ou extraviados. At\u00e9 a ter\u00e7a-feira (26), a ferramenta recebeu 1.658 alertas de usu\u00e1rios v\u00edtimas de roubos. Outros 1.154 alertas foram motivados por furtos; 801 por perdas e 283 por [&hellip;]","og_url":"https:\/\/www.notibras.com\/site\/quase-4-mil-aparelhos-sao-bloqueados-em-uma-semana\/","og_site_name":"Notibras","article_publisher":"https:\/\/www.facebook.com\/notibras\/","article_published_time":"2023-12-27T09:25:52+00:00","article_modified_time":"2023-12-27T10:01:36+00:00","og_image":[{"width":1170,"height":700,"url":"https:\/\/www.notibras.com\/site\/wp-content\/uploads\/2023\/12\/celseg.webp","type":"image\/webp"}],"author":"Reda\u00e7\u00e3o","twitter_card":"summary_large_image","twitter_creator":"@Notibras","twitter_site":"@Notibras","twitter_misc":{"Escrito por":"Reda\u00e7\u00e3o","Est. tempo de leitura":"2 minutos"},"schema":{"@context":"https:\/\/schema.org","@graph":[{"@type":"Article","@id":"https:\/\/www.notibras.com\/site\/quase-4-mil-aparelhos-sao-bloqueados-em-uma-semana\/#article","isPartOf":{"@id":"https:\/\/www.notibras.com\/site\/quase-4-mil-aparelhos-sao-bloqueados-em-uma-semana\/"},"author":{"name":"Reda\u00e7\u00e3o","@id":"https:\/\/www.notibras.com\/site\/#\/schema\/person\/36ab0979449956132d3e5b517ea76ac8"},"headline":"Quase 4 mil aparelhos s\u00e3o bloqueados em uma semana","datePublished":"2023-12-27T09:25:52+00:00","dateModified":"2023-12-27T10:01:36+00:00","mainEntityOfPage":{"@id":"https:\/\/www.notibras.com\/site\/quase-4-mil-aparelhos-sao-bloqueados-em-uma-semana\/"},"wordCount":354,"publisher":{"@id":"https:\/\/www.notibras.com\/site\/#organization"},"image":{"@id":"https:\/\/www.notibras.com\/site\/quase-4-mil-aparelhos-sao-bloqueados-em-uma-semana\/#primaryimage"},"thumbnailUrl":"https:\/\/www.notibras.com\/site\/wp-content\/uploads\/2023\/12\/celseg.webp","keywords":["capa"],"articleSection":["Quadradinho em Foco"],"inLanguage":"pt-BR"},{"@type":"WebPage","@id":"https:\/\/www.notibras.com\/site\/quase-4-mil-aparelhos-sao-bloqueados-em-uma-semana\/","url":"https:\/\/www.notibras.com\/site\/quase-4-mil-aparelhos-sao-bloqueados-em-uma-semana\/","name":"Quase 4 mil aparelhos s\u00e3o bloqueados em uma semana - Notibras","isPartOf":{"@id":"https:\/\/www.notibras.com\/site\/#website"},"primaryImageOfPage":{"@id":"https:\/\/www.notibras.com\/site\/quase-4-mil-aparelhos-sao-bloqueados-em-uma-semana\/#primaryimage"},"image":{"@id":"https:\/\/www.notibras.com\/site\/quase-4-mil-aparelhos-sao-bloqueados-em-uma-semana\/#primaryimage"},"thumbnailUrl":"https:\/\/www.notibras.com\/site\/wp-content\/uploads\/2023\/12\/celseg.webp","datePublished":"2023-12-27T09:25:52+00:00","dateModified":"2023-12-27T10:01:36+00:00","breadcrumb":{"@id":"https:\/\/www.notibras.com\/site\/quase-4-mil-aparelhos-sao-bloqueados-em-uma-semana\/#breadcrumb"},"inLanguage":"pt-BR","potentialAction":[{"@type":"ReadAction","target":["https:\/\/www.notibras.com\/site\/quase-4-mil-aparelhos-sao-bloqueados-em-uma-semana\/"]}]},{"@type":"ImageObject","inLanguage":"pt-BR","@id":"https:\/\/www.notibras.com\/site\/quase-4-mil-aparelhos-sao-bloqueados-em-uma-semana\/#primaryimage","url":"https:\/\/www.notibras.com\/site\/wp-content\/uploads\/2023\/12\/celseg.webp","contentUrl":"https:\/\/www.notibras.com\/site\/wp-content\/uploads\/2023\/12\/celseg.webp","width":1170,"height":700},{"@type":"BreadcrumbList","@id":"https:\/\/www.notibras.com\/site\/quase-4-mil-aparelhos-sao-bloqueados-em-uma-semana\/#breadcrumb","itemListElement":[{"@type":"ListItem","position":1,"name":"In\u00edcio","item":"https:\/\/www.notibras.com\/site\/"},{"@type":"ListItem","position":2,"name":"Quase 4 mil aparelhos s\u00e3o bloqueados em uma semana"}]},{"@type":"WebSite","@id":"https:\/\/www.notibras.com\/site\/#website","url":"https:\/\/www.notibras.com\/site\/","name":"Notibras","description":"Not\u00edcias de Bras\u00edlia, do Brasil e do Mundo","publisher":{"@id":"https:\/\/www.notibras.com\/site\/#organization"},"potentialAction":[{"@type":"SearchAction","target":{"@type":"EntryPoint","urlTemplate":"https:\/\/www.notibras.com\/site\/?s={search_term_string}"},"query-input":{"@type":"PropertyValueSpecification","valueRequired":true,"valueName":"search_term_string"}}],"inLanguage":"pt-BR"},{"@type":"Organization","@id":"https:\/\/www.notibras.com\/site\/#organization","name":"Grupo Notibras de Comunica\u00e7\u00e3o","url":"https:\/\/www.notibras.com\/site\/","logo":{"@type":"ImageObject","inLanguage":"pt-BR","@id":"https:\/\/www.notibras.com\/site\/#\/schema\/logo\/image\/","url":"https:\/\/www.notibras.com\/site\/wp-content\/uploads\/2023\/01\/notibras23.png","contentUrl":"https:\/\/www.notibras.com\/site\/wp-content\/uploads\/2023\/01\/notibras23.png","width":350,"height":87,"caption":"Grupo Notibras de Comunica\u00e7\u00e3o"},"image":{"@id":"https:\/\/www.notibras.com\/site\/#\/schema\/logo\/image\/"},"sameAs":["https:\/\/www.facebook.com\/notibras\/","https:\/\/x.com\/Notibras","https:\/\/www.instagram.com\/notibras\/"]},{"@type":"Person","@id":"https:\/\/www.notibras.com\/site\/#\/schema\/person\/36ab0979449956132d3e5b517ea76ac8","name":"Reda\u00e7\u00e3o","image":{"@type":"ImageObject","inLanguage":"pt-BR","@id":"https:\/\/secure.gravatar.com\/avatar\/e0a867bdedb85fd243eadf09663511f96fc81e0720a4a42581f334ad4303aa6b?s=96&d=mm&r=g","url":"https:\/\/secure.gravatar.com\/avatar\/e0a867bdedb85fd243eadf09663511f96fc81e0720a4a42581f334ad4303aa6b?s=96&d=mm&r=g","contentUrl":"https:\/\/secure.gravatar.com\/avatar\/e0a867bdedb85fd243eadf09663511f96fc81e0720a4a42581f334ad4303aa6b?s=96&d=mm&r=g","caption":"Reda\u00e7\u00e3o"}}]}},"amp_enabled":true,"_links":{"self":[{"href":"https:\/\/www.notibras.com\/site\/wp-json\/wp\/v2\/posts\/319765","targetHints":{"allow":["GET"]}}],"collection":[{"href":"https:\/\/www.notibras.com\/site\/wp-json\/wp\/v2\/posts"}],"about":[{"href":"https:\/\/www.notibras.com\/site\/wp-json\/wp\/v2\/types\/post"}],"author":[{"embeddable":true,"href":"https:\/\/www.notibras.com\/site\/wp-json\/wp\/v2\/users\/2"}],"replies":[{"embeddable":true,"href":"https:\/\/www.notibras.com\/site\/wp-json\/wp\/v2\/comments?post=319765"}],"version-history":[{"count":1,"href":"https:\/\/www.notibras.com\/site\/wp-json\/wp\/v2\/posts\/319765\/revisions"}],"predecessor-version":[{"id":319767,"href":"https:\/\/www.notibras.com\/site\/wp-json\/wp\/v2\/posts\/319765\/revisions\/319767"}],"wp:featuredmedia":[{"embeddable":true,"href":"https:\/\/www.notibras.com\/site\/wp-json\/wp\/v2\/media\/319766"}],"wp:attachment":[{"href":"https:\/\/www.notibras.com\/site\/wp-json\/wp\/v2\/media?parent=319765"}],"wp:term":[{"taxonomy":"category","embeddable":true,"href":"https:\/\/www.notibras.com\/site\/wp-json\/wp\/v2\/categories?post=319765"},{"taxonomy":"post_tag","embeddable":true,"href":"https:\/\/www.notibras.com\/site\/wp-json\/wp\/v2\/tags?post=319765"}],"curies":[{"name":"wp","href":"https:\/\/api.w.org\/{rel}","templated":true}]}}