{"id":319771,"date":"2023-12-27T06:05:34","date_gmt":"2023-12-27T09:05:34","guid":{"rendered":"https:\/\/www.notibras.com\/site\/?p=319771"},"modified":"2023-12-27T07:28:45","modified_gmt":"2023-12-27T10:28:45","slug":"governo-vai-marcar-com-festa-contragolpe-no-terror-dos-golpistas","status":"publish","type":"post","link":"https:\/\/www.notibras.com\/site\/governo-vai-marcar-com-festa-contragolpe-no-terror-dos-golpistas\/","title":{"rendered":"Governo vai marcar com festa contragolpe no terror dos golpistas"},"content":{"rendered":"<p>Autoridades da \u00e1rea de seguran\u00e7a dos Tr\u00eas Poderes apresentar\u00e3o, at\u00e9 o dia 4 de janeiro, um plano integrado de a\u00e7\u00f5es visando garantir o ato democr\u00e1tico previsto para o dia 8 de janeiro de 2024. O evento foi proposto pelo presidente Luiz In\u00e1cio Lula da Silva para marcar a vit\u00f3ria da democracia contra a tentativa fracassada de golpe de Estado ocorrida na mesma data, um ano antes, por apoiadores do ex-presidente Jair Bolsonaro, insatisfeitos com o resultado das elei\u00e7\u00f5es de 2022.<\/p>\n<p>Para viabilizar a integra\u00e7\u00e3o de for\u00e7as e a troca de informa\u00e7\u00f5es para o evento, o secret\u00e1rio-executivo do Minist\u00e9rio da Justi\u00e7a, Ricardo Cappelli, se reuniu com representantes das pol\u00edcias Federal e Rodovi\u00e1ria Federal, bem como do Gabinete de Seguran\u00e7a Institucional (GSI), da Secretaria Nacional de Seguran\u00e7a P\u00fablica e de chefes de seguran\u00e7a do Senado, da C\u00e2mara e do Supremo Tribunal Federal (STF).<\/p>\n<p>\u201cNa quinta-feira da semana que vem (dia 4 de janeiro), a gente assina um plano de a\u00e7\u00f5es integradas, definindo o que cada um far\u00e1\u201d, disse Cappelli ao deixar o Centro Integrado de opera\u00e7\u00f5es da Secretaria de Seguran\u00e7a P\u00fablica do Distrito Federal.<\/p>\n<p>Segundo o secret\u00e1rio-executivo, o evento \u2013 que contar\u00e1 com a presen\u00e7a dos presidentes dos Tr\u00eas Poderes, bem como de governadores, parlamentares, representantes da sociedade civil, ministros e presidentes de tribunais de justi\u00e7a estaduais e de assembleias legislativas, ser\u00e1 \u201cum ato de celebra\u00e7\u00e3o democr\u00e1tica, com todas as autoridades do Brasil; e um momento de festa para celebrar a democracia revigorada ap\u00f3s os atos inaceit\u00e1veis do dia 8 de janeiro de 2023\u201d.<\/p>\n<p><strong>Monitoramento<\/strong><br \/>\nPara que tudo d\u00ea certo, Cappelli diz que um trabalho para monitorar \u201camea\u00e7as de ataques \u00e0s institui\u00e7\u00f5es democr\u00e1ticas\u201d vem sendo feito, mas que, at\u00e9 o momento, n\u00e3o h\u00e1 nada que gere maior preocupa\u00e7\u00e3o. \u201cMas o trabalho [preventivo, de prontid\u00e3o e de monitoramento] \u00e9 fundamental para que tudo corra bem\u201d, complementou<\/p>\n<p>O secret\u00e1rio reiterou que manifesta\u00e7\u00f5es contr\u00e1rias ou a favor do governo s\u00e3o \u201csempre bem-vindas e absolutamente naturais\u201d, uma vez que o Brasil \u00e9 um pa\u00eds livre e democr\u00e1tico, mas que PRF e Ag\u00eancia Nacional de Transportes Terrestres (ANTT) estar\u00e3o, at\u00e9 o dia 8, monitorando \u201cqualquer movimenta\u00e7\u00e3o at\u00edpica relacionada a atos que ameacem os poderes\u201d.<\/p>\n<p>\u201cVolto a dizer: o Brasil \u00e9 um pa\u00eds livre democr\u00e1tico. As manifesta\u00e7\u00f5es s\u00e3o sempre bem-vindas e pr\u00f3prias da democracia. O que vamos monitorar s\u00e3o iniciativas que atentem contra os poderes constitu\u00eddos\u201d, enfatizou o secret\u00e1rio.<\/p>\n","protected":false},"excerpt":{"rendered":"<p>Autoridades da \u00e1rea de seguran\u00e7a dos Tr\u00eas Poderes apresentar\u00e3o, at\u00e9 o dia 4 de janeiro, um plano integrado de a\u00e7\u00f5es visando garantir o ato democr\u00e1tico previsto para o dia 8 de janeiro de 2024. O evento foi proposto pelo presidente Luiz In\u00e1cio Lula da Silva para marcar a vit\u00f3ria da democracia contra a tentativa fracassada [&hellip;]<\/p>\n","protected":false},"author":2,"featured_media":299830,"comment_status":"closed","ping_status":"closed","sticky":false,"template":"","format":"standard","meta":{"_acf_changed":false,"footnotes":""},"categories":[161],"tags":[95],"class_list":["post-319771","post","type-post","status-publish","format-standard","has-post-thumbnail","hentry","category-quadradinho-em-foco","tag-capa"],"acf":[],"yoast_head":"<!-- This site is optimized with the Yoast SEO plugin v27.2 - https:\/\/yoast.com\/product\/yoast-seo-wordpress\/ -->\n<title>Governo vai marcar com festa contragolpe no terror dos golpistas - Notibras<\/title>\n<meta name=\"robots\" content=\"index, follow, max-snippet:-1, max-image-preview:large, max-video-preview:-1\" \/>\n<link rel=\"canonical\" href=\"https:\/\/www.notibras.com\/site\/governo-vai-marcar-com-festa-contragolpe-no-terror-dos-golpistas\/\" \/>\n<meta property=\"og:locale\" content=\"pt_BR\" \/>\n<meta property=\"og:type\" content=\"article\" \/>\n<meta property=\"og:title\" content=\"Governo vai marcar com festa contragolpe no terror dos golpistas - Notibras\" \/>\n<meta property=\"og:description\" content=\"Autoridades da \u00e1rea de seguran\u00e7a dos Tr\u00eas Poderes apresentar\u00e3o, at\u00e9 o dia 4 de janeiro, um plano integrado de a\u00e7\u00f5es visando garantir o ato democr\u00e1tico previsto para o dia 8 de janeiro de 2024. O evento foi proposto pelo presidente Luiz In\u00e1cio Lula da Silva para marcar a vit\u00f3ria da democracia contra a tentativa fracassada [&hellip;]\" \/>\n<meta property=\"og:url\" content=\"https:\/\/www.notibras.com\/site\/governo-vai-marcar-com-festa-contragolpe-no-terror-dos-golpistas\/\" \/>\n<meta property=\"og:site_name\" content=\"Notibras\" \/>\n<meta property=\"article:publisher\" content=\"https:\/\/www.facebook.com\/notibras\/\" \/>\n<meta property=\"article:published_time\" content=\"2023-12-27T09:05:34+00:00\" \/>\n<meta property=\"article:modified_time\" content=\"2023-12-27T10:28:45+00:00\" \/>\n<meta property=\"og:image\" content=\"https:\/\/www.notibras.com\/site\/wp-content\/uploads\/2023\/02\/ja_9568_0.jpg\" \/>\n\t<meta property=\"og:image:width\" content=\"770\" \/>\n\t<meta property=\"og:image:height\" content=\"513\" \/>\n\t<meta property=\"og:image:type\" content=\"image\/jpeg\" \/>\n<meta name=\"author\" content=\"Reda\u00e7\u00e3o\" \/>\n<meta name=\"twitter:card\" content=\"summary_large_image\" \/>\n<meta name=\"twitter:creator\" content=\"@Notibras\" \/>\n<meta name=\"twitter:site\" content=\"@Notibras\" \/>\n<meta name=\"twitter:label1\" content=\"Escrito por\" \/>\n\t<meta name=\"twitter:data1\" content=\"Reda\u00e7\u00e3o\" \/>\n\t<meta name=\"twitter:label2\" content=\"Est. tempo de leitura\" \/>\n\t<meta name=\"twitter:data2\" content=\"3 minutos\" \/>\n<script type=\"application\/ld+json\" class=\"yoast-schema-graph\">{\"@context\":\"https:\/\/schema.org\",\"@graph\":[{\"@type\":\"Article\",\"@id\":\"https:\/\/www.notibras.com\/site\/governo-vai-marcar-com-festa-contragolpe-no-terror-dos-golpistas\/#article\",\"isPartOf\":{\"@id\":\"https:\/\/www.notibras.com\/site\/governo-vai-marcar-com-festa-contragolpe-no-terror-dos-golpistas\/\"},\"author\":{\"name\":\"Reda\u00e7\u00e3o\",\"@id\":\"https:\/\/www.notibras.com\/site\/#\/schema\/person\/36ab0979449956132d3e5b517ea76ac8\"},\"headline\":\"Governo vai marcar com festa contragolpe no terror dos golpistas\",\"datePublished\":\"2023-12-27T09:05:34+00:00\",\"dateModified\":\"2023-12-27T10:28:45+00:00\",\"mainEntityOfPage\":{\"@id\":\"https:\/\/www.notibras.com\/site\/governo-vai-marcar-com-festa-contragolpe-no-terror-dos-golpistas\/\"},\"wordCount\":446,\"publisher\":{\"@id\":\"https:\/\/www.notibras.com\/site\/#organization\"},\"image\":{\"@id\":\"https:\/\/www.notibras.com\/site\/governo-vai-marcar-com-festa-contragolpe-no-terror-dos-golpistas\/#primaryimage\"},\"thumbnailUrl\":\"https:\/\/www.notibras.com\/site\/wp-content\/uploads\/2023\/02\/ja_9568_0.jpg\",\"keywords\":[\"capa\"],\"articleSection\":[\"Quadradinho em Foco\"],\"inLanguage\":\"pt-BR\"},{\"@type\":\"WebPage\",\"@id\":\"https:\/\/www.notibras.com\/site\/governo-vai-marcar-com-festa-contragolpe-no-terror-dos-golpistas\/\",\"url\":\"https:\/\/www.notibras.com\/site\/governo-vai-marcar-com-festa-contragolpe-no-terror-dos-golpistas\/\",\"name\":\"Governo vai marcar com festa contragolpe no terror dos golpistas - Notibras\",\"isPartOf\":{\"@id\":\"https:\/\/www.notibras.com\/site\/#website\"},\"primaryImageOfPage\":{\"@id\":\"https:\/\/www.notibras.com\/site\/governo-vai-marcar-com-festa-contragolpe-no-terror-dos-golpistas\/#primaryimage\"},\"image\":{\"@id\":\"https:\/\/www.notibras.com\/site\/governo-vai-marcar-com-festa-contragolpe-no-terror-dos-golpistas\/#primaryimage\"},\"thumbnailUrl\":\"https:\/\/www.notibras.com\/site\/wp-content\/uploads\/2023\/02\/ja_9568_0.jpg\",\"datePublished\":\"2023-12-27T09:05:34+00:00\",\"dateModified\":\"2023-12-27T10:28:45+00:00\",\"breadcrumb\":{\"@id\":\"https:\/\/www.notibras.com\/site\/governo-vai-marcar-com-festa-contragolpe-no-terror-dos-golpistas\/#breadcrumb\"},\"inLanguage\":\"pt-BR\",\"potentialAction\":[{\"@type\":\"ReadAction\",\"target\":[\"https:\/\/www.notibras.com\/site\/governo-vai-marcar-com-festa-contragolpe-no-terror-dos-golpistas\/\"]}]},{\"@type\":\"ImageObject\",\"inLanguage\":\"pt-BR\",\"@id\":\"https:\/\/www.notibras.com\/site\/governo-vai-marcar-com-festa-contragolpe-no-terror-dos-golpistas\/#primaryimage\",\"url\":\"https:\/\/www.notibras.com\/site\/wp-content\/uploads\/2023\/02\/ja_9568_0.jpg\",\"contentUrl\":\"https:\/\/www.notibras.com\/site\/wp-content\/uploads\/2023\/02\/ja_9568_0.jpg\",\"width\":770,\"height\":513,\"caption\":\"Mat\u00e9ria especial um m\u00eas dos atentados golpistas\"},{\"@type\":\"BreadcrumbList\",\"@id\":\"https:\/\/www.notibras.com\/site\/governo-vai-marcar-com-festa-contragolpe-no-terror-dos-golpistas\/#breadcrumb\",\"itemListElement\":[{\"@type\":\"ListItem\",\"position\":1,\"name\":\"In\u00edcio\",\"item\":\"https:\/\/www.notibras.com\/site\/\"},{\"@type\":\"ListItem\",\"position\":2,\"name\":\"Governo vai marcar com festa contragolpe no terror dos golpistas\"}]},{\"@type\":\"WebSite\",\"@id\":\"https:\/\/www.notibras.com\/site\/#website\",\"url\":\"https:\/\/www.notibras.com\/site\/\",\"name\":\"Notibras\",\"description\":\"Not\u00edcias de Bras\u00edlia, do Brasil e do Mundo\",\"publisher\":{\"@id\":\"https:\/\/www.notibras.com\/site\/#organization\"},\"potentialAction\":[{\"@type\":\"SearchAction\",\"target\":{\"@type\":\"EntryPoint\",\"urlTemplate\":\"https:\/\/www.notibras.com\/site\/?s={search_term_string}\"},\"query-input\":{\"@type\":\"PropertyValueSpecification\",\"valueRequired\":true,\"valueName\":\"search_term_string\"}}],\"inLanguage\":\"pt-BR\"},{\"@type\":\"Organization\",\"@id\":\"https:\/\/www.notibras.com\/site\/#organization\",\"name\":\"Grupo Notibras de Comunica\u00e7\u00e3o\",\"url\":\"https:\/\/www.notibras.com\/site\/\",\"logo\":{\"@type\":\"ImageObject\",\"inLanguage\":\"pt-BR\",\"@id\":\"https:\/\/www.notibras.com\/site\/#\/schema\/logo\/image\/\",\"url\":\"https:\/\/www.notibras.com\/site\/wp-content\/uploads\/2023\/01\/notibras23.png\",\"contentUrl\":\"https:\/\/www.notibras.com\/site\/wp-content\/uploads\/2023\/01\/notibras23.png\",\"width\":350,\"height\":87,\"caption\":\"Grupo Notibras de Comunica\u00e7\u00e3o\"},\"image\":{\"@id\":\"https:\/\/www.notibras.com\/site\/#\/schema\/logo\/image\/\"},\"sameAs\":[\"https:\/\/www.facebook.com\/notibras\/\",\"https:\/\/x.com\/Notibras\",\"https:\/\/www.instagram.com\/notibras\/\"]},{\"@type\":\"Person\",\"@id\":\"https:\/\/www.notibras.com\/site\/#\/schema\/person\/36ab0979449956132d3e5b517ea76ac8\",\"name\":\"Reda\u00e7\u00e3o\",\"image\":{\"@type\":\"ImageObject\",\"inLanguage\":\"pt-BR\",\"@id\":\"https:\/\/secure.gravatar.com\/avatar\/e0a867bdedb85fd243eadf09663511f96fc81e0720a4a42581f334ad4303aa6b?s=96&d=mm&r=g\",\"url\":\"https:\/\/secure.gravatar.com\/avatar\/e0a867bdedb85fd243eadf09663511f96fc81e0720a4a42581f334ad4303aa6b?s=96&d=mm&r=g\",\"contentUrl\":\"https:\/\/secure.gravatar.com\/avatar\/e0a867bdedb85fd243eadf09663511f96fc81e0720a4a42581f334ad4303aa6b?s=96&d=mm&r=g\",\"caption\":\"Reda\u00e7\u00e3o\"}}]}<\/script>\n<!-- \/ Yoast SEO plugin. -->","yoast_head_json":{"title":"Governo vai marcar com festa contragolpe no terror dos golpistas - Notibras","robots":{"index":"index","follow":"follow","max-snippet":"max-snippet:-1","max-image-preview":"max-image-preview:large","max-video-preview":"max-video-preview:-1"},"canonical":"https:\/\/www.notibras.com\/site\/governo-vai-marcar-com-festa-contragolpe-no-terror-dos-golpistas\/","og_locale":"pt_BR","og_type":"article","og_title":"Governo vai marcar com festa contragolpe no terror dos golpistas - Notibras","og_description":"Autoridades da \u00e1rea de seguran\u00e7a dos Tr\u00eas Poderes apresentar\u00e3o, at\u00e9 o dia 4 de janeiro, um plano integrado de a\u00e7\u00f5es visando garantir o ato democr\u00e1tico previsto para o dia 8 de janeiro de 2024. O evento foi proposto pelo presidente Luiz In\u00e1cio Lula da Silva para marcar a vit\u00f3ria da democracia contra a tentativa fracassada [&hellip;]","og_url":"https:\/\/www.notibras.com\/site\/governo-vai-marcar-com-festa-contragolpe-no-terror-dos-golpistas\/","og_site_name":"Notibras","article_publisher":"https:\/\/www.facebook.com\/notibras\/","article_published_time":"2023-12-27T09:05:34+00:00","article_modified_time":"2023-12-27T10:28:45+00:00","og_image":[{"width":770,"height":513,"url":"https:\/\/www.notibras.com\/site\/wp-content\/uploads\/2023\/02\/ja_9568_0.jpg","type":"image\/jpeg"}],"author":"Reda\u00e7\u00e3o","twitter_card":"summary_large_image","twitter_creator":"@Notibras","twitter_site":"@Notibras","twitter_misc":{"Escrito por":"Reda\u00e7\u00e3o","Est. tempo de leitura":"3 minutos"},"schema":{"@context":"https:\/\/schema.org","@graph":[{"@type":"Article","@id":"https:\/\/www.notibras.com\/site\/governo-vai-marcar-com-festa-contragolpe-no-terror-dos-golpistas\/#article","isPartOf":{"@id":"https:\/\/www.notibras.com\/site\/governo-vai-marcar-com-festa-contragolpe-no-terror-dos-golpistas\/"},"author":{"name":"Reda\u00e7\u00e3o","@id":"https:\/\/www.notibras.com\/site\/#\/schema\/person\/36ab0979449956132d3e5b517ea76ac8"},"headline":"Governo vai marcar com festa contragolpe no terror dos golpistas","datePublished":"2023-12-27T09:05:34+00:00","dateModified":"2023-12-27T10:28:45+00:00","mainEntityOfPage":{"@id":"https:\/\/www.notibras.com\/site\/governo-vai-marcar-com-festa-contragolpe-no-terror-dos-golpistas\/"},"wordCount":446,"publisher":{"@id":"https:\/\/www.notibras.com\/site\/#organization"},"image":{"@id":"https:\/\/www.notibras.com\/site\/governo-vai-marcar-com-festa-contragolpe-no-terror-dos-golpistas\/#primaryimage"},"thumbnailUrl":"https:\/\/www.notibras.com\/site\/wp-content\/uploads\/2023\/02\/ja_9568_0.jpg","keywords":["capa"],"articleSection":["Quadradinho em Foco"],"inLanguage":"pt-BR"},{"@type":"WebPage","@id":"https:\/\/www.notibras.com\/site\/governo-vai-marcar-com-festa-contragolpe-no-terror-dos-golpistas\/","url":"https:\/\/www.notibras.com\/site\/governo-vai-marcar-com-festa-contragolpe-no-terror-dos-golpistas\/","name":"Governo vai marcar com festa contragolpe no terror dos golpistas - Notibras","isPartOf":{"@id":"https:\/\/www.notibras.com\/site\/#website"},"primaryImageOfPage":{"@id":"https:\/\/www.notibras.com\/site\/governo-vai-marcar-com-festa-contragolpe-no-terror-dos-golpistas\/#primaryimage"},"image":{"@id":"https:\/\/www.notibras.com\/site\/governo-vai-marcar-com-festa-contragolpe-no-terror-dos-golpistas\/#primaryimage"},"thumbnailUrl":"https:\/\/www.notibras.com\/site\/wp-content\/uploads\/2023\/02\/ja_9568_0.jpg","datePublished":"2023-12-27T09:05:34+00:00","dateModified":"2023-12-27T10:28:45+00:00","breadcrumb":{"@id":"https:\/\/www.notibras.com\/site\/governo-vai-marcar-com-festa-contragolpe-no-terror-dos-golpistas\/#breadcrumb"},"inLanguage":"pt-BR","potentialAction":[{"@type":"ReadAction","target":["https:\/\/www.notibras.com\/site\/governo-vai-marcar-com-festa-contragolpe-no-terror-dos-golpistas\/"]}]},{"@type":"ImageObject","inLanguage":"pt-BR","@id":"https:\/\/www.notibras.com\/site\/governo-vai-marcar-com-festa-contragolpe-no-terror-dos-golpistas\/#primaryimage","url":"https:\/\/www.notibras.com\/site\/wp-content\/uploads\/2023\/02\/ja_9568_0.jpg","contentUrl":"https:\/\/www.notibras.com\/site\/wp-content\/uploads\/2023\/02\/ja_9568_0.jpg","width":770,"height":513,"caption":"Mat\u00e9ria especial um m\u00eas dos atentados golpistas"},{"@type":"BreadcrumbList","@id":"https:\/\/www.notibras.com\/site\/governo-vai-marcar-com-festa-contragolpe-no-terror-dos-golpistas\/#breadcrumb","itemListElement":[{"@type":"ListItem","position":1,"name":"In\u00edcio","item":"https:\/\/www.notibras.com\/site\/"},{"@type":"ListItem","position":2,"name":"Governo vai marcar com festa contragolpe no terror dos golpistas"}]},{"@type":"WebSite","@id":"https:\/\/www.notibras.com\/site\/#website","url":"https:\/\/www.notibras.com\/site\/","name":"Notibras","description":"Not\u00edcias de Bras\u00edlia, do Brasil e do Mundo","publisher":{"@id":"https:\/\/www.notibras.com\/site\/#organization"},"potentialAction":[{"@type":"SearchAction","target":{"@type":"EntryPoint","urlTemplate":"https:\/\/www.notibras.com\/site\/?s={search_term_string}"},"query-input":{"@type":"PropertyValueSpecification","valueRequired":true,"valueName":"search_term_string"}}],"inLanguage":"pt-BR"},{"@type":"Organization","@id":"https:\/\/www.notibras.com\/site\/#organization","name":"Grupo Notibras de Comunica\u00e7\u00e3o","url":"https:\/\/www.notibras.com\/site\/","logo":{"@type":"ImageObject","inLanguage":"pt-BR","@id":"https:\/\/www.notibras.com\/site\/#\/schema\/logo\/image\/","url":"https:\/\/www.notibras.com\/site\/wp-content\/uploads\/2023\/01\/notibras23.png","contentUrl":"https:\/\/www.notibras.com\/site\/wp-content\/uploads\/2023\/01\/notibras23.png","width":350,"height":87,"caption":"Grupo Notibras de Comunica\u00e7\u00e3o"},"image":{"@id":"https:\/\/www.notibras.com\/site\/#\/schema\/logo\/image\/"},"sameAs":["https:\/\/www.facebook.com\/notibras\/","https:\/\/x.com\/Notibras","https:\/\/www.instagram.com\/notibras\/"]},{"@type":"Person","@id":"https:\/\/www.notibras.com\/site\/#\/schema\/person\/36ab0979449956132d3e5b517ea76ac8","name":"Reda\u00e7\u00e3o","image":{"@type":"ImageObject","inLanguage":"pt-BR","@id":"https:\/\/secure.gravatar.com\/avatar\/e0a867bdedb85fd243eadf09663511f96fc81e0720a4a42581f334ad4303aa6b?s=96&d=mm&r=g","url":"https:\/\/secure.gravatar.com\/avatar\/e0a867bdedb85fd243eadf09663511f96fc81e0720a4a42581f334ad4303aa6b?s=96&d=mm&r=g","contentUrl":"https:\/\/secure.gravatar.com\/avatar\/e0a867bdedb85fd243eadf09663511f96fc81e0720a4a42581f334ad4303aa6b?s=96&d=mm&r=g","caption":"Reda\u00e7\u00e3o"}}]}},"amp_enabled":true,"_links":{"self":[{"href":"https:\/\/www.notibras.com\/site\/wp-json\/wp\/v2\/posts\/319771","targetHints":{"allow":["GET"]}}],"collection":[{"href":"https:\/\/www.notibras.com\/site\/wp-json\/wp\/v2\/posts"}],"about":[{"href":"https:\/\/www.notibras.com\/site\/wp-json\/wp\/v2\/types\/post"}],"author":[{"embeddable":true,"href":"https:\/\/www.notibras.com\/site\/wp-json\/wp\/v2\/users\/2"}],"replies":[{"embeddable":true,"href":"https:\/\/www.notibras.com\/site\/wp-json\/wp\/v2\/comments?post=319771"}],"version-history":[{"count":2,"href":"https:\/\/www.notibras.com\/site\/wp-json\/wp\/v2\/posts\/319771\/revisions"}],"predecessor-version":[{"id":319774,"href":"https:\/\/www.notibras.com\/site\/wp-json\/wp\/v2\/posts\/319771\/revisions\/319774"}],"wp:featuredmedia":[{"embeddable":true,"href":"https:\/\/www.notibras.com\/site\/wp-json\/wp\/v2\/media\/299830"}],"wp:attachment":[{"href":"https:\/\/www.notibras.com\/site\/wp-json\/wp\/v2\/media?parent=319771"}],"wp:term":[{"taxonomy":"category","embeddable":true,"href":"https:\/\/www.notibras.com\/site\/wp-json\/wp\/v2\/categories?post=319771"},{"taxonomy":"post_tag","embeddable":true,"href":"https:\/\/www.notibras.com\/site\/wp-json\/wp\/v2\/tags?post=319771"}],"curies":[{"name":"wp","href":"https:\/\/api.w.org\/{rel}","templated":true}]}}