{"id":319831,"date":"2023-12-28T08:03:13","date_gmt":"2023-12-28T11:03:13","guid":{"rendered":"https:\/\/www.notibras.com\/site\/?p=319831"},"modified":"2023-12-28T09:05:39","modified_gmt":"2023-12-28T12:05:39","slug":"atencao-motoristas-e-hoje-so-amanha-ja-nao-vale","status":"publish","type":"post","link":"https:\/\/www.notibras.com\/site\/atencao-motoristas-e-hoje-so-amanha-ja-nao-vale\/","title":{"rendered":"Aten\u00e7\u00e3o, motoristas. \u00c9 hoje s\u00f3, amanh\u00e3 j\u00e1 n\u00e3o vale"},"content":{"rendered":"<p>Os motoristas com habilita\u00e7\u00e3o nas categorias C, D e E, como caminhoneiros e condutores de \u00f4nibus e vans, devem fazer at\u00e9 esta quinta-feira (28) o exame toxicol\u00f3gico, que pode identificar o uso de subst\u00e2ncias psicoativas. A determina\u00e7\u00e3o \u00e9 do Conselho Nacional de Tr\u00e2nsito (Contran), por meio da Resolu\u00e7\u00e3o n\u00ba 1.002, de 20 de outubro de 2023.<\/p>\n<p>O objetivo \u00e9 contribuir para o aumento da seguran\u00e7a no tr\u00e2nsito e a preven\u00e7\u00e3o de acidentes, j\u00e1 que o consumo de subst\u00e2ncias psicoativas por condutores de ve\u00edculos pesados pode comprometer a habilidade de dirigir porque afeta a capacidade cognitiva do condutor e, com isso, aumenta o risco de acidentes de tr\u00e2nsito.<\/p>\n<p>O exame busca tamb\u00e9m identificar se o condutor est\u00e1 fazendo uso regular de subst\u00e2ncias proibidas.<\/p>\n<p><strong>Exame<\/strong><br \/>\nOs testes obrigat\u00f3rios usam amostras de cabelo e pelo do corpo do motorista. O exame tamb\u00e9m pode ser feito pela unha, mediante laudo m\u00e9dico, emitido por dermatologista, que comprova alopecia universal (perda de cabelo e pelos corporais).<\/p>\n<p>O exame toxicol\u00f3gico tem a janela de detec\u00e7\u00e3o que verifica o consumo, ativo ou n\u00e3o, de subst\u00e2ncias psicoativas com an\u00e1lise de at\u00e9 90 dias anteriores \u00e0 realiza\u00e7\u00e3o do teste. Os resultados s\u00e3o divulgados em um prazo de at\u00e9 15 dias.<\/p>\n<p>Os exames devem ser realizados em uma das 17 redes de laborat\u00f3rios credenciadas pela Secretaria Nacional de Tr\u00e2nsito (Senatran). Em m\u00e9dia, o exame custa R$ 120. As empresas contratantes de motoristas, transportadoras ou n\u00e3o, s\u00e3o obrigadas a pagar o exame toxicol\u00f3gico para seus empregados e devem inserir os dados do exame no Cadastro Geral de Empregados e Desempregados (Caged). Por\u00e9m, os condutores aut\u00f4nomos precisam pagar o valor do pr\u00f3prio exame.<\/p>\n<p>A cada 30 meses, o exame toxicol\u00f3gico precisa ser renovado por motoristas destas tr\u00eas categorias (C, D e E).<\/p>\n<p><strong>Penalidades<\/strong><br \/>\nDe acordo com a Senatran, os motoristas flagrados dirigindo ve\u00edculo de uma das tr\u00eas categorias com o exame toxicol\u00f3gico vencido por mais de 30 dias ou n\u00e3o realizado poder\u00e3o ser multados, a partir de 28 de janeiro de 2024. Nesse caso, o C\u00f3digo de Tr\u00e2nsito Brasileiro prev\u00ea que a situa\u00e7\u00e3o configura infra\u00e7\u00e3o grav\u00edssima e o motorista de ve\u00edculos como \u00f4nibus e caminh\u00f5es fica sujeito a receber sete pontos na Carteira Nacional de Habilita\u00e7\u00e3o (CNH) e ser multado em R$ 1.467.<\/p>\n<p>Em caso de reincid\u00eancia do flagrante do exame toxicol\u00f3gico vencido, dentro do per\u00edodo de 1 ano, o valor da multa dobra para R$ 2.934,70. E o motorista ter\u00e1 suspenso o direito de dirigir pelo prazo de 3 meses.<\/p>\n<p>N\u00e3o h\u00e1 como escapar da obrigatoriedade de apresenta\u00e7\u00e3o do exame. Mesmo que o motorista n\u00e3o seja abordado dirigindo, quando for renovar a sua CNH ser\u00e1 notificado em R$1.467 pelo Detran do seu estado.<\/p>\n<p>Em caso de resultado positivo, com a confirma\u00e7\u00e3o de uso de qualquer subst\u00e2ncia proibida, o condutor tamb\u00e9m ser\u00e1 autuado e multado em R$ 1.467,35 e perder\u00e1 sete pontos na CNH.<\/p>\n<p><strong>Carteira digital<\/strong><br \/>\nPara verificar se o exame toxicol\u00f3gico est\u00e1 vencido, basta o motorista consultar a CNH digital, que tem a informa\u00e7\u00e3o sobre a validade do exame toxicol\u00f3gico. Se o motorista renovou a sua CNH h\u00e1 mais de 2 anos e meio, o exame estar\u00e1 automaticamente vencido.<\/p>\n<p>H\u00e1 1 m\u00eas, a Senatran tem notificado os condutores de todo o pa\u00eds que ainda n\u00e3o realizaram o exame toxicol\u00f3gico ou est\u00e3o com o teste vencido, por meio de um alerta que chega direto nos celulares dos motoristas, via aplicativo da Carteira Digital de Tr\u00e2nsito (CDT).<\/p>\n<p>As notifica\u00e7\u00f5es s\u00e3o feitas de tr\u00eas modos distintos: via notifica\u00e7\u00e3o do tipo push, com uma mensagem de alerta na tela inicial do celular, para todos os condutores que est\u00e3o com o exame vencido e precisam renov\u00e1-lo; pela central de mensagens da Carteira Digital de Tr\u00e2nsito (sininho), que oferece todas as atualiza\u00e7\u00f5es para o condutor; pela \u00e1rea espec\u00edfica do exame toxicol\u00f3gico na CDT, na qual h\u00e1 detalhes sobre a data da \u00faltima coleta e quanto \u00e0 necessidade de renovar o procedimento.<\/p>\n<p><strong>Hist\u00f3rico<\/strong><br \/>\nEm junho, o presidente Luiz In\u00e1cio Lula da Silva sancionou a Lei 14.599\/23, que estabeleceu novo prazo limite para realiza\u00e7\u00e3o do exame toxicol\u00f3gico, para obten\u00e7\u00e3o e renova\u00e7\u00e3o da Carteira Nacional de Habilita\u00e7\u00e3o, prevendo, tamb\u00e9m, penalidades, como o pagamento de multa cinco vezes o valor da infra\u00e7\u00e3o grav\u00edssima e outras puni\u00e7\u00f5es, em caso de reincid\u00eancia, no per\u00edodo de at\u00e9 12 meses, e suspens\u00e3o do direito de dirigir.<\/p>\n<p>Antes, os motoristas estavam isentos de multa. A altera\u00e7\u00e3o do C\u00f3digo Brasileiro de Tr\u00e2nsito foi aprovada pela C\u00e2mara e o Senado, por\u00e9m o pagamento de multa havia sido vetado pela Presid\u00eancia da Rep\u00fablica. O veto presidencial foi derrubado, em outubro, pelo Congresso Nacional.<\/p>\n","protected":false},"excerpt":{"rendered":"<p>Os motoristas com habilita\u00e7\u00e3o nas categorias C, D e E, como caminhoneiros e condutores de \u00f4nibus e vans, devem fazer at\u00e9 esta quinta-feira (28) o exame toxicol\u00f3gico, que pode identificar o uso de subst\u00e2ncias psicoativas. A determina\u00e7\u00e3o \u00e9 do Conselho Nacional de Tr\u00e2nsito (Contran), por meio da Resolu\u00e7\u00e3o n\u00ba 1.002, de 20 de outubro de [&hellip;]<\/p>\n","protected":false},"author":2,"featured_media":319832,"comment_status":"closed","ping_status":"closed","sticky":false,"template":"","format":"standard","meta":{"_acf_changed":false,"footnotes":""},"categories":[161],"tags":[],"class_list":["post-319831","post","type-post","status-publish","format-standard","has-post-thumbnail","hentry","category-quadradinho-em-foco"],"acf":[],"yoast_head":"<!-- This site is optimized with the Yoast SEO plugin v27.2 - https:\/\/yoast.com\/product\/yoast-seo-wordpress\/ -->\n<title>Aten\u00e7\u00e3o, motoristas. \u00c9 hoje s\u00f3, amanh\u00e3 j\u00e1 n\u00e3o vale - Notibras<\/title>\n<meta name=\"robots\" content=\"index, follow, max-snippet:-1, max-image-preview:large, max-video-preview:-1\" \/>\n<link rel=\"canonical\" href=\"https:\/\/www.notibras.com\/site\/atencao-motoristas-e-hoje-so-amanha-ja-nao-vale\/\" \/>\n<meta property=\"og:locale\" content=\"pt_BR\" \/>\n<meta property=\"og:type\" content=\"article\" \/>\n<meta property=\"og:title\" content=\"Aten\u00e7\u00e3o, motoristas. \u00c9 hoje s\u00f3, amanh\u00e3 j\u00e1 n\u00e3o vale - Notibras\" \/>\n<meta property=\"og:description\" content=\"Os motoristas com habilita\u00e7\u00e3o nas categorias C, D e E, como caminhoneiros e condutores de \u00f4nibus e vans, devem fazer at\u00e9 esta quinta-feira (28) o exame toxicol\u00f3gico, que pode identificar o uso de subst\u00e2ncias psicoativas. A determina\u00e7\u00e3o \u00e9 do Conselho Nacional de Tr\u00e2nsito (Contran), por meio da Resolu\u00e7\u00e3o n\u00ba 1.002, de 20 de outubro de [&hellip;]\" \/>\n<meta property=\"og:url\" content=\"https:\/\/www.notibras.com\/site\/atencao-motoristas-e-hoje-so-amanha-ja-nao-vale\/\" \/>\n<meta property=\"og:site_name\" content=\"Notibras\" \/>\n<meta property=\"article:publisher\" content=\"https:\/\/www.facebook.com\/notibras\/\" \/>\n<meta property=\"article:published_time\" content=\"2023-12-28T11:03:13+00:00\" \/>\n<meta property=\"article:modified_time\" content=\"2023-12-28T12:05:39+00:00\" \/>\n<meta property=\"og:image\" content=\"https:\/\/www.notibras.com\/site\/wp-content\/uploads\/2023\/12\/moexa.webp\" \/>\n\t<meta property=\"og:image:width\" content=\"1170\" \/>\n\t<meta property=\"og:image:height\" content=\"700\" \/>\n\t<meta property=\"og:image:type\" content=\"image\/webp\" \/>\n<meta name=\"author\" content=\"Reda\u00e7\u00e3o\" \/>\n<meta name=\"twitter:card\" content=\"summary_large_image\" \/>\n<meta name=\"twitter:creator\" content=\"@Notibras\" \/>\n<meta name=\"twitter:site\" content=\"@Notibras\" \/>\n<meta name=\"twitter:label1\" content=\"Escrito por\" \/>\n\t<meta name=\"twitter:data1\" content=\"Reda\u00e7\u00e3o\" \/>\n\t<meta name=\"twitter:label2\" content=\"Est. tempo de leitura\" \/>\n\t<meta name=\"twitter:data2\" content=\"5 minutos\" \/>\n<script type=\"application\/ld+json\" class=\"yoast-schema-graph\">{\"@context\":\"https:\/\/schema.org\",\"@graph\":[{\"@type\":\"Article\",\"@id\":\"https:\/\/www.notibras.com\/site\/atencao-motoristas-e-hoje-so-amanha-ja-nao-vale\/#article\",\"isPartOf\":{\"@id\":\"https:\/\/www.notibras.com\/site\/atencao-motoristas-e-hoje-so-amanha-ja-nao-vale\/\"},\"author\":{\"name\":\"Reda\u00e7\u00e3o\",\"@id\":\"https:\/\/www.notibras.com\/site\/#\/schema\/person\/36ab0979449956132d3e5b517ea76ac8\"},\"headline\":\"Aten\u00e7\u00e3o, motoristas. \u00c9 hoje s\u00f3, amanh\u00e3 j\u00e1 n\u00e3o vale\",\"datePublished\":\"2023-12-28T11:03:13+00:00\",\"dateModified\":\"2023-12-28T12:05:39+00:00\",\"mainEntityOfPage\":{\"@id\":\"https:\/\/www.notibras.com\/site\/atencao-motoristas-e-hoje-so-amanha-ja-nao-vale\/\"},\"wordCount\":835,\"publisher\":{\"@id\":\"https:\/\/www.notibras.com\/site\/#organization\"},\"image\":{\"@id\":\"https:\/\/www.notibras.com\/site\/atencao-motoristas-e-hoje-so-amanha-ja-nao-vale\/#primaryimage\"},\"thumbnailUrl\":\"https:\/\/www.notibras.com\/site\/wp-content\/uploads\/2023\/12\/moexa.webp\",\"articleSection\":[\"Quadradinho em Foco\"],\"inLanguage\":\"pt-BR\"},{\"@type\":\"WebPage\",\"@id\":\"https:\/\/www.notibras.com\/site\/atencao-motoristas-e-hoje-so-amanha-ja-nao-vale\/\",\"url\":\"https:\/\/www.notibras.com\/site\/atencao-motoristas-e-hoje-so-amanha-ja-nao-vale\/\",\"name\":\"Aten\u00e7\u00e3o, motoristas. \u00c9 hoje s\u00f3, amanh\u00e3 j\u00e1 n\u00e3o vale - Notibras\",\"isPartOf\":{\"@id\":\"https:\/\/www.notibras.com\/site\/#website\"},\"primaryImageOfPage\":{\"@id\":\"https:\/\/www.notibras.com\/site\/atencao-motoristas-e-hoje-so-amanha-ja-nao-vale\/#primaryimage\"},\"image\":{\"@id\":\"https:\/\/www.notibras.com\/site\/atencao-motoristas-e-hoje-so-amanha-ja-nao-vale\/#primaryimage\"},\"thumbnailUrl\":\"https:\/\/www.notibras.com\/site\/wp-content\/uploads\/2023\/12\/moexa.webp\",\"datePublished\":\"2023-12-28T11:03:13+00:00\",\"dateModified\":\"2023-12-28T12:05:39+00:00\",\"breadcrumb\":{\"@id\":\"https:\/\/www.notibras.com\/site\/atencao-motoristas-e-hoje-so-amanha-ja-nao-vale\/#breadcrumb\"},\"inLanguage\":\"pt-BR\",\"potentialAction\":[{\"@type\":\"ReadAction\",\"target\":[\"https:\/\/www.notibras.com\/site\/atencao-motoristas-e-hoje-so-amanha-ja-nao-vale\/\"]}]},{\"@type\":\"ImageObject\",\"inLanguage\":\"pt-BR\",\"@id\":\"https:\/\/www.notibras.com\/site\/atencao-motoristas-e-hoje-so-amanha-ja-nao-vale\/#primaryimage\",\"url\":\"https:\/\/www.notibras.com\/site\/wp-content\/uploads\/2023\/12\/moexa.webp\",\"contentUrl\":\"https:\/\/www.notibras.com\/site\/wp-content\/uploads\/2023\/12\/moexa.webp\",\"width\":1170,\"height\":700},{\"@type\":\"BreadcrumbList\",\"@id\":\"https:\/\/www.notibras.com\/site\/atencao-motoristas-e-hoje-so-amanha-ja-nao-vale\/#breadcrumb\",\"itemListElement\":[{\"@type\":\"ListItem\",\"position\":1,\"name\":\"In\u00edcio\",\"item\":\"https:\/\/www.notibras.com\/site\/\"},{\"@type\":\"ListItem\",\"position\":2,\"name\":\"Aten\u00e7\u00e3o, motoristas. \u00c9 hoje s\u00f3, amanh\u00e3 j\u00e1 n\u00e3o vale\"}]},{\"@type\":\"WebSite\",\"@id\":\"https:\/\/www.notibras.com\/site\/#website\",\"url\":\"https:\/\/www.notibras.com\/site\/\",\"name\":\"Notibras\",\"description\":\"Not\u00edcias de Bras\u00edlia, do Brasil e do Mundo\",\"publisher\":{\"@id\":\"https:\/\/www.notibras.com\/site\/#organization\"},\"potentialAction\":[{\"@type\":\"SearchAction\",\"target\":{\"@type\":\"EntryPoint\",\"urlTemplate\":\"https:\/\/www.notibras.com\/site\/?s={search_term_string}\"},\"query-input\":{\"@type\":\"PropertyValueSpecification\",\"valueRequired\":true,\"valueName\":\"search_term_string\"}}],\"inLanguage\":\"pt-BR\"},{\"@type\":\"Organization\",\"@id\":\"https:\/\/www.notibras.com\/site\/#organization\",\"name\":\"Grupo Notibras de Comunica\u00e7\u00e3o\",\"url\":\"https:\/\/www.notibras.com\/site\/\",\"logo\":{\"@type\":\"ImageObject\",\"inLanguage\":\"pt-BR\",\"@id\":\"https:\/\/www.notibras.com\/site\/#\/schema\/logo\/image\/\",\"url\":\"https:\/\/www.notibras.com\/site\/wp-content\/uploads\/2023\/01\/notibras23.png\",\"contentUrl\":\"https:\/\/www.notibras.com\/site\/wp-content\/uploads\/2023\/01\/notibras23.png\",\"width\":350,\"height\":87,\"caption\":\"Grupo Notibras de Comunica\u00e7\u00e3o\"},\"image\":{\"@id\":\"https:\/\/www.notibras.com\/site\/#\/schema\/logo\/image\/\"},\"sameAs\":[\"https:\/\/www.facebook.com\/notibras\/\",\"https:\/\/x.com\/Notibras\",\"https:\/\/www.instagram.com\/notibras\/\"]},{\"@type\":\"Person\",\"@id\":\"https:\/\/www.notibras.com\/site\/#\/schema\/person\/36ab0979449956132d3e5b517ea76ac8\",\"name\":\"Reda\u00e7\u00e3o\",\"image\":{\"@type\":\"ImageObject\",\"inLanguage\":\"pt-BR\",\"@id\":\"https:\/\/secure.gravatar.com\/avatar\/e0a867bdedb85fd243eadf09663511f96fc81e0720a4a42581f334ad4303aa6b?s=96&d=mm&r=g\",\"url\":\"https:\/\/secure.gravatar.com\/avatar\/e0a867bdedb85fd243eadf09663511f96fc81e0720a4a42581f334ad4303aa6b?s=96&d=mm&r=g\",\"contentUrl\":\"https:\/\/secure.gravatar.com\/avatar\/e0a867bdedb85fd243eadf09663511f96fc81e0720a4a42581f334ad4303aa6b?s=96&d=mm&r=g\",\"caption\":\"Reda\u00e7\u00e3o\"}}]}<\/script>\n<!-- \/ Yoast SEO plugin. -->","yoast_head_json":{"title":"Aten\u00e7\u00e3o, motoristas. \u00c9 hoje s\u00f3, amanh\u00e3 j\u00e1 n\u00e3o vale - Notibras","robots":{"index":"index","follow":"follow","max-snippet":"max-snippet:-1","max-image-preview":"max-image-preview:large","max-video-preview":"max-video-preview:-1"},"canonical":"https:\/\/www.notibras.com\/site\/atencao-motoristas-e-hoje-so-amanha-ja-nao-vale\/","og_locale":"pt_BR","og_type":"article","og_title":"Aten\u00e7\u00e3o, motoristas. \u00c9 hoje s\u00f3, amanh\u00e3 j\u00e1 n\u00e3o vale - Notibras","og_description":"Os motoristas com habilita\u00e7\u00e3o nas categorias C, D e E, como caminhoneiros e condutores de \u00f4nibus e vans, devem fazer at\u00e9 esta quinta-feira (28) o exame toxicol\u00f3gico, que pode identificar o uso de subst\u00e2ncias psicoativas. A determina\u00e7\u00e3o \u00e9 do Conselho Nacional de Tr\u00e2nsito (Contran), por meio da Resolu\u00e7\u00e3o n\u00ba 1.002, de 20 de outubro de [&hellip;]","og_url":"https:\/\/www.notibras.com\/site\/atencao-motoristas-e-hoje-so-amanha-ja-nao-vale\/","og_site_name":"Notibras","article_publisher":"https:\/\/www.facebook.com\/notibras\/","article_published_time":"2023-12-28T11:03:13+00:00","article_modified_time":"2023-12-28T12:05:39+00:00","og_image":[{"width":1170,"height":700,"url":"https:\/\/www.notibras.com\/site\/wp-content\/uploads\/2023\/12\/moexa.webp","type":"image\/webp"}],"author":"Reda\u00e7\u00e3o","twitter_card":"summary_large_image","twitter_creator":"@Notibras","twitter_site":"@Notibras","twitter_misc":{"Escrito por":"Reda\u00e7\u00e3o","Est. tempo de leitura":"5 minutos"},"schema":{"@context":"https:\/\/schema.org","@graph":[{"@type":"Article","@id":"https:\/\/www.notibras.com\/site\/atencao-motoristas-e-hoje-so-amanha-ja-nao-vale\/#article","isPartOf":{"@id":"https:\/\/www.notibras.com\/site\/atencao-motoristas-e-hoje-so-amanha-ja-nao-vale\/"},"author":{"name":"Reda\u00e7\u00e3o","@id":"https:\/\/www.notibras.com\/site\/#\/schema\/person\/36ab0979449956132d3e5b517ea76ac8"},"headline":"Aten\u00e7\u00e3o, motoristas. \u00c9 hoje s\u00f3, amanh\u00e3 j\u00e1 n\u00e3o vale","datePublished":"2023-12-28T11:03:13+00:00","dateModified":"2023-12-28T12:05:39+00:00","mainEntityOfPage":{"@id":"https:\/\/www.notibras.com\/site\/atencao-motoristas-e-hoje-so-amanha-ja-nao-vale\/"},"wordCount":835,"publisher":{"@id":"https:\/\/www.notibras.com\/site\/#organization"},"image":{"@id":"https:\/\/www.notibras.com\/site\/atencao-motoristas-e-hoje-so-amanha-ja-nao-vale\/#primaryimage"},"thumbnailUrl":"https:\/\/www.notibras.com\/site\/wp-content\/uploads\/2023\/12\/moexa.webp","articleSection":["Quadradinho em Foco"],"inLanguage":"pt-BR"},{"@type":"WebPage","@id":"https:\/\/www.notibras.com\/site\/atencao-motoristas-e-hoje-so-amanha-ja-nao-vale\/","url":"https:\/\/www.notibras.com\/site\/atencao-motoristas-e-hoje-so-amanha-ja-nao-vale\/","name":"Aten\u00e7\u00e3o, motoristas. \u00c9 hoje s\u00f3, amanh\u00e3 j\u00e1 n\u00e3o vale - Notibras","isPartOf":{"@id":"https:\/\/www.notibras.com\/site\/#website"},"primaryImageOfPage":{"@id":"https:\/\/www.notibras.com\/site\/atencao-motoristas-e-hoje-so-amanha-ja-nao-vale\/#primaryimage"},"image":{"@id":"https:\/\/www.notibras.com\/site\/atencao-motoristas-e-hoje-so-amanha-ja-nao-vale\/#primaryimage"},"thumbnailUrl":"https:\/\/www.notibras.com\/site\/wp-content\/uploads\/2023\/12\/moexa.webp","datePublished":"2023-12-28T11:03:13+00:00","dateModified":"2023-12-28T12:05:39+00:00","breadcrumb":{"@id":"https:\/\/www.notibras.com\/site\/atencao-motoristas-e-hoje-so-amanha-ja-nao-vale\/#breadcrumb"},"inLanguage":"pt-BR","potentialAction":[{"@type":"ReadAction","target":["https:\/\/www.notibras.com\/site\/atencao-motoristas-e-hoje-so-amanha-ja-nao-vale\/"]}]},{"@type":"ImageObject","inLanguage":"pt-BR","@id":"https:\/\/www.notibras.com\/site\/atencao-motoristas-e-hoje-so-amanha-ja-nao-vale\/#primaryimage","url":"https:\/\/www.notibras.com\/site\/wp-content\/uploads\/2023\/12\/moexa.webp","contentUrl":"https:\/\/www.notibras.com\/site\/wp-content\/uploads\/2023\/12\/moexa.webp","width":1170,"height":700},{"@type":"BreadcrumbList","@id":"https:\/\/www.notibras.com\/site\/atencao-motoristas-e-hoje-so-amanha-ja-nao-vale\/#breadcrumb","itemListElement":[{"@type":"ListItem","position":1,"name":"In\u00edcio","item":"https:\/\/www.notibras.com\/site\/"},{"@type":"ListItem","position":2,"name":"Aten\u00e7\u00e3o, motoristas. \u00c9 hoje s\u00f3, amanh\u00e3 j\u00e1 n\u00e3o vale"}]},{"@type":"WebSite","@id":"https:\/\/www.notibras.com\/site\/#website","url":"https:\/\/www.notibras.com\/site\/","name":"Notibras","description":"Not\u00edcias de Bras\u00edlia, do Brasil e do Mundo","publisher":{"@id":"https:\/\/www.notibras.com\/site\/#organization"},"potentialAction":[{"@type":"SearchAction","target":{"@type":"EntryPoint","urlTemplate":"https:\/\/www.notibras.com\/site\/?s={search_term_string}"},"query-input":{"@type":"PropertyValueSpecification","valueRequired":true,"valueName":"search_term_string"}}],"inLanguage":"pt-BR"},{"@type":"Organization","@id":"https:\/\/www.notibras.com\/site\/#organization","name":"Grupo Notibras de Comunica\u00e7\u00e3o","url":"https:\/\/www.notibras.com\/site\/","logo":{"@type":"ImageObject","inLanguage":"pt-BR","@id":"https:\/\/www.notibras.com\/site\/#\/schema\/logo\/image\/","url":"https:\/\/www.notibras.com\/site\/wp-content\/uploads\/2023\/01\/notibras23.png","contentUrl":"https:\/\/www.notibras.com\/site\/wp-content\/uploads\/2023\/01\/notibras23.png","width":350,"height":87,"caption":"Grupo Notibras de Comunica\u00e7\u00e3o"},"image":{"@id":"https:\/\/www.notibras.com\/site\/#\/schema\/logo\/image\/"},"sameAs":["https:\/\/www.facebook.com\/notibras\/","https:\/\/x.com\/Notibras","https:\/\/www.instagram.com\/notibras\/"]},{"@type":"Person","@id":"https:\/\/www.notibras.com\/site\/#\/schema\/person\/36ab0979449956132d3e5b517ea76ac8","name":"Reda\u00e7\u00e3o","image":{"@type":"ImageObject","inLanguage":"pt-BR","@id":"https:\/\/secure.gravatar.com\/avatar\/e0a867bdedb85fd243eadf09663511f96fc81e0720a4a42581f334ad4303aa6b?s=96&d=mm&r=g","url":"https:\/\/secure.gravatar.com\/avatar\/e0a867bdedb85fd243eadf09663511f96fc81e0720a4a42581f334ad4303aa6b?s=96&d=mm&r=g","contentUrl":"https:\/\/secure.gravatar.com\/avatar\/e0a867bdedb85fd243eadf09663511f96fc81e0720a4a42581f334ad4303aa6b?s=96&d=mm&r=g","caption":"Reda\u00e7\u00e3o"}}]}},"amp_enabled":true,"_links":{"self":[{"href":"https:\/\/www.notibras.com\/site\/wp-json\/wp\/v2\/posts\/319831","targetHints":{"allow":["GET"]}}],"collection":[{"href":"https:\/\/www.notibras.com\/site\/wp-json\/wp\/v2\/posts"}],"about":[{"href":"https:\/\/www.notibras.com\/site\/wp-json\/wp\/v2\/types\/post"}],"author":[{"embeddable":true,"href":"https:\/\/www.notibras.com\/site\/wp-json\/wp\/v2\/users\/2"}],"replies":[{"embeddable":true,"href":"https:\/\/www.notibras.com\/site\/wp-json\/wp\/v2\/comments?post=319831"}],"version-history":[{"count":1,"href":"https:\/\/www.notibras.com\/site\/wp-json\/wp\/v2\/posts\/319831\/revisions"}],"predecessor-version":[{"id":319833,"href":"https:\/\/www.notibras.com\/site\/wp-json\/wp\/v2\/posts\/319831\/revisions\/319833"}],"wp:featuredmedia":[{"embeddable":true,"href":"https:\/\/www.notibras.com\/site\/wp-json\/wp\/v2\/media\/319832"}],"wp:attachment":[{"href":"https:\/\/www.notibras.com\/site\/wp-json\/wp\/v2\/media?parent=319831"}],"wp:term":[{"taxonomy":"category","embeddable":true,"href":"https:\/\/www.notibras.com\/site\/wp-json\/wp\/v2\/categories?post=319831"},{"taxonomy":"post_tag","embeddable":true,"href":"https:\/\/www.notibras.com\/site\/wp-json\/wp\/v2\/tags?post=319831"}],"curies":[{"name":"wp","href":"https:\/\/api.w.org\/{rel}","templated":true}]}}