{"id":319837,"date":"2023-12-28T08:17:24","date_gmt":"2023-12-28T11:17:24","guid":{"rendered":"https:\/\/www.notibras.com\/site\/?p=319837"},"modified":"2023-12-28T09:35:26","modified_gmt":"2023-12-28T12:35:26","slug":"reclamacoes-contra-planos-de-saude-crescem-quase-50","status":"publish","type":"post","link":"https:\/\/www.notibras.com\/site\/reclamacoes-contra-planos-de-saude-crescem-quase-50\/","title":{"rendered":"Reclama\u00e7\u00f5es contra planos de sa\u00fade crescem quase 50%"},"content":{"rendered":"<p>As reclama\u00e7\u00f5es de usu\u00e1rios de planos de sa\u00fade tiveram crescimento de 49,7% nos primeiros dez meses de 2023. Os dados foram divulgados pela Ag\u00eancia Nacional de Sa\u00fade Suplementar (ANS).<\/p>\n<p>Segundo a ag\u00eancia reguladora, o n\u00famero de reclama\u00e7\u00f5es assistenciais e n\u00e3o assistenciais em 2023 superou os tr\u00eas anos anteriores em todos os meses do ano e chegou ao maior patamar em agosto, com 36.799 notifica\u00e7\u00f5es de usu\u00e1rios dos planos de sa\u00fade. As reclama\u00e7\u00f5es referentes \u00e0 assist\u00eancia dos planos somaram 82,7% das notifica\u00e7\u00f5es registradas pela ag\u00eancia at\u00e9 outubro.<\/p>\n<p>Os dados da ANS permitem calcular o \u00cdndice Geral de Reclama\u00e7\u00f5es, que aumenta conforme a insatisfa\u00e7\u00e3o dos usu\u00e1rios. Segundo a ag\u00eancia, os planos de assist\u00eancia m\u00e9dica tiveram 55,1 reclama\u00e7\u00f5es para cada 100 mil benefici\u00e1rios. Essa propor\u00e7\u00e3o era de 24,1 em 2020; de 30,2 em 2021 e de 36,8 em 2022.<\/p>\n<p>J\u00e1 os planos exclusivamente odontol\u00f3gicos tiveram em m\u00e9dia 1,3 reclama\u00e7\u00e3o para a mesma quantidade de benefici\u00e1rios nos primeiros 10 meses de 2023 e propor\u00e7\u00f5es semelhantes nos anos anteriores.<\/p>\n<p><strong>Outros dados<\/strong><br \/>\nO Boletim Panorama &#8211; Sa\u00fade Suplementar da ANS mostra que os planos de sa\u00fade tinham 50,9 milh\u00f5es de usu\u00e1rios de assist\u00eancia m\u00e9dica e 32,2 milh\u00f5es de clientes de planos exclusivamente odontol\u00f3gicos em outubro de 2023, o que representa um aumento de 1,9% em rela\u00e7\u00e3o a outubro de 2022.<\/p>\n<p>Segundo a ANS, apenas os planos coletivos empresariais apresentaram crescimento positivo (3,57%), enquanto os planos individuais registraram varia\u00e7\u00e3o negativa (-1,30%), assim como os coletivos por ades\u00e3o (-2,44%).<\/p>\n<p>A ANS tamb\u00e9m informa que, nos \u00faltimos cinco anos, das mais de 11 milh\u00f5es de interna\u00e7\u00f5es anuais no \u00e2mbito do SUS, cerca de 1,6% ocorreram em pacientes cobertos por planos privados de sa\u00fade com assist\u00eancia m\u00e9dica. J\u00e1 os atendimentos ambulatoriais somaram, em m\u00e9dia, 26,6 milh\u00f5es de procedimentos anuais no SUS, dos quais 4,3% identificados como prestados a benefici\u00e1rios.<\/p>\n","protected":false},"excerpt":{"rendered":"<p>As reclama\u00e7\u00f5es de usu\u00e1rios de planos de sa\u00fade tiveram crescimento de 49,7% nos primeiros dez meses de 2023. Os dados foram divulgados pela Ag\u00eancia Nacional de Sa\u00fade Suplementar (ANS). Segundo a ag\u00eancia reguladora, o n\u00famero de reclama\u00e7\u00f5es assistenciais e n\u00e3o assistenciais em 2023 superou os tr\u00eas anos anteriores em todos os meses do ano e [&hellip;]<\/p>\n","protected":false},"author":2,"featured_media":319838,"comment_status":"closed","ping_status":"closed","sticky":false,"template":"","format":"standard","meta":{"_acf_changed":false,"footnotes":""},"categories":[161],"tags":[],"class_list":["post-319837","post","type-post","status-publish","format-standard","has-post-thumbnail","hentry","category-quadradinho-em-foco"],"acf":[],"yoast_head":"<!-- This site is optimized with the Yoast SEO plugin v27.2 - https:\/\/yoast.com\/product\/yoast-seo-wordpress\/ -->\n<title>Reclama\u00e7\u00f5es contra planos de sa\u00fade crescem quase 50% - Notibras<\/title>\n<meta name=\"robots\" content=\"index, follow, max-snippet:-1, max-image-preview:large, max-video-preview:-1\" \/>\n<link rel=\"canonical\" href=\"https:\/\/www.notibras.com\/site\/reclamacoes-contra-planos-de-saude-crescem-quase-50\/\" \/>\n<meta property=\"og:locale\" content=\"pt_BR\" \/>\n<meta property=\"og:type\" content=\"article\" \/>\n<meta property=\"og:title\" content=\"Reclama\u00e7\u00f5es contra planos de sa\u00fade crescem quase 50% - Notibras\" \/>\n<meta property=\"og:description\" content=\"As reclama\u00e7\u00f5es de usu\u00e1rios de planos de sa\u00fade tiveram crescimento de 49,7% nos primeiros dez meses de 2023. Os dados foram divulgados pela Ag\u00eancia Nacional de Sa\u00fade Suplementar (ANS). Segundo a ag\u00eancia reguladora, o n\u00famero de reclama\u00e7\u00f5es assistenciais e n\u00e3o assistenciais em 2023 superou os tr\u00eas anos anteriores em todos os meses do ano e [&hellip;]\" \/>\n<meta property=\"og:url\" content=\"https:\/\/www.notibras.com\/site\/reclamacoes-contra-planos-de-saude-crescem-quase-50\/\" \/>\n<meta property=\"og:site_name\" content=\"Notibras\" \/>\n<meta property=\"article:publisher\" content=\"https:\/\/www.facebook.com\/notibras\/\" \/>\n<meta property=\"article:published_time\" content=\"2023-12-28T11:17:24+00:00\" \/>\n<meta property=\"article:modified_time\" content=\"2023-12-28T12:35:26+00:00\" \/>\n<meta property=\"og:image\" content=\"https:\/\/www.notibras.com\/site\/wp-content\/uploads\/2023\/12\/planosaud.webp\" \/>\n\t<meta property=\"og:image:width\" content=\"1170\" \/>\n\t<meta property=\"og:image:height\" content=\"700\" \/>\n\t<meta property=\"og:image:type\" content=\"image\/webp\" \/>\n<meta name=\"author\" content=\"Reda\u00e7\u00e3o\" \/>\n<meta name=\"twitter:card\" content=\"summary_large_image\" \/>\n<meta name=\"twitter:creator\" content=\"@Notibras\" \/>\n<meta name=\"twitter:site\" content=\"@Notibras\" \/>\n<meta name=\"twitter:label1\" content=\"Escrito por\" \/>\n\t<meta name=\"twitter:data1\" content=\"Reda\u00e7\u00e3o\" \/>\n\t<meta name=\"twitter:label2\" content=\"Est. tempo de leitura\" \/>\n\t<meta name=\"twitter:data2\" content=\"2 minutos\" \/>\n<script type=\"application\/ld+json\" class=\"yoast-schema-graph\">{\"@context\":\"https:\/\/schema.org\",\"@graph\":[{\"@type\":\"Article\",\"@id\":\"https:\/\/www.notibras.com\/site\/reclamacoes-contra-planos-de-saude-crescem-quase-50\/#article\",\"isPartOf\":{\"@id\":\"https:\/\/www.notibras.com\/site\/reclamacoes-contra-planos-de-saude-crescem-quase-50\/\"},\"author\":{\"name\":\"Reda\u00e7\u00e3o\",\"@id\":\"https:\/\/www.notibras.com\/site\/#\/schema\/person\/36ab0979449956132d3e5b517ea76ac8\"},\"headline\":\"Reclama\u00e7\u00f5es contra planos de sa\u00fade crescem quase 50%\",\"datePublished\":\"2023-12-28T11:17:24+00:00\",\"dateModified\":\"2023-12-28T12:35:26+00:00\",\"mainEntityOfPage\":{\"@id\":\"https:\/\/www.notibras.com\/site\/reclamacoes-contra-planos-de-saude-crescem-quase-50\/\"},\"wordCount\":332,\"publisher\":{\"@id\":\"https:\/\/www.notibras.com\/site\/#organization\"},\"image\":{\"@id\":\"https:\/\/www.notibras.com\/site\/reclamacoes-contra-planos-de-saude-crescem-quase-50\/#primaryimage\"},\"thumbnailUrl\":\"https:\/\/www.notibras.com\/site\/wp-content\/uploads\/2023\/12\/planosaud.webp\",\"articleSection\":[\"Quadradinho em Foco\"],\"inLanguage\":\"pt-BR\"},{\"@type\":\"WebPage\",\"@id\":\"https:\/\/www.notibras.com\/site\/reclamacoes-contra-planos-de-saude-crescem-quase-50\/\",\"url\":\"https:\/\/www.notibras.com\/site\/reclamacoes-contra-planos-de-saude-crescem-quase-50\/\",\"name\":\"Reclama\u00e7\u00f5es contra planos de sa\u00fade crescem quase 50% - Notibras\",\"isPartOf\":{\"@id\":\"https:\/\/www.notibras.com\/site\/#website\"},\"primaryImageOfPage\":{\"@id\":\"https:\/\/www.notibras.com\/site\/reclamacoes-contra-planos-de-saude-crescem-quase-50\/#primaryimage\"},\"image\":{\"@id\":\"https:\/\/www.notibras.com\/site\/reclamacoes-contra-planos-de-saude-crescem-quase-50\/#primaryimage\"},\"thumbnailUrl\":\"https:\/\/www.notibras.com\/site\/wp-content\/uploads\/2023\/12\/planosaud.webp\",\"datePublished\":\"2023-12-28T11:17:24+00:00\",\"dateModified\":\"2023-12-28T12:35:26+00:00\",\"breadcrumb\":{\"@id\":\"https:\/\/www.notibras.com\/site\/reclamacoes-contra-planos-de-saude-crescem-quase-50\/#breadcrumb\"},\"inLanguage\":\"pt-BR\",\"potentialAction\":[{\"@type\":\"ReadAction\",\"target\":[\"https:\/\/www.notibras.com\/site\/reclamacoes-contra-planos-de-saude-crescem-quase-50\/\"]}]},{\"@type\":\"ImageObject\",\"inLanguage\":\"pt-BR\",\"@id\":\"https:\/\/www.notibras.com\/site\/reclamacoes-contra-planos-de-saude-crescem-quase-50\/#primaryimage\",\"url\":\"https:\/\/www.notibras.com\/site\/wp-content\/uploads\/2023\/12\/planosaud.webp\",\"contentUrl\":\"https:\/\/www.notibras.com\/site\/wp-content\/uploads\/2023\/12\/planosaud.webp\",\"width\":1170,\"height\":700},{\"@type\":\"BreadcrumbList\",\"@id\":\"https:\/\/www.notibras.com\/site\/reclamacoes-contra-planos-de-saude-crescem-quase-50\/#breadcrumb\",\"itemListElement\":[{\"@type\":\"ListItem\",\"position\":1,\"name\":\"In\u00edcio\",\"item\":\"https:\/\/www.notibras.com\/site\/\"},{\"@type\":\"ListItem\",\"position\":2,\"name\":\"Reclama\u00e7\u00f5es contra planos de sa\u00fade crescem quase 50%\"}]},{\"@type\":\"WebSite\",\"@id\":\"https:\/\/www.notibras.com\/site\/#website\",\"url\":\"https:\/\/www.notibras.com\/site\/\",\"name\":\"Notibras\",\"description\":\"Not\u00edcias de Bras\u00edlia, do Brasil e do Mundo\",\"publisher\":{\"@id\":\"https:\/\/www.notibras.com\/site\/#organization\"},\"potentialAction\":[{\"@type\":\"SearchAction\",\"target\":{\"@type\":\"EntryPoint\",\"urlTemplate\":\"https:\/\/www.notibras.com\/site\/?s={search_term_string}\"},\"query-input\":{\"@type\":\"PropertyValueSpecification\",\"valueRequired\":true,\"valueName\":\"search_term_string\"}}],\"inLanguage\":\"pt-BR\"},{\"@type\":\"Organization\",\"@id\":\"https:\/\/www.notibras.com\/site\/#organization\",\"name\":\"Grupo Notibras de Comunica\u00e7\u00e3o\",\"url\":\"https:\/\/www.notibras.com\/site\/\",\"logo\":{\"@type\":\"ImageObject\",\"inLanguage\":\"pt-BR\",\"@id\":\"https:\/\/www.notibras.com\/site\/#\/schema\/logo\/image\/\",\"url\":\"https:\/\/www.notibras.com\/site\/wp-content\/uploads\/2023\/01\/notibras23.png\",\"contentUrl\":\"https:\/\/www.notibras.com\/site\/wp-content\/uploads\/2023\/01\/notibras23.png\",\"width\":350,\"height\":87,\"caption\":\"Grupo Notibras de Comunica\u00e7\u00e3o\"},\"image\":{\"@id\":\"https:\/\/www.notibras.com\/site\/#\/schema\/logo\/image\/\"},\"sameAs\":[\"https:\/\/www.facebook.com\/notibras\/\",\"https:\/\/x.com\/Notibras\",\"https:\/\/www.instagram.com\/notibras\/\"]},{\"@type\":\"Person\",\"@id\":\"https:\/\/www.notibras.com\/site\/#\/schema\/person\/36ab0979449956132d3e5b517ea76ac8\",\"name\":\"Reda\u00e7\u00e3o\",\"image\":{\"@type\":\"ImageObject\",\"inLanguage\":\"pt-BR\",\"@id\":\"https:\/\/secure.gravatar.com\/avatar\/e0a867bdedb85fd243eadf09663511f96fc81e0720a4a42581f334ad4303aa6b?s=96&d=mm&r=g\",\"url\":\"https:\/\/secure.gravatar.com\/avatar\/e0a867bdedb85fd243eadf09663511f96fc81e0720a4a42581f334ad4303aa6b?s=96&d=mm&r=g\",\"contentUrl\":\"https:\/\/secure.gravatar.com\/avatar\/e0a867bdedb85fd243eadf09663511f96fc81e0720a4a42581f334ad4303aa6b?s=96&d=mm&r=g\",\"caption\":\"Reda\u00e7\u00e3o\"}}]}<\/script>\n<!-- \/ Yoast SEO plugin. -->","yoast_head_json":{"title":"Reclama\u00e7\u00f5es contra planos de sa\u00fade crescem quase 50% - Notibras","robots":{"index":"index","follow":"follow","max-snippet":"max-snippet:-1","max-image-preview":"max-image-preview:large","max-video-preview":"max-video-preview:-1"},"canonical":"https:\/\/www.notibras.com\/site\/reclamacoes-contra-planos-de-saude-crescem-quase-50\/","og_locale":"pt_BR","og_type":"article","og_title":"Reclama\u00e7\u00f5es contra planos de sa\u00fade crescem quase 50% - Notibras","og_description":"As reclama\u00e7\u00f5es de usu\u00e1rios de planos de sa\u00fade tiveram crescimento de 49,7% nos primeiros dez meses de 2023. Os dados foram divulgados pela Ag\u00eancia Nacional de Sa\u00fade Suplementar (ANS). Segundo a ag\u00eancia reguladora, o n\u00famero de reclama\u00e7\u00f5es assistenciais e n\u00e3o assistenciais em 2023 superou os tr\u00eas anos anteriores em todos os meses do ano e [&hellip;]","og_url":"https:\/\/www.notibras.com\/site\/reclamacoes-contra-planos-de-saude-crescem-quase-50\/","og_site_name":"Notibras","article_publisher":"https:\/\/www.facebook.com\/notibras\/","article_published_time":"2023-12-28T11:17:24+00:00","article_modified_time":"2023-12-28T12:35:26+00:00","og_image":[{"width":1170,"height":700,"url":"https:\/\/www.notibras.com\/site\/wp-content\/uploads\/2023\/12\/planosaud.webp","type":"image\/webp"}],"author":"Reda\u00e7\u00e3o","twitter_card":"summary_large_image","twitter_creator":"@Notibras","twitter_site":"@Notibras","twitter_misc":{"Escrito por":"Reda\u00e7\u00e3o","Est. tempo de leitura":"2 minutos"},"schema":{"@context":"https:\/\/schema.org","@graph":[{"@type":"Article","@id":"https:\/\/www.notibras.com\/site\/reclamacoes-contra-planos-de-saude-crescem-quase-50\/#article","isPartOf":{"@id":"https:\/\/www.notibras.com\/site\/reclamacoes-contra-planos-de-saude-crescem-quase-50\/"},"author":{"name":"Reda\u00e7\u00e3o","@id":"https:\/\/www.notibras.com\/site\/#\/schema\/person\/36ab0979449956132d3e5b517ea76ac8"},"headline":"Reclama\u00e7\u00f5es contra planos de sa\u00fade crescem quase 50%","datePublished":"2023-12-28T11:17:24+00:00","dateModified":"2023-12-28T12:35:26+00:00","mainEntityOfPage":{"@id":"https:\/\/www.notibras.com\/site\/reclamacoes-contra-planos-de-saude-crescem-quase-50\/"},"wordCount":332,"publisher":{"@id":"https:\/\/www.notibras.com\/site\/#organization"},"image":{"@id":"https:\/\/www.notibras.com\/site\/reclamacoes-contra-planos-de-saude-crescem-quase-50\/#primaryimage"},"thumbnailUrl":"https:\/\/www.notibras.com\/site\/wp-content\/uploads\/2023\/12\/planosaud.webp","articleSection":["Quadradinho em Foco"],"inLanguage":"pt-BR"},{"@type":"WebPage","@id":"https:\/\/www.notibras.com\/site\/reclamacoes-contra-planos-de-saude-crescem-quase-50\/","url":"https:\/\/www.notibras.com\/site\/reclamacoes-contra-planos-de-saude-crescem-quase-50\/","name":"Reclama\u00e7\u00f5es contra planos de sa\u00fade crescem quase 50% - Notibras","isPartOf":{"@id":"https:\/\/www.notibras.com\/site\/#website"},"primaryImageOfPage":{"@id":"https:\/\/www.notibras.com\/site\/reclamacoes-contra-planos-de-saude-crescem-quase-50\/#primaryimage"},"image":{"@id":"https:\/\/www.notibras.com\/site\/reclamacoes-contra-planos-de-saude-crescem-quase-50\/#primaryimage"},"thumbnailUrl":"https:\/\/www.notibras.com\/site\/wp-content\/uploads\/2023\/12\/planosaud.webp","datePublished":"2023-12-28T11:17:24+00:00","dateModified":"2023-12-28T12:35:26+00:00","breadcrumb":{"@id":"https:\/\/www.notibras.com\/site\/reclamacoes-contra-planos-de-saude-crescem-quase-50\/#breadcrumb"},"inLanguage":"pt-BR","potentialAction":[{"@type":"ReadAction","target":["https:\/\/www.notibras.com\/site\/reclamacoes-contra-planos-de-saude-crescem-quase-50\/"]}]},{"@type":"ImageObject","inLanguage":"pt-BR","@id":"https:\/\/www.notibras.com\/site\/reclamacoes-contra-planos-de-saude-crescem-quase-50\/#primaryimage","url":"https:\/\/www.notibras.com\/site\/wp-content\/uploads\/2023\/12\/planosaud.webp","contentUrl":"https:\/\/www.notibras.com\/site\/wp-content\/uploads\/2023\/12\/planosaud.webp","width":1170,"height":700},{"@type":"BreadcrumbList","@id":"https:\/\/www.notibras.com\/site\/reclamacoes-contra-planos-de-saude-crescem-quase-50\/#breadcrumb","itemListElement":[{"@type":"ListItem","position":1,"name":"In\u00edcio","item":"https:\/\/www.notibras.com\/site\/"},{"@type":"ListItem","position":2,"name":"Reclama\u00e7\u00f5es contra planos de sa\u00fade crescem quase 50%"}]},{"@type":"WebSite","@id":"https:\/\/www.notibras.com\/site\/#website","url":"https:\/\/www.notibras.com\/site\/","name":"Notibras","description":"Not\u00edcias de Bras\u00edlia, do Brasil e do Mundo","publisher":{"@id":"https:\/\/www.notibras.com\/site\/#organization"},"potentialAction":[{"@type":"SearchAction","target":{"@type":"EntryPoint","urlTemplate":"https:\/\/www.notibras.com\/site\/?s={search_term_string}"},"query-input":{"@type":"PropertyValueSpecification","valueRequired":true,"valueName":"search_term_string"}}],"inLanguage":"pt-BR"},{"@type":"Organization","@id":"https:\/\/www.notibras.com\/site\/#organization","name":"Grupo Notibras de Comunica\u00e7\u00e3o","url":"https:\/\/www.notibras.com\/site\/","logo":{"@type":"ImageObject","inLanguage":"pt-BR","@id":"https:\/\/www.notibras.com\/site\/#\/schema\/logo\/image\/","url":"https:\/\/www.notibras.com\/site\/wp-content\/uploads\/2023\/01\/notibras23.png","contentUrl":"https:\/\/www.notibras.com\/site\/wp-content\/uploads\/2023\/01\/notibras23.png","width":350,"height":87,"caption":"Grupo Notibras de Comunica\u00e7\u00e3o"},"image":{"@id":"https:\/\/www.notibras.com\/site\/#\/schema\/logo\/image\/"},"sameAs":["https:\/\/www.facebook.com\/notibras\/","https:\/\/x.com\/Notibras","https:\/\/www.instagram.com\/notibras\/"]},{"@type":"Person","@id":"https:\/\/www.notibras.com\/site\/#\/schema\/person\/36ab0979449956132d3e5b517ea76ac8","name":"Reda\u00e7\u00e3o","image":{"@type":"ImageObject","inLanguage":"pt-BR","@id":"https:\/\/secure.gravatar.com\/avatar\/e0a867bdedb85fd243eadf09663511f96fc81e0720a4a42581f334ad4303aa6b?s=96&d=mm&r=g","url":"https:\/\/secure.gravatar.com\/avatar\/e0a867bdedb85fd243eadf09663511f96fc81e0720a4a42581f334ad4303aa6b?s=96&d=mm&r=g","contentUrl":"https:\/\/secure.gravatar.com\/avatar\/e0a867bdedb85fd243eadf09663511f96fc81e0720a4a42581f334ad4303aa6b?s=96&d=mm&r=g","caption":"Reda\u00e7\u00e3o"}}]}},"amp_enabled":true,"_links":{"self":[{"href":"https:\/\/www.notibras.com\/site\/wp-json\/wp\/v2\/posts\/319837","targetHints":{"allow":["GET"]}}],"collection":[{"href":"https:\/\/www.notibras.com\/site\/wp-json\/wp\/v2\/posts"}],"about":[{"href":"https:\/\/www.notibras.com\/site\/wp-json\/wp\/v2\/types\/post"}],"author":[{"embeddable":true,"href":"https:\/\/www.notibras.com\/site\/wp-json\/wp\/v2\/users\/2"}],"replies":[{"embeddable":true,"href":"https:\/\/www.notibras.com\/site\/wp-json\/wp\/v2\/comments?post=319837"}],"version-history":[{"count":1,"href":"https:\/\/www.notibras.com\/site\/wp-json\/wp\/v2\/posts\/319837\/revisions"}],"predecessor-version":[{"id":319839,"href":"https:\/\/www.notibras.com\/site\/wp-json\/wp\/v2\/posts\/319837\/revisions\/319839"}],"wp:featuredmedia":[{"embeddable":true,"href":"https:\/\/www.notibras.com\/site\/wp-json\/wp\/v2\/media\/319838"}],"wp:attachment":[{"href":"https:\/\/www.notibras.com\/site\/wp-json\/wp\/v2\/media?parent=319837"}],"wp:term":[{"taxonomy":"category","embeddable":true,"href":"https:\/\/www.notibras.com\/site\/wp-json\/wp\/v2\/categories?post=319837"},{"taxonomy":"post_tag","embeddable":true,"href":"https:\/\/www.notibras.com\/site\/wp-json\/wp\/v2\/tags?post=319837"}],"curies":[{"name":"wp","href":"https:\/\/api.w.org\/{rel}","templated":true}]}}