{"id":319840,"date":"2023-12-28T08:08:47","date_gmt":"2023-12-28T11:08:47","guid":{"rendered":"https:\/\/www.notibras.com\/site\/?p=319840"},"modified":"2023-12-28T09:38:11","modified_gmt":"2023-12-28T12:38:11","slug":"sus-contribui-para-reducao-de-mortalidade-por-sepse","status":"publish","type":"post","link":"https:\/\/www.notibras.com\/site\/sus-contribui-para-reducao-de-mortalidade-por-sepse\/","title":{"rendered":"SUS contribui para redu\u00e7\u00e3o de mortalidade por sepse"},"content":{"rendered":"<p>Uma iniciativa criada no \u00e2mbito do Sistema \u00danico de Sa\u00fade (SUS), com a participa\u00e7\u00e3o de hospitais sem fins lucrativos, vem contribuindo para a redu\u00e7\u00e3o dos \u00f3bitos em decorr\u00eancia de sepse, uma infec\u00e7\u00e3o generalizada. Por meio dela, foram capacitados entre 2021 e 2023 cerca de 6 mil enfermeiros e assistentes de enfermagem que atuam em 59 munic\u00edpios de 22 estados brasileiros. Como resultado, o n\u00famero de mortes de pacientes com sepse atendidos nas Unidades de Pronto Atendimento (UPAs) envolvidas teve queda de 46%.<\/p>\n<p>Batizada de Programa de Apoio ao Desenvolvimento Institucional do Sistema \u00danico de Sa\u00fade (Proadi-SUS), a iniciativa surgiu em 2009, gerida pelo Minist\u00e9rio da Sa\u00fade, e conta com a participa\u00e7\u00e3o de seis hospitais sem fins lucrativos que s\u00e3o refer\u00eancia em qualidade m\u00e9dico-assistencial e gest\u00e3o: Hospital Alem\u00e3o Oswaldo Cruz, Benefic\u00eancia Portuguesa de S\u00e3o Paulo (BP), Hospital do Cora\u00e7\u00e3o (HCor), Hospital Israelita Albert Einstein, Hospital Moinhos de Vento e Hospital S\u00edrio-Liban\u00eas. O intuito \u00e9 apoiar e aprimorar a sa\u00fade p\u00fablica atrav\u00e9s da capacita\u00e7\u00e3o de recursos humanos, de pesquisas e avalia\u00e7\u00f5es e da incorpora\u00e7\u00e3o de tecnologias, de inova\u00e7\u00f5es em gest\u00e3o e de assist\u00eancia especializada.<\/p>\n<p>Os recursos do Proadi-SUS s\u00e3o garantidos por meio de imunidade fiscal concedida aos hospitais participantes. Cada um deles pode se envolver em diferentes frentes de atua\u00e7\u00e3o. Um deles \u00e9 o Projeto Sepse, implementado por meio de parceria firmada em 2018 entre o Minist\u00e9rio da Sa\u00fade e o Hospital S\u00edrio-Liban\u00eas. O objetivo principal \u00e9 preparar os profissionais para identificar e tratar precocemente os pacientes com suspeita de sepse. Ao todo, foram atendidas 84 UPAs, nas quais os enfermeiros e os assistentes de enfermagem puderam se capacitar e usufruir da expertise do Hospital S\u00edrio-Liban\u00eas.<\/p>\n<p><strong>Sepse<\/strong><br \/>\nA sepse envolve manifesta\u00e7\u00f5es graves no organismo em decorr\u00eancia de uma infec\u00e7\u00e3o. N\u00e3o h\u00e1 sintomas espec\u00edficos, mas febre, taquicardia, fraqueza extrema, tonturas, press\u00e3o baixa, redu\u00e7\u00e3o na fun\u00e7\u00e3o dos rins, falta de ar e sonol\u00eancia s\u00e3o sinais que devem ser analisados com aten\u00e7\u00e3o. Na sepse, o organismo desenvolve uma resposta inflamat\u00f3ria para tentar combater o agente infeccioso. No entanto, essa resposta pode acabar comprometendo o funcionamento de diferentes \u00f3rg\u00e3os, levando a um quadro de fal\u00eancia m\u00faltipla.<\/p>\n<p>A Organiza\u00e7\u00e3o Mundial da Sa\u00fade (OMS) estima que ocorrem anualmente 11 milh\u00f5es de \u00f3bitos em decorr\u00eancia de sepse, sendo muitas v\u00edtimas crian\u00e7as e idosos. No Brasil, as estimativas apontam para aproximadamente 240 mil mortes ao ano. Qualquer tipo de infec\u00e7\u00e3o, seja ela leve ou grave, pode evoluir para a sepse. Muitos casos resultam de um agravamento de pneumonia ou de infec\u00e7\u00f5es abdominais ou urin\u00e1rias. A sepse \u00e9 uma emerg\u00eancia m\u00e9dica e seu tratamento deve ser priorizado. As medidas adotadas nas primeiras horas s\u00e3o consideradas fundamentais. O agravamento do quadro cl\u00ednico muitas vezes ocorre devido ao atraso no reconhecimento da sepse e ao in\u00edcio tardio do tratamento.<\/p>\n<p>Segundo consta no portal do Proadi-SUS, a taxa de mortalidade por sepse no Brasil \u00e9 de aproximadamente 60%, sendo superior \u00e0 de outros pa\u00edses semelhantes no mundo e bem acima do encontrado em na\u00e7\u00f5es desenvolvidas, onde os percentuais giram em torno de 20%. Em nota divulgada pelo Proadi-SUS, a coordenadora de projetos no Hospital S\u00edrio-Liban\u00eas, Giselle Franco, avaliou que os bons resultados obtidos com o Projeto Sepse atestam a efic\u00e1cia dos protocolos implementados. &#8220;\u00c9 necess\u00e1rio que esse problema seja visto com mais aten\u00e7\u00e3o, tornando o diagn\u00f3stico e tratamento mais \u00e1gil&#8221;, acrescentou.<\/p>\n","protected":false},"excerpt":{"rendered":"<p>Uma iniciativa criada no \u00e2mbito do Sistema \u00danico de Sa\u00fade (SUS), com a participa\u00e7\u00e3o de hospitais sem fins lucrativos, vem contribuindo para a redu\u00e7\u00e3o dos \u00f3bitos em decorr\u00eancia de sepse, uma infec\u00e7\u00e3o generalizada. Por meio dela, foram capacitados entre 2021 e 2023 cerca de 6 mil enfermeiros e assistentes de enfermagem que atuam em 59 [&hellip;]<\/p>\n","protected":false},"author":2,"featured_media":319841,"comment_status":"closed","ping_status":"closed","sticky":false,"template":"","format":"standard","meta":{"_acf_changed":false,"footnotes":""},"categories":[161],"tags":[],"class_list":["post-319840","post","type-post","status-publish","format-standard","has-post-thumbnail","hentry","category-quadradinho-em-foco"],"acf":[],"yoast_head":"<!-- This site is optimized with the Yoast SEO plugin v27.2 - https:\/\/yoast.com\/product\/yoast-seo-wordpress\/ -->\n<title>SUS contribui para redu\u00e7\u00e3o de mortalidade por sepse - Notibras<\/title>\n<meta name=\"robots\" content=\"index, follow, max-snippet:-1, max-image-preview:large, max-video-preview:-1\" \/>\n<link rel=\"canonical\" href=\"https:\/\/www.notibras.com\/site\/sus-contribui-para-reducao-de-mortalidade-por-sepse\/\" \/>\n<meta property=\"og:locale\" content=\"pt_BR\" \/>\n<meta property=\"og:type\" content=\"article\" \/>\n<meta property=\"og:title\" content=\"SUS contribui para redu\u00e7\u00e3o de mortalidade por sepse - Notibras\" \/>\n<meta property=\"og:description\" content=\"Uma iniciativa criada no \u00e2mbito do Sistema \u00danico de Sa\u00fade (SUS), com a participa\u00e7\u00e3o de hospitais sem fins lucrativos, vem contribuindo para a redu\u00e7\u00e3o dos \u00f3bitos em decorr\u00eancia de sepse, uma infec\u00e7\u00e3o generalizada. Por meio dela, foram capacitados entre 2021 e 2023 cerca de 6 mil enfermeiros e assistentes de enfermagem que atuam em 59 [&hellip;]\" \/>\n<meta property=\"og:url\" content=\"https:\/\/www.notibras.com\/site\/sus-contribui-para-reducao-de-mortalidade-por-sepse\/\" \/>\n<meta property=\"og:site_name\" content=\"Notibras\" \/>\n<meta property=\"article:publisher\" content=\"https:\/\/www.facebook.com\/notibras\/\" \/>\n<meta property=\"article:published_time\" content=\"2023-12-28T11:08:47+00:00\" \/>\n<meta property=\"article:modified_time\" content=\"2023-12-28T12:38:11+00:00\" \/>\n<meta property=\"og:image\" content=\"https:\/\/www.notibras.com\/site\/wp-content\/uploads\/2023\/12\/susspse.webp\" \/>\n\t<meta property=\"og:image:width\" content=\"1170\" \/>\n\t<meta property=\"og:image:height\" content=\"700\" \/>\n\t<meta property=\"og:image:type\" content=\"image\/webp\" \/>\n<meta name=\"author\" content=\"Reda\u00e7\u00e3o\" \/>\n<meta name=\"twitter:card\" content=\"summary_large_image\" \/>\n<meta name=\"twitter:creator\" content=\"@Notibras\" \/>\n<meta name=\"twitter:site\" content=\"@Notibras\" \/>\n<meta name=\"twitter:label1\" content=\"Escrito por\" \/>\n\t<meta name=\"twitter:data1\" content=\"Reda\u00e7\u00e3o\" \/>\n\t<meta name=\"twitter:label2\" content=\"Est. tempo de leitura\" \/>\n\t<meta name=\"twitter:data2\" content=\"4 minutos\" \/>\n<script type=\"application\/ld+json\" class=\"yoast-schema-graph\">{\"@context\":\"https:\/\/schema.org\",\"@graph\":[{\"@type\":\"Article\",\"@id\":\"https:\/\/www.notibras.com\/site\/sus-contribui-para-reducao-de-mortalidade-por-sepse\/#article\",\"isPartOf\":{\"@id\":\"https:\/\/www.notibras.com\/site\/sus-contribui-para-reducao-de-mortalidade-por-sepse\/\"},\"author\":{\"name\":\"Reda\u00e7\u00e3o\",\"@id\":\"https:\/\/www.notibras.com\/site\/#\/schema\/person\/36ab0979449956132d3e5b517ea76ac8\"},\"headline\":\"SUS contribui para redu\u00e7\u00e3o de mortalidade por sepse\",\"datePublished\":\"2023-12-28T11:08:47+00:00\",\"dateModified\":\"2023-12-28T12:38:11+00:00\",\"mainEntityOfPage\":{\"@id\":\"https:\/\/www.notibras.com\/site\/sus-contribui-para-reducao-de-mortalidade-por-sepse\/\"},\"wordCount\":611,\"publisher\":{\"@id\":\"https:\/\/www.notibras.com\/site\/#organization\"},\"image\":{\"@id\":\"https:\/\/www.notibras.com\/site\/sus-contribui-para-reducao-de-mortalidade-por-sepse\/#primaryimage\"},\"thumbnailUrl\":\"https:\/\/www.notibras.com\/site\/wp-content\/uploads\/2023\/12\/susspse.webp\",\"articleSection\":[\"Quadradinho em Foco\"],\"inLanguage\":\"pt-BR\"},{\"@type\":\"WebPage\",\"@id\":\"https:\/\/www.notibras.com\/site\/sus-contribui-para-reducao-de-mortalidade-por-sepse\/\",\"url\":\"https:\/\/www.notibras.com\/site\/sus-contribui-para-reducao-de-mortalidade-por-sepse\/\",\"name\":\"SUS contribui para redu\u00e7\u00e3o de mortalidade por sepse - Notibras\",\"isPartOf\":{\"@id\":\"https:\/\/www.notibras.com\/site\/#website\"},\"primaryImageOfPage\":{\"@id\":\"https:\/\/www.notibras.com\/site\/sus-contribui-para-reducao-de-mortalidade-por-sepse\/#primaryimage\"},\"image\":{\"@id\":\"https:\/\/www.notibras.com\/site\/sus-contribui-para-reducao-de-mortalidade-por-sepse\/#primaryimage\"},\"thumbnailUrl\":\"https:\/\/www.notibras.com\/site\/wp-content\/uploads\/2023\/12\/susspse.webp\",\"datePublished\":\"2023-12-28T11:08:47+00:00\",\"dateModified\":\"2023-12-28T12:38:11+00:00\",\"breadcrumb\":{\"@id\":\"https:\/\/www.notibras.com\/site\/sus-contribui-para-reducao-de-mortalidade-por-sepse\/#breadcrumb\"},\"inLanguage\":\"pt-BR\",\"potentialAction\":[{\"@type\":\"ReadAction\",\"target\":[\"https:\/\/www.notibras.com\/site\/sus-contribui-para-reducao-de-mortalidade-por-sepse\/\"]}]},{\"@type\":\"ImageObject\",\"inLanguage\":\"pt-BR\",\"@id\":\"https:\/\/www.notibras.com\/site\/sus-contribui-para-reducao-de-mortalidade-por-sepse\/#primaryimage\",\"url\":\"https:\/\/www.notibras.com\/site\/wp-content\/uploads\/2023\/12\/susspse.webp\",\"contentUrl\":\"https:\/\/www.notibras.com\/site\/wp-content\/uploads\/2023\/12\/susspse.webp\",\"width\":1170,\"height\":700},{\"@type\":\"BreadcrumbList\",\"@id\":\"https:\/\/www.notibras.com\/site\/sus-contribui-para-reducao-de-mortalidade-por-sepse\/#breadcrumb\",\"itemListElement\":[{\"@type\":\"ListItem\",\"position\":1,\"name\":\"In\u00edcio\",\"item\":\"https:\/\/www.notibras.com\/site\/\"},{\"@type\":\"ListItem\",\"position\":2,\"name\":\"SUS contribui para redu\u00e7\u00e3o de mortalidade por sepse\"}]},{\"@type\":\"WebSite\",\"@id\":\"https:\/\/www.notibras.com\/site\/#website\",\"url\":\"https:\/\/www.notibras.com\/site\/\",\"name\":\"Notibras\",\"description\":\"Not\u00edcias de Bras\u00edlia, do Brasil e do Mundo\",\"publisher\":{\"@id\":\"https:\/\/www.notibras.com\/site\/#organization\"},\"potentialAction\":[{\"@type\":\"SearchAction\",\"target\":{\"@type\":\"EntryPoint\",\"urlTemplate\":\"https:\/\/www.notibras.com\/site\/?s={search_term_string}\"},\"query-input\":{\"@type\":\"PropertyValueSpecification\",\"valueRequired\":true,\"valueName\":\"search_term_string\"}}],\"inLanguage\":\"pt-BR\"},{\"@type\":\"Organization\",\"@id\":\"https:\/\/www.notibras.com\/site\/#organization\",\"name\":\"Grupo Notibras de Comunica\u00e7\u00e3o\",\"url\":\"https:\/\/www.notibras.com\/site\/\",\"logo\":{\"@type\":\"ImageObject\",\"inLanguage\":\"pt-BR\",\"@id\":\"https:\/\/www.notibras.com\/site\/#\/schema\/logo\/image\/\",\"url\":\"https:\/\/www.notibras.com\/site\/wp-content\/uploads\/2023\/01\/notibras23.png\",\"contentUrl\":\"https:\/\/www.notibras.com\/site\/wp-content\/uploads\/2023\/01\/notibras23.png\",\"width\":350,\"height\":87,\"caption\":\"Grupo Notibras de Comunica\u00e7\u00e3o\"},\"image\":{\"@id\":\"https:\/\/www.notibras.com\/site\/#\/schema\/logo\/image\/\"},\"sameAs\":[\"https:\/\/www.facebook.com\/notibras\/\",\"https:\/\/x.com\/Notibras\",\"https:\/\/www.instagram.com\/notibras\/\"]},{\"@type\":\"Person\",\"@id\":\"https:\/\/www.notibras.com\/site\/#\/schema\/person\/36ab0979449956132d3e5b517ea76ac8\",\"name\":\"Reda\u00e7\u00e3o\",\"image\":{\"@type\":\"ImageObject\",\"inLanguage\":\"pt-BR\",\"@id\":\"https:\/\/secure.gravatar.com\/avatar\/e0a867bdedb85fd243eadf09663511f96fc81e0720a4a42581f334ad4303aa6b?s=96&d=mm&r=g\",\"url\":\"https:\/\/secure.gravatar.com\/avatar\/e0a867bdedb85fd243eadf09663511f96fc81e0720a4a42581f334ad4303aa6b?s=96&d=mm&r=g\",\"contentUrl\":\"https:\/\/secure.gravatar.com\/avatar\/e0a867bdedb85fd243eadf09663511f96fc81e0720a4a42581f334ad4303aa6b?s=96&d=mm&r=g\",\"caption\":\"Reda\u00e7\u00e3o\"}}]}<\/script>\n<!-- \/ Yoast SEO plugin. -->","yoast_head_json":{"title":"SUS contribui para redu\u00e7\u00e3o de mortalidade por sepse - Notibras","robots":{"index":"index","follow":"follow","max-snippet":"max-snippet:-1","max-image-preview":"max-image-preview:large","max-video-preview":"max-video-preview:-1"},"canonical":"https:\/\/www.notibras.com\/site\/sus-contribui-para-reducao-de-mortalidade-por-sepse\/","og_locale":"pt_BR","og_type":"article","og_title":"SUS contribui para redu\u00e7\u00e3o de mortalidade por sepse - Notibras","og_description":"Uma iniciativa criada no \u00e2mbito do Sistema \u00danico de Sa\u00fade (SUS), com a participa\u00e7\u00e3o de hospitais sem fins lucrativos, vem contribuindo para a redu\u00e7\u00e3o dos \u00f3bitos em decorr\u00eancia de sepse, uma infec\u00e7\u00e3o generalizada. Por meio dela, foram capacitados entre 2021 e 2023 cerca de 6 mil enfermeiros e assistentes de enfermagem que atuam em 59 [&hellip;]","og_url":"https:\/\/www.notibras.com\/site\/sus-contribui-para-reducao-de-mortalidade-por-sepse\/","og_site_name":"Notibras","article_publisher":"https:\/\/www.facebook.com\/notibras\/","article_published_time":"2023-12-28T11:08:47+00:00","article_modified_time":"2023-12-28T12:38:11+00:00","og_image":[{"width":1170,"height":700,"url":"https:\/\/www.notibras.com\/site\/wp-content\/uploads\/2023\/12\/susspse.webp","type":"image\/webp"}],"author":"Reda\u00e7\u00e3o","twitter_card":"summary_large_image","twitter_creator":"@Notibras","twitter_site":"@Notibras","twitter_misc":{"Escrito por":"Reda\u00e7\u00e3o","Est. tempo de leitura":"4 minutos"},"schema":{"@context":"https:\/\/schema.org","@graph":[{"@type":"Article","@id":"https:\/\/www.notibras.com\/site\/sus-contribui-para-reducao-de-mortalidade-por-sepse\/#article","isPartOf":{"@id":"https:\/\/www.notibras.com\/site\/sus-contribui-para-reducao-de-mortalidade-por-sepse\/"},"author":{"name":"Reda\u00e7\u00e3o","@id":"https:\/\/www.notibras.com\/site\/#\/schema\/person\/36ab0979449956132d3e5b517ea76ac8"},"headline":"SUS contribui para redu\u00e7\u00e3o de mortalidade por sepse","datePublished":"2023-12-28T11:08:47+00:00","dateModified":"2023-12-28T12:38:11+00:00","mainEntityOfPage":{"@id":"https:\/\/www.notibras.com\/site\/sus-contribui-para-reducao-de-mortalidade-por-sepse\/"},"wordCount":611,"publisher":{"@id":"https:\/\/www.notibras.com\/site\/#organization"},"image":{"@id":"https:\/\/www.notibras.com\/site\/sus-contribui-para-reducao-de-mortalidade-por-sepse\/#primaryimage"},"thumbnailUrl":"https:\/\/www.notibras.com\/site\/wp-content\/uploads\/2023\/12\/susspse.webp","articleSection":["Quadradinho em Foco"],"inLanguage":"pt-BR"},{"@type":"WebPage","@id":"https:\/\/www.notibras.com\/site\/sus-contribui-para-reducao-de-mortalidade-por-sepse\/","url":"https:\/\/www.notibras.com\/site\/sus-contribui-para-reducao-de-mortalidade-por-sepse\/","name":"SUS contribui para redu\u00e7\u00e3o de mortalidade por sepse - Notibras","isPartOf":{"@id":"https:\/\/www.notibras.com\/site\/#website"},"primaryImageOfPage":{"@id":"https:\/\/www.notibras.com\/site\/sus-contribui-para-reducao-de-mortalidade-por-sepse\/#primaryimage"},"image":{"@id":"https:\/\/www.notibras.com\/site\/sus-contribui-para-reducao-de-mortalidade-por-sepse\/#primaryimage"},"thumbnailUrl":"https:\/\/www.notibras.com\/site\/wp-content\/uploads\/2023\/12\/susspse.webp","datePublished":"2023-12-28T11:08:47+00:00","dateModified":"2023-12-28T12:38:11+00:00","breadcrumb":{"@id":"https:\/\/www.notibras.com\/site\/sus-contribui-para-reducao-de-mortalidade-por-sepse\/#breadcrumb"},"inLanguage":"pt-BR","potentialAction":[{"@type":"ReadAction","target":["https:\/\/www.notibras.com\/site\/sus-contribui-para-reducao-de-mortalidade-por-sepse\/"]}]},{"@type":"ImageObject","inLanguage":"pt-BR","@id":"https:\/\/www.notibras.com\/site\/sus-contribui-para-reducao-de-mortalidade-por-sepse\/#primaryimage","url":"https:\/\/www.notibras.com\/site\/wp-content\/uploads\/2023\/12\/susspse.webp","contentUrl":"https:\/\/www.notibras.com\/site\/wp-content\/uploads\/2023\/12\/susspse.webp","width":1170,"height":700},{"@type":"BreadcrumbList","@id":"https:\/\/www.notibras.com\/site\/sus-contribui-para-reducao-de-mortalidade-por-sepse\/#breadcrumb","itemListElement":[{"@type":"ListItem","position":1,"name":"In\u00edcio","item":"https:\/\/www.notibras.com\/site\/"},{"@type":"ListItem","position":2,"name":"SUS contribui para redu\u00e7\u00e3o de mortalidade por sepse"}]},{"@type":"WebSite","@id":"https:\/\/www.notibras.com\/site\/#website","url":"https:\/\/www.notibras.com\/site\/","name":"Notibras","description":"Not\u00edcias de Bras\u00edlia, do Brasil e do Mundo","publisher":{"@id":"https:\/\/www.notibras.com\/site\/#organization"},"potentialAction":[{"@type":"SearchAction","target":{"@type":"EntryPoint","urlTemplate":"https:\/\/www.notibras.com\/site\/?s={search_term_string}"},"query-input":{"@type":"PropertyValueSpecification","valueRequired":true,"valueName":"search_term_string"}}],"inLanguage":"pt-BR"},{"@type":"Organization","@id":"https:\/\/www.notibras.com\/site\/#organization","name":"Grupo Notibras de Comunica\u00e7\u00e3o","url":"https:\/\/www.notibras.com\/site\/","logo":{"@type":"ImageObject","inLanguage":"pt-BR","@id":"https:\/\/www.notibras.com\/site\/#\/schema\/logo\/image\/","url":"https:\/\/www.notibras.com\/site\/wp-content\/uploads\/2023\/01\/notibras23.png","contentUrl":"https:\/\/www.notibras.com\/site\/wp-content\/uploads\/2023\/01\/notibras23.png","width":350,"height":87,"caption":"Grupo Notibras de Comunica\u00e7\u00e3o"},"image":{"@id":"https:\/\/www.notibras.com\/site\/#\/schema\/logo\/image\/"},"sameAs":["https:\/\/www.facebook.com\/notibras\/","https:\/\/x.com\/Notibras","https:\/\/www.instagram.com\/notibras\/"]},{"@type":"Person","@id":"https:\/\/www.notibras.com\/site\/#\/schema\/person\/36ab0979449956132d3e5b517ea76ac8","name":"Reda\u00e7\u00e3o","image":{"@type":"ImageObject","inLanguage":"pt-BR","@id":"https:\/\/secure.gravatar.com\/avatar\/e0a867bdedb85fd243eadf09663511f96fc81e0720a4a42581f334ad4303aa6b?s=96&d=mm&r=g","url":"https:\/\/secure.gravatar.com\/avatar\/e0a867bdedb85fd243eadf09663511f96fc81e0720a4a42581f334ad4303aa6b?s=96&d=mm&r=g","contentUrl":"https:\/\/secure.gravatar.com\/avatar\/e0a867bdedb85fd243eadf09663511f96fc81e0720a4a42581f334ad4303aa6b?s=96&d=mm&r=g","caption":"Reda\u00e7\u00e3o"}}]}},"amp_enabled":true,"_links":{"self":[{"href":"https:\/\/www.notibras.com\/site\/wp-json\/wp\/v2\/posts\/319840","targetHints":{"allow":["GET"]}}],"collection":[{"href":"https:\/\/www.notibras.com\/site\/wp-json\/wp\/v2\/posts"}],"about":[{"href":"https:\/\/www.notibras.com\/site\/wp-json\/wp\/v2\/types\/post"}],"author":[{"embeddable":true,"href":"https:\/\/www.notibras.com\/site\/wp-json\/wp\/v2\/users\/2"}],"replies":[{"embeddable":true,"href":"https:\/\/www.notibras.com\/site\/wp-json\/wp\/v2\/comments?post=319840"}],"version-history":[{"count":1,"href":"https:\/\/www.notibras.com\/site\/wp-json\/wp\/v2\/posts\/319840\/revisions"}],"predecessor-version":[{"id":319842,"href":"https:\/\/www.notibras.com\/site\/wp-json\/wp\/v2\/posts\/319840\/revisions\/319842"}],"wp:featuredmedia":[{"embeddable":true,"href":"https:\/\/www.notibras.com\/site\/wp-json\/wp\/v2\/media\/319841"}],"wp:attachment":[{"href":"https:\/\/www.notibras.com\/site\/wp-json\/wp\/v2\/media?parent=319840"}],"wp:term":[{"taxonomy":"category","embeddable":true,"href":"https:\/\/www.notibras.com\/site\/wp-json\/wp\/v2\/categories?post=319840"},{"taxonomy":"post_tag","embeddable":true,"href":"https:\/\/www.notibras.com\/site\/wp-json\/wp\/v2\/tags?post=319840"}],"curies":[{"name":"wp","href":"https:\/\/api.w.org\/{rel}","templated":true}]}}