{"id":319843,"date":"2023-12-28T08:15:25","date_gmt":"2023-12-28T11:15:25","guid":{"rendered":"https:\/\/www.notibras.com\/site\/?p=319843"},"modified":"2023-12-28T10:04:35","modified_gmt":"2023-12-28T13:04:35","slug":"campo-e-cidade-receberam-1-bi-do-fco-por-acao-do-buriti","status":"publish","type":"post","link":"https:\/\/www.notibras.com\/site\/campo-e-cidade-receberam-1-bi-do-fco-por-acao-do-buriti\/","title":{"rendered":"Campo e cidade receberam 1 bi do FCO por a\u00e7\u00e3o do Buriti"},"content":{"rendered":"<p>Como forma de incentivar o desenvolvimento do setor empresarial e rural no Distrito Federal e na Regi\u00e3o Integrada de Desenvolvimento do Distrito Federal e Entorno (Ride), o Governo do Distrito Federal aprovou, ao longo de 2023, o maior n\u00famero de empr\u00e9stimos diretos e indiretos solicitados pelo Fundo de Financiamento do Centro-Oeste (FCO). Neste ano, foram liberados R$ 1.174.553.397,81 para empresas e produtores rurais. Esse \u00e9 o maior valor indicado dos \u00faltimos anos.<\/p>\n<p>\u201cN\u00f3s fizemos reuni\u00f5es recordes com o maior n\u00famero de processos poss\u00edveis para n\u00e3o perdermos esse recurso federal, sempre priorizando as empresas de Bras\u00edlia. Aprovamos todos os processos que chegaram e que estavam respeitando as regras. Foi mais de R$ 1 bilh\u00e3o para empreender no DF e na Ride\u201d, destaca o secret\u00e1rio de Desenvolvimento Econ\u00f4mico, Trabalho e Renda, Thales Mendes.<\/p>\n<p>Do valor total, 33% foram destinados a empreendedores do DF, o que corresponde a R$ 381.950.811,87 de 111 cartas-consultas. O restante foi para empres\u00e1rios e produtores do Goi\u00e1s, o que representou R$ 792.712.585,94 em cr\u00e9dito para os munic\u00edpios ao redor da capital federal a partir de 287 cartas-consultas.<\/p>\n<p>Os recursos foram indicados para as \u00e1reas de transporte rodovi\u00e1rio, com\u00e9rcio varejista, atividade rural, agropecu\u00e1ria, servi\u00e7o de educa\u00e7\u00e3o, equipamentos da constru\u00e7\u00e3o civil e equipamentos agr\u00edcolas.<\/p>\n<p>Ao financiar novos empreendimentos, o governo auxilia o desenvolvimento das regi\u00f5es administrativas. \u201cO FCO, de fato, busca trazer novas tecnologias, novas oportunidades de emprego e mais arrecada\u00e7\u00e3o para a nossa cidade\u201d, afirma Mendes. Segundo o secret\u00e1rio, dessa forma, cria-se um caminho virtuoso no DF. \u201cUm programa que financia as empresas gera mais emprego para as pessoas que estamos qualificando e que fazem parte dos nossos programas assistenciais\u201d, defende.<\/p>\n<p>Para que no pr\u00f3ximo ano a aprova\u00e7\u00e3o de cr\u00e9dito cres\u00e7a ainda mais no Distrito Federal, o governo pretende lan\u00e7ar duas unidades m\u00f3veis para circular pelos polos de desenvolvimento. \u201cA nossa ideia \u00e9 fomentar para que as pessoas possam apresentar ainda mais projetos. Queremos que eles entrem com novos processos para que possamos emprestar mais\u201d, comenta o titular da pasta.<\/p>\n<p><strong>FCO<\/strong><br \/>\nO Fundo de Financiamento do Centro-Oeste (FCO) foi criado pela Constitui\u00e7\u00e3o Federal de 1988 para promover o desenvolvimento econ\u00f4mico e social da regi\u00e3o Centro-Oeste. O fundo oferta cr\u00e9dito com baixas taxas de juros e longo prazo de pagamento.<\/p>\n<p>\u00c9 voltado para empresas e produtores rurais que desejam iniciar, ampliar ou modernizar as atividades produtivas. Podem solicitar o cr\u00e9dito empres\u00e1rios ou produtores rurais que desenvolvem atividades no DF, em Goi\u00e1s, no Mato Grosso ou Mato Grosso do Sul. Os financiamentos do DF e do Goi\u00e1s s\u00e3o aprovados por uma comiss\u00e3o presidida em Bras\u00edlia.<\/p>\n","protected":false},"excerpt":{"rendered":"<p>Como forma de incentivar o desenvolvimento do setor empresarial e rural no Distrito Federal e na Regi\u00e3o Integrada de Desenvolvimento do Distrito Federal e Entorno (Ride), o Governo do Distrito Federal aprovou, ao longo de 2023, o maior n\u00famero de empr\u00e9stimos diretos e indiretos solicitados pelo Fundo de Financiamento do Centro-Oeste (FCO). Neste ano, foram [&hellip;]<\/p>\n","protected":false},"author":2,"featured_media":319844,"comment_status":"closed","ping_status":"closed","sticky":false,"template":"","format":"standard","meta":{"_acf_changed":false,"footnotes":""},"categories":[161],"tags":[],"class_list":["post-319843","post","type-post","status-publish","format-standard","has-post-thumbnail","hentry","category-quadradinho-em-foco"],"acf":[],"yoast_head":"<!-- This site is optimized with the Yoast SEO plugin v27.2 - https:\/\/yoast.com\/product\/yoast-seo-wordpress\/ -->\n<title>Campo e cidade receberam 1 bi do FCO por a\u00e7\u00e3o do Buriti - Notibras<\/title>\n<meta name=\"robots\" content=\"index, follow, max-snippet:-1, max-image-preview:large, max-video-preview:-1\" \/>\n<link rel=\"canonical\" href=\"https:\/\/www.notibras.com\/site\/campo-e-cidade-receberam-1-bi-do-fco-por-acao-do-buriti\/\" \/>\n<meta property=\"og:locale\" content=\"pt_BR\" \/>\n<meta property=\"og:type\" content=\"article\" \/>\n<meta property=\"og:title\" content=\"Campo e cidade receberam 1 bi do FCO por a\u00e7\u00e3o do Buriti - Notibras\" \/>\n<meta property=\"og:description\" content=\"Como forma de incentivar o desenvolvimento do setor empresarial e rural no Distrito Federal e na Regi\u00e3o Integrada de Desenvolvimento do Distrito Federal e Entorno (Ride), o Governo do Distrito Federal aprovou, ao longo de 2023, o maior n\u00famero de empr\u00e9stimos diretos e indiretos solicitados pelo Fundo de Financiamento do Centro-Oeste (FCO). Neste ano, foram [&hellip;]\" \/>\n<meta property=\"og:url\" content=\"https:\/\/www.notibras.com\/site\/campo-e-cidade-receberam-1-bi-do-fco-por-acao-do-buriti\/\" \/>\n<meta property=\"og:site_name\" content=\"Notibras\" \/>\n<meta property=\"article:publisher\" content=\"https:\/\/www.facebook.com\/notibras\/\" \/>\n<meta property=\"article:published_time\" content=\"2023-12-28T11:15:25+00:00\" \/>\n<meta property=\"article:modified_time\" content=\"2023-12-28T13:04:35+00:00\" \/>\n<meta property=\"og:image\" content=\"https:\/\/www.notibras.com\/site\/wp-content\/uploads\/2023\/12\/camfco.jpg\" \/>\n\t<meta property=\"og:image:width\" content=\"799\" \/>\n\t<meta property=\"og:image:height\" content=\"533\" \/>\n\t<meta property=\"og:image:type\" content=\"image\/jpeg\" \/>\n<meta name=\"author\" content=\"Reda\u00e7\u00e3o\" \/>\n<meta name=\"twitter:card\" content=\"summary_large_image\" \/>\n<meta name=\"twitter:creator\" content=\"@Notibras\" \/>\n<meta name=\"twitter:site\" content=\"@Notibras\" \/>\n<meta name=\"twitter:label1\" content=\"Escrito por\" \/>\n\t<meta name=\"twitter:data1\" content=\"Reda\u00e7\u00e3o\" \/>\n\t<meta name=\"twitter:label2\" content=\"Est. tempo de leitura\" \/>\n\t<meta name=\"twitter:data2\" content=\"3 minutos\" \/>\n<script type=\"application\/ld+json\" class=\"yoast-schema-graph\">{\"@context\":\"https:\/\/schema.org\",\"@graph\":[{\"@type\":\"Article\",\"@id\":\"https:\/\/www.notibras.com\/site\/campo-e-cidade-receberam-1-bi-do-fco-por-acao-do-buriti\/#article\",\"isPartOf\":{\"@id\":\"https:\/\/www.notibras.com\/site\/campo-e-cidade-receberam-1-bi-do-fco-por-acao-do-buriti\/\"},\"author\":{\"name\":\"Reda\u00e7\u00e3o\",\"@id\":\"https:\/\/www.notibras.com\/site\/#\/schema\/person\/36ab0979449956132d3e5b517ea76ac8\"},\"headline\":\"Campo e cidade receberam 1 bi do FCO por a\u00e7\u00e3o do Buriti\",\"datePublished\":\"2023-12-28T11:15:25+00:00\",\"dateModified\":\"2023-12-28T13:04:35+00:00\",\"mainEntityOfPage\":{\"@id\":\"https:\/\/www.notibras.com\/site\/campo-e-cidade-receberam-1-bi-do-fco-por-acao-do-buriti\/\"},\"wordCount\":467,\"publisher\":{\"@id\":\"https:\/\/www.notibras.com\/site\/#organization\"},\"image\":{\"@id\":\"https:\/\/www.notibras.com\/site\/campo-e-cidade-receberam-1-bi-do-fco-por-acao-do-buriti\/#primaryimage\"},\"thumbnailUrl\":\"https:\/\/www.notibras.com\/site\/wp-content\/uploads\/2023\/12\/camfco.jpg\",\"articleSection\":[\"Quadradinho em Foco\"],\"inLanguage\":\"pt-BR\"},{\"@type\":\"WebPage\",\"@id\":\"https:\/\/www.notibras.com\/site\/campo-e-cidade-receberam-1-bi-do-fco-por-acao-do-buriti\/\",\"url\":\"https:\/\/www.notibras.com\/site\/campo-e-cidade-receberam-1-bi-do-fco-por-acao-do-buriti\/\",\"name\":\"Campo e cidade receberam 1 bi do FCO por a\u00e7\u00e3o do Buriti - Notibras\",\"isPartOf\":{\"@id\":\"https:\/\/www.notibras.com\/site\/#website\"},\"primaryImageOfPage\":{\"@id\":\"https:\/\/www.notibras.com\/site\/campo-e-cidade-receberam-1-bi-do-fco-por-acao-do-buriti\/#primaryimage\"},\"image\":{\"@id\":\"https:\/\/www.notibras.com\/site\/campo-e-cidade-receberam-1-bi-do-fco-por-acao-do-buriti\/#primaryimage\"},\"thumbnailUrl\":\"https:\/\/www.notibras.com\/site\/wp-content\/uploads\/2023\/12\/camfco.jpg\",\"datePublished\":\"2023-12-28T11:15:25+00:00\",\"dateModified\":\"2023-12-28T13:04:35+00:00\",\"breadcrumb\":{\"@id\":\"https:\/\/www.notibras.com\/site\/campo-e-cidade-receberam-1-bi-do-fco-por-acao-do-buriti\/#breadcrumb\"},\"inLanguage\":\"pt-BR\",\"potentialAction\":[{\"@type\":\"ReadAction\",\"target\":[\"https:\/\/www.notibras.com\/site\/campo-e-cidade-receberam-1-bi-do-fco-por-acao-do-buriti\/\"]}]},{\"@type\":\"ImageObject\",\"inLanguage\":\"pt-BR\",\"@id\":\"https:\/\/www.notibras.com\/site\/campo-e-cidade-receberam-1-bi-do-fco-por-acao-do-buriti\/#primaryimage\",\"url\":\"https:\/\/www.notibras.com\/site\/wp-content\/uploads\/2023\/12\/camfco.jpg\",\"contentUrl\":\"https:\/\/www.notibras.com\/site\/wp-content\/uploads\/2023\/12\/camfco.jpg\",\"width\":799,\"height\":533},{\"@type\":\"BreadcrumbList\",\"@id\":\"https:\/\/www.notibras.com\/site\/campo-e-cidade-receberam-1-bi-do-fco-por-acao-do-buriti\/#breadcrumb\",\"itemListElement\":[{\"@type\":\"ListItem\",\"position\":1,\"name\":\"In\u00edcio\",\"item\":\"https:\/\/www.notibras.com\/site\/\"},{\"@type\":\"ListItem\",\"position\":2,\"name\":\"Campo e cidade receberam 1 bi do FCO por a\u00e7\u00e3o do Buriti\"}]},{\"@type\":\"WebSite\",\"@id\":\"https:\/\/www.notibras.com\/site\/#website\",\"url\":\"https:\/\/www.notibras.com\/site\/\",\"name\":\"Notibras\",\"description\":\"Not\u00edcias de Bras\u00edlia, do Brasil e do Mundo\",\"publisher\":{\"@id\":\"https:\/\/www.notibras.com\/site\/#organization\"},\"potentialAction\":[{\"@type\":\"SearchAction\",\"target\":{\"@type\":\"EntryPoint\",\"urlTemplate\":\"https:\/\/www.notibras.com\/site\/?s={search_term_string}\"},\"query-input\":{\"@type\":\"PropertyValueSpecification\",\"valueRequired\":true,\"valueName\":\"search_term_string\"}}],\"inLanguage\":\"pt-BR\"},{\"@type\":\"Organization\",\"@id\":\"https:\/\/www.notibras.com\/site\/#organization\",\"name\":\"Grupo Notibras de Comunica\u00e7\u00e3o\",\"url\":\"https:\/\/www.notibras.com\/site\/\",\"logo\":{\"@type\":\"ImageObject\",\"inLanguage\":\"pt-BR\",\"@id\":\"https:\/\/www.notibras.com\/site\/#\/schema\/logo\/image\/\",\"url\":\"https:\/\/www.notibras.com\/site\/wp-content\/uploads\/2023\/01\/notibras23.png\",\"contentUrl\":\"https:\/\/www.notibras.com\/site\/wp-content\/uploads\/2023\/01\/notibras23.png\",\"width\":350,\"height\":87,\"caption\":\"Grupo Notibras de Comunica\u00e7\u00e3o\"},\"image\":{\"@id\":\"https:\/\/www.notibras.com\/site\/#\/schema\/logo\/image\/\"},\"sameAs\":[\"https:\/\/www.facebook.com\/notibras\/\",\"https:\/\/x.com\/Notibras\",\"https:\/\/www.instagram.com\/notibras\/\"]},{\"@type\":\"Person\",\"@id\":\"https:\/\/www.notibras.com\/site\/#\/schema\/person\/36ab0979449956132d3e5b517ea76ac8\",\"name\":\"Reda\u00e7\u00e3o\",\"image\":{\"@type\":\"ImageObject\",\"inLanguage\":\"pt-BR\",\"@id\":\"https:\/\/secure.gravatar.com\/avatar\/e0a867bdedb85fd243eadf09663511f96fc81e0720a4a42581f334ad4303aa6b?s=96&d=mm&r=g\",\"url\":\"https:\/\/secure.gravatar.com\/avatar\/e0a867bdedb85fd243eadf09663511f96fc81e0720a4a42581f334ad4303aa6b?s=96&d=mm&r=g\",\"contentUrl\":\"https:\/\/secure.gravatar.com\/avatar\/e0a867bdedb85fd243eadf09663511f96fc81e0720a4a42581f334ad4303aa6b?s=96&d=mm&r=g\",\"caption\":\"Reda\u00e7\u00e3o\"}}]}<\/script>\n<!-- \/ Yoast SEO plugin. -->","yoast_head_json":{"title":"Campo e cidade receberam 1 bi do FCO por a\u00e7\u00e3o do Buriti - Notibras","robots":{"index":"index","follow":"follow","max-snippet":"max-snippet:-1","max-image-preview":"max-image-preview:large","max-video-preview":"max-video-preview:-1"},"canonical":"https:\/\/www.notibras.com\/site\/campo-e-cidade-receberam-1-bi-do-fco-por-acao-do-buriti\/","og_locale":"pt_BR","og_type":"article","og_title":"Campo e cidade receberam 1 bi do FCO por a\u00e7\u00e3o do Buriti - Notibras","og_description":"Como forma de incentivar o desenvolvimento do setor empresarial e rural no Distrito Federal e na Regi\u00e3o Integrada de Desenvolvimento do Distrito Federal e Entorno (Ride), o Governo do Distrito Federal aprovou, ao longo de 2023, o maior n\u00famero de empr\u00e9stimos diretos e indiretos solicitados pelo Fundo de Financiamento do Centro-Oeste (FCO). Neste ano, foram [&hellip;]","og_url":"https:\/\/www.notibras.com\/site\/campo-e-cidade-receberam-1-bi-do-fco-por-acao-do-buriti\/","og_site_name":"Notibras","article_publisher":"https:\/\/www.facebook.com\/notibras\/","article_published_time":"2023-12-28T11:15:25+00:00","article_modified_time":"2023-12-28T13:04:35+00:00","og_image":[{"width":799,"height":533,"url":"https:\/\/www.notibras.com\/site\/wp-content\/uploads\/2023\/12\/camfco.jpg","type":"image\/jpeg"}],"author":"Reda\u00e7\u00e3o","twitter_card":"summary_large_image","twitter_creator":"@Notibras","twitter_site":"@Notibras","twitter_misc":{"Escrito por":"Reda\u00e7\u00e3o","Est. tempo de leitura":"3 minutos"},"schema":{"@context":"https:\/\/schema.org","@graph":[{"@type":"Article","@id":"https:\/\/www.notibras.com\/site\/campo-e-cidade-receberam-1-bi-do-fco-por-acao-do-buriti\/#article","isPartOf":{"@id":"https:\/\/www.notibras.com\/site\/campo-e-cidade-receberam-1-bi-do-fco-por-acao-do-buriti\/"},"author":{"name":"Reda\u00e7\u00e3o","@id":"https:\/\/www.notibras.com\/site\/#\/schema\/person\/36ab0979449956132d3e5b517ea76ac8"},"headline":"Campo e cidade receberam 1 bi do FCO por a\u00e7\u00e3o do Buriti","datePublished":"2023-12-28T11:15:25+00:00","dateModified":"2023-12-28T13:04:35+00:00","mainEntityOfPage":{"@id":"https:\/\/www.notibras.com\/site\/campo-e-cidade-receberam-1-bi-do-fco-por-acao-do-buriti\/"},"wordCount":467,"publisher":{"@id":"https:\/\/www.notibras.com\/site\/#organization"},"image":{"@id":"https:\/\/www.notibras.com\/site\/campo-e-cidade-receberam-1-bi-do-fco-por-acao-do-buriti\/#primaryimage"},"thumbnailUrl":"https:\/\/www.notibras.com\/site\/wp-content\/uploads\/2023\/12\/camfco.jpg","articleSection":["Quadradinho em Foco"],"inLanguage":"pt-BR"},{"@type":"WebPage","@id":"https:\/\/www.notibras.com\/site\/campo-e-cidade-receberam-1-bi-do-fco-por-acao-do-buriti\/","url":"https:\/\/www.notibras.com\/site\/campo-e-cidade-receberam-1-bi-do-fco-por-acao-do-buriti\/","name":"Campo e cidade receberam 1 bi do FCO por a\u00e7\u00e3o do Buriti - Notibras","isPartOf":{"@id":"https:\/\/www.notibras.com\/site\/#website"},"primaryImageOfPage":{"@id":"https:\/\/www.notibras.com\/site\/campo-e-cidade-receberam-1-bi-do-fco-por-acao-do-buriti\/#primaryimage"},"image":{"@id":"https:\/\/www.notibras.com\/site\/campo-e-cidade-receberam-1-bi-do-fco-por-acao-do-buriti\/#primaryimage"},"thumbnailUrl":"https:\/\/www.notibras.com\/site\/wp-content\/uploads\/2023\/12\/camfco.jpg","datePublished":"2023-12-28T11:15:25+00:00","dateModified":"2023-12-28T13:04:35+00:00","breadcrumb":{"@id":"https:\/\/www.notibras.com\/site\/campo-e-cidade-receberam-1-bi-do-fco-por-acao-do-buriti\/#breadcrumb"},"inLanguage":"pt-BR","potentialAction":[{"@type":"ReadAction","target":["https:\/\/www.notibras.com\/site\/campo-e-cidade-receberam-1-bi-do-fco-por-acao-do-buriti\/"]}]},{"@type":"ImageObject","inLanguage":"pt-BR","@id":"https:\/\/www.notibras.com\/site\/campo-e-cidade-receberam-1-bi-do-fco-por-acao-do-buriti\/#primaryimage","url":"https:\/\/www.notibras.com\/site\/wp-content\/uploads\/2023\/12\/camfco.jpg","contentUrl":"https:\/\/www.notibras.com\/site\/wp-content\/uploads\/2023\/12\/camfco.jpg","width":799,"height":533},{"@type":"BreadcrumbList","@id":"https:\/\/www.notibras.com\/site\/campo-e-cidade-receberam-1-bi-do-fco-por-acao-do-buriti\/#breadcrumb","itemListElement":[{"@type":"ListItem","position":1,"name":"In\u00edcio","item":"https:\/\/www.notibras.com\/site\/"},{"@type":"ListItem","position":2,"name":"Campo e cidade receberam 1 bi do FCO por a\u00e7\u00e3o do Buriti"}]},{"@type":"WebSite","@id":"https:\/\/www.notibras.com\/site\/#website","url":"https:\/\/www.notibras.com\/site\/","name":"Notibras","description":"Not\u00edcias de Bras\u00edlia, do Brasil e do Mundo","publisher":{"@id":"https:\/\/www.notibras.com\/site\/#organization"},"potentialAction":[{"@type":"SearchAction","target":{"@type":"EntryPoint","urlTemplate":"https:\/\/www.notibras.com\/site\/?s={search_term_string}"},"query-input":{"@type":"PropertyValueSpecification","valueRequired":true,"valueName":"search_term_string"}}],"inLanguage":"pt-BR"},{"@type":"Organization","@id":"https:\/\/www.notibras.com\/site\/#organization","name":"Grupo Notibras de Comunica\u00e7\u00e3o","url":"https:\/\/www.notibras.com\/site\/","logo":{"@type":"ImageObject","inLanguage":"pt-BR","@id":"https:\/\/www.notibras.com\/site\/#\/schema\/logo\/image\/","url":"https:\/\/www.notibras.com\/site\/wp-content\/uploads\/2023\/01\/notibras23.png","contentUrl":"https:\/\/www.notibras.com\/site\/wp-content\/uploads\/2023\/01\/notibras23.png","width":350,"height":87,"caption":"Grupo Notibras de Comunica\u00e7\u00e3o"},"image":{"@id":"https:\/\/www.notibras.com\/site\/#\/schema\/logo\/image\/"},"sameAs":["https:\/\/www.facebook.com\/notibras\/","https:\/\/x.com\/Notibras","https:\/\/www.instagram.com\/notibras\/"]},{"@type":"Person","@id":"https:\/\/www.notibras.com\/site\/#\/schema\/person\/36ab0979449956132d3e5b517ea76ac8","name":"Reda\u00e7\u00e3o","image":{"@type":"ImageObject","inLanguage":"pt-BR","@id":"https:\/\/secure.gravatar.com\/avatar\/e0a867bdedb85fd243eadf09663511f96fc81e0720a4a42581f334ad4303aa6b?s=96&d=mm&r=g","url":"https:\/\/secure.gravatar.com\/avatar\/e0a867bdedb85fd243eadf09663511f96fc81e0720a4a42581f334ad4303aa6b?s=96&d=mm&r=g","contentUrl":"https:\/\/secure.gravatar.com\/avatar\/e0a867bdedb85fd243eadf09663511f96fc81e0720a4a42581f334ad4303aa6b?s=96&d=mm&r=g","caption":"Reda\u00e7\u00e3o"}}]}},"amp_enabled":true,"_links":{"self":[{"href":"https:\/\/www.notibras.com\/site\/wp-json\/wp\/v2\/posts\/319843","targetHints":{"allow":["GET"]}}],"collection":[{"href":"https:\/\/www.notibras.com\/site\/wp-json\/wp\/v2\/posts"}],"about":[{"href":"https:\/\/www.notibras.com\/site\/wp-json\/wp\/v2\/types\/post"}],"author":[{"embeddable":true,"href":"https:\/\/www.notibras.com\/site\/wp-json\/wp\/v2\/users\/2"}],"replies":[{"embeddable":true,"href":"https:\/\/www.notibras.com\/site\/wp-json\/wp\/v2\/comments?post=319843"}],"version-history":[{"count":1,"href":"https:\/\/www.notibras.com\/site\/wp-json\/wp\/v2\/posts\/319843\/revisions"}],"predecessor-version":[{"id":319845,"href":"https:\/\/www.notibras.com\/site\/wp-json\/wp\/v2\/posts\/319843\/revisions\/319845"}],"wp:featuredmedia":[{"embeddable":true,"href":"https:\/\/www.notibras.com\/site\/wp-json\/wp\/v2\/media\/319844"}],"wp:attachment":[{"href":"https:\/\/www.notibras.com\/site\/wp-json\/wp\/v2\/media?parent=319843"}],"wp:term":[{"taxonomy":"category","embeddable":true,"href":"https:\/\/www.notibras.com\/site\/wp-json\/wp\/v2\/categories?post=319843"},{"taxonomy":"post_tag","embeddable":true,"href":"https:\/\/www.notibras.com\/site\/wp-json\/wp\/v2\/tags?post=319843"}],"curies":[{"name":"wp","href":"https:\/\/api.w.org\/{rel}","templated":true}]}}