{"id":319866,"date":"2023-12-29T00:11:40","date_gmt":"2023-12-29T03:11:40","guid":{"rendered":"https:\/\/www.notibras.com\/site\/?p=319866"},"modified":"2023-12-29T01:15:51","modified_gmt":"2023-12-29T04:15:51","slug":"operacao-ano-novo-da-policia-rodoviaria-esta-nas-ruas","status":"publish","type":"post","link":"https:\/\/www.notibras.com\/site\/operacao-ano-novo-da-policia-rodoviaria-esta-nas-ruas\/","title":{"rendered":"Opera\u00e7\u00e3o Ano Novo da Pol\u00edcia Rodovi\u00e1ria est\u00e1 nas ruas"},"content":{"rendered":"<p>Come\u00e7ou \u00e0 0h desta sexta-feira (29) a Opera\u00e7\u00e3o Ano Novo nas rodovias federais. At\u00e9 o \u00faltimo minuto do dia 1\u00ba de janeiro de 2024, policiais rodovi\u00e1rios federais intensificar\u00e3o esfor\u00e7os para garantir a seguran\u00e7a das estradas.<\/p>\n<p>Segundo a PRF, ser\u00e3o feitas a\u00e7\u00f5es de combate \u00e0 embriaguez ao volante e de conscientiza\u00e7\u00e3o dos motoristas sobre os riscos que a ingest\u00e3o de \u00e1lcool associada \u00e0 dire\u00e7\u00e3o representa. Os policiais fiscalizar\u00e3o tamb\u00e9m as condi\u00e7\u00f5es dos ve\u00edculos e o uso adequado de equipamentos obrigat\u00f3rios como cinto de seguran\u00e7a, capacete e dispositivo de reten\u00e7\u00e3o de crian\u00e7as.<\/p>\n<p>Tamb\u00e9m ser\u00e3o foco de fiscaliza\u00e7\u00e3o pr\u00e1ticas delituosas como excessos de velocidade e ultrapassagens em locais proibidos.<\/p>\n<p>Em todo o ano passado, conduzir ve\u00edculo sob efeito de \u00e1lcool foi a sexta maior causa de acidentes nas rodovias federais. Nas 4.318 ocorr\u00eancias, 3.839 pessoas ficaram feridas e 201 morreram.<\/p>\n<p>De janeiro a novembro deste ano, a estat\u00edstica de sinistros provocados por ingest\u00e3o de \u00e1lcool pelo condutor apresentou queda de 18% na compara\u00e7\u00e3o com o mesmo per\u00edodo do ano passado\u201d, informou a PRF.<\/p>\n","protected":false},"excerpt":{"rendered":"<p>Come\u00e7ou \u00e0 0h desta sexta-feira (29) a Opera\u00e7\u00e3o Ano Novo nas rodovias federais. At\u00e9 o \u00faltimo minuto do dia 1\u00ba de janeiro de 2024, policiais rodovi\u00e1rios federais intensificar\u00e3o esfor\u00e7os para garantir a seguran\u00e7a das estradas. Segundo a PRF, ser\u00e3o feitas a\u00e7\u00f5es de combate \u00e0 embriaguez ao volante e de conscientiza\u00e7\u00e3o dos motoristas sobre os riscos [&hellip;]<\/p>\n","protected":false},"author":2,"featured_media":319867,"comment_status":"closed","ping_status":"closed","sticky":false,"template":"","format":"standard","meta":{"_acf_changed":false,"footnotes":""},"categories":[161],"tags":[95],"class_list":["post-319866","post","type-post","status-publish","format-standard","has-post-thumbnail","hentry","category-quadradinho-em-foco","tag-capa"],"acf":[],"yoast_head":"<!-- This site is optimized with the Yoast SEO plugin v27.2 - https:\/\/yoast.com\/product\/yoast-seo-wordpress\/ -->\n<title>Opera\u00e7\u00e3o Ano Novo da Pol\u00edcia Rodovi\u00e1ria est\u00e1 nas ruas - Notibras<\/title>\n<meta name=\"robots\" content=\"index, follow, max-snippet:-1, max-image-preview:large, max-video-preview:-1\" \/>\n<link rel=\"canonical\" href=\"https:\/\/www.notibras.com\/site\/operacao-ano-novo-da-policia-rodoviaria-esta-nas-ruas\/\" \/>\n<meta property=\"og:locale\" content=\"pt_BR\" \/>\n<meta property=\"og:type\" content=\"article\" \/>\n<meta property=\"og:title\" content=\"Opera\u00e7\u00e3o Ano Novo da Pol\u00edcia Rodovi\u00e1ria est\u00e1 nas ruas - Notibras\" \/>\n<meta property=\"og:description\" content=\"Come\u00e7ou \u00e0 0h desta sexta-feira (29) a Opera\u00e7\u00e3o Ano Novo nas rodovias federais. At\u00e9 o \u00faltimo minuto do dia 1\u00ba de janeiro de 2024, policiais rodovi\u00e1rios federais intensificar\u00e3o esfor\u00e7os para garantir a seguran\u00e7a das estradas. Segundo a PRF, ser\u00e3o feitas a\u00e7\u00f5es de combate \u00e0 embriaguez ao volante e de conscientiza\u00e7\u00e3o dos motoristas sobre os riscos [&hellip;]\" \/>\n<meta property=\"og:url\" content=\"https:\/\/www.notibras.com\/site\/operacao-ano-novo-da-policia-rodoviaria-esta-nas-ruas\/\" \/>\n<meta property=\"og:site_name\" content=\"Notibras\" \/>\n<meta property=\"article:publisher\" content=\"https:\/\/www.facebook.com\/notibras\/\" \/>\n<meta property=\"article:published_time\" content=\"2023-12-29T03:11:40+00:00\" \/>\n<meta property=\"article:modified_time\" content=\"2023-12-29T04:15:51+00:00\" \/>\n<meta property=\"og:image\" content=\"https:\/\/www.notibras.com\/site\/wp-content\/uploads\/2023\/12\/prfanonovo.webp\" \/>\n\t<meta property=\"og:image:width\" content=\"1170\" \/>\n\t<meta property=\"og:image:height\" content=\"700\" \/>\n\t<meta property=\"og:image:type\" content=\"image\/webp\" \/>\n<meta name=\"author\" content=\"Reda\u00e7\u00e3o\" \/>\n<meta name=\"twitter:card\" content=\"summary_large_image\" \/>\n<meta name=\"twitter:creator\" content=\"@Notibras\" \/>\n<meta name=\"twitter:site\" content=\"@Notibras\" \/>\n<meta name=\"twitter:label1\" content=\"Escrito por\" \/>\n\t<meta name=\"twitter:data1\" content=\"Reda\u00e7\u00e3o\" \/>\n\t<meta name=\"twitter:label2\" content=\"Est. tempo de leitura\" \/>\n\t<meta name=\"twitter:data2\" content=\"1 minuto\" \/>\n<script type=\"application\/ld+json\" class=\"yoast-schema-graph\">{\"@context\":\"https:\/\/schema.org\",\"@graph\":[{\"@type\":\"Article\",\"@id\":\"https:\/\/www.notibras.com\/site\/operacao-ano-novo-da-policia-rodoviaria-esta-nas-ruas\/#article\",\"isPartOf\":{\"@id\":\"https:\/\/www.notibras.com\/site\/operacao-ano-novo-da-policia-rodoviaria-esta-nas-ruas\/\"},\"author\":{\"name\":\"Reda\u00e7\u00e3o\",\"@id\":\"https:\/\/www.notibras.com\/site\/#\/schema\/person\/36ab0979449956132d3e5b517ea76ac8\"},\"headline\":\"Opera\u00e7\u00e3o Ano Novo da Pol\u00edcia Rodovi\u00e1ria est\u00e1 nas ruas\",\"datePublished\":\"2023-12-29T03:11:40+00:00\",\"dateModified\":\"2023-12-29T04:15:51+00:00\",\"mainEntityOfPage\":{\"@id\":\"https:\/\/www.notibras.com\/site\/operacao-ano-novo-da-policia-rodoviaria-esta-nas-ruas\/\"},\"wordCount\":201,\"publisher\":{\"@id\":\"https:\/\/www.notibras.com\/site\/#organization\"},\"image\":{\"@id\":\"https:\/\/www.notibras.com\/site\/operacao-ano-novo-da-policia-rodoviaria-esta-nas-ruas\/#primaryimage\"},\"thumbnailUrl\":\"https:\/\/www.notibras.com\/site\/wp-content\/uploads\/2023\/12\/prfanonovo.webp\",\"keywords\":[\"capa\"],\"articleSection\":[\"Quadradinho em Foco\"],\"inLanguage\":\"pt-BR\"},{\"@type\":\"WebPage\",\"@id\":\"https:\/\/www.notibras.com\/site\/operacao-ano-novo-da-policia-rodoviaria-esta-nas-ruas\/\",\"url\":\"https:\/\/www.notibras.com\/site\/operacao-ano-novo-da-policia-rodoviaria-esta-nas-ruas\/\",\"name\":\"Opera\u00e7\u00e3o Ano Novo da Pol\u00edcia Rodovi\u00e1ria est\u00e1 nas ruas - Notibras\",\"isPartOf\":{\"@id\":\"https:\/\/www.notibras.com\/site\/#website\"},\"primaryImageOfPage\":{\"@id\":\"https:\/\/www.notibras.com\/site\/operacao-ano-novo-da-policia-rodoviaria-esta-nas-ruas\/#primaryimage\"},\"image\":{\"@id\":\"https:\/\/www.notibras.com\/site\/operacao-ano-novo-da-policia-rodoviaria-esta-nas-ruas\/#primaryimage\"},\"thumbnailUrl\":\"https:\/\/www.notibras.com\/site\/wp-content\/uploads\/2023\/12\/prfanonovo.webp\",\"datePublished\":\"2023-12-29T03:11:40+00:00\",\"dateModified\":\"2023-12-29T04:15:51+00:00\",\"breadcrumb\":{\"@id\":\"https:\/\/www.notibras.com\/site\/operacao-ano-novo-da-policia-rodoviaria-esta-nas-ruas\/#breadcrumb\"},\"inLanguage\":\"pt-BR\",\"potentialAction\":[{\"@type\":\"ReadAction\",\"target\":[\"https:\/\/www.notibras.com\/site\/operacao-ano-novo-da-policia-rodoviaria-esta-nas-ruas\/\"]}]},{\"@type\":\"ImageObject\",\"inLanguage\":\"pt-BR\",\"@id\":\"https:\/\/www.notibras.com\/site\/operacao-ano-novo-da-policia-rodoviaria-esta-nas-ruas\/#primaryimage\",\"url\":\"https:\/\/www.notibras.com\/site\/wp-content\/uploads\/2023\/12\/prfanonovo.webp\",\"contentUrl\":\"https:\/\/www.notibras.com\/site\/wp-content\/uploads\/2023\/12\/prfanonovo.webp\",\"width\":1170,\"height\":700},{\"@type\":\"BreadcrumbList\",\"@id\":\"https:\/\/www.notibras.com\/site\/operacao-ano-novo-da-policia-rodoviaria-esta-nas-ruas\/#breadcrumb\",\"itemListElement\":[{\"@type\":\"ListItem\",\"position\":1,\"name\":\"In\u00edcio\",\"item\":\"https:\/\/www.notibras.com\/site\/\"},{\"@type\":\"ListItem\",\"position\":2,\"name\":\"Opera\u00e7\u00e3o Ano Novo da Pol\u00edcia Rodovi\u00e1ria est\u00e1 nas ruas\"}]},{\"@type\":\"WebSite\",\"@id\":\"https:\/\/www.notibras.com\/site\/#website\",\"url\":\"https:\/\/www.notibras.com\/site\/\",\"name\":\"Notibras\",\"description\":\"Not\u00edcias de Bras\u00edlia, do Brasil e do Mundo\",\"publisher\":{\"@id\":\"https:\/\/www.notibras.com\/site\/#organization\"},\"potentialAction\":[{\"@type\":\"SearchAction\",\"target\":{\"@type\":\"EntryPoint\",\"urlTemplate\":\"https:\/\/www.notibras.com\/site\/?s={search_term_string}\"},\"query-input\":{\"@type\":\"PropertyValueSpecification\",\"valueRequired\":true,\"valueName\":\"search_term_string\"}}],\"inLanguage\":\"pt-BR\"},{\"@type\":\"Organization\",\"@id\":\"https:\/\/www.notibras.com\/site\/#organization\",\"name\":\"Grupo Notibras de Comunica\u00e7\u00e3o\",\"url\":\"https:\/\/www.notibras.com\/site\/\",\"logo\":{\"@type\":\"ImageObject\",\"inLanguage\":\"pt-BR\",\"@id\":\"https:\/\/www.notibras.com\/site\/#\/schema\/logo\/image\/\",\"url\":\"https:\/\/www.notibras.com\/site\/wp-content\/uploads\/2023\/01\/notibras23.png\",\"contentUrl\":\"https:\/\/www.notibras.com\/site\/wp-content\/uploads\/2023\/01\/notibras23.png\",\"width\":350,\"height\":87,\"caption\":\"Grupo Notibras de Comunica\u00e7\u00e3o\"},\"image\":{\"@id\":\"https:\/\/www.notibras.com\/site\/#\/schema\/logo\/image\/\"},\"sameAs\":[\"https:\/\/www.facebook.com\/notibras\/\",\"https:\/\/x.com\/Notibras\",\"https:\/\/www.instagram.com\/notibras\/\"]},{\"@type\":\"Person\",\"@id\":\"https:\/\/www.notibras.com\/site\/#\/schema\/person\/36ab0979449956132d3e5b517ea76ac8\",\"name\":\"Reda\u00e7\u00e3o\",\"image\":{\"@type\":\"ImageObject\",\"inLanguage\":\"pt-BR\",\"@id\":\"https:\/\/secure.gravatar.com\/avatar\/e0a867bdedb85fd243eadf09663511f96fc81e0720a4a42581f334ad4303aa6b?s=96&d=mm&r=g\",\"url\":\"https:\/\/secure.gravatar.com\/avatar\/e0a867bdedb85fd243eadf09663511f96fc81e0720a4a42581f334ad4303aa6b?s=96&d=mm&r=g\",\"contentUrl\":\"https:\/\/secure.gravatar.com\/avatar\/e0a867bdedb85fd243eadf09663511f96fc81e0720a4a42581f334ad4303aa6b?s=96&d=mm&r=g\",\"caption\":\"Reda\u00e7\u00e3o\"}}]}<\/script>\n<!-- \/ Yoast SEO plugin. -->","yoast_head_json":{"title":"Opera\u00e7\u00e3o Ano Novo da Pol\u00edcia Rodovi\u00e1ria est\u00e1 nas ruas - Notibras","robots":{"index":"index","follow":"follow","max-snippet":"max-snippet:-1","max-image-preview":"max-image-preview:large","max-video-preview":"max-video-preview:-1"},"canonical":"https:\/\/www.notibras.com\/site\/operacao-ano-novo-da-policia-rodoviaria-esta-nas-ruas\/","og_locale":"pt_BR","og_type":"article","og_title":"Opera\u00e7\u00e3o Ano Novo da Pol\u00edcia Rodovi\u00e1ria est\u00e1 nas ruas - Notibras","og_description":"Come\u00e7ou \u00e0 0h desta sexta-feira (29) a Opera\u00e7\u00e3o Ano Novo nas rodovias federais. At\u00e9 o \u00faltimo minuto do dia 1\u00ba de janeiro de 2024, policiais rodovi\u00e1rios federais intensificar\u00e3o esfor\u00e7os para garantir a seguran\u00e7a das estradas. Segundo a PRF, ser\u00e3o feitas a\u00e7\u00f5es de combate \u00e0 embriaguez ao volante e de conscientiza\u00e7\u00e3o dos motoristas sobre os riscos [&hellip;]","og_url":"https:\/\/www.notibras.com\/site\/operacao-ano-novo-da-policia-rodoviaria-esta-nas-ruas\/","og_site_name":"Notibras","article_publisher":"https:\/\/www.facebook.com\/notibras\/","article_published_time":"2023-12-29T03:11:40+00:00","article_modified_time":"2023-12-29T04:15:51+00:00","og_image":[{"width":1170,"height":700,"url":"https:\/\/www.notibras.com\/site\/wp-content\/uploads\/2023\/12\/prfanonovo.webp","type":"image\/webp"}],"author":"Reda\u00e7\u00e3o","twitter_card":"summary_large_image","twitter_creator":"@Notibras","twitter_site":"@Notibras","twitter_misc":{"Escrito por":"Reda\u00e7\u00e3o","Est. tempo de leitura":"1 minuto"},"schema":{"@context":"https:\/\/schema.org","@graph":[{"@type":"Article","@id":"https:\/\/www.notibras.com\/site\/operacao-ano-novo-da-policia-rodoviaria-esta-nas-ruas\/#article","isPartOf":{"@id":"https:\/\/www.notibras.com\/site\/operacao-ano-novo-da-policia-rodoviaria-esta-nas-ruas\/"},"author":{"name":"Reda\u00e7\u00e3o","@id":"https:\/\/www.notibras.com\/site\/#\/schema\/person\/36ab0979449956132d3e5b517ea76ac8"},"headline":"Opera\u00e7\u00e3o Ano Novo da Pol\u00edcia Rodovi\u00e1ria est\u00e1 nas ruas","datePublished":"2023-12-29T03:11:40+00:00","dateModified":"2023-12-29T04:15:51+00:00","mainEntityOfPage":{"@id":"https:\/\/www.notibras.com\/site\/operacao-ano-novo-da-policia-rodoviaria-esta-nas-ruas\/"},"wordCount":201,"publisher":{"@id":"https:\/\/www.notibras.com\/site\/#organization"},"image":{"@id":"https:\/\/www.notibras.com\/site\/operacao-ano-novo-da-policia-rodoviaria-esta-nas-ruas\/#primaryimage"},"thumbnailUrl":"https:\/\/www.notibras.com\/site\/wp-content\/uploads\/2023\/12\/prfanonovo.webp","keywords":["capa"],"articleSection":["Quadradinho em Foco"],"inLanguage":"pt-BR"},{"@type":"WebPage","@id":"https:\/\/www.notibras.com\/site\/operacao-ano-novo-da-policia-rodoviaria-esta-nas-ruas\/","url":"https:\/\/www.notibras.com\/site\/operacao-ano-novo-da-policia-rodoviaria-esta-nas-ruas\/","name":"Opera\u00e7\u00e3o Ano Novo da Pol\u00edcia Rodovi\u00e1ria est\u00e1 nas ruas - Notibras","isPartOf":{"@id":"https:\/\/www.notibras.com\/site\/#website"},"primaryImageOfPage":{"@id":"https:\/\/www.notibras.com\/site\/operacao-ano-novo-da-policia-rodoviaria-esta-nas-ruas\/#primaryimage"},"image":{"@id":"https:\/\/www.notibras.com\/site\/operacao-ano-novo-da-policia-rodoviaria-esta-nas-ruas\/#primaryimage"},"thumbnailUrl":"https:\/\/www.notibras.com\/site\/wp-content\/uploads\/2023\/12\/prfanonovo.webp","datePublished":"2023-12-29T03:11:40+00:00","dateModified":"2023-12-29T04:15:51+00:00","breadcrumb":{"@id":"https:\/\/www.notibras.com\/site\/operacao-ano-novo-da-policia-rodoviaria-esta-nas-ruas\/#breadcrumb"},"inLanguage":"pt-BR","potentialAction":[{"@type":"ReadAction","target":["https:\/\/www.notibras.com\/site\/operacao-ano-novo-da-policia-rodoviaria-esta-nas-ruas\/"]}]},{"@type":"ImageObject","inLanguage":"pt-BR","@id":"https:\/\/www.notibras.com\/site\/operacao-ano-novo-da-policia-rodoviaria-esta-nas-ruas\/#primaryimage","url":"https:\/\/www.notibras.com\/site\/wp-content\/uploads\/2023\/12\/prfanonovo.webp","contentUrl":"https:\/\/www.notibras.com\/site\/wp-content\/uploads\/2023\/12\/prfanonovo.webp","width":1170,"height":700},{"@type":"BreadcrumbList","@id":"https:\/\/www.notibras.com\/site\/operacao-ano-novo-da-policia-rodoviaria-esta-nas-ruas\/#breadcrumb","itemListElement":[{"@type":"ListItem","position":1,"name":"In\u00edcio","item":"https:\/\/www.notibras.com\/site\/"},{"@type":"ListItem","position":2,"name":"Opera\u00e7\u00e3o Ano Novo da Pol\u00edcia Rodovi\u00e1ria est\u00e1 nas ruas"}]},{"@type":"WebSite","@id":"https:\/\/www.notibras.com\/site\/#website","url":"https:\/\/www.notibras.com\/site\/","name":"Notibras","description":"Not\u00edcias de Bras\u00edlia, do Brasil e do Mundo","publisher":{"@id":"https:\/\/www.notibras.com\/site\/#organization"},"potentialAction":[{"@type":"SearchAction","target":{"@type":"EntryPoint","urlTemplate":"https:\/\/www.notibras.com\/site\/?s={search_term_string}"},"query-input":{"@type":"PropertyValueSpecification","valueRequired":true,"valueName":"search_term_string"}}],"inLanguage":"pt-BR"},{"@type":"Organization","@id":"https:\/\/www.notibras.com\/site\/#organization","name":"Grupo Notibras de Comunica\u00e7\u00e3o","url":"https:\/\/www.notibras.com\/site\/","logo":{"@type":"ImageObject","inLanguage":"pt-BR","@id":"https:\/\/www.notibras.com\/site\/#\/schema\/logo\/image\/","url":"https:\/\/www.notibras.com\/site\/wp-content\/uploads\/2023\/01\/notibras23.png","contentUrl":"https:\/\/www.notibras.com\/site\/wp-content\/uploads\/2023\/01\/notibras23.png","width":350,"height":87,"caption":"Grupo Notibras de Comunica\u00e7\u00e3o"},"image":{"@id":"https:\/\/www.notibras.com\/site\/#\/schema\/logo\/image\/"},"sameAs":["https:\/\/www.facebook.com\/notibras\/","https:\/\/x.com\/Notibras","https:\/\/www.instagram.com\/notibras\/"]},{"@type":"Person","@id":"https:\/\/www.notibras.com\/site\/#\/schema\/person\/36ab0979449956132d3e5b517ea76ac8","name":"Reda\u00e7\u00e3o","image":{"@type":"ImageObject","inLanguage":"pt-BR","@id":"https:\/\/secure.gravatar.com\/avatar\/e0a867bdedb85fd243eadf09663511f96fc81e0720a4a42581f334ad4303aa6b?s=96&d=mm&r=g","url":"https:\/\/secure.gravatar.com\/avatar\/e0a867bdedb85fd243eadf09663511f96fc81e0720a4a42581f334ad4303aa6b?s=96&d=mm&r=g","contentUrl":"https:\/\/secure.gravatar.com\/avatar\/e0a867bdedb85fd243eadf09663511f96fc81e0720a4a42581f334ad4303aa6b?s=96&d=mm&r=g","caption":"Reda\u00e7\u00e3o"}}]}},"amp_enabled":true,"_links":{"self":[{"href":"https:\/\/www.notibras.com\/site\/wp-json\/wp\/v2\/posts\/319866","targetHints":{"allow":["GET"]}}],"collection":[{"href":"https:\/\/www.notibras.com\/site\/wp-json\/wp\/v2\/posts"}],"about":[{"href":"https:\/\/www.notibras.com\/site\/wp-json\/wp\/v2\/types\/post"}],"author":[{"embeddable":true,"href":"https:\/\/www.notibras.com\/site\/wp-json\/wp\/v2\/users\/2"}],"replies":[{"embeddable":true,"href":"https:\/\/www.notibras.com\/site\/wp-json\/wp\/v2\/comments?post=319866"}],"version-history":[{"count":1,"href":"https:\/\/www.notibras.com\/site\/wp-json\/wp\/v2\/posts\/319866\/revisions"}],"predecessor-version":[{"id":319868,"href":"https:\/\/www.notibras.com\/site\/wp-json\/wp\/v2\/posts\/319866\/revisions\/319868"}],"wp:featuredmedia":[{"embeddable":true,"href":"https:\/\/www.notibras.com\/site\/wp-json\/wp\/v2\/media\/319867"}],"wp:attachment":[{"href":"https:\/\/www.notibras.com\/site\/wp-json\/wp\/v2\/media?parent=319866"}],"wp:term":[{"taxonomy":"category","embeddable":true,"href":"https:\/\/www.notibras.com\/site\/wp-json\/wp\/v2\/categories?post=319866"},{"taxonomy":"post_tag","embeddable":true,"href":"https:\/\/www.notibras.com\/site\/wp-json\/wp\/v2\/tags?post=319866"}],"curies":[{"name":"wp","href":"https:\/\/api.w.org\/{rel}","templated":true}]}}