{"id":319875,"date":"2023-12-29T00:35:28","date_gmt":"2023-12-29T03:35:28","guid":{"rendered":"https:\/\/www.notibras.com\/site\/?p=319875"},"modified":"2023-12-29T01:37:51","modified_gmt":"2023-12-29T04:37:51","slug":"ano-de-2024-tera-10-feriados-e-8-pontos-facultativos","status":"publish","type":"post","link":"https:\/\/www.notibras.com\/site\/ano-de-2024-tera-10-feriados-e-8-pontos-facultativos\/","title":{"rendered":"Ano de 2024 ter\u00e1 10 feriados e 8 pontos facultativos"},"content":{"rendered":"<p>O governo federal divulgou os dias de feriados nacionais e estabeleceu os dias de ponto facultativo, para o ano de 2024.<\/p>\n<p>De acordo com o Minist\u00e9rio da Gest\u00e3o e da Inova\u00e7\u00e3o em Servi\u00e7os P\u00fablicos, entre as 18 datas comemorativas, 8 s\u00e3o pontos facultativos e 10, feriados nacionais. Entre os feriados, quatro cair\u00e3o em finais de semana.<\/p>\n<p>A lista \u00e9 dirigida ao funcionalismo p\u00fablico de \u00f3rg\u00e3os e entidades da administra\u00e7\u00e3o p\u00fablica federal direta, aut\u00e1rquica e fundacional, sem preju\u00edzo da presta\u00e7\u00e3o dos servi\u00e7os p\u00fablicos considerados essenciais e poder\u00e1 ser seguida em todo o territ\u00f3rio nacional.<\/p>\n<p>No segundo semestre de 2024, tr\u00eas dos cinco feriados caem em fins de semana (7 de setembro, 12 de outubro e 2 de novembro). Os dois feriados do \u00faltimo semestre do pr\u00f3ximo ano que caem em dias \u00fateis s\u00e3o o da Proclama\u00e7\u00e3o da Rep\u00fablica (15 de novembro), em uma sexta-feira e do Natal (25 de dezembro), a pen\u00faltima sexta-feira de 2024.<\/p>\n<p><strong>Lista de feriados:<\/strong><br \/>\n1\u00ba de janeiro, Confraterniza\u00e7\u00e3o Universal (feriado nacional) \u2013 segunda-feira;<br \/>\n29 de mar\u00e7o, Paix\u00e3o de Cristo (feriado nacional) \u2013 sexta-feira;<br \/>\n21 de abril, Tiradentes (feriado nacional) &#8211; domingo;<br \/>\n1\u00ba de maio, Dia Mundial do Trabalho (feriado nacional) &#8211; quarta-feira;<br \/>\n7 de setembro, Independ\u00eancia do Brasil (feriado nacional) &#8211; s\u00e1bado;<br \/>\n12 de outubro, Nossa Senhora Aparecida (feriado nacional) &#8211; s\u00e1bado;<br \/>\n2 de novembro, Finados (feriado nacional) &#8211; s\u00e1bado;<br \/>\n15 de novembro, Proclama\u00e7\u00e3o da Rep\u00fablica (feriado nacional) &#8211; sexta-feira;<br \/>\n20 de novembro, Dia Nacional de Zumbi e da Consci\u00eancia Negra (feriado nacional) &#8211; quarta-feira;<br \/>\n25 de dezembro, Natal (feriado nacional) &#8211; quarta-feira.<\/p>\n<p><strong>Pontos facultativos:<\/strong><br \/>\n12 de fevereiro, Carnaval (ponto facultativo) \u2013 segunda-feira;<br \/>\n13 de fevereiro, Carnaval (ponto facultativo) \u2013 ter\u00e7a-feira;<br \/>\n14 de fevereiro, Quarta-Feira de Cinzas (ponto facultativo at\u00e9 as 14 horas) &#8211; quarta-feira;<br \/>\n30 de maio, Corpus Christi (ponto facultativo) quinta-feira;<br \/>\n31 de maio (ponto facultativo) \u2013 sexta-feira;<br \/>\n28 de outubro, Dia do Servidor P\u00fablico federal (ponto facultativo);<br \/>\n24 de dezembro, v\u00e9spera do Natal (ponto facultativo ap\u00f3s as 14 horas) &#8211; ter\u00e7a-feira;<br \/>\n31 de dezembro, v\u00e9spera do Ano Novo (ponto facultativo ap\u00f3s as 14 horas) &#8211; ter\u00e7a-feira.<\/p>\n<p><strong>Menos feriados<\/strong><br \/>\nEm 10 de novembro deste ano, durante a reuni\u00e3o ministerial do Pal\u00e1cio do Planalto, o presidente Luiz In\u00e1cio Lula da Silva chegou a falar da quantidade de feriados prolongados de 2023. Na ocasi\u00e3o, o presidente fez a ponte entre o n\u00famero de feriados e o crescimento do Produto Interno Bruto (PIB) do Brasil. \u201cExageradamente, neste ano, teve muito feriado prolongado. No ano que vem, os feriados v\u00e3o cair mais no s\u00e1bado, o que significa que o PIB vai crescer um pouco mais, porque as pessoas v\u00e3o ficar um pouco mais a servi\u00e7o do mundo do trabalho\u201d, previu Lula.<\/p>\n<p>No in\u00edcio deste m\u00eas, o presidente tornou feriado nacional o Dia da Consci\u00eancia Negra, em 20 de novembro, em homenagem \u00e0 data de morte da lideran\u00e7a negra Zumbi dos Palmares. At\u00e9 ent\u00e3o, a data era feriado em seis estados &#8211; Mato Grosso, Rio de Janeiro, Alagoas, Amazonas, Amap\u00e1 e S\u00e3o Paulo &#8211; e em mais de 1,2 mil cidades, decretado em leis municipais e estaduais.<\/p>\n<p><strong>Economia<\/strong><br \/>\nA Confedera\u00e7\u00e3o Nacional do Com\u00e9rcio de Bens, Servi\u00e7os e Turismo (CNC) calcula que os feriados em dias \u00fateis favorecem alguns setores da economia, como o turismo, mas geram preju\u00edzos ao com\u00e9rcio, devido \u00e0 queda no n\u00edvel de atividade e eleva\u00e7\u00e3o dos custos de opera\u00e7\u00e3o, por exemplo, com o pagamento de horas extras aos trabalhadores.<\/p>\n<p>A entidade estima que, com mais dias \u00fateis, em 2024, as perdas do com\u00e9rcio com os feriados ser\u00e3o um pouco menores, na compara\u00e7\u00e3o com 2023. O c\u00e1lculo m\u00e9dio da CNC \u00e9 de que cada feriado em dias \u00fateis tenha gerado o preju\u00edzo de R$ 3,22 bilh\u00f5es ao varejo nacional, em 2023.<\/p>\n<p>Com base nisto, no pr\u00f3ximo ano, o preju\u00edzo do setor por conta de feriados nacionais dever\u00e1 ser de R$ 27,92 bilh\u00f5es, 4% menor do que em 2023, quando o preju\u00edzo fechar\u00e1 o ano em R$ 28,99 bilh\u00f5es, projeta a CNC.<\/p>\n<p>O presidente da CNC, Jos\u00e9 Roberto Tadros, defende o equil\u00edbrio. \u201cNossos segmentos ligados ao turismo se beneficiam desse calend\u00e1rio, o que \u00e9 muito positivo. Mas segmentos econ\u00f4micos como o varejo registram perdas com lojas fechadas e menor movimenta\u00e7\u00e3o de p\u00fablico, por exemplo. A validade desse levantamento \u00e9 dar luz sobre o cen\u00e1rio e orientar as melhores decis\u00f5es\u201d.<\/p>\n","protected":false},"excerpt":{"rendered":"<p>O governo federal divulgou os dias de feriados nacionais e estabeleceu os dias de ponto facultativo, para o ano de 2024. De acordo com o Minist\u00e9rio da Gest\u00e3o e da Inova\u00e7\u00e3o em Servi\u00e7os P\u00fablicos, entre as 18 datas comemorativas, 8 s\u00e3o pontos facultativos e 10, feriados nacionais. Entre os feriados, quatro cair\u00e3o em finais de [&hellip;]<\/p>\n","protected":false},"author":2,"featured_media":319876,"comment_status":"closed","ping_status":"closed","sticky":false,"template":"","format":"standard","meta":{"_acf_changed":false,"footnotes":""},"categories":[161],"tags":[95],"class_list":["post-319875","post","type-post","status-publish","format-standard","has-post-thumbnail","hentry","category-quadradinho-em-foco","tag-capa"],"acf":[],"yoast_head":"<!-- This site is optimized with the Yoast SEO plugin v27.2 - https:\/\/yoast.com\/product\/yoast-seo-wordpress\/ -->\n<title>Ano de 2024 ter\u00e1 10 feriados e 8 pontos facultativos - Notibras<\/title>\n<meta name=\"robots\" content=\"index, follow, max-snippet:-1, max-image-preview:large, max-video-preview:-1\" \/>\n<link rel=\"canonical\" href=\"https:\/\/www.notibras.com\/site\/ano-de-2024-tera-10-feriados-e-8-pontos-facultativos\/\" \/>\n<meta property=\"og:locale\" content=\"pt_BR\" \/>\n<meta property=\"og:type\" content=\"article\" \/>\n<meta property=\"og:title\" content=\"Ano de 2024 ter\u00e1 10 feriados e 8 pontos facultativos - Notibras\" \/>\n<meta property=\"og:description\" content=\"O governo federal divulgou os dias de feriados nacionais e estabeleceu os dias de ponto facultativo, para o ano de 2024. De acordo com o Minist\u00e9rio da Gest\u00e3o e da Inova\u00e7\u00e3o em Servi\u00e7os P\u00fablicos, entre as 18 datas comemorativas, 8 s\u00e3o pontos facultativos e 10, feriados nacionais. Entre os feriados, quatro cair\u00e3o em finais de [&hellip;]\" \/>\n<meta property=\"og:url\" content=\"https:\/\/www.notibras.com\/site\/ano-de-2024-tera-10-feriados-e-8-pontos-facultativos\/\" \/>\n<meta property=\"og:site_name\" content=\"Notibras\" \/>\n<meta property=\"article:publisher\" content=\"https:\/\/www.facebook.com\/notibras\/\" \/>\n<meta property=\"article:published_time\" content=\"2023-12-29T03:35:28+00:00\" \/>\n<meta property=\"article:modified_time\" content=\"2023-12-29T04:37:51+00:00\" \/>\n<meta property=\"og:image\" content=\"https:\/\/www.notibras.com\/site\/wp-content\/uploads\/2023\/12\/feriados.24.webp\" \/>\n\t<meta property=\"og:image:width\" content=\"1170\" \/>\n\t<meta property=\"og:image:height\" content=\"700\" \/>\n\t<meta property=\"og:image:type\" content=\"image\/webp\" \/>\n<meta name=\"author\" content=\"Reda\u00e7\u00e3o\" \/>\n<meta name=\"twitter:card\" content=\"summary_large_image\" \/>\n<meta name=\"twitter:creator\" content=\"@Notibras\" \/>\n<meta name=\"twitter:site\" content=\"@Notibras\" \/>\n<meta name=\"twitter:label1\" content=\"Escrito por\" \/>\n\t<meta name=\"twitter:data1\" content=\"Reda\u00e7\u00e3o\" \/>\n\t<meta name=\"twitter:label2\" content=\"Est. tempo de leitura\" \/>\n\t<meta name=\"twitter:data2\" content=\"4 minutos\" \/>\n<script type=\"application\/ld+json\" class=\"yoast-schema-graph\">{\"@context\":\"https:\/\/schema.org\",\"@graph\":[{\"@type\":\"Article\",\"@id\":\"https:\/\/www.notibras.com\/site\/ano-de-2024-tera-10-feriados-e-8-pontos-facultativos\/#article\",\"isPartOf\":{\"@id\":\"https:\/\/www.notibras.com\/site\/ano-de-2024-tera-10-feriados-e-8-pontos-facultativos\/\"},\"author\":{\"name\":\"Reda\u00e7\u00e3o\",\"@id\":\"https:\/\/www.notibras.com\/site\/#\/schema\/person\/36ab0979449956132d3e5b517ea76ac8\"},\"headline\":\"Ano de 2024 ter\u00e1 10 feriados e 8 pontos facultativos\",\"datePublished\":\"2023-12-29T03:35:28+00:00\",\"dateModified\":\"2023-12-29T04:37:51+00:00\",\"mainEntityOfPage\":{\"@id\":\"https:\/\/www.notibras.com\/site\/ano-de-2024-tera-10-feriados-e-8-pontos-facultativos\/\"},\"wordCount\":745,\"publisher\":{\"@id\":\"https:\/\/www.notibras.com\/site\/#organization\"},\"image\":{\"@id\":\"https:\/\/www.notibras.com\/site\/ano-de-2024-tera-10-feriados-e-8-pontos-facultativos\/#primaryimage\"},\"thumbnailUrl\":\"https:\/\/www.notibras.com\/site\/wp-content\/uploads\/2023\/12\/feriados.24.webp\",\"keywords\":[\"capa\"],\"articleSection\":[\"Quadradinho em Foco\"],\"inLanguage\":\"pt-BR\"},{\"@type\":\"WebPage\",\"@id\":\"https:\/\/www.notibras.com\/site\/ano-de-2024-tera-10-feriados-e-8-pontos-facultativos\/\",\"url\":\"https:\/\/www.notibras.com\/site\/ano-de-2024-tera-10-feriados-e-8-pontos-facultativos\/\",\"name\":\"Ano de 2024 ter\u00e1 10 feriados e 8 pontos facultativos - Notibras\",\"isPartOf\":{\"@id\":\"https:\/\/www.notibras.com\/site\/#website\"},\"primaryImageOfPage\":{\"@id\":\"https:\/\/www.notibras.com\/site\/ano-de-2024-tera-10-feriados-e-8-pontos-facultativos\/#primaryimage\"},\"image\":{\"@id\":\"https:\/\/www.notibras.com\/site\/ano-de-2024-tera-10-feriados-e-8-pontos-facultativos\/#primaryimage\"},\"thumbnailUrl\":\"https:\/\/www.notibras.com\/site\/wp-content\/uploads\/2023\/12\/feriados.24.webp\",\"datePublished\":\"2023-12-29T03:35:28+00:00\",\"dateModified\":\"2023-12-29T04:37:51+00:00\",\"breadcrumb\":{\"@id\":\"https:\/\/www.notibras.com\/site\/ano-de-2024-tera-10-feriados-e-8-pontos-facultativos\/#breadcrumb\"},\"inLanguage\":\"pt-BR\",\"potentialAction\":[{\"@type\":\"ReadAction\",\"target\":[\"https:\/\/www.notibras.com\/site\/ano-de-2024-tera-10-feriados-e-8-pontos-facultativos\/\"]}]},{\"@type\":\"ImageObject\",\"inLanguage\":\"pt-BR\",\"@id\":\"https:\/\/www.notibras.com\/site\/ano-de-2024-tera-10-feriados-e-8-pontos-facultativos\/#primaryimage\",\"url\":\"https:\/\/www.notibras.com\/site\/wp-content\/uploads\/2023\/12\/feriados.24.webp\",\"contentUrl\":\"https:\/\/www.notibras.com\/site\/wp-content\/uploads\/2023\/12\/feriados.24.webp\",\"width\":1170,\"height\":700},{\"@type\":\"BreadcrumbList\",\"@id\":\"https:\/\/www.notibras.com\/site\/ano-de-2024-tera-10-feriados-e-8-pontos-facultativos\/#breadcrumb\",\"itemListElement\":[{\"@type\":\"ListItem\",\"position\":1,\"name\":\"In\u00edcio\",\"item\":\"https:\/\/www.notibras.com\/site\/\"},{\"@type\":\"ListItem\",\"position\":2,\"name\":\"Ano de 2024 ter\u00e1 10 feriados e 8 pontos facultativos\"}]},{\"@type\":\"WebSite\",\"@id\":\"https:\/\/www.notibras.com\/site\/#website\",\"url\":\"https:\/\/www.notibras.com\/site\/\",\"name\":\"Notibras\",\"description\":\"Not\u00edcias de Bras\u00edlia, do Brasil e do Mundo\",\"publisher\":{\"@id\":\"https:\/\/www.notibras.com\/site\/#organization\"},\"potentialAction\":[{\"@type\":\"SearchAction\",\"target\":{\"@type\":\"EntryPoint\",\"urlTemplate\":\"https:\/\/www.notibras.com\/site\/?s={search_term_string}\"},\"query-input\":{\"@type\":\"PropertyValueSpecification\",\"valueRequired\":true,\"valueName\":\"search_term_string\"}}],\"inLanguage\":\"pt-BR\"},{\"@type\":\"Organization\",\"@id\":\"https:\/\/www.notibras.com\/site\/#organization\",\"name\":\"Grupo Notibras de Comunica\u00e7\u00e3o\",\"url\":\"https:\/\/www.notibras.com\/site\/\",\"logo\":{\"@type\":\"ImageObject\",\"inLanguage\":\"pt-BR\",\"@id\":\"https:\/\/www.notibras.com\/site\/#\/schema\/logo\/image\/\",\"url\":\"https:\/\/www.notibras.com\/site\/wp-content\/uploads\/2023\/01\/notibras23.png\",\"contentUrl\":\"https:\/\/www.notibras.com\/site\/wp-content\/uploads\/2023\/01\/notibras23.png\",\"width\":350,\"height\":87,\"caption\":\"Grupo Notibras de Comunica\u00e7\u00e3o\"},\"image\":{\"@id\":\"https:\/\/www.notibras.com\/site\/#\/schema\/logo\/image\/\"},\"sameAs\":[\"https:\/\/www.facebook.com\/notibras\/\",\"https:\/\/x.com\/Notibras\",\"https:\/\/www.instagram.com\/notibras\/\"]},{\"@type\":\"Person\",\"@id\":\"https:\/\/www.notibras.com\/site\/#\/schema\/person\/36ab0979449956132d3e5b517ea76ac8\",\"name\":\"Reda\u00e7\u00e3o\",\"image\":{\"@type\":\"ImageObject\",\"inLanguage\":\"pt-BR\",\"@id\":\"https:\/\/secure.gravatar.com\/avatar\/e0a867bdedb85fd243eadf09663511f96fc81e0720a4a42581f334ad4303aa6b?s=96&d=mm&r=g\",\"url\":\"https:\/\/secure.gravatar.com\/avatar\/e0a867bdedb85fd243eadf09663511f96fc81e0720a4a42581f334ad4303aa6b?s=96&d=mm&r=g\",\"contentUrl\":\"https:\/\/secure.gravatar.com\/avatar\/e0a867bdedb85fd243eadf09663511f96fc81e0720a4a42581f334ad4303aa6b?s=96&d=mm&r=g\",\"caption\":\"Reda\u00e7\u00e3o\"}}]}<\/script>\n<!-- \/ Yoast SEO plugin. -->","yoast_head_json":{"title":"Ano de 2024 ter\u00e1 10 feriados e 8 pontos facultativos - Notibras","robots":{"index":"index","follow":"follow","max-snippet":"max-snippet:-1","max-image-preview":"max-image-preview:large","max-video-preview":"max-video-preview:-1"},"canonical":"https:\/\/www.notibras.com\/site\/ano-de-2024-tera-10-feriados-e-8-pontos-facultativos\/","og_locale":"pt_BR","og_type":"article","og_title":"Ano de 2024 ter\u00e1 10 feriados e 8 pontos facultativos - Notibras","og_description":"O governo federal divulgou os dias de feriados nacionais e estabeleceu os dias de ponto facultativo, para o ano de 2024. De acordo com o Minist\u00e9rio da Gest\u00e3o e da Inova\u00e7\u00e3o em Servi\u00e7os P\u00fablicos, entre as 18 datas comemorativas, 8 s\u00e3o pontos facultativos e 10, feriados nacionais. Entre os feriados, quatro cair\u00e3o em finais de [&hellip;]","og_url":"https:\/\/www.notibras.com\/site\/ano-de-2024-tera-10-feriados-e-8-pontos-facultativos\/","og_site_name":"Notibras","article_publisher":"https:\/\/www.facebook.com\/notibras\/","article_published_time":"2023-12-29T03:35:28+00:00","article_modified_time":"2023-12-29T04:37:51+00:00","og_image":[{"width":1170,"height":700,"url":"https:\/\/www.notibras.com\/site\/wp-content\/uploads\/2023\/12\/feriados.24.webp","type":"image\/webp"}],"author":"Reda\u00e7\u00e3o","twitter_card":"summary_large_image","twitter_creator":"@Notibras","twitter_site":"@Notibras","twitter_misc":{"Escrito por":"Reda\u00e7\u00e3o","Est. tempo de leitura":"4 minutos"},"schema":{"@context":"https:\/\/schema.org","@graph":[{"@type":"Article","@id":"https:\/\/www.notibras.com\/site\/ano-de-2024-tera-10-feriados-e-8-pontos-facultativos\/#article","isPartOf":{"@id":"https:\/\/www.notibras.com\/site\/ano-de-2024-tera-10-feriados-e-8-pontos-facultativos\/"},"author":{"name":"Reda\u00e7\u00e3o","@id":"https:\/\/www.notibras.com\/site\/#\/schema\/person\/36ab0979449956132d3e5b517ea76ac8"},"headline":"Ano de 2024 ter\u00e1 10 feriados e 8 pontos facultativos","datePublished":"2023-12-29T03:35:28+00:00","dateModified":"2023-12-29T04:37:51+00:00","mainEntityOfPage":{"@id":"https:\/\/www.notibras.com\/site\/ano-de-2024-tera-10-feriados-e-8-pontos-facultativos\/"},"wordCount":745,"publisher":{"@id":"https:\/\/www.notibras.com\/site\/#organization"},"image":{"@id":"https:\/\/www.notibras.com\/site\/ano-de-2024-tera-10-feriados-e-8-pontos-facultativos\/#primaryimage"},"thumbnailUrl":"https:\/\/www.notibras.com\/site\/wp-content\/uploads\/2023\/12\/feriados.24.webp","keywords":["capa"],"articleSection":["Quadradinho em Foco"],"inLanguage":"pt-BR"},{"@type":"WebPage","@id":"https:\/\/www.notibras.com\/site\/ano-de-2024-tera-10-feriados-e-8-pontos-facultativos\/","url":"https:\/\/www.notibras.com\/site\/ano-de-2024-tera-10-feriados-e-8-pontos-facultativos\/","name":"Ano de 2024 ter\u00e1 10 feriados e 8 pontos facultativos - Notibras","isPartOf":{"@id":"https:\/\/www.notibras.com\/site\/#website"},"primaryImageOfPage":{"@id":"https:\/\/www.notibras.com\/site\/ano-de-2024-tera-10-feriados-e-8-pontos-facultativos\/#primaryimage"},"image":{"@id":"https:\/\/www.notibras.com\/site\/ano-de-2024-tera-10-feriados-e-8-pontos-facultativos\/#primaryimage"},"thumbnailUrl":"https:\/\/www.notibras.com\/site\/wp-content\/uploads\/2023\/12\/feriados.24.webp","datePublished":"2023-12-29T03:35:28+00:00","dateModified":"2023-12-29T04:37:51+00:00","breadcrumb":{"@id":"https:\/\/www.notibras.com\/site\/ano-de-2024-tera-10-feriados-e-8-pontos-facultativos\/#breadcrumb"},"inLanguage":"pt-BR","potentialAction":[{"@type":"ReadAction","target":["https:\/\/www.notibras.com\/site\/ano-de-2024-tera-10-feriados-e-8-pontos-facultativos\/"]}]},{"@type":"ImageObject","inLanguage":"pt-BR","@id":"https:\/\/www.notibras.com\/site\/ano-de-2024-tera-10-feriados-e-8-pontos-facultativos\/#primaryimage","url":"https:\/\/www.notibras.com\/site\/wp-content\/uploads\/2023\/12\/feriados.24.webp","contentUrl":"https:\/\/www.notibras.com\/site\/wp-content\/uploads\/2023\/12\/feriados.24.webp","width":1170,"height":700},{"@type":"BreadcrumbList","@id":"https:\/\/www.notibras.com\/site\/ano-de-2024-tera-10-feriados-e-8-pontos-facultativos\/#breadcrumb","itemListElement":[{"@type":"ListItem","position":1,"name":"In\u00edcio","item":"https:\/\/www.notibras.com\/site\/"},{"@type":"ListItem","position":2,"name":"Ano de 2024 ter\u00e1 10 feriados e 8 pontos facultativos"}]},{"@type":"WebSite","@id":"https:\/\/www.notibras.com\/site\/#website","url":"https:\/\/www.notibras.com\/site\/","name":"Notibras","description":"Not\u00edcias de Bras\u00edlia, do Brasil e do Mundo","publisher":{"@id":"https:\/\/www.notibras.com\/site\/#organization"},"potentialAction":[{"@type":"SearchAction","target":{"@type":"EntryPoint","urlTemplate":"https:\/\/www.notibras.com\/site\/?s={search_term_string}"},"query-input":{"@type":"PropertyValueSpecification","valueRequired":true,"valueName":"search_term_string"}}],"inLanguage":"pt-BR"},{"@type":"Organization","@id":"https:\/\/www.notibras.com\/site\/#organization","name":"Grupo Notibras de Comunica\u00e7\u00e3o","url":"https:\/\/www.notibras.com\/site\/","logo":{"@type":"ImageObject","inLanguage":"pt-BR","@id":"https:\/\/www.notibras.com\/site\/#\/schema\/logo\/image\/","url":"https:\/\/www.notibras.com\/site\/wp-content\/uploads\/2023\/01\/notibras23.png","contentUrl":"https:\/\/www.notibras.com\/site\/wp-content\/uploads\/2023\/01\/notibras23.png","width":350,"height":87,"caption":"Grupo Notibras de Comunica\u00e7\u00e3o"},"image":{"@id":"https:\/\/www.notibras.com\/site\/#\/schema\/logo\/image\/"},"sameAs":["https:\/\/www.facebook.com\/notibras\/","https:\/\/x.com\/Notibras","https:\/\/www.instagram.com\/notibras\/"]},{"@type":"Person","@id":"https:\/\/www.notibras.com\/site\/#\/schema\/person\/36ab0979449956132d3e5b517ea76ac8","name":"Reda\u00e7\u00e3o","image":{"@type":"ImageObject","inLanguage":"pt-BR","@id":"https:\/\/secure.gravatar.com\/avatar\/e0a867bdedb85fd243eadf09663511f96fc81e0720a4a42581f334ad4303aa6b?s=96&d=mm&r=g","url":"https:\/\/secure.gravatar.com\/avatar\/e0a867bdedb85fd243eadf09663511f96fc81e0720a4a42581f334ad4303aa6b?s=96&d=mm&r=g","contentUrl":"https:\/\/secure.gravatar.com\/avatar\/e0a867bdedb85fd243eadf09663511f96fc81e0720a4a42581f334ad4303aa6b?s=96&d=mm&r=g","caption":"Reda\u00e7\u00e3o"}}]}},"amp_enabled":true,"_links":{"self":[{"href":"https:\/\/www.notibras.com\/site\/wp-json\/wp\/v2\/posts\/319875","targetHints":{"allow":["GET"]}}],"collection":[{"href":"https:\/\/www.notibras.com\/site\/wp-json\/wp\/v2\/posts"}],"about":[{"href":"https:\/\/www.notibras.com\/site\/wp-json\/wp\/v2\/types\/post"}],"author":[{"embeddable":true,"href":"https:\/\/www.notibras.com\/site\/wp-json\/wp\/v2\/users\/2"}],"replies":[{"embeddable":true,"href":"https:\/\/www.notibras.com\/site\/wp-json\/wp\/v2\/comments?post=319875"}],"version-history":[{"count":1,"href":"https:\/\/www.notibras.com\/site\/wp-json\/wp\/v2\/posts\/319875\/revisions"}],"predecessor-version":[{"id":319877,"href":"https:\/\/www.notibras.com\/site\/wp-json\/wp\/v2\/posts\/319875\/revisions\/319877"}],"wp:featuredmedia":[{"embeddable":true,"href":"https:\/\/www.notibras.com\/site\/wp-json\/wp\/v2\/media\/319876"}],"wp:attachment":[{"href":"https:\/\/www.notibras.com\/site\/wp-json\/wp\/v2\/media?parent=319875"}],"wp:term":[{"taxonomy":"category","embeddable":true,"href":"https:\/\/www.notibras.com\/site\/wp-json\/wp\/v2\/categories?post=319875"},{"taxonomy":"post_tag","embeddable":true,"href":"https:\/\/www.notibras.com\/site\/wp-json\/wp\/v2\/tags?post=319875"}],"curies":[{"name":"wp","href":"https:\/\/api.w.org\/{rel}","templated":true}]}}