{"id":319878,"date":"2023-12-29T02:03:46","date_gmt":"2023-12-29T05:03:46","guid":{"rendered":"https:\/\/www.notibras.com\/site\/?p=319878"},"modified":"2023-12-29T02:03:46","modified_gmt":"2023-12-29T05:03:46","slug":"luizinho-cai-na-real-ao-ser-definido-como-bofe","status":"publish","type":"post","link":"https:\/\/www.notibras.com\/site\/luizinho-cai-na-real-ao-ser-definido-como-bofe\/","title":{"rendered":"Luizinho cai na real ao ser definido como &#8216;bofe&#8217;"},"content":{"rendered":"<p>Luiz Carlos, o Luizinho, casado com Chris, era um homem muito ciumento. Apesar de confiar plenamente na mulher, n\u00e3o conseguia controlar esse sentimento que o consumia. Fez terapia, diversas, in\u00fameras sess\u00f5es com psic\u00f3logos. Apesar daquelas centenas de reais gastos, Luizinho ainda sofria com os papel\u00f5es que fazia. Al\u00e9m disso, Chris j\u00e1 n\u00e3o aguentava tanto barraco do marido.<\/p>\n<p>Certo dia, l\u00e1 estava o casal no clube. Ele com aquela sunga verde lim\u00e3o, como se tivesse algo not\u00e1vel a ser mostrado. Pura propaganda enganosa! Ela, discreta, em seu mai\u00f4 azul marinho. Os dois, apesar dos contrastes evidentes, pareciam o par perfeito. Os filhos, uma menina e um menino, completavam aquela cena cl\u00e1ssica de propaganda de margarina. Que felicidade!<\/p>\n<p>Pois, nesse mesmo dia, Luizinho n\u00e3o conseguiu controlar os nervos ao notar que a sua amada estava de papo com um outro homem. E l\u00e1 foi ele tomar satisfa\u00e7\u00e3o, aproximou-se e perguntou:<\/p>\n<p>&#8211; Que conversa comprida \u00e9 essa?<\/p>\n<p>Mas, antes mesmo que a Chris pudesse explicar, o tal amigo abriu um sorriso maior que a pr\u00f3pria boca e disse:<\/p>\n<p>&#8211; Amiga, ent\u00e3o \u00e9 esse o seu bofe? Que gato!!!<\/p>\n<p>Esse mico parece que surtiu mais efeito que todas aquelas visitas ao psic\u00f3logo. Dizem que o Luizinho ficou todo envergonhado e, por algum tempo, passou mais tempo pensando naquele constrangimento, que, por quase dois meses, n\u00e3o teve mais crises de ci\u00fame.<\/p>\n","protected":false},"excerpt":{"rendered":"<p>Luiz Carlos, o Luizinho, casado com Chris, era um homem muito ciumento. Apesar de confiar plenamente na mulher, n\u00e3o conseguia controlar esse sentimento que o consumia. Fez terapia, diversas, in\u00fameras sess\u00f5es com psic\u00f3logos. Apesar daquelas centenas de reais gastos, Luizinho ainda sofria com os papel\u00f5es que fazia. Al\u00e9m disso, Chris j\u00e1 n\u00e3o aguentava tanto barraco [&hellip;]<\/p>\n","protected":false},"author":2,"featured_media":319879,"comment_status":"closed","ping_status":"closed","sticky":false,"template":"","format":"standard","meta":{"_acf_changed":false,"footnotes":""},"categories":[161],"tags":[],"class_list":["post-319878","post","type-post","status-publish","format-standard","has-post-thumbnail","hentry","category-quadradinho-em-foco"],"acf":[],"yoast_head":"<!-- This site is optimized with the Yoast SEO plugin v27.2 - https:\/\/yoast.com\/product\/yoast-seo-wordpress\/ -->\n<title>Luizinho cai na real ao ser definido como &#039;bofe&#039; - Notibras<\/title>\n<meta name=\"robots\" content=\"index, follow, max-snippet:-1, max-image-preview:large, max-video-preview:-1\" \/>\n<link rel=\"canonical\" href=\"https:\/\/www.notibras.com\/site\/luizinho-cai-na-real-ao-ser-definido-como-bofe\/\" \/>\n<meta property=\"og:locale\" content=\"pt_BR\" \/>\n<meta property=\"og:type\" content=\"article\" \/>\n<meta property=\"og:title\" content=\"Luizinho cai na real ao ser definido como &#039;bofe&#039; - Notibras\" \/>\n<meta property=\"og:description\" content=\"Luiz Carlos, o Luizinho, casado com Chris, era um homem muito ciumento. Apesar de confiar plenamente na mulher, n\u00e3o conseguia controlar esse sentimento que o consumia. Fez terapia, diversas, in\u00fameras sess\u00f5es com psic\u00f3logos. Apesar daquelas centenas de reais gastos, Luizinho ainda sofria com os papel\u00f5es que fazia. Al\u00e9m disso, Chris j\u00e1 n\u00e3o aguentava tanto barraco [&hellip;]\" \/>\n<meta property=\"og:url\" content=\"https:\/\/www.notibras.com\/site\/luizinho-cai-na-real-ao-ser-definido-como-bofe\/\" \/>\n<meta property=\"og:site_name\" content=\"Notibras\" \/>\n<meta property=\"article:publisher\" content=\"https:\/\/www.facebook.com\/notibras\/\" \/>\n<meta property=\"article:published_time\" content=\"2023-12-29T05:03:46+00:00\" \/>\n<meta property=\"og:image\" content=\"https:\/\/www.notibras.com\/site\/wp-content\/uploads\/2023\/12\/casoencerrado.webp\" \/>\n\t<meta property=\"og:image:width\" content=\"1024\" \/>\n\t<meta property=\"og:image:height\" content=\"668\" \/>\n\t<meta property=\"og:image:type\" content=\"image\/webp\" \/>\n<meta name=\"author\" content=\"Reda\u00e7\u00e3o\" \/>\n<meta name=\"twitter:card\" content=\"summary_large_image\" \/>\n<meta name=\"twitter:creator\" content=\"@Notibras\" \/>\n<meta name=\"twitter:site\" content=\"@Notibras\" \/>\n<meta name=\"twitter:label1\" content=\"Escrito por\" \/>\n\t<meta name=\"twitter:data1\" content=\"Reda\u00e7\u00e3o\" \/>\n\t<meta name=\"twitter:label2\" content=\"Est. tempo de leitura\" \/>\n\t<meta name=\"twitter:data2\" content=\"2 minutos\" \/>\n<script type=\"application\/ld+json\" class=\"yoast-schema-graph\">{\"@context\":\"https:\/\/schema.org\",\"@graph\":[{\"@type\":\"Article\",\"@id\":\"https:\/\/www.notibras.com\/site\/luizinho-cai-na-real-ao-ser-definido-como-bofe\/#article\",\"isPartOf\":{\"@id\":\"https:\/\/www.notibras.com\/site\/luizinho-cai-na-real-ao-ser-definido-como-bofe\/\"},\"author\":{\"name\":\"Reda\u00e7\u00e3o\",\"@id\":\"https:\/\/www.notibras.com\/site\/#\/schema\/person\/36ab0979449956132d3e5b517ea76ac8\"},\"headline\":\"Luizinho cai na real ao ser definido como &#8216;bofe&#8217;\",\"datePublished\":\"2023-12-29T05:03:46+00:00\",\"mainEntityOfPage\":{\"@id\":\"https:\/\/www.notibras.com\/site\/luizinho-cai-na-real-ao-ser-definido-como-bofe\/\"},\"wordCount\":250,\"publisher\":{\"@id\":\"https:\/\/www.notibras.com\/site\/#organization\"},\"image\":{\"@id\":\"https:\/\/www.notibras.com\/site\/luizinho-cai-na-real-ao-ser-definido-como-bofe\/#primaryimage\"},\"thumbnailUrl\":\"https:\/\/www.notibras.com\/site\/wp-content\/uploads\/2023\/12\/casoencerrado.webp\",\"articleSection\":[\"Quadradinho em Foco\"],\"inLanguage\":\"pt-BR\"},{\"@type\":\"WebPage\",\"@id\":\"https:\/\/www.notibras.com\/site\/luizinho-cai-na-real-ao-ser-definido-como-bofe\/\",\"url\":\"https:\/\/www.notibras.com\/site\/luizinho-cai-na-real-ao-ser-definido-como-bofe\/\",\"name\":\"Luizinho cai na real ao ser definido como 'bofe' - Notibras\",\"isPartOf\":{\"@id\":\"https:\/\/www.notibras.com\/site\/#website\"},\"primaryImageOfPage\":{\"@id\":\"https:\/\/www.notibras.com\/site\/luizinho-cai-na-real-ao-ser-definido-como-bofe\/#primaryimage\"},\"image\":{\"@id\":\"https:\/\/www.notibras.com\/site\/luizinho-cai-na-real-ao-ser-definido-como-bofe\/#primaryimage\"},\"thumbnailUrl\":\"https:\/\/www.notibras.com\/site\/wp-content\/uploads\/2023\/12\/casoencerrado.webp\",\"datePublished\":\"2023-12-29T05:03:46+00:00\",\"breadcrumb\":{\"@id\":\"https:\/\/www.notibras.com\/site\/luizinho-cai-na-real-ao-ser-definido-como-bofe\/#breadcrumb\"},\"inLanguage\":\"pt-BR\",\"potentialAction\":[{\"@type\":\"ReadAction\",\"target\":[\"https:\/\/www.notibras.com\/site\/luizinho-cai-na-real-ao-ser-definido-como-bofe\/\"]}]},{\"@type\":\"ImageObject\",\"inLanguage\":\"pt-BR\",\"@id\":\"https:\/\/www.notibras.com\/site\/luizinho-cai-na-real-ao-ser-definido-como-bofe\/#primaryimage\",\"url\":\"https:\/\/www.notibras.com\/site\/wp-content\/uploads\/2023\/12\/casoencerrado.webp\",\"contentUrl\":\"https:\/\/www.notibras.com\/site\/wp-content\/uploads\/2023\/12\/casoencerrado.webp\",\"width\":1024,\"height\":668},{\"@type\":\"BreadcrumbList\",\"@id\":\"https:\/\/www.notibras.com\/site\/luizinho-cai-na-real-ao-ser-definido-como-bofe\/#breadcrumb\",\"itemListElement\":[{\"@type\":\"ListItem\",\"position\":1,\"name\":\"In\u00edcio\",\"item\":\"https:\/\/www.notibras.com\/site\/\"},{\"@type\":\"ListItem\",\"position\":2,\"name\":\"Luizinho cai na real ao ser definido como &#8216;bofe&#8217;\"}]},{\"@type\":\"WebSite\",\"@id\":\"https:\/\/www.notibras.com\/site\/#website\",\"url\":\"https:\/\/www.notibras.com\/site\/\",\"name\":\"Notibras\",\"description\":\"Not\u00edcias de Bras\u00edlia, do Brasil e do Mundo\",\"publisher\":{\"@id\":\"https:\/\/www.notibras.com\/site\/#organization\"},\"potentialAction\":[{\"@type\":\"SearchAction\",\"target\":{\"@type\":\"EntryPoint\",\"urlTemplate\":\"https:\/\/www.notibras.com\/site\/?s={search_term_string}\"},\"query-input\":{\"@type\":\"PropertyValueSpecification\",\"valueRequired\":true,\"valueName\":\"search_term_string\"}}],\"inLanguage\":\"pt-BR\"},{\"@type\":\"Organization\",\"@id\":\"https:\/\/www.notibras.com\/site\/#organization\",\"name\":\"Grupo Notibras de Comunica\u00e7\u00e3o\",\"url\":\"https:\/\/www.notibras.com\/site\/\",\"logo\":{\"@type\":\"ImageObject\",\"inLanguage\":\"pt-BR\",\"@id\":\"https:\/\/www.notibras.com\/site\/#\/schema\/logo\/image\/\",\"url\":\"https:\/\/www.notibras.com\/site\/wp-content\/uploads\/2023\/01\/notibras23.png\",\"contentUrl\":\"https:\/\/www.notibras.com\/site\/wp-content\/uploads\/2023\/01\/notibras23.png\",\"width\":350,\"height\":87,\"caption\":\"Grupo Notibras de Comunica\u00e7\u00e3o\"},\"image\":{\"@id\":\"https:\/\/www.notibras.com\/site\/#\/schema\/logo\/image\/\"},\"sameAs\":[\"https:\/\/www.facebook.com\/notibras\/\",\"https:\/\/x.com\/Notibras\",\"https:\/\/www.instagram.com\/notibras\/\"]},{\"@type\":\"Person\",\"@id\":\"https:\/\/www.notibras.com\/site\/#\/schema\/person\/36ab0979449956132d3e5b517ea76ac8\",\"name\":\"Reda\u00e7\u00e3o\",\"image\":{\"@type\":\"ImageObject\",\"inLanguage\":\"pt-BR\",\"@id\":\"https:\/\/secure.gravatar.com\/avatar\/e0a867bdedb85fd243eadf09663511f96fc81e0720a4a42581f334ad4303aa6b?s=96&d=mm&r=g\",\"url\":\"https:\/\/secure.gravatar.com\/avatar\/e0a867bdedb85fd243eadf09663511f96fc81e0720a4a42581f334ad4303aa6b?s=96&d=mm&r=g\",\"contentUrl\":\"https:\/\/secure.gravatar.com\/avatar\/e0a867bdedb85fd243eadf09663511f96fc81e0720a4a42581f334ad4303aa6b?s=96&d=mm&r=g\",\"caption\":\"Reda\u00e7\u00e3o\"}}]}<\/script>\n<!-- \/ Yoast SEO plugin. -->","yoast_head_json":{"title":"Luizinho cai na real ao ser definido como 'bofe' - Notibras","robots":{"index":"index","follow":"follow","max-snippet":"max-snippet:-1","max-image-preview":"max-image-preview:large","max-video-preview":"max-video-preview:-1"},"canonical":"https:\/\/www.notibras.com\/site\/luizinho-cai-na-real-ao-ser-definido-como-bofe\/","og_locale":"pt_BR","og_type":"article","og_title":"Luizinho cai na real ao ser definido como 'bofe' - Notibras","og_description":"Luiz Carlos, o Luizinho, casado com Chris, era um homem muito ciumento. Apesar de confiar plenamente na mulher, n\u00e3o conseguia controlar esse sentimento que o consumia. Fez terapia, diversas, in\u00fameras sess\u00f5es com psic\u00f3logos. Apesar daquelas centenas de reais gastos, Luizinho ainda sofria com os papel\u00f5es que fazia. Al\u00e9m disso, Chris j\u00e1 n\u00e3o aguentava tanto barraco [&hellip;]","og_url":"https:\/\/www.notibras.com\/site\/luizinho-cai-na-real-ao-ser-definido-como-bofe\/","og_site_name":"Notibras","article_publisher":"https:\/\/www.facebook.com\/notibras\/","article_published_time":"2023-12-29T05:03:46+00:00","og_image":[{"width":1024,"height":668,"url":"https:\/\/www.notibras.com\/site\/wp-content\/uploads\/2023\/12\/casoencerrado.webp","type":"image\/webp"}],"author":"Reda\u00e7\u00e3o","twitter_card":"summary_large_image","twitter_creator":"@Notibras","twitter_site":"@Notibras","twitter_misc":{"Escrito por":"Reda\u00e7\u00e3o","Est. tempo de leitura":"2 minutos"},"schema":{"@context":"https:\/\/schema.org","@graph":[{"@type":"Article","@id":"https:\/\/www.notibras.com\/site\/luizinho-cai-na-real-ao-ser-definido-como-bofe\/#article","isPartOf":{"@id":"https:\/\/www.notibras.com\/site\/luizinho-cai-na-real-ao-ser-definido-como-bofe\/"},"author":{"name":"Reda\u00e7\u00e3o","@id":"https:\/\/www.notibras.com\/site\/#\/schema\/person\/36ab0979449956132d3e5b517ea76ac8"},"headline":"Luizinho cai na real ao ser definido como &#8216;bofe&#8217;","datePublished":"2023-12-29T05:03:46+00:00","mainEntityOfPage":{"@id":"https:\/\/www.notibras.com\/site\/luizinho-cai-na-real-ao-ser-definido-como-bofe\/"},"wordCount":250,"publisher":{"@id":"https:\/\/www.notibras.com\/site\/#organization"},"image":{"@id":"https:\/\/www.notibras.com\/site\/luizinho-cai-na-real-ao-ser-definido-como-bofe\/#primaryimage"},"thumbnailUrl":"https:\/\/www.notibras.com\/site\/wp-content\/uploads\/2023\/12\/casoencerrado.webp","articleSection":["Quadradinho em Foco"],"inLanguage":"pt-BR"},{"@type":"WebPage","@id":"https:\/\/www.notibras.com\/site\/luizinho-cai-na-real-ao-ser-definido-como-bofe\/","url":"https:\/\/www.notibras.com\/site\/luizinho-cai-na-real-ao-ser-definido-como-bofe\/","name":"Luizinho cai na real ao ser definido como 'bofe' - Notibras","isPartOf":{"@id":"https:\/\/www.notibras.com\/site\/#website"},"primaryImageOfPage":{"@id":"https:\/\/www.notibras.com\/site\/luizinho-cai-na-real-ao-ser-definido-como-bofe\/#primaryimage"},"image":{"@id":"https:\/\/www.notibras.com\/site\/luizinho-cai-na-real-ao-ser-definido-como-bofe\/#primaryimage"},"thumbnailUrl":"https:\/\/www.notibras.com\/site\/wp-content\/uploads\/2023\/12\/casoencerrado.webp","datePublished":"2023-12-29T05:03:46+00:00","breadcrumb":{"@id":"https:\/\/www.notibras.com\/site\/luizinho-cai-na-real-ao-ser-definido-como-bofe\/#breadcrumb"},"inLanguage":"pt-BR","potentialAction":[{"@type":"ReadAction","target":["https:\/\/www.notibras.com\/site\/luizinho-cai-na-real-ao-ser-definido-como-bofe\/"]}]},{"@type":"ImageObject","inLanguage":"pt-BR","@id":"https:\/\/www.notibras.com\/site\/luizinho-cai-na-real-ao-ser-definido-como-bofe\/#primaryimage","url":"https:\/\/www.notibras.com\/site\/wp-content\/uploads\/2023\/12\/casoencerrado.webp","contentUrl":"https:\/\/www.notibras.com\/site\/wp-content\/uploads\/2023\/12\/casoencerrado.webp","width":1024,"height":668},{"@type":"BreadcrumbList","@id":"https:\/\/www.notibras.com\/site\/luizinho-cai-na-real-ao-ser-definido-como-bofe\/#breadcrumb","itemListElement":[{"@type":"ListItem","position":1,"name":"In\u00edcio","item":"https:\/\/www.notibras.com\/site\/"},{"@type":"ListItem","position":2,"name":"Luizinho cai na real ao ser definido como &#8216;bofe&#8217;"}]},{"@type":"WebSite","@id":"https:\/\/www.notibras.com\/site\/#website","url":"https:\/\/www.notibras.com\/site\/","name":"Notibras","description":"Not\u00edcias de Bras\u00edlia, do Brasil e do Mundo","publisher":{"@id":"https:\/\/www.notibras.com\/site\/#organization"},"potentialAction":[{"@type":"SearchAction","target":{"@type":"EntryPoint","urlTemplate":"https:\/\/www.notibras.com\/site\/?s={search_term_string}"},"query-input":{"@type":"PropertyValueSpecification","valueRequired":true,"valueName":"search_term_string"}}],"inLanguage":"pt-BR"},{"@type":"Organization","@id":"https:\/\/www.notibras.com\/site\/#organization","name":"Grupo Notibras de Comunica\u00e7\u00e3o","url":"https:\/\/www.notibras.com\/site\/","logo":{"@type":"ImageObject","inLanguage":"pt-BR","@id":"https:\/\/www.notibras.com\/site\/#\/schema\/logo\/image\/","url":"https:\/\/www.notibras.com\/site\/wp-content\/uploads\/2023\/01\/notibras23.png","contentUrl":"https:\/\/www.notibras.com\/site\/wp-content\/uploads\/2023\/01\/notibras23.png","width":350,"height":87,"caption":"Grupo Notibras de Comunica\u00e7\u00e3o"},"image":{"@id":"https:\/\/www.notibras.com\/site\/#\/schema\/logo\/image\/"},"sameAs":["https:\/\/www.facebook.com\/notibras\/","https:\/\/x.com\/Notibras","https:\/\/www.instagram.com\/notibras\/"]},{"@type":"Person","@id":"https:\/\/www.notibras.com\/site\/#\/schema\/person\/36ab0979449956132d3e5b517ea76ac8","name":"Reda\u00e7\u00e3o","image":{"@type":"ImageObject","inLanguage":"pt-BR","@id":"https:\/\/secure.gravatar.com\/avatar\/e0a867bdedb85fd243eadf09663511f96fc81e0720a4a42581f334ad4303aa6b?s=96&d=mm&r=g","url":"https:\/\/secure.gravatar.com\/avatar\/e0a867bdedb85fd243eadf09663511f96fc81e0720a4a42581f334ad4303aa6b?s=96&d=mm&r=g","contentUrl":"https:\/\/secure.gravatar.com\/avatar\/e0a867bdedb85fd243eadf09663511f96fc81e0720a4a42581f334ad4303aa6b?s=96&d=mm&r=g","caption":"Reda\u00e7\u00e3o"}}]}},"amp_enabled":true,"_links":{"self":[{"href":"https:\/\/www.notibras.com\/site\/wp-json\/wp\/v2\/posts\/319878","targetHints":{"allow":["GET"]}}],"collection":[{"href":"https:\/\/www.notibras.com\/site\/wp-json\/wp\/v2\/posts"}],"about":[{"href":"https:\/\/www.notibras.com\/site\/wp-json\/wp\/v2\/types\/post"}],"author":[{"embeddable":true,"href":"https:\/\/www.notibras.com\/site\/wp-json\/wp\/v2\/users\/2"}],"replies":[{"embeddable":true,"href":"https:\/\/www.notibras.com\/site\/wp-json\/wp\/v2\/comments?post=319878"}],"version-history":[{"count":1,"href":"https:\/\/www.notibras.com\/site\/wp-json\/wp\/v2\/posts\/319878\/revisions"}],"predecessor-version":[{"id":319880,"href":"https:\/\/www.notibras.com\/site\/wp-json\/wp\/v2\/posts\/319878\/revisions\/319880"}],"wp:featuredmedia":[{"embeddable":true,"href":"https:\/\/www.notibras.com\/site\/wp-json\/wp\/v2\/media\/319879"}],"wp:attachment":[{"href":"https:\/\/www.notibras.com\/site\/wp-json\/wp\/v2\/media?parent=319878"}],"wp:term":[{"taxonomy":"category","embeddable":true,"href":"https:\/\/www.notibras.com\/site\/wp-json\/wp\/v2\/categories?post=319878"},{"taxonomy":"post_tag","embeddable":true,"href":"https:\/\/www.notibras.com\/site\/wp-json\/wp\/v2\/tags?post=319878"}],"curies":[{"name":"wp","href":"https:\/\/api.w.org\/{rel}","templated":true}]}}