{"id":319881,"date":"2023-12-29T00:50:38","date_gmt":"2023-12-29T03:50:38","guid":{"rendered":"https:\/\/www.notibras.com\/site\/?p=319881"},"modified":"2023-12-29T07:53:37","modified_gmt":"2023-12-29T10:53:37","slug":"calcule-quanto-saira-do-seu-bolso-para-pagar-ipva-e-iptu","status":"publish","type":"post","link":"https:\/\/www.notibras.com\/site\/calcule-quanto-saira-do-seu-bolso-para-pagar-ipva-e-iptu\/","title":{"rendered":"Calcule quanto sair\u00e1 do seu bolso para pagar IPVA e IPTU"},"content":{"rendered":"<p>O\u00a0 Governo do Distrito Federal (GDF) divulgou os valores venais dos autom\u00f3veis e im\u00f3veis. Desta forma, \u00e9 poss\u00edvel o cidad\u00e3o saber quanto ir\u00e1 pagar do Imposto sobre a Propriedade de Ve\u00edculos Automotores (IPVA) e do Imposto sobre a Propriedade Predial e Territorial Urbana (IPTU).<\/p>\n<p>A previs\u00e3o de arrecada\u00e7\u00e3o com os dois tributos \u00e9 de R$ 3,2 bilh\u00f5es, sendo R$ 1,7 bilh\u00e3o do IPVA e R$ 1,4 bilh\u00e3o do IPTU.<\/p>\n<p>Para se chegar ao valor s\u00e3o feitos estudos t\u00e9cnicos sobre os valores venais, que s\u00e3o estimativas de pre\u00e7o de um bem. A aprova\u00e7\u00e3o passou pela C\u00e2mara Legislativa do Distrito Federal (CLDF) e foi sancionada pelo governador Ibaneis Rocha na quarta-feira (27) em edi\u00e7\u00e3o extra do Di\u00e1rio Oficial do Distrito Federal (DODF).<\/p>\n<p>Veja, abaixo, os valores de autom\u00f3veis e im\u00f3veis para 2024:<\/p>\n<p>\u2192\u00a0<a href=\"https:\/\/www.dodf.df.gov.br\/index\/visualizar-arquivo\/?pasta=2023|12_Dezembro|DODF%20241%2027-12-2023%20SUPLEMENTO%20A|&amp;arquivo=DODF%20241%2027-12-2023%20SUPLEMENTO%20A.pdf\" target=\"_blank\" rel=\"noopener\">Tabela dos ve\u00edculos para c\u00e1lculo do IPVA<\/a><\/p>\n<p>\u2192\u00a0<a href=\"https:\/\/www.dodf.df.gov.br\/index\/visualizar-arquivo\/?pasta=2023|12_Dezembro|DODF%20241%2027-12-2023%20SUPLEMENTO%20B|&amp;arquivo=DODF%20241%2027-12-2023%20SUPLEMENTO%20B.pdf\" target=\"_blank\" rel=\"noopener\">Tabela dos im\u00f3veis para c\u00e1lculo do IPTU<\/a><\/p>\n<p>O pagamento do IPVA poder\u00e1 ser efetuado em at\u00e9 seis parcelas ou em parcela \u00fanica, com valores n\u00e3o inferiores a R$ 50. As parcelas come\u00e7am a vencer em 19 de fevereiro de 2024, variando conforme o final da placa de cada autom\u00f3vel. Consulte o calend\u00e1rio completo.<\/p>\n<p>J\u00e1 o IPTU ter\u00e1 vencimento a partir de 13 de maio, seguindo a numera\u00e7\u00e3o da inscri\u00e7\u00e3o do im\u00f3vel. Os contribuintes ter\u00e3o a op\u00e7\u00e3o de quitar a d\u00edvida em cota \u00fanica ou dividida em at\u00e9 seis vezes. Detalhes do calend\u00e1rio podem ser encontrados aqui.<\/p>\n<p><strong>C\u00e1lculo do tributo<\/strong><br \/>\nSobre o IPVA, h\u00e1 estimativa de redu\u00e7\u00e3o de 4,32% em rela\u00e7\u00e3o aos autom\u00f3veis, enquanto sobre caminh\u00f5es h\u00e1 previs\u00e3o de aumento de 0,8%.<\/p>\n<p>A frota da capital \u00e9 de 1.790.491 mil ve\u00edculos, dos quais 1.750.211 foram tributados em 2023. Segundo a Funda\u00e7\u00e3o Instituto de Pesquisas Econ\u00f4micas (Fipe), varia\u00e7\u00f5es de pre\u00e7o entre -10% e +10% s\u00e3o consideradas normais.<\/p>\n<p>De acordo com a Secretaria de Fazenda (Sefaz-DF), respons\u00e1vel pelo tema, o projeto do IPVA n\u00e3o contempla aumento de despesa nem benef\u00edcio ou qualquer forma de desonera\u00e7\u00e3o fiscal.<\/p>\n<p>Para o IPTU, o reajuste acompanha o \u00cdndice Nacional de Pre\u00e7os ao Consumidor (INPC), de 3,62%. Dentro da estimativa de arrecada\u00e7\u00e3o de R$ 1,4 bilh\u00e3o est\u00e1 inclu\u00edda a previs\u00e3o de inadimpl\u00eancia, de 18%, e descontos, por exemplo, de pagamentos de cota \u00fanica.<\/p>\n","protected":false},"excerpt":{"rendered":"<p>O\u00a0 Governo do Distrito Federal (GDF) divulgou os valores venais dos autom\u00f3veis e im\u00f3veis. Desta forma, \u00e9 poss\u00edvel o cidad\u00e3o saber quanto ir\u00e1 pagar do Imposto sobre a Propriedade de Ve\u00edculos Automotores (IPVA) e do Imposto sobre a Propriedade Predial e Territorial Urbana (IPTU). A previs\u00e3o de arrecada\u00e7\u00e3o com os dois tributos \u00e9 de R$ [&hellip;]<\/p>\n","protected":false},"author":2,"featured_media":319882,"comment_status":"closed","ping_status":"closed","sticky":false,"template":"","format":"standard","meta":{"_acf_changed":false,"footnotes":""},"categories":[161],"tags":[],"class_list":["post-319881","post","type-post","status-publish","format-standard","has-post-thumbnail","hentry","category-quadradinho-em-foco"],"acf":[],"yoast_head":"<!-- This site is optimized with the Yoast SEO plugin v27.2 - https:\/\/yoast.com\/product\/yoast-seo-wordpress\/ -->\n<title>Calcule quanto sair\u00e1 do seu bolso para pagar IPVA e IPTU - Notibras<\/title>\n<meta name=\"robots\" content=\"index, follow, max-snippet:-1, max-image-preview:large, max-video-preview:-1\" \/>\n<link rel=\"canonical\" href=\"https:\/\/www.notibras.com\/site\/calcule-quanto-saira-do-seu-bolso-para-pagar-ipva-e-iptu\/\" \/>\n<meta property=\"og:locale\" content=\"pt_BR\" \/>\n<meta property=\"og:type\" content=\"article\" \/>\n<meta property=\"og:title\" content=\"Calcule quanto sair\u00e1 do seu bolso para pagar IPVA e IPTU - Notibras\" \/>\n<meta property=\"og:description\" content=\"O\u00a0 Governo do Distrito Federal (GDF) divulgou os valores venais dos autom\u00f3veis e im\u00f3veis. Desta forma, \u00e9 poss\u00edvel o cidad\u00e3o saber quanto ir\u00e1 pagar do Imposto sobre a Propriedade de Ve\u00edculos Automotores (IPVA) e do Imposto sobre a Propriedade Predial e Territorial Urbana (IPTU). A previs\u00e3o de arrecada\u00e7\u00e3o com os dois tributos \u00e9 de R$ [&hellip;]\" \/>\n<meta property=\"og:url\" content=\"https:\/\/www.notibras.com\/site\/calcule-quanto-saira-do-seu-bolso-para-pagar-ipva-e-iptu\/\" \/>\n<meta property=\"og:site_name\" content=\"Notibras\" \/>\n<meta property=\"article:publisher\" content=\"https:\/\/www.facebook.com\/notibras\/\" \/>\n<meta property=\"article:published_time\" content=\"2023-12-29T03:50:38+00:00\" \/>\n<meta property=\"article:modified_time\" content=\"2023-12-29T10:53:37+00:00\" \/>\n<meta property=\"og:image\" content=\"https:\/\/www.notibras.com\/site\/wp-content\/uploads\/2023\/12\/ipip.jpg\" \/>\n\t<meta property=\"og:image:width\" content=\"799\" \/>\n\t<meta property=\"og:image:height\" content=\"533\" \/>\n\t<meta property=\"og:image:type\" content=\"image\/jpeg\" \/>\n<meta name=\"author\" content=\"Reda\u00e7\u00e3o\" \/>\n<meta name=\"twitter:card\" content=\"summary_large_image\" \/>\n<meta name=\"twitter:creator\" content=\"@Notibras\" \/>\n<meta name=\"twitter:site\" content=\"@Notibras\" \/>\n<meta name=\"twitter:label1\" content=\"Escrito por\" \/>\n\t<meta name=\"twitter:data1\" content=\"Reda\u00e7\u00e3o\" \/>\n\t<meta name=\"twitter:label2\" content=\"Est. tempo de leitura\" \/>\n\t<meta name=\"twitter:data2\" content=\"3 minutos\" \/>\n<script type=\"application\/ld+json\" class=\"yoast-schema-graph\">{\"@context\":\"https:\/\/schema.org\",\"@graph\":[{\"@type\":\"Article\",\"@id\":\"https:\/\/www.notibras.com\/site\/calcule-quanto-saira-do-seu-bolso-para-pagar-ipva-e-iptu\/#article\",\"isPartOf\":{\"@id\":\"https:\/\/www.notibras.com\/site\/calcule-quanto-saira-do-seu-bolso-para-pagar-ipva-e-iptu\/\"},\"author\":{\"name\":\"Reda\u00e7\u00e3o\",\"@id\":\"https:\/\/www.notibras.com\/site\/#\/schema\/person\/36ab0979449956132d3e5b517ea76ac8\"},\"headline\":\"Calcule quanto sair\u00e1 do seu bolso para pagar IPVA e IPTU\",\"datePublished\":\"2023-12-29T03:50:38+00:00\",\"dateModified\":\"2023-12-29T10:53:37+00:00\",\"mainEntityOfPage\":{\"@id\":\"https:\/\/www.notibras.com\/site\/calcule-quanto-saira-do-seu-bolso-para-pagar-ipva-e-iptu\/\"},\"wordCount\":409,\"publisher\":{\"@id\":\"https:\/\/www.notibras.com\/site\/#organization\"},\"image\":{\"@id\":\"https:\/\/www.notibras.com\/site\/calcule-quanto-saira-do-seu-bolso-para-pagar-ipva-e-iptu\/#primaryimage\"},\"thumbnailUrl\":\"https:\/\/www.notibras.com\/site\/wp-content\/uploads\/2023\/12\/ipip.jpg\",\"articleSection\":[\"Quadradinho em Foco\"],\"inLanguage\":\"pt-BR\"},{\"@type\":\"WebPage\",\"@id\":\"https:\/\/www.notibras.com\/site\/calcule-quanto-saira-do-seu-bolso-para-pagar-ipva-e-iptu\/\",\"url\":\"https:\/\/www.notibras.com\/site\/calcule-quanto-saira-do-seu-bolso-para-pagar-ipva-e-iptu\/\",\"name\":\"Calcule quanto sair\u00e1 do seu bolso para pagar IPVA e IPTU - Notibras\",\"isPartOf\":{\"@id\":\"https:\/\/www.notibras.com\/site\/#website\"},\"primaryImageOfPage\":{\"@id\":\"https:\/\/www.notibras.com\/site\/calcule-quanto-saira-do-seu-bolso-para-pagar-ipva-e-iptu\/#primaryimage\"},\"image\":{\"@id\":\"https:\/\/www.notibras.com\/site\/calcule-quanto-saira-do-seu-bolso-para-pagar-ipva-e-iptu\/#primaryimage\"},\"thumbnailUrl\":\"https:\/\/www.notibras.com\/site\/wp-content\/uploads\/2023\/12\/ipip.jpg\",\"datePublished\":\"2023-12-29T03:50:38+00:00\",\"dateModified\":\"2023-12-29T10:53:37+00:00\",\"breadcrumb\":{\"@id\":\"https:\/\/www.notibras.com\/site\/calcule-quanto-saira-do-seu-bolso-para-pagar-ipva-e-iptu\/#breadcrumb\"},\"inLanguage\":\"pt-BR\",\"potentialAction\":[{\"@type\":\"ReadAction\",\"target\":[\"https:\/\/www.notibras.com\/site\/calcule-quanto-saira-do-seu-bolso-para-pagar-ipva-e-iptu\/\"]}]},{\"@type\":\"ImageObject\",\"inLanguage\":\"pt-BR\",\"@id\":\"https:\/\/www.notibras.com\/site\/calcule-quanto-saira-do-seu-bolso-para-pagar-ipva-e-iptu\/#primaryimage\",\"url\":\"https:\/\/www.notibras.com\/site\/wp-content\/uploads\/2023\/12\/ipip.jpg\",\"contentUrl\":\"https:\/\/www.notibras.com\/site\/wp-content\/uploads\/2023\/12\/ipip.jpg\",\"width\":799,\"height\":533},{\"@type\":\"BreadcrumbList\",\"@id\":\"https:\/\/www.notibras.com\/site\/calcule-quanto-saira-do-seu-bolso-para-pagar-ipva-e-iptu\/#breadcrumb\",\"itemListElement\":[{\"@type\":\"ListItem\",\"position\":1,\"name\":\"In\u00edcio\",\"item\":\"https:\/\/www.notibras.com\/site\/\"},{\"@type\":\"ListItem\",\"position\":2,\"name\":\"Calcule quanto sair\u00e1 do seu bolso para pagar IPVA e IPTU\"}]},{\"@type\":\"WebSite\",\"@id\":\"https:\/\/www.notibras.com\/site\/#website\",\"url\":\"https:\/\/www.notibras.com\/site\/\",\"name\":\"Notibras\",\"description\":\"Not\u00edcias de Bras\u00edlia, do Brasil e do Mundo\",\"publisher\":{\"@id\":\"https:\/\/www.notibras.com\/site\/#organization\"},\"potentialAction\":[{\"@type\":\"SearchAction\",\"target\":{\"@type\":\"EntryPoint\",\"urlTemplate\":\"https:\/\/www.notibras.com\/site\/?s={search_term_string}\"},\"query-input\":{\"@type\":\"PropertyValueSpecification\",\"valueRequired\":true,\"valueName\":\"search_term_string\"}}],\"inLanguage\":\"pt-BR\"},{\"@type\":\"Organization\",\"@id\":\"https:\/\/www.notibras.com\/site\/#organization\",\"name\":\"Grupo Notibras de Comunica\u00e7\u00e3o\",\"url\":\"https:\/\/www.notibras.com\/site\/\",\"logo\":{\"@type\":\"ImageObject\",\"inLanguage\":\"pt-BR\",\"@id\":\"https:\/\/www.notibras.com\/site\/#\/schema\/logo\/image\/\",\"url\":\"https:\/\/www.notibras.com\/site\/wp-content\/uploads\/2023\/01\/notibras23.png\",\"contentUrl\":\"https:\/\/www.notibras.com\/site\/wp-content\/uploads\/2023\/01\/notibras23.png\",\"width\":350,\"height\":87,\"caption\":\"Grupo Notibras de Comunica\u00e7\u00e3o\"},\"image\":{\"@id\":\"https:\/\/www.notibras.com\/site\/#\/schema\/logo\/image\/\"},\"sameAs\":[\"https:\/\/www.facebook.com\/notibras\/\",\"https:\/\/x.com\/Notibras\",\"https:\/\/www.instagram.com\/notibras\/\"]},{\"@type\":\"Person\",\"@id\":\"https:\/\/www.notibras.com\/site\/#\/schema\/person\/36ab0979449956132d3e5b517ea76ac8\",\"name\":\"Reda\u00e7\u00e3o\",\"image\":{\"@type\":\"ImageObject\",\"inLanguage\":\"pt-BR\",\"@id\":\"https:\/\/secure.gravatar.com\/avatar\/e0a867bdedb85fd243eadf09663511f96fc81e0720a4a42581f334ad4303aa6b?s=96&d=mm&r=g\",\"url\":\"https:\/\/secure.gravatar.com\/avatar\/e0a867bdedb85fd243eadf09663511f96fc81e0720a4a42581f334ad4303aa6b?s=96&d=mm&r=g\",\"contentUrl\":\"https:\/\/secure.gravatar.com\/avatar\/e0a867bdedb85fd243eadf09663511f96fc81e0720a4a42581f334ad4303aa6b?s=96&d=mm&r=g\",\"caption\":\"Reda\u00e7\u00e3o\"}}]}<\/script>\n<!-- \/ Yoast SEO plugin. -->","yoast_head_json":{"title":"Calcule quanto sair\u00e1 do seu bolso para pagar IPVA e IPTU - Notibras","robots":{"index":"index","follow":"follow","max-snippet":"max-snippet:-1","max-image-preview":"max-image-preview:large","max-video-preview":"max-video-preview:-1"},"canonical":"https:\/\/www.notibras.com\/site\/calcule-quanto-saira-do-seu-bolso-para-pagar-ipva-e-iptu\/","og_locale":"pt_BR","og_type":"article","og_title":"Calcule quanto sair\u00e1 do seu bolso para pagar IPVA e IPTU - Notibras","og_description":"O\u00a0 Governo do Distrito Federal (GDF) divulgou os valores venais dos autom\u00f3veis e im\u00f3veis. Desta forma, \u00e9 poss\u00edvel o cidad\u00e3o saber quanto ir\u00e1 pagar do Imposto sobre a Propriedade de Ve\u00edculos Automotores (IPVA) e do Imposto sobre a Propriedade Predial e Territorial Urbana (IPTU). A previs\u00e3o de arrecada\u00e7\u00e3o com os dois tributos \u00e9 de R$ [&hellip;]","og_url":"https:\/\/www.notibras.com\/site\/calcule-quanto-saira-do-seu-bolso-para-pagar-ipva-e-iptu\/","og_site_name":"Notibras","article_publisher":"https:\/\/www.facebook.com\/notibras\/","article_published_time":"2023-12-29T03:50:38+00:00","article_modified_time":"2023-12-29T10:53:37+00:00","og_image":[{"width":799,"height":533,"url":"https:\/\/www.notibras.com\/site\/wp-content\/uploads\/2023\/12\/ipip.jpg","type":"image\/jpeg"}],"author":"Reda\u00e7\u00e3o","twitter_card":"summary_large_image","twitter_creator":"@Notibras","twitter_site":"@Notibras","twitter_misc":{"Escrito por":"Reda\u00e7\u00e3o","Est. tempo de leitura":"3 minutos"},"schema":{"@context":"https:\/\/schema.org","@graph":[{"@type":"Article","@id":"https:\/\/www.notibras.com\/site\/calcule-quanto-saira-do-seu-bolso-para-pagar-ipva-e-iptu\/#article","isPartOf":{"@id":"https:\/\/www.notibras.com\/site\/calcule-quanto-saira-do-seu-bolso-para-pagar-ipva-e-iptu\/"},"author":{"name":"Reda\u00e7\u00e3o","@id":"https:\/\/www.notibras.com\/site\/#\/schema\/person\/36ab0979449956132d3e5b517ea76ac8"},"headline":"Calcule quanto sair\u00e1 do seu bolso para pagar IPVA e IPTU","datePublished":"2023-12-29T03:50:38+00:00","dateModified":"2023-12-29T10:53:37+00:00","mainEntityOfPage":{"@id":"https:\/\/www.notibras.com\/site\/calcule-quanto-saira-do-seu-bolso-para-pagar-ipva-e-iptu\/"},"wordCount":409,"publisher":{"@id":"https:\/\/www.notibras.com\/site\/#organization"},"image":{"@id":"https:\/\/www.notibras.com\/site\/calcule-quanto-saira-do-seu-bolso-para-pagar-ipva-e-iptu\/#primaryimage"},"thumbnailUrl":"https:\/\/www.notibras.com\/site\/wp-content\/uploads\/2023\/12\/ipip.jpg","articleSection":["Quadradinho em Foco"],"inLanguage":"pt-BR"},{"@type":"WebPage","@id":"https:\/\/www.notibras.com\/site\/calcule-quanto-saira-do-seu-bolso-para-pagar-ipva-e-iptu\/","url":"https:\/\/www.notibras.com\/site\/calcule-quanto-saira-do-seu-bolso-para-pagar-ipva-e-iptu\/","name":"Calcule quanto sair\u00e1 do seu bolso para pagar IPVA e IPTU - Notibras","isPartOf":{"@id":"https:\/\/www.notibras.com\/site\/#website"},"primaryImageOfPage":{"@id":"https:\/\/www.notibras.com\/site\/calcule-quanto-saira-do-seu-bolso-para-pagar-ipva-e-iptu\/#primaryimage"},"image":{"@id":"https:\/\/www.notibras.com\/site\/calcule-quanto-saira-do-seu-bolso-para-pagar-ipva-e-iptu\/#primaryimage"},"thumbnailUrl":"https:\/\/www.notibras.com\/site\/wp-content\/uploads\/2023\/12\/ipip.jpg","datePublished":"2023-12-29T03:50:38+00:00","dateModified":"2023-12-29T10:53:37+00:00","breadcrumb":{"@id":"https:\/\/www.notibras.com\/site\/calcule-quanto-saira-do-seu-bolso-para-pagar-ipva-e-iptu\/#breadcrumb"},"inLanguage":"pt-BR","potentialAction":[{"@type":"ReadAction","target":["https:\/\/www.notibras.com\/site\/calcule-quanto-saira-do-seu-bolso-para-pagar-ipva-e-iptu\/"]}]},{"@type":"ImageObject","inLanguage":"pt-BR","@id":"https:\/\/www.notibras.com\/site\/calcule-quanto-saira-do-seu-bolso-para-pagar-ipva-e-iptu\/#primaryimage","url":"https:\/\/www.notibras.com\/site\/wp-content\/uploads\/2023\/12\/ipip.jpg","contentUrl":"https:\/\/www.notibras.com\/site\/wp-content\/uploads\/2023\/12\/ipip.jpg","width":799,"height":533},{"@type":"BreadcrumbList","@id":"https:\/\/www.notibras.com\/site\/calcule-quanto-saira-do-seu-bolso-para-pagar-ipva-e-iptu\/#breadcrumb","itemListElement":[{"@type":"ListItem","position":1,"name":"In\u00edcio","item":"https:\/\/www.notibras.com\/site\/"},{"@type":"ListItem","position":2,"name":"Calcule quanto sair\u00e1 do seu bolso para pagar IPVA e IPTU"}]},{"@type":"WebSite","@id":"https:\/\/www.notibras.com\/site\/#website","url":"https:\/\/www.notibras.com\/site\/","name":"Notibras","description":"Not\u00edcias de Bras\u00edlia, do Brasil e do Mundo","publisher":{"@id":"https:\/\/www.notibras.com\/site\/#organization"},"potentialAction":[{"@type":"SearchAction","target":{"@type":"EntryPoint","urlTemplate":"https:\/\/www.notibras.com\/site\/?s={search_term_string}"},"query-input":{"@type":"PropertyValueSpecification","valueRequired":true,"valueName":"search_term_string"}}],"inLanguage":"pt-BR"},{"@type":"Organization","@id":"https:\/\/www.notibras.com\/site\/#organization","name":"Grupo Notibras de Comunica\u00e7\u00e3o","url":"https:\/\/www.notibras.com\/site\/","logo":{"@type":"ImageObject","inLanguage":"pt-BR","@id":"https:\/\/www.notibras.com\/site\/#\/schema\/logo\/image\/","url":"https:\/\/www.notibras.com\/site\/wp-content\/uploads\/2023\/01\/notibras23.png","contentUrl":"https:\/\/www.notibras.com\/site\/wp-content\/uploads\/2023\/01\/notibras23.png","width":350,"height":87,"caption":"Grupo Notibras de Comunica\u00e7\u00e3o"},"image":{"@id":"https:\/\/www.notibras.com\/site\/#\/schema\/logo\/image\/"},"sameAs":["https:\/\/www.facebook.com\/notibras\/","https:\/\/x.com\/Notibras","https:\/\/www.instagram.com\/notibras\/"]},{"@type":"Person","@id":"https:\/\/www.notibras.com\/site\/#\/schema\/person\/36ab0979449956132d3e5b517ea76ac8","name":"Reda\u00e7\u00e3o","image":{"@type":"ImageObject","inLanguage":"pt-BR","@id":"https:\/\/secure.gravatar.com\/avatar\/e0a867bdedb85fd243eadf09663511f96fc81e0720a4a42581f334ad4303aa6b?s=96&d=mm&r=g","url":"https:\/\/secure.gravatar.com\/avatar\/e0a867bdedb85fd243eadf09663511f96fc81e0720a4a42581f334ad4303aa6b?s=96&d=mm&r=g","contentUrl":"https:\/\/secure.gravatar.com\/avatar\/e0a867bdedb85fd243eadf09663511f96fc81e0720a4a42581f334ad4303aa6b?s=96&d=mm&r=g","caption":"Reda\u00e7\u00e3o"}}]}},"amp_enabled":true,"_links":{"self":[{"href":"https:\/\/www.notibras.com\/site\/wp-json\/wp\/v2\/posts\/319881","targetHints":{"allow":["GET"]}}],"collection":[{"href":"https:\/\/www.notibras.com\/site\/wp-json\/wp\/v2\/posts"}],"about":[{"href":"https:\/\/www.notibras.com\/site\/wp-json\/wp\/v2\/types\/post"}],"author":[{"embeddable":true,"href":"https:\/\/www.notibras.com\/site\/wp-json\/wp\/v2\/users\/2"}],"replies":[{"embeddable":true,"href":"https:\/\/www.notibras.com\/site\/wp-json\/wp\/v2\/comments?post=319881"}],"version-history":[{"count":1,"href":"https:\/\/www.notibras.com\/site\/wp-json\/wp\/v2\/posts\/319881\/revisions"}],"predecessor-version":[{"id":319883,"href":"https:\/\/www.notibras.com\/site\/wp-json\/wp\/v2\/posts\/319881\/revisions\/319883"}],"wp:featuredmedia":[{"embeddable":true,"href":"https:\/\/www.notibras.com\/site\/wp-json\/wp\/v2\/media\/319882"}],"wp:attachment":[{"href":"https:\/\/www.notibras.com\/site\/wp-json\/wp\/v2\/media?parent=319881"}],"wp:term":[{"taxonomy":"category","embeddable":true,"href":"https:\/\/www.notibras.com\/site\/wp-json\/wp\/v2\/categories?post=319881"},{"taxonomy":"post_tag","embeddable":true,"href":"https:\/\/www.notibras.com\/site\/wp-json\/wp\/v2\/tags?post=319881"}],"curies":[{"name":"wp","href":"https:\/\/api.w.org\/{rel}","templated":true}]}}