{"id":319915,"date":"2023-12-30T09:30:03","date_gmt":"2023-12-30T12:30:03","guid":{"rendered":"https:\/\/www.notibras.com\/site\/?p=319915"},"modified":"2023-12-30T09:32:49","modified_gmt":"2023-12-30T12:32:49","slug":"solange-e-augusta-as-candinhas-trairas-de-rita","status":"publish","type":"post","link":"https:\/\/www.notibras.com\/site\/solange-e-augusta-as-candinhas-trairas-de-rita\/","title":{"rendered":"Solange e Augusta, as &#8216;Candinhas&#8217; tra\u00edras de Rita"},"content":{"rendered":"<p>Rita acordou euf\u00f3rica, olhou para o lado da cama, onde o marido, barrig\u00e3o pro teto, roncava sem d\u00f3 nem piedade. Nem ligou, n\u00e3o era aquilo que tiraria a alegria do seu domingo, dia de comemorar o primeiro m\u00eas do Osvaldinho, o filho que tanto desejou depois de tantas e tantas tentativas frustradas.<\/p>\n<p>Levantou ligeira, silenciosa como uma gata, como se possu\u00edsse almofadas nos p\u00e9s. Foi at\u00e9 o ber\u00e7o ao lado, onde o pequenino ainda adormecia, como se nem desconfiasse que a vida n\u00e3o \u00e9 apenas feita de peitos jorrando leite. Nada como a inoc\u00eancia dos primeiros momentos fora da placenta!<\/p>\n<p>A m\u00e3e de primeira viagem passou boa parte da manh\u00e3 arrumando os \u00faltimos detalhes para o t\u00e3o esperado evento. Por um bom tempo, teve que dedicar aten\u00e7\u00e3o quase exclusiva ao filho, apesar da insist\u00eancia do marido, o Osvald\u00e3o, que, como se fosse ainda menino, recorria a olhares tristonhos e bicos para ganhar mais uma lata de cerveja, enquanto permanecia com o traseiro pregado ao sof\u00e1 diante da televis\u00e3o.<\/p>\n<p>\u00c0s 16h, os convidados come\u00e7aram a chegar. N\u00e3o muitos, j\u00e1 que Rita n\u00e3o havia se dado conta do feriado prolongado, quando v\u00e1rias amigos viajaram para a praia. Seja como for, ela n\u00e3o se cansava de carregar seu beb\u00ea no colo e, toda orgulhosa, o exibia para todos.<\/p>\n<p>&#8211; N\u00e3o \u00e9 lindo demais o meu Osvaldinho?<\/p>\n<p>Todos, sem exce\u00e7\u00e3o, concordavam com um aceno de cabe\u00e7a, \u00e0s vezes at\u00e9 mesmo com um largo sorriso, o que s\u00f3 aumentava o estado de euforia da Rita. Certa ela estava que o Osvaldinho era mesmo o menino mais lindo do mundo. Um pr\u00edncipe!<\/p>\n<p>A festa ia avan\u00e7ando, as pessoas se despedindo da anfitri\u00e3, carregada de uma boa dose de alegria materna, enquanto o Osvald\u00e3o, ainda com os gordos gl\u00fateos pregados ao sof\u00e1, tentava acertar a boca com mais um gole de cerveja. Enquanto isso, o Osvaldinho descansava o sono dos inocentes l\u00e1 no seu ber\u00e7o espl\u00eandido.<\/p>\n<p>Solange e Augusta, duas amigas de longa data da Rita, j\u00e1 estavam na esquina, quando come\u00e7aram a conversar sobre a festa.<\/p>\n<p>&#8211; J\u00e1 fui a vel\u00f3rios mais animados.<\/p>\n<p>&#8211; E voc\u00ea viu aquela coxinha toda cheia de \u00f3leo? Vou ter que tomar um rem\u00e9dio pro f\u00edgado,<\/p>\n<p>&#8211; E o Osvaldinho? Que menino mais feio! Ser\u00e1 que a Rita t\u00e1 ficando cega?<\/p>\n<p>&#8211; Solange, por acaso voc\u00ea j\u00e1 viu uma coruja achar o filho feio?<\/p>\n","protected":false},"excerpt":{"rendered":"<p>Rita acordou euf\u00f3rica, olhou para o lado da cama, onde o marido, barrig\u00e3o pro teto, roncava sem d\u00f3 nem piedade. Nem ligou, n\u00e3o era aquilo que tiraria a alegria do seu domingo, dia de comemorar o primeiro m\u00eas do Osvaldinho, o filho que tanto desejou depois de tantas e tantas tentativas frustradas. Levantou ligeira, silenciosa [&hellip;]<\/p>\n","protected":false},"author":2,"featured_media":319916,"comment_status":"closed","ping_status":"closed","sticky":false,"template":"","format":"standard","meta":{"_acf_changed":false,"footnotes":""},"categories":[161],"tags":[],"class_list":["post-319915","post","type-post","status-publish","format-standard","has-post-thumbnail","hentry","category-quadradinho-em-foco"],"acf":[],"yoast_head":"<!-- This site is optimized with the Yoast SEO plugin v27.2 - https:\/\/yoast.com\/product\/yoast-seo-wordpress\/ -->\n<title>Solange e Augusta, as &#039;Candinhas&#039; tra\u00edras de Rita - Notibras<\/title>\n<meta name=\"robots\" content=\"index, follow, max-snippet:-1, max-image-preview:large, max-video-preview:-1\" \/>\n<link rel=\"canonical\" href=\"https:\/\/www.notibras.com\/site\/solange-e-augusta-as-candinhas-trairas-de-rita\/\" \/>\n<meta property=\"og:locale\" content=\"pt_BR\" \/>\n<meta property=\"og:type\" content=\"article\" \/>\n<meta property=\"og:title\" content=\"Solange e Augusta, as &#039;Candinhas&#039; tra\u00edras de Rita - Notibras\" \/>\n<meta property=\"og:description\" content=\"Rita acordou euf\u00f3rica, olhou para o lado da cama, onde o marido, barrig\u00e3o pro teto, roncava sem d\u00f3 nem piedade. Nem ligou, n\u00e3o era aquilo que tiraria a alegria do seu domingo, dia de comemorar o primeiro m\u00eas do Osvaldinho, o filho que tanto desejou depois de tantas e tantas tentativas frustradas. Levantou ligeira, silenciosa [&hellip;]\" \/>\n<meta property=\"og:url\" content=\"https:\/\/www.notibras.com\/site\/solange-e-augusta-as-candinhas-trairas-de-rita\/\" \/>\n<meta property=\"og:site_name\" content=\"Notibras\" \/>\n<meta property=\"article:publisher\" content=\"https:\/\/www.facebook.com\/notibras\/\" \/>\n<meta property=\"article:published_time\" content=\"2023-12-30T12:30:03+00:00\" \/>\n<meta property=\"article:modified_time\" content=\"2023-12-30T12:32:49+00:00\" \/>\n<meta property=\"og:image\" content=\"https:\/\/www.notibras.com\/site\/wp-content\/uploads\/2023\/12\/bebecolo.webp\" \/>\n\t<meta property=\"og:image:width\" content=\"984\" \/>\n\t<meta property=\"og:image:height\" content=\"657\" \/>\n\t<meta property=\"og:image:type\" content=\"image\/webp\" \/>\n<meta name=\"author\" content=\"Reda\u00e7\u00e3o\" \/>\n<meta name=\"twitter:card\" content=\"summary_large_image\" \/>\n<meta name=\"twitter:creator\" content=\"@Notibras\" \/>\n<meta name=\"twitter:site\" content=\"@Notibras\" \/>\n<meta name=\"twitter:label1\" content=\"Escrito por\" \/>\n\t<meta name=\"twitter:data1\" content=\"Reda\u00e7\u00e3o\" \/>\n\t<meta name=\"twitter:label2\" content=\"Est. tempo de leitura\" \/>\n\t<meta name=\"twitter:data2\" content=\"3 minutos\" \/>\n<script type=\"application\/ld+json\" class=\"yoast-schema-graph\">{\"@context\":\"https:\/\/schema.org\",\"@graph\":[{\"@type\":\"Article\",\"@id\":\"https:\/\/www.notibras.com\/site\/solange-e-augusta-as-candinhas-trairas-de-rita\/#article\",\"isPartOf\":{\"@id\":\"https:\/\/www.notibras.com\/site\/solange-e-augusta-as-candinhas-trairas-de-rita\/\"},\"author\":{\"name\":\"Reda\u00e7\u00e3o\",\"@id\":\"https:\/\/www.notibras.com\/site\/#\/schema\/person\/36ab0979449956132d3e5b517ea76ac8\"},\"headline\":\"Solange e Augusta, as &#8216;Candinhas&#8217; tra\u00edras de Rita\",\"datePublished\":\"2023-12-30T12:30:03+00:00\",\"dateModified\":\"2023-12-30T12:32:49+00:00\",\"mainEntityOfPage\":{\"@id\":\"https:\/\/www.notibras.com\/site\/solange-e-augusta-as-candinhas-trairas-de-rita\/\"},\"wordCount\":433,\"publisher\":{\"@id\":\"https:\/\/www.notibras.com\/site\/#organization\"},\"image\":{\"@id\":\"https:\/\/www.notibras.com\/site\/solange-e-augusta-as-candinhas-trairas-de-rita\/#primaryimage\"},\"thumbnailUrl\":\"https:\/\/www.notibras.com\/site\/wp-content\/uploads\/2023\/12\/bebecolo.webp\",\"articleSection\":[\"Quadradinho em Foco\"],\"inLanguage\":\"pt-BR\"},{\"@type\":\"WebPage\",\"@id\":\"https:\/\/www.notibras.com\/site\/solange-e-augusta-as-candinhas-trairas-de-rita\/\",\"url\":\"https:\/\/www.notibras.com\/site\/solange-e-augusta-as-candinhas-trairas-de-rita\/\",\"name\":\"Solange e Augusta, as 'Candinhas' tra\u00edras de Rita - Notibras\",\"isPartOf\":{\"@id\":\"https:\/\/www.notibras.com\/site\/#website\"},\"primaryImageOfPage\":{\"@id\":\"https:\/\/www.notibras.com\/site\/solange-e-augusta-as-candinhas-trairas-de-rita\/#primaryimage\"},\"image\":{\"@id\":\"https:\/\/www.notibras.com\/site\/solange-e-augusta-as-candinhas-trairas-de-rita\/#primaryimage\"},\"thumbnailUrl\":\"https:\/\/www.notibras.com\/site\/wp-content\/uploads\/2023\/12\/bebecolo.webp\",\"datePublished\":\"2023-12-30T12:30:03+00:00\",\"dateModified\":\"2023-12-30T12:32:49+00:00\",\"breadcrumb\":{\"@id\":\"https:\/\/www.notibras.com\/site\/solange-e-augusta-as-candinhas-trairas-de-rita\/#breadcrumb\"},\"inLanguage\":\"pt-BR\",\"potentialAction\":[{\"@type\":\"ReadAction\",\"target\":[\"https:\/\/www.notibras.com\/site\/solange-e-augusta-as-candinhas-trairas-de-rita\/\"]}]},{\"@type\":\"ImageObject\",\"inLanguage\":\"pt-BR\",\"@id\":\"https:\/\/www.notibras.com\/site\/solange-e-augusta-as-candinhas-trairas-de-rita\/#primaryimage\",\"url\":\"https:\/\/www.notibras.com\/site\/wp-content\/uploads\/2023\/12\/bebecolo.webp\",\"contentUrl\":\"https:\/\/www.notibras.com\/site\/wp-content\/uploads\/2023\/12\/bebecolo.webp\",\"width\":984,\"height\":657},{\"@type\":\"BreadcrumbList\",\"@id\":\"https:\/\/www.notibras.com\/site\/solange-e-augusta-as-candinhas-trairas-de-rita\/#breadcrumb\",\"itemListElement\":[{\"@type\":\"ListItem\",\"position\":1,\"name\":\"In\u00edcio\",\"item\":\"https:\/\/www.notibras.com\/site\/\"},{\"@type\":\"ListItem\",\"position\":2,\"name\":\"Solange e Augusta, as &#8216;Candinhas&#8217; tra\u00edras de Rita\"}]},{\"@type\":\"WebSite\",\"@id\":\"https:\/\/www.notibras.com\/site\/#website\",\"url\":\"https:\/\/www.notibras.com\/site\/\",\"name\":\"Notibras\",\"description\":\"Not\u00edcias de Bras\u00edlia, do Brasil e do Mundo\",\"publisher\":{\"@id\":\"https:\/\/www.notibras.com\/site\/#organization\"},\"potentialAction\":[{\"@type\":\"SearchAction\",\"target\":{\"@type\":\"EntryPoint\",\"urlTemplate\":\"https:\/\/www.notibras.com\/site\/?s={search_term_string}\"},\"query-input\":{\"@type\":\"PropertyValueSpecification\",\"valueRequired\":true,\"valueName\":\"search_term_string\"}}],\"inLanguage\":\"pt-BR\"},{\"@type\":\"Organization\",\"@id\":\"https:\/\/www.notibras.com\/site\/#organization\",\"name\":\"Grupo Notibras de Comunica\u00e7\u00e3o\",\"url\":\"https:\/\/www.notibras.com\/site\/\",\"logo\":{\"@type\":\"ImageObject\",\"inLanguage\":\"pt-BR\",\"@id\":\"https:\/\/www.notibras.com\/site\/#\/schema\/logo\/image\/\",\"url\":\"https:\/\/www.notibras.com\/site\/wp-content\/uploads\/2023\/01\/notibras23.png\",\"contentUrl\":\"https:\/\/www.notibras.com\/site\/wp-content\/uploads\/2023\/01\/notibras23.png\",\"width\":350,\"height\":87,\"caption\":\"Grupo Notibras de Comunica\u00e7\u00e3o\"},\"image\":{\"@id\":\"https:\/\/www.notibras.com\/site\/#\/schema\/logo\/image\/\"},\"sameAs\":[\"https:\/\/www.facebook.com\/notibras\/\",\"https:\/\/x.com\/Notibras\",\"https:\/\/www.instagram.com\/notibras\/\"]},{\"@type\":\"Person\",\"@id\":\"https:\/\/www.notibras.com\/site\/#\/schema\/person\/36ab0979449956132d3e5b517ea76ac8\",\"name\":\"Reda\u00e7\u00e3o\",\"image\":{\"@type\":\"ImageObject\",\"inLanguage\":\"pt-BR\",\"@id\":\"https:\/\/secure.gravatar.com\/avatar\/e0a867bdedb85fd243eadf09663511f96fc81e0720a4a42581f334ad4303aa6b?s=96&d=mm&r=g\",\"url\":\"https:\/\/secure.gravatar.com\/avatar\/e0a867bdedb85fd243eadf09663511f96fc81e0720a4a42581f334ad4303aa6b?s=96&d=mm&r=g\",\"contentUrl\":\"https:\/\/secure.gravatar.com\/avatar\/e0a867bdedb85fd243eadf09663511f96fc81e0720a4a42581f334ad4303aa6b?s=96&d=mm&r=g\",\"caption\":\"Reda\u00e7\u00e3o\"}}]}<\/script>\n<!-- \/ Yoast SEO plugin. -->","yoast_head_json":{"title":"Solange e Augusta, as 'Candinhas' tra\u00edras de Rita - Notibras","robots":{"index":"index","follow":"follow","max-snippet":"max-snippet:-1","max-image-preview":"max-image-preview:large","max-video-preview":"max-video-preview:-1"},"canonical":"https:\/\/www.notibras.com\/site\/solange-e-augusta-as-candinhas-trairas-de-rita\/","og_locale":"pt_BR","og_type":"article","og_title":"Solange e Augusta, as 'Candinhas' tra\u00edras de Rita - Notibras","og_description":"Rita acordou euf\u00f3rica, olhou para o lado da cama, onde o marido, barrig\u00e3o pro teto, roncava sem d\u00f3 nem piedade. Nem ligou, n\u00e3o era aquilo que tiraria a alegria do seu domingo, dia de comemorar o primeiro m\u00eas do Osvaldinho, o filho que tanto desejou depois de tantas e tantas tentativas frustradas. Levantou ligeira, silenciosa [&hellip;]","og_url":"https:\/\/www.notibras.com\/site\/solange-e-augusta-as-candinhas-trairas-de-rita\/","og_site_name":"Notibras","article_publisher":"https:\/\/www.facebook.com\/notibras\/","article_published_time":"2023-12-30T12:30:03+00:00","article_modified_time":"2023-12-30T12:32:49+00:00","og_image":[{"width":984,"height":657,"url":"https:\/\/www.notibras.com\/site\/wp-content\/uploads\/2023\/12\/bebecolo.webp","type":"image\/webp"}],"author":"Reda\u00e7\u00e3o","twitter_card":"summary_large_image","twitter_creator":"@Notibras","twitter_site":"@Notibras","twitter_misc":{"Escrito por":"Reda\u00e7\u00e3o","Est. tempo de leitura":"3 minutos"},"schema":{"@context":"https:\/\/schema.org","@graph":[{"@type":"Article","@id":"https:\/\/www.notibras.com\/site\/solange-e-augusta-as-candinhas-trairas-de-rita\/#article","isPartOf":{"@id":"https:\/\/www.notibras.com\/site\/solange-e-augusta-as-candinhas-trairas-de-rita\/"},"author":{"name":"Reda\u00e7\u00e3o","@id":"https:\/\/www.notibras.com\/site\/#\/schema\/person\/36ab0979449956132d3e5b517ea76ac8"},"headline":"Solange e Augusta, as &#8216;Candinhas&#8217; tra\u00edras de Rita","datePublished":"2023-12-30T12:30:03+00:00","dateModified":"2023-12-30T12:32:49+00:00","mainEntityOfPage":{"@id":"https:\/\/www.notibras.com\/site\/solange-e-augusta-as-candinhas-trairas-de-rita\/"},"wordCount":433,"publisher":{"@id":"https:\/\/www.notibras.com\/site\/#organization"},"image":{"@id":"https:\/\/www.notibras.com\/site\/solange-e-augusta-as-candinhas-trairas-de-rita\/#primaryimage"},"thumbnailUrl":"https:\/\/www.notibras.com\/site\/wp-content\/uploads\/2023\/12\/bebecolo.webp","articleSection":["Quadradinho em Foco"],"inLanguage":"pt-BR"},{"@type":"WebPage","@id":"https:\/\/www.notibras.com\/site\/solange-e-augusta-as-candinhas-trairas-de-rita\/","url":"https:\/\/www.notibras.com\/site\/solange-e-augusta-as-candinhas-trairas-de-rita\/","name":"Solange e Augusta, as 'Candinhas' tra\u00edras de Rita - Notibras","isPartOf":{"@id":"https:\/\/www.notibras.com\/site\/#website"},"primaryImageOfPage":{"@id":"https:\/\/www.notibras.com\/site\/solange-e-augusta-as-candinhas-trairas-de-rita\/#primaryimage"},"image":{"@id":"https:\/\/www.notibras.com\/site\/solange-e-augusta-as-candinhas-trairas-de-rita\/#primaryimage"},"thumbnailUrl":"https:\/\/www.notibras.com\/site\/wp-content\/uploads\/2023\/12\/bebecolo.webp","datePublished":"2023-12-30T12:30:03+00:00","dateModified":"2023-12-30T12:32:49+00:00","breadcrumb":{"@id":"https:\/\/www.notibras.com\/site\/solange-e-augusta-as-candinhas-trairas-de-rita\/#breadcrumb"},"inLanguage":"pt-BR","potentialAction":[{"@type":"ReadAction","target":["https:\/\/www.notibras.com\/site\/solange-e-augusta-as-candinhas-trairas-de-rita\/"]}]},{"@type":"ImageObject","inLanguage":"pt-BR","@id":"https:\/\/www.notibras.com\/site\/solange-e-augusta-as-candinhas-trairas-de-rita\/#primaryimage","url":"https:\/\/www.notibras.com\/site\/wp-content\/uploads\/2023\/12\/bebecolo.webp","contentUrl":"https:\/\/www.notibras.com\/site\/wp-content\/uploads\/2023\/12\/bebecolo.webp","width":984,"height":657},{"@type":"BreadcrumbList","@id":"https:\/\/www.notibras.com\/site\/solange-e-augusta-as-candinhas-trairas-de-rita\/#breadcrumb","itemListElement":[{"@type":"ListItem","position":1,"name":"In\u00edcio","item":"https:\/\/www.notibras.com\/site\/"},{"@type":"ListItem","position":2,"name":"Solange e Augusta, as &#8216;Candinhas&#8217; tra\u00edras de Rita"}]},{"@type":"WebSite","@id":"https:\/\/www.notibras.com\/site\/#website","url":"https:\/\/www.notibras.com\/site\/","name":"Notibras","description":"Not\u00edcias de Bras\u00edlia, do Brasil e do Mundo","publisher":{"@id":"https:\/\/www.notibras.com\/site\/#organization"},"potentialAction":[{"@type":"SearchAction","target":{"@type":"EntryPoint","urlTemplate":"https:\/\/www.notibras.com\/site\/?s={search_term_string}"},"query-input":{"@type":"PropertyValueSpecification","valueRequired":true,"valueName":"search_term_string"}}],"inLanguage":"pt-BR"},{"@type":"Organization","@id":"https:\/\/www.notibras.com\/site\/#organization","name":"Grupo Notibras de Comunica\u00e7\u00e3o","url":"https:\/\/www.notibras.com\/site\/","logo":{"@type":"ImageObject","inLanguage":"pt-BR","@id":"https:\/\/www.notibras.com\/site\/#\/schema\/logo\/image\/","url":"https:\/\/www.notibras.com\/site\/wp-content\/uploads\/2023\/01\/notibras23.png","contentUrl":"https:\/\/www.notibras.com\/site\/wp-content\/uploads\/2023\/01\/notibras23.png","width":350,"height":87,"caption":"Grupo Notibras de Comunica\u00e7\u00e3o"},"image":{"@id":"https:\/\/www.notibras.com\/site\/#\/schema\/logo\/image\/"},"sameAs":["https:\/\/www.facebook.com\/notibras\/","https:\/\/x.com\/Notibras","https:\/\/www.instagram.com\/notibras\/"]},{"@type":"Person","@id":"https:\/\/www.notibras.com\/site\/#\/schema\/person\/36ab0979449956132d3e5b517ea76ac8","name":"Reda\u00e7\u00e3o","image":{"@type":"ImageObject","inLanguage":"pt-BR","@id":"https:\/\/secure.gravatar.com\/avatar\/e0a867bdedb85fd243eadf09663511f96fc81e0720a4a42581f334ad4303aa6b?s=96&d=mm&r=g","url":"https:\/\/secure.gravatar.com\/avatar\/e0a867bdedb85fd243eadf09663511f96fc81e0720a4a42581f334ad4303aa6b?s=96&d=mm&r=g","contentUrl":"https:\/\/secure.gravatar.com\/avatar\/e0a867bdedb85fd243eadf09663511f96fc81e0720a4a42581f334ad4303aa6b?s=96&d=mm&r=g","caption":"Reda\u00e7\u00e3o"}}]}},"amp_enabled":true,"_links":{"self":[{"href":"https:\/\/www.notibras.com\/site\/wp-json\/wp\/v2\/posts\/319915","targetHints":{"allow":["GET"]}}],"collection":[{"href":"https:\/\/www.notibras.com\/site\/wp-json\/wp\/v2\/posts"}],"about":[{"href":"https:\/\/www.notibras.com\/site\/wp-json\/wp\/v2\/types\/post"}],"author":[{"embeddable":true,"href":"https:\/\/www.notibras.com\/site\/wp-json\/wp\/v2\/users\/2"}],"replies":[{"embeddable":true,"href":"https:\/\/www.notibras.com\/site\/wp-json\/wp\/v2\/comments?post=319915"}],"version-history":[{"count":2,"href":"https:\/\/www.notibras.com\/site\/wp-json\/wp\/v2\/posts\/319915\/revisions"}],"predecessor-version":[{"id":319918,"href":"https:\/\/www.notibras.com\/site\/wp-json\/wp\/v2\/posts\/319915\/revisions\/319918"}],"wp:featuredmedia":[{"embeddable":true,"href":"https:\/\/www.notibras.com\/site\/wp-json\/wp\/v2\/media\/319916"}],"wp:attachment":[{"href":"https:\/\/www.notibras.com\/site\/wp-json\/wp\/v2\/media?parent=319915"}],"wp:term":[{"taxonomy":"category","embeddable":true,"href":"https:\/\/www.notibras.com\/site\/wp-json\/wp\/v2\/categories?post=319915"},{"taxonomy":"post_tag","embeddable":true,"href":"https:\/\/www.notibras.com\/site\/wp-json\/wp\/v2\/tags?post=319915"}],"curies":[{"name":"wp","href":"https:\/\/api.w.org\/{rel}","templated":true}]}}