{"id":319922,"date":"2023-12-31T00:10:42","date_gmt":"2023-12-31T03:10:42","guid":{"rendered":"https:\/\/www.notibras.com\/site\/?p=319922"},"modified":"2023-12-31T00:33:55","modified_gmt":"2023-12-31T03:33:55","slug":"final-tragico-e-mero-devaneio-com-ponei-colorido","status":"publish","type":"post","link":"https:\/\/www.notibras.com\/site\/final-tragico-e-mero-devaneio-com-ponei-colorido\/","title":{"rendered":"Final tr\u00e1gico \u00e9 mero devaneio com p\u00f4nei colorido"},"content":{"rendered":"<p>Uma coisa muito legal para o escritor \u00e9 receber elogios. \u00c9 \u00f3bvio que, n\u00e3o raro, chega um ou outro desaforo por algo que o leitor desgostou. Seja como for, prefiro guardar na lembran\u00e7a os agrados, ainda mais aqueles que me chegam carregados de exageros, como aconteceu recentemente por um leitor-amigo, ou seja, o tipo quase incapaz de enxergar defeitos, mas que vislumbram qualidades que, bem sei, n\u00e3o sou merecedor. Ou sou?<\/p>\n<p>Pois bem, o leitor-amigo a quem me refiro \u00e9 o renomado astr\u00f3logo Francisco Seabra, a quem costumo chamar de Meu Guru. Ele, talvez embevecido por algum destilado diante da apraz\u00edvel praia da Ponta Negra, em Natal, me mandou essa mensagem: &#8220;Minhas m\u00e3os est\u00e3o perdendo as digitais de tantas palmas para voc\u00ea!!!&#8221;<\/p>\n<p>Devaneio? Extravag\u00e2ncia? Impulso por causa daqueles momentos de euforia? Sei l\u00e1! N\u00e3o fa\u00e7o a menor ideia! No entanto, causa-me arrepios por todo o corpo, tal como os doces beijos da minha amada, a Dona Irene. Mas nada que me mantenha nas nuvens por muito tempo, mesmo porque a minha filha mais nova, a Malulinha, perto de completar quatro meses, vez ou outra, me lembra de que preciso trocar suas fraldas.<\/p>\n<p>Entretanto, n\u00e3o \u00e9 apenas de louros que vive um escritor. Tenho quase certeza de que at\u00e9 o incompar\u00e1vel Machado de Assis tamb\u00e9m recebeu cr\u00edticas desfavor\u00e1veis. N\u00e3o sei como o maior dos maiores as recebeu. No meu caso, digo-lhe que \u00e9 uma divers\u00e3o, que compartilho com a minha esposa antes de deitarmos no nosso leito t\u00e3o acolhedor.<\/p>\n<p>J\u00e1 que expus o Meu Guru, bem que poderia falar um pouco sobre uma leitora, cujo nome prefiro manter no anonimato, mas que sempre me d\u00e1 aquelas alfinetadas. \u00c9 que a dita cuja n\u00e3o suporta os desfechos dos meus contos e cr\u00f4nicas: &#8220;Que mania voc\u00ea tem de sempre colocar esses finais tr\u00e1gicos!&#8221;<\/p>\n<p>N\u00e3o sei se essa leitora-inimiga (ser\u00e1 que estou criando uma nova classe de leitores?) espera encontrar p\u00f4neis coloridos nos meus escritos. Creio at\u00e9 que ela, ao usar esse exagero de palavra que \u00e9 &#8220;sempre&#8221;, tem l\u00e1 sua raz\u00e3o. O problema, parece, estar em mim, que h\u00e1 muito deixei de acreditar em coelhinhos da P\u00e1scoa ou, ent\u00e3o, sou um cruel manipulador das emo\u00e7\u00f5es alheias. Que seja! Nada me d\u00e1 mais prazer do que fugir do tradicional e esperado &#8220;e viveram felizes para sempre&#8221;.<\/p>\n","protected":false},"excerpt":{"rendered":"<p>Uma coisa muito legal para o escritor \u00e9 receber elogios. \u00c9 \u00f3bvio que, n\u00e3o raro, chega um ou outro desaforo por algo que o leitor desgostou. Seja como for, prefiro guardar na lembran\u00e7a os agrados, ainda mais aqueles que me chegam carregados de exageros, como aconteceu recentemente por um leitor-amigo, ou seja, o tipo quase [&hellip;]<\/p>\n","protected":false},"author":2,"featured_media":319923,"comment_status":"closed","ping_status":"closed","sticky":false,"template":"","format":"standard","meta":{"_acf_changed":false,"footnotes":""},"categories":[161],"tags":[],"class_list":["post-319922","post","type-post","status-publish","format-standard","has-post-thumbnail","hentry","category-quadradinho-em-foco"],"acf":[],"yoast_head":"<!-- This site is optimized with the Yoast SEO plugin v27.2 - https:\/\/yoast.com\/product\/yoast-seo-wordpress\/ -->\n<title>Final tr\u00e1gico \u00e9 mero devaneio com p\u00f4nei colorido - Notibras<\/title>\n<meta name=\"robots\" content=\"index, follow, max-snippet:-1, max-image-preview:large, max-video-preview:-1\" \/>\n<link rel=\"canonical\" href=\"https:\/\/www.notibras.com\/site\/final-tragico-e-mero-devaneio-com-ponei-colorido\/\" \/>\n<meta property=\"og:locale\" content=\"pt_BR\" \/>\n<meta property=\"og:type\" content=\"article\" \/>\n<meta property=\"og:title\" content=\"Final tr\u00e1gico \u00e9 mero devaneio com p\u00f4nei colorido - Notibras\" \/>\n<meta property=\"og:description\" content=\"Uma coisa muito legal para o escritor \u00e9 receber elogios. \u00c9 \u00f3bvio que, n\u00e3o raro, chega um ou outro desaforo por algo que o leitor desgostou. Seja como for, prefiro guardar na lembran\u00e7a os agrados, ainda mais aqueles que me chegam carregados de exageros, como aconteceu recentemente por um leitor-amigo, ou seja, o tipo quase [&hellip;]\" \/>\n<meta property=\"og:url\" content=\"https:\/\/www.notibras.com\/site\/final-tragico-e-mero-devaneio-com-ponei-colorido\/\" \/>\n<meta property=\"og:site_name\" content=\"Notibras\" \/>\n<meta property=\"article:publisher\" content=\"https:\/\/www.facebook.com\/notibras\/\" \/>\n<meta property=\"article:published_time\" content=\"2023-12-31T03:10:42+00:00\" \/>\n<meta property=\"article:modified_time\" content=\"2023-12-31T03:33:55+00:00\" \/>\n<meta property=\"og:image\" content=\"https:\/\/www.notibras.com\/site\/wp-content\/uploads\/2023\/12\/duchiirene.jpg\" \/>\n\t<meta property=\"og:image:width\" content=\"1179\" \/>\n\t<meta property=\"og:image:height\" content=\"1166\" \/>\n\t<meta property=\"og:image:type\" content=\"image\/jpeg\" \/>\n<meta name=\"author\" content=\"Reda\u00e7\u00e3o\" \/>\n<meta name=\"twitter:card\" content=\"summary_large_image\" \/>\n<meta name=\"twitter:creator\" content=\"@Notibras\" \/>\n<meta name=\"twitter:site\" content=\"@Notibras\" \/>\n<meta name=\"twitter:label1\" content=\"Escrito por\" \/>\n\t<meta name=\"twitter:data1\" content=\"Reda\u00e7\u00e3o\" \/>\n\t<meta name=\"twitter:label2\" content=\"Est. tempo de leitura\" \/>\n\t<meta name=\"twitter:data2\" content=\"3 minutos\" \/>\n<script type=\"application\/ld+json\" class=\"yoast-schema-graph\">{\"@context\":\"https:\/\/schema.org\",\"@graph\":[{\"@type\":\"Article\",\"@id\":\"https:\/\/www.notibras.com\/site\/final-tragico-e-mero-devaneio-com-ponei-colorido\/#article\",\"isPartOf\":{\"@id\":\"https:\/\/www.notibras.com\/site\/final-tragico-e-mero-devaneio-com-ponei-colorido\/\"},\"author\":{\"name\":\"Reda\u00e7\u00e3o\",\"@id\":\"https:\/\/www.notibras.com\/site\/#\/schema\/person\/36ab0979449956132d3e5b517ea76ac8\"},\"headline\":\"Final tr\u00e1gico \u00e9 mero devaneio com p\u00f4nei colorido\",\"datePublished\":\"2023-12-31T03:10:42+00:00\",\"dateModified\":\"2023-12-31T03:33:55+00:00\",\"mainEntityOfPage\":{\"@id\":\"https:\/\/www.notibras.com\/site\/final-tragico-e-mero-devaneio-com-ponei-colorido\/\"},\"wordCount\":411,\"publisher\":{\"@id\":\"https:\/\/www.notibras.com\/site\/#organization\"},\"image\":{\"@id\":\"https:\/\/www.notibras.com\/site\/final-tragico-e-mero-devaneio-com-ponei-colorido\/#primaryimage\"},\"thumbnailUrl\":\"https:\/\/www.notibras.com\/site\/wp-content\/uploads\/2023\/12\/duchiirene.jpg\",\"articleSection\":[\"Quadradinho em Foco\"],\"inLanguage\":\"pt-BR\"},{\"@type\":\"WebPage\",\"@id\":\"https:\/\/www.notibras.com\/site\/final-tragico-e-mero-devaneio-com-ponei-colorido\/\",\"url\":\"https:\/\/www.notibras.com\/site\/final-tragico-e-mero-devaneio-com-ponei-colorido\/\",\"name\":\"Final tr\u00e1gico \u00e9 mero devaneio com p\u00f4nei colorido - Notibras\",\"isPartOf\":{\"@id\":\"https:\/\/www.notibras.com\/site\/#website\"},\"primaryImageOfPage\":{\"@id\":\"https:\/\/www.notibras.com\/site\/final-tragico-e-mero-devaneio-com-ponei-colorido\/#primaryimage\"},\"image\":{\"@id\":\"https:\/\/www.notibras.com\/site\/final-tragico-e-mero-devaneio-com-ponei-colorido\/#primaryimage\"},\"thumbnailUrl\":\"https:\/\/www.notibras.com\/site\/wp-content\/uploads\/2023\/12\/duchiirene.jpg\",\"datePublished\":\"2023-12-31T03:10:42+00:00\",\"dateModified\":\"2023-12-31T03:33:55+00:00\",\"breadcrumb\":{\"@id\":\"https:\/\/www.notibras.com\/site\/final-tragico-e-mero-devaneio-com-ponei-colorido\/#breadcrumb\"},\"inLanguage\":\"pt-BR\",\"potentialAction\":[{\"@type\":\"ReadAction\",\"target\":[\"https:\/\/www.notibras.com\/site\/final-tragico-e-mero-devaneio-com-ponei-colorido\/\"]}]},{\"@type\":\"ImageObject\",\"inLanguage\":\"pt-BR\",\"@id\":\"https:\/\/www.notibras.com\/site\/final-tragico-e-mero-devaneio-com-ponei-colorido\/#primaryimage\",\"url\":\"https:\/\/www.notibras.com\/site\/wp-content\/uploads\/2023\/12\/duchiirene.jpg\",\"contentUrl\":\"https:\/\/www.notibras.com\/site\/wp-content\/uploads\/2023\/12\/duchiirene.jpg\",\"width\":1179,\"height\":1166},{\"@type\":\"BreadcrumbList\",\"@id\":\"https:\/\/www.notibras.com\/site\/final-tragico-e-mero-devaneio-com-ponei-colorido\/#breadcrumb\",\"itemListElement\":[{\"@type\":\"ListItem\",\"position\":1,\"name\":\"In\u00edcio\",\"item\":\"https:\/\/www.notibras.com\/site\/\"},{\"@type\":\"ListItem\",\"position\":2,\"name\":\"Final tr\u00e1gico \u00e9 mero devaneio com p\u00f4nei colorido\"}]},{\"@type\":\"WebSite\",\"@id\":\"https:\/\/www.notibras.com\/site\/#website\",\"url\":\"https:\/\/www.notibras.com\/site\/\",\"name\":\"Notibras\",\"description\":\"Not\u00edcias de Bras\u00edlia, do Brasil e do Mundo\",\"publisher\":{\"@id\":\"https:\/\/www.notibras.com\/site\/#organization\"},\"potentialAction\":[{\"@type\":\"SearchAction\",\"target\":{\"@type\":\"EntryPoint\",\"urlTemplate\":\"https:\/\/www.notibras.com\/site\/?s={search_term_string}\"},\"query-input\":{\"@type\":\"PropertyValueSpecification\",\"valueRequired\":true,\"valueName\":\"search_term_string\"}}],\"inLanguage\":\"pt-BR\"},{\"@type\":\"Organization\",\"@id\":\"https:\/\/www.notibras.com\/site\/#organization\",\"name\":\"Grupo Notibras de Comunica\u00e7\u00e3o\",\"url\":\"https:\/\/www.notibras.com\/site\/\",\"logo\":{\"@type\":\"ImageObject\",\"inLanguage\":\"pt-BR\",\"@id\":\"https:\/\/www.notibras.com\/site\/#\/schema\/logo\/image\/\",\"url\":\"https:\/\/www.notibras.com\/site\/wp-content\/uploads\/2023\/01\/notibras23.png\",\"contentUrl\":\"https:\/\/www.notibras.com\/site\/wp-content\/uploads\/2023\/01\/notibras23.png\",\"width\":350,\"height\":87,\"caption\":\"Grupo Notibras de Comunica\u00e7\u00e3o\"},\"image\":{\"@id\":\"https:\/\/www.notibras.com\/site\/#\/schema\/logo\/image\/\"},\"sameAs\":[\"https:\/\/www.facebook.com\/notibras\/\",\"https:\/\/x.com\/Notibras\",\"https:\/\/www.instagram.com\/notibras\/\"]},{\"@type\":\"Person\",\"@id\":\"https:\/\/www.notibras.com\/site\/#\/schema\/person\/36ab0979449956132d3e5b517ea76ac8\",\"name\":\"Reda\u00e7\u00e3o\",\"image\":{\"@type\":\"ImageObject\",\"inLanguage\":\"pt-BR\",\"@id\":\"https:\/\/secure.gravatar.com\/avatar\/e0a867bdedb85fd243eadf09663511f96fc81e0720a4a42581f334ad4303aa6b?s=96&d=mm&r=g\",\"url\":\"https:\/\/secure.gravatar.com\/avatar\/e0a867bdedb85fd243eadf09663511f96fc81e0720a4a42581f334ad4303aa6b?s=96&d=mm&r=g\",\"contentUrl\":\"https:\/\/secure.gravatar.com\/avatar\/e0a867bdedb85fd243eadf09663511f96fc81e0720a4a42581f334ad4303aa6b?s=96&d=mm&r=g\",\"caption\":\"Reda\u00e7\u00e3o\"}}]}<\/script>\n<!-- \/ Yoast SEO plugin. -->","yoast_head_json":{"title":"Final tr\u00e1gico \u00e9 mero devaneio com p\u00f4nei colorido - Notibras","robots":{"index":"index","follow":"follow","max-snippet":"max-snippet:-1","max-image-preview":"max-image-preview:large","max-video-preview":"max-video-preview:-1"},"canonical":"https:\/\/www.notibras.com\/site\/final-tragico-e-mero-devaneio-com-ponei-colorido\/","og_locale":"pt_BR","og_type":"article","og_title":"Final tr\u00e1gico \u00e9 mero devaneio com p\u00f4nei colorido - Notibras","og_description":"Uma coisa muito legal para o escritor \u00e9 receber elogios. \u00c9 \u00f3bvio que, n\u00e3o raro, chega um ou outro desaforo por algo que o leitor desgostou. Seja como for, prefiro guardar na lembran\u00e7a os agrados, ainda mais aqueles que me chegam carregados de exageros, como aconteceu recentemente por um leitor-amigo, ou seja, o tipo quase [&hellip;]","og_url":"https:\/\/www.notibras.com\/site\/final-tragico-e-mero-devaneio-com-ponei-colorido\/","og_site_name":"Notibras","article_publisher":"https:\/\/www.facebook.com\/notibras\/","article_published_time":"2023-12-31T03:10:42+00:00","article_modified_time":"2023-12-31T03:33:55+00:00","og_image":[{"width":1179,"height":1166,"url":"https:\/\/www.notibras.com\/site\/wp-content\/uploads\/2023\/12\/duchiirene.jpg","type":"image\/jpeg"}],"author":"Reda\u00e7\u00e3o","twitter_card":"summary_large_image","twitter_creator":"@Notibras","twitter_site":"@Notibras","twitter_misc":{"Escrito por":"Reda\u00e7\u00e3o","Est. tempo de leitura":"3 minutos"},"schema":{"@context":"https:\/\/schema.org","@graph":[{"@type":"Article","@id":"https:\/\/www.notibras.com\/site\/final-tragico-e-mero-devaneio-com-ponei-colorido\/#article","isPartOf":{"@id":"https:\/\/www.notibras.com\/site\/final-tragico-e-mero-devaneio-com-ponei-colorido\/"},"author":{"name":"Reda\u00e7\u00e3o","@id":"https:\/\/www.notibras.com\/site\/#\/schema\/person\/36ab0979449956132d3e5b517ea76ac8"},"headline":"Final tr\u00e1gico \u00e9 mero devaneio com p\u00f4nei colorido","datePublished":"2023-12-31T03:10:42+00:00","dateModified":"2023-12-31T03:33:55+00:00","mainEntityOfPage":{"@id":"https:\/\/www.notibras.com\/site\/final-tragico-e-mero-devaneio-com-ponei-colorido\/"},"wordCount":411,"publisher":{"@id":"https:\/\/www.notibras.com\/site\/#organization"},"image":{"@id":"https:\/\/www.notibras.com\/site\/final-tragico-e-mero-devaneio-com-ponei-colorido\/#primaryimage"},"thumbnailUrl":"https:\/\/www.notibras.com\/site\/wp-content\/uploads\/2023\/12\/duchiirene.jpg","articleSection":["Quadradinho em Foco"],"inLanguage":"pt-BR"},{"@type":"WebPage","@id":"https:\/\/www.notibras.com\/site\/final-tragico-e-mero-devaneio-com-ponei-colorido\/","url":"https:\/\/www.notibras.com\/site\/final-tragico-e-mero-devaneio-com-ponei-colorido\/","name":"Final tr\u00e1gico \u00e9 mero devaneio com p\u00f4nei colorido - Notibras","isPartOf":{"@id":"https:\/\/www.notibras.com\/site\/#website"},"primaryImageOfPage":{"@id":"https:\/\/www.notibras.com\/site\/final-tragico-e-mero-devaneio-com-ponei-colorido\/#primaryimage"},"image":{"@id":"https:\/\/www.notibras.com\/site\/final-tragico-e-mero-devaneio-com-ponei-colorido\/#primaryimage"},"thumbnailUrl":"https:\/\/www.notibras.com\/site\/wp-content\/uploads\/2023\/12\/duchiirene.jpg","datePublished":"2023-12-31T03:10:42+00:00","dateModified":"2023-12-31T03:33:55+00:00","breadcrumb":{"@id":"https:\/\/www.notibras.com\/site\/final-tragico-e-mero-devaneio-com-ponei-colorido\/#breadcrumb"},"inLanguage":"pt-BR","potentialAction":[{"@type":"ReadAction","target":["https:\/\/www.notibras.com\/site\/final-tragico-e-mero-devaneio-com-ponei-colorido\/"]}]},{"@type":"ImageObject","inLanguage":"pt-BR","@id":"https:\/\/www.notibras.com\/site\/final-tragico-e-mero-devaneio-com-ponei-colorido\/#primaryimage","url":"https:\/\/www.notibras.com\/site\/wp-content\/uploads\/2023\/12\/duchiirene.jpg","contentUrl":"https:\/\/www.notibras.com\/site\/wp-content\/uploads\/2023\/12\/duchiirene.jpg","width":1179,"height":1166},{"@type":"BreadcrumbList","@id":"https:\/\/www.notibras.com\/site\/final-tragico-e-mero-devaneio-com-ponei-colorido\/#breadcrumb","itemListElement":[{"@type":"ListItem","position":1,"name":"In\u00edcio","item":"https:\/\/www.notibras.com\/site\/"},{"@type":"ListItem","position":2,"name":"Final tr\u00e1gico \u00e9 mero devaneio com p\u00f4nei colorido"}]},{"@type":"WebSite","@id":"https:\/\/www.notibras.com\/site\/#website","url":"https:\/\/www.notibras.com\/site\/","name":"Notibras","description":"Not\u00edcias de Bras\u00edlia, do Brasil e do Mundo","publisher":{"@id":"https:\/\/www.notibras.com\/site\/#organization"},"potentialAction":[{"@type":"SearchAction","target":{"@type":"EntryPoint","urlTemplate":"https:\/\/www.notibras.com\/site\/?s={search_term_string}"},"query-input":{"@type":"PropertyValueSpecification","valueRequired":true,"valueName":"search_term_string"}}],"inLanguage":"pt-BR"},{"@type":"Organization","@id":"https:\/\/www.notibras.com\/site\/#organization","name":"Grupo Notibras de Comunica\u00e7\u00e3o","url":"https:\/\/www.notibras.com\/site\/","logo":{"@type":"ImageObject","inLanguage":"pt-BR","@id":"https:\/\/www.notibras.com\/site\/#\/schema\/logo\/image\/","url":"https:\/\/www.notibras.com\/site\/wp-content\/uploads\/2023\/01\/notibras23.png","contentUrl":"https:\/\/www.notibras.com\/site\/wp-content\/uploads\/2023\/01\/notibras23.png","width":350,"height":87,"caption":"Grupo Notibras de Comunica\u00e7\u00e3o"},"image":{"@id":"https:\/\/www.notibras.com\/site\/#\/schema\/logo\/image\/"},"sameAs":["https:\/\/www.facebook.com\/notibras\/","https:\/\/x.com\/Notibras","https:\/\/www.instagram.com\/notibras\/"]},{"@type":"Person","@id":"https:\/\/www.notibras.com\/site\/#\/schema\/person\/36ab0979449956132d3e5b517ea76ac8","name":"Reda\u00e7\u00e3o","image":{"@type":"ImageObject","inLanguage":"pt-BR","@id":"https:\/\/secure.gravatar.com\/avatar\/e0a867bdedb85fd243eadf09663511f96fc81e0720a4a42581f334ad4303aa6b?s=96&d=mm&r=g","url":"https:\/\/secure.gravatar.com\/avatar\/e0a867bdedb85fd243eadf09663511f96fc81e0720a4a42581f334ad4303aa6b?s=96&d=mm&r=g","contentUrl":"https:\/\/secure.gravatar.com\/avatar\/e0a867bdedb85fd243eadf09663511f96fc81e0720a4a42581f334ad4303aa6b?s=96&d=mm&r=g","caption":"Reda\u00e7\u00e3o"}}]}},"amp_enabled":true,"_links":{"self":[{"href":"https:\/\/www.notibras.com\/site\/wp-json\/wp\/v2\/posts\/319922","targetHints":{"allow":["GET"]}}],"collection":[{"href":"https:\/\/www.notibras.com\/site\/wp-json\/wp\/v2\/posts"}],"about":[{"href":"https:\/\/www.notibras.com\/site\/wp-json\/wp\/v2\/types\/post"}],"author":[{"embeddable":true,"href":"https:\/\/www.notibras.com\/site\/wp-json\/wp\/v2\/users\/2"}],"replies":[{"embeddable":true,"href":"https:\/\/www.notibras.com\/site\/wp-json\/wp\/v2\/comments?post=319922"}],"version-history":[{"count":1,"href":"https:\/\/www.notibras.com\/site\/wp-json\/wp\/v2\/posts\/319922\/revisions"}],"predecessor-version":[{"id":319924,"href":"https:\/\/www.notibras.com\/site\/wp-json\/wp\/v2\/posts\/319922\/revisions\/319924"}],"wp:featuredmedia":[{"embeddable":true,"href":"https:\/\/www.notibras.com\/site\/wp-json\/wp\/v2\/media\/319923"}],"wp:attachment":[{"href":"https:\/\/www.notibras.com\/site\/wp-json\/wp\/v2\/media?parent=319922"}],"wp:term":[{"taxonomy":"category","embeddable":true,"href":"https:\/\/www.notibras.com\/site\/wp-json\/wp\/v2\/categories?post=319922"},{"taxonomy":"post_tag","embeddable":true,"href":"https:\/\/www.notibras.com\/site\/wp-json\/wp\/v2\/tags?post=319922"}],"curies":[{"name":"wp","href":"https:\/\/api.w.org\/{rel}","templated":true}]}}