{"id":320001,"date":"2024-01-03T03:29:47","date_gmt":"2024-01-03T06:29:47","guid":{"rendered":"https:\/\/www.notibras.com\/site\/?p=320001"},"modified":"2024-01-03T03:29:47","modified_gmt":"2024-01-03T06:29:47","slug":"terraco-shopping-traz-os-classicos-no-teatrinho","status":"publish","type":"post","link":"https:\/\/www.notibras.com\/site\/terraco-shopping-traz-os-classicos-no-teatrinho\/","title":{"rendered":"Terra\u00e7o Shopping traz os cl\u00e1ssicos no teatrinho"},"content":{"rendered":"<p>Janeiro come\u00e7a com atra\u00e7\u00f5es incr\u00edveis na programa\u00e7\u00e3o do teatrinho do Terra\u00e7o Shopping. No s\u00e1bado, dia 6, \u00e0s 16h, a Trupe Oja Lai\u00f3 trar\u00e1 a pe\u00e7a \u201cAventura na Terra do Nunca\u201d, com a hist\u00f3ria do menino que n\u00e3o queria crescer. Peter Pan, o destemido l\u00edder dos meninos perdidos, \u00e9 uma crian\u00e7a muito curiosa que visita Londres para encontrar Wendy e transform\u00e1-la na contadora de hist\u00f3rias oficial da Terra do Nunca. Por\u00e9m, a fada Sininho acha muito perigoso, pois o Capit\u00e3o Gancho est\u00e1 de volta na Terra do Nunca. A crian\u00e7ada vai se encantar com a produ\u00e7\u00e3o e o talento dos artistas.<\/p>\n<p>J\u00e1 no domingo (7), a Cia Starte vai ao palco com a pe\u00e7a \u201cBranca de Neve\u201d, uma princesa solit\u00e1ria, que vive com sua malvada madrasta, uma rainha vaidosa e ciumenta. A rainha teme que a beleza de Branca de Neve supere a sua pr\u00f3pria, por isso ela obriga a menina a trabalhar como criada e, durante anos, faz a cl\u00e1ssica pergunta ao Espelho M\u00e1gico: &#8220;Espelho, Espelho Meu, existe algu\u00e9m mais bela do que eu?&#8221;. Um dia, o Espelho diz que Branca de Neve \u00e9 a mais bela de todas e ent\u00e3o, a Rainha, com ci\u00fames, ordena que o ca\u00e7ador leve Branca de Neve \u00e0 floresta e tire o cora\u00e7\u00e3o da princesa. O ca\u00e7ador n\u00e3o consegue e deixa Branca de Neve l\u00e1, sozinha e assustada. O desenrolar dessa cl\u00e1ssica hist\u00f3ria vai despertar os espectadores.<\/p>\n<p>No final de semana seguinte, s\u00e1bado, dia 13, a Oja Lai\u00f3 trar\u00e1 outra princesa para o teatrinho. Em \u201cCinderela\u201d, uma jovem gentil e educada que mora com sua madrasta, recebe a not\u00edcia de que o pr\u00edncipe convida todo reino para um baile no castelo, mas a madrasta n\u00e3o permite que Cinderela v\u00e1. Ela j\u00e1 est\u00e1 quase perdendo as esperan\u00e7as quando a Fada Madrinha surge para ajud\u00e1-la a ir ao baile e encontrar o amor.<\/p>\n<p>No domingo, 14, \u00e0s 16h, o her\u00f3i mexicano mais amado dos anos 80 e 90, \u201cChapolin Colorado\u201d, vir\u00e1 com seu famoso bord\u00e3o \u201cMais r\u00e1pido que uma tartaruga, mais forte que um rato e mais inteligente que um asno&#8230; esse \u00e9 o Chapolin Colorado\u201d. E dessa vez, o her\u00f3i atrapalhado vai ajudar a pequena Bia e a sua m\u00e3e a sair do t\u00e9dio nas suas f\u00e9rias escolares, solucionando mist\u00e9rios e criando brincadeiras.<\/p>\n<p>A mais famosa contadora de hist\u00f3rias de Bras\u00edlia, Nyedja Gennari, se apresentar\u00e1 no s\u00e1bado (20), com \u201cHist\u00f3rias de Ver\u00e3o\u201d, que celebra a esta\u00e7\u00e3o das f\u00e9rias, da amizade, dos encontros, da fam\u00edlia reunida em alegria, com contos divertidos para todo mundo sorrir.<\/p>\n<p>E no domingo (21), o teatrinho \u201cPatrulha Canina\u201d da Cia Starte vai divertir os pequenos. A hist\u00f3ria fala da Corrida Anual da Ba\u00eda da Aventura, que est\u00e1 prestes a acontecer, e os filhotes Chase e Skye est\u00e3o super animados e ansiosos para participar. Entretanto, Ryder recebe uma liga\u00e7\u00e3o da Prefeita Goodway pedindo ajuda para solucionar um problema que pode atrapalhar o evento t\u00e3o aguardado por todos, e, \u00e9 claro, tem dedo do Prefeito Humdinger, que sempre usa suas trapa\u00e7as para conseguir o que quer. Mas nenhum trabalho \u00e9 t\u00e3o grande e nenhum filhote t\u00e3o pequeno pois a Patrulha Canina est\u00e1 no caso.<\/p>\n<p>As crian\u00e7as poder\u00e3o se divertir com outro cl\u00e1ssico, no \u00faltimo s\u00e1bado de janeiro (27). \u201cJo\u00e3o e o p\u00e9 de feij\u00e3o\u201d fala da hist\u00f3ria de Jo\u00e3o, um menino muito pobre, que mora com sua m\u00e3e no interior. Um dia, a m\u00e3e de Jo\u00e3o pede que ele v\u00e1 \u00e0 cidade e venda o \u00fanico bem que eles tinham: uma vaca. No caminho, Jo\u00e3o conhece um senhor muito s\u00e1bio que o convence a trocar sua vaca por sementes de feij\u00e3o. Jo\u00e3o volta muito animado com suas novas sementes, mas o que ele n\u00e3o sabe \u00e9 que esses feij\u00f5es v\u00e3o acabar mudando completamente a vida deles.<\/p>\n<p>E para encerrar a programa\u00e7\u00e3o do m\u00eas, no domingo 28, ser\u00e1 a vez de um cl\u00e1ssico da literatura brasileira. A Cia Starte traz o teatrinho \u201cS\u00edtio do Pica-pau Amarelo\u201d, onde a aventura est\u00e1 garantida com a boneca de pano Em\u00edlia, que ganha vida com a p\u00edlula falante. Narizinho, Pedrinho e Em\u00edlia brincam todos os dias, at\u00e9 que a Cuca resolve atrapalhar tudo quando toma das crian\u00e7as o Rel\u00f3gio M\u00e1gico, respons\u00e1vel por controlar o tempo, com o objetivo de se tornar jovem outra vez. Caber\u00e1 a Em\u00edlia investigar e resolver o caso, com a ajuda dos seus amigos Narizinho e Pedrinho.<\/p>\n<p><strong>Servi\u00e7o:<\/strong><br \/>\nPrograma\u00e7\u00e3o Infantil, s\u00e1bados e domingos, \u00e0s 16h<br \/>\n06\/01- Aventura na Terra do Nunca, com Oja Lai\u00f3<br \/>\n07\/01 &#8211; Branca de Neve, com a Cia Starte<br \/>\n13\/01 &#8211; Cinderela, com Oja Lai\u00f3<br \/>\n14\/01 &#8211; O Chapolin Colorado, com a Cia Starte<br \/>\n20\/01 &#8211; Hist\u00f3rias de Ver\u00e3o, com Nyedja Gennari<br \/>\n21\/01 &#8211; Patrulha Canina, com a Cia Starte<br \/>\n27\/01 &#8211; Jo\u00e3o e o P\u00e9 de Feij\u00e3o, com Oja Lai\u00f3<br \/>\n28\/01 &#8211; S\u00edtio do Picapau Amarelo, com a Cia Starte<\/p>\n","protected":false},"excerpt":{"rendered":"<p>Janeiro come\u00e7a com atra\u00e7\u00f5es incr\u00edveis na programa\u00e7\u00e3o do teatrinho do Terra\u00e7o Shopping. No s\u00e1bado, dia 6, \u00e0s 16h, a Trupe Oja Lai\u00f3 trar\u00e1 a pe\u00e7a \u201cAventura na Terra do Nunca\u201d, com a hist\u00f3ria do menino que n\u00e3o queria crescer. Peter Pan, o destemido l\u00edder dos meninos perdidos, \u00e9 uma crian\u00e7a muito curiosa que visita Londres [&hellip;]<\/p>\n","protected":false},"author":2,"featured_media":320002,"comment_status":"closed","ping_status":"closed","sticky":false,"template":"","format":"standard","meta":{"_acf_changed":false,"footnotes":""},"categories":[161],"tags":[],"class_list":["post-320001","post","type-post","status-publish","format-standard","has-post-thumbnail","hentry","category-quadradinho-em-foco"],"acf":[],"yoast_head":"<!-- This site is optimized with the Yoast SEO plugin v27.2 - https:\/\/yoast.com\/product\/yoast-seo-wordpress\/ -->\n<title>Terra\u00e7o Shopping traz os cl\u00e1ssicos no teatrinho - Notibras<\/title>\n<meta name=\"robots\" content=\"index, follow, max-snippet:-1, max-image-preview:large, max-video-preview:-1\" \/>\n<link rel=\"canonical\" href=\"https:\/\/www.notibras.com\/site\/terraco-shopping-traz-os-classicos-no-teatrinho\/\" \/>\n<meta property=\"og:locale\" content=\"pt_BR\" \/>\n<meta property=\"og:type\" content=\"article\" \/>\n<meta property=\"og:title\" content=\"Terra\u00e7o Shopping traz os cl\u00e1ssicos no teatrinho - Notibras\" \/>\n<meta property=\"og:description\" content=\"Janeiro come\u00e7a com atra\u00e7\u00f5es incr\u00edveis na programa\u00e7\u00e3o do teatrinho do Terra\u00e7o Shopping. No s\u00e1bado, dia 6, \u00e0s 16h, a Trupe Oja Lai\u00f3 trar\u00e1 a pe\u00e7a \u201cAventura na Terra do Nunca\u201d, com a hist\u00f3ria do menino que n\u00e3o queria crescer. Peter Pan, o destemido l\u00edder dos meninos perdidos, \u00e9 uma crian\u00e7a muito curiosa que visita Londres [&hellip;]\" \/>\n<meta property=\"og:url\" content=\"https:\/\/www.notibras.com\/site\/terraco-shopping-traz-os-classicos-no-teatrinho\/\" \/>\n<meta property=\"og:site_name\" content=\"Notibras\" \/>\n<meta property=\"article:publisher\" content=\"https:\/\/www.facebook.com\/notibras\/\" \/>\n<meta property=\"article:published_time\" content=\"2024-01-03T06:29:47+00:00\" \/>\n<meta property=\"og:image\" content=\"https:\/\/www.notibras.com\/site\/wp-content\/uploads\/2024\/01\/unnamed-2024-01-03T032130.210.jpg\" \/>\n\t<meta property=\"og:image:width\" content=\"719\" \/>\n\t<meta property=\"og:image:height\" content=\"1280\" \/>\n\t<meta property=\"og:image:type\" content=\"image\/jpeg\" \/>\n<meta name=\"author\" content=\"Reda\u00e7\u00e3o\" \/>\n<meta name=\"twitter:card\" content=\"summary_large_image\" \/>\n<meta name=\"twitter:creator\" content=\"@Notibras\" \/>\n<meta name=\"twitter:site\" content=\"@Notibras\" \/>\n<meta name=\"twitter:label1\" content=\"Escrito por\" \/>\n\t<meta name=\"twitter:data1\" content=\"Reda\u00e7\u00e3o\" \/>\n\t<meta name=\"twitter:label2\" content=\"Est. tempo de leitura\" \/>\n\t<meta name=\"twitter:data2\" content=\"5 minutos\" \/>\n<script type=\"application\/ld+json\" class=\"yoast-schema-graph\">{\"@context\":\"https:\/\/schema.org\",\"@graph\":[{\"@type\":\"Article\",\"@id\":\"https:\/\/www.notibras.com\/site\/terraco-shopping-traz-os-classicos-no-teatrinho\/#article\",\"isPartOf\":{\"@id\":\"https:\/\/www.notibras.com\/site\/terraco-shopping-traz-os-classicos-no-teatrinho\/\"},\"author\":{\"name\":\"Reda\u00e7\u00e3o\",\"@id\":\"https:\/\/www.notibras.com\/site\/#\/schema\/person\/36ab0979449956132d3e5b517ea76ac8\"},\"headline\":\"Terra\u00e7o Shopping traz os cl\u00e1ssicos no teatrinho\",\"datePublished\":\"2024-01-03T06:29:47+00:00\",\"mainEntityOfPage\":{\"@id\":\"https:\/\/www.notibras.com\/site\/terraco-shopping-traz-os-classicos-no-teatrinho\/\"},\"wordCount\":884,\"publisher\":{\"@id\":\"https:\/\/www.notibras.com\/site\/#organization\"},\"image\":{\"@id\":\"https:\/\/www.notibras.com\/site\/terraco-shopping-traz-os-classicos-no-teatrinho\/#primaryimage\"},\"thumbnailUrl\":\"https:\/\/www.notibras.com\/site\/wp-content\/uploads\/2024\/01\/unnamed-2024-01-03T032130.210.jpg\",\"articleSection\":[\"Quadradinho em Foco\"],\"inLanguage\":\"pt-BR\"},{\"@type\":\"WebPage\",\"@id\":\"https:\/\/www.notibras.com\/site\/terraco-shopping-traz-os-classicos-no-teatrinho\/\",\"url\":\"https:\/\/www.notibras.com\/site\/terraco-shopping-traz-os-classicos-no-teatrinho\/\",\"name\":\"Terra\u00e7o Shopping traz os cl\u00e1ssicos no teatrinho - Notibras\",\"isPartOf\":{\"@id\":\"https:\/\/www.notibras.com\/site\/#website\"},\"primaryImageOfPage\":{\"@id\":\"https:\/\/www.notibras.com\/site\/terraco-shopping-traz-os-classicos-no-teatrinho\/#primaryimage\"},\"image\":{\"@id\":\"https:\/\/www.notibras.com\/site\/terraco-shopping-traz-os-classicos-no-teatrinho\/#primaryimage\"},\"thumbnailUrl\":\"https:\/\/www.notibras.com\/site\/wp-content\/uploads\/2024\/01\/unnamed-2024-01-03T032130.210.jpg\",\"datePublished\":\"2024-01-03T06:29:47+00:00\",\"breadcrumb\":{\"@id\":\"https:\/\/www.notibras.com\/site\/terraco-shopping-traz-os-classicos-no-teatrinho\/#breadcrumb\"},\"inLanguage\":\"pt-BR\",\"potentialAction\":[{\"@type\":\"ReadAction\",\"target\":[\"https:\/\/www.notibras.com\/site\/terraco-shopping-traz-os-classicos-no-teatrinho\/\"]}]},{\"@type\":\"ImageObject\",\"inLanguage\":\"pt-BR\",\"@id\":\"https:\/\/www.notibras.com\/site\/terraco-shopping-traz-os-classicos-no-teatrinho\/#primaryimage\",\"url\":\"https:\/\/www.notibras.com\/site\/wp-content\/uploads\/2024\/01\/unnamed-2024-01-03T032130.210.jpg\",\"contentUrl\":\"https:\/\/www.notibras.com\/site\/wp-content\/uploads\/2024\/01\/unnamed-2024-01-03T032130.210.jpg\",\"width\":719,\"height\":1280},{\"@type\":\"BreadcrumbList\",\"@id\":\"https:\/\/www.notibras.com\/site\/terraco-shopping-traz-os-classicos-no-teatrinho\/#breadcrumb\",\"itemListElement\":[{\"@type\":\"ListItem\",\"position\":1,\"name\":\"In\u00edcio\",\"item\":\"https:\/\/www.notibras.com\/site\/\"},{\"@type\":\"ListItem\",\"position\":2,\"name\":\"Terra\u00e7o Shopping traz os cl\u00e1ssicos no teatrinho\"}]},{\"@type\":\"WebSite\",\"@id\":\"https:\/\/www.notibras.com\/site\/#website\",\"url\":\"https:\/\/www.notibras.com\/site\/\",\"name\":\"Notibras\",\"description\":\"Not\u00edcias de Bras\u00edlia, do Brasil e do Mundo\",\"publisher\":{\"@id\":\"https:\/\/www.notibras.com\/site\/#organization\"},\"potentialAction\":[{\"@type\":\"SearchAction\",\"target\":{\"@type\":\"EntryPoint\",\"urlTemplate\":\"https:\/\/www.notibras.com\/site\/?s={search_term_string}\"},\"query-input\":{\"@type\":\"PropertyValueSpecification\",\"valueRequired\":true,\"valueName\":\"search_term_string\"}}],\"inLanguage\":\"pt-BR\"},{\"@type\":\"Organization\",\"@id\":\"https:\/\/www.notibras.com\/site\/#organization\",\"name\":\"Grupo Notibras de Comunica\u00e7\u00e3o\",\"url\":\"https:\/\/www.notibras.com\/site\/\",\"logo\":{\"@type\":\"ImageObject\",\"inLanguage\":\"pt-BR\",\"@id\":\"https:\/\/www.notibras.com\/site\/#\/schema\/logo\/image\/\",\"url\":\"https:\/\/www.notibras.com\/site\/wp-content\/uploads\/2023\/01\/notibras23.png\",\"contentUrl\":\"https:\/\/www.notibras.com\/site\/wp-content\/uploads\/2023\/01\/notibras23.png\",\"width\":350,\"height\":87,\"caption\":\"Grupo Notibras de Comunica\u00e7\u00e3o\"},\"image\":{\"@id\":\"https:\/\/www.notibras.com\/site\/#\/schema\/logo\/image\/\"},\"sameAs\":[\"https:\/\/www.facebook.com\/notibras\/\",\"https:\/\/x.com\/Notibras\",\"https:\/\/www.instagram.com\/notibras\/\"]},{\"@type\":\"Person\",\"@id\":\"https:\/\/www.notibras.com\/site\/#\/schema\/person\/36ab0979449956132d3e5b517ea76ac8\",\"name\":\"Reda\u00e7\u00e3o\",\"image\":{\"@type\":\"ImageObject\",\"inLanguage\":\"pt-BR\",\"@id\":\"https:\/\/secure.gravatar.com\/avatar\/e0a867bdedb85fd243eadf09663511f96fc81e0720a4a42581f334ad4303aa6b?s=96&d=mm&r=g\",\"url\":\"https:\/\/secure.gravatar.com\/avatar\/e0a867bdedb85fd243eadf09663511f96fc81e0720a4a42581f334ad4303aa6b?s=96&d=mm&r=g\",\"contentUrl\":\"https:\/\/secure.gravatar.com\/avatar\/e0a867bdedb85fd243eadf09663511f96fc81e0720a4a42581f334ad4303aa6b?s=96&d=mm&r=g\",\"caption\":\"Reda\u00e7\u00e3o\"}}]}<\/script>\n<!-- \/ Yoast SEO plugin. -->","yoast_head_json":{"title":"Terra\u00e7o Shopping traz os cl\u00e1ssicos no teatrinho - Notibras","robots":{"index":"index","follow":"follow","max-snippet":"max-snippet:-1","max-image-preview":"max-image-preview:large","max-video-preview":"max-video-preview:-1"},"canonical":"https:\/\/www.notibras.com\/site\/terraco-shopping-traz-os-classicos-no-teatrinho\/","og_locale":"pt_BR","og_type":"article","og_title":"Terra\u00e7o Shopping traz os cl\u00e1ssicos no teatrinho - Notibras","og_description":"Janeiro come\u00e7a com atra\u00e7\u00f5es incr\u00edveis na programa\u00e7\u00e3o do teatrinho do Terra\u00e7o Shopping. No s\u00e1bado, dia 6, \u00e0s 16h, a Trupe Oja Lai\u00f3 trar\u00e1 a pe\u00e7a \u201cAventura na Terra do Nunca\u201d, com a hist\u00f3ria do menino que n\u00e3o queria crescer. Peter Pan, o destemido l\u00edder dos meninos perdidos, \u00e9 uma crian\u00e7a muito curiosa que visita Londres [&hellip;]","og_url":"https:\/\/www.notibras.com\/site\/terraco-shopping-traz-os-classicos-no-teatrinho\/","og_site_name":"Notibras","article_publisher":"https:\/\/www.facebook.com\/notibras\/","article_published_time":"2024-01-03T06:29:47+00:00","og_image":[{"width":719,"height":1280,"url":"https:\/\/www.notibras.com\/site\/wp-content\/uploads\/2024\/01\/unnamed-2024-01-03T032130.210.jpg","type":"image\/jpeg"}],"author":"Reda\u00e7\u00e3o","twitter_card":"summary_large_image","twitter_creator":"@Notibras","twitter_site":"@Notibras","twitter_misc":{"Escrito por":"Reda\u00e7\u00e3o","Est. tempo de leitura":"5 minutos"},"schema":{"@context":"https:\/\/schema.org","@graph":[{"@type":"Article","@id":"https:\/\/www.notibras.com\/site\/terraco-shopping-traz-os-classicos-no-teatrinho\/#article","isPartOf":{"@id":"https:\/\/www.notibras.com\/site\/terraco-shopping-traz-os-classicos-no-teatrinho\/"},"author":{"name":"Reda\u00e7\u00e3o","@id":"https:\/\/www.notibras.com\/site\/#\/schema\/person\/36ab0979449956132d3e5b517ea76ac8"},"headline":"Terra\u00e7o Shopping traz os cl\u00e1ssicos no teatrinho","datePublished":"2024-01-03T06:29:47+00:00","mainEntityOfPage":{"@id":"https:\/\/www.notibras.com\/site\/terraco-shopping-traz-os-classicos-no-teatrinho\/"},"wordCount":884,"publisher":{"@id":"https:\/\/www.notibras.com\/site\/#organization"},"image":{"@id":"https:\/\/www.notibras.com\/site\/terraco-shopping-traz-os-classicos-no-teatrinho\/#primaryimage"},"thumbnailUrl":"https:\/\/www.notibras.com\/site\/wp-content\/uploads\/2024\/01\/unnamed-2024-01-03T032130.210.jpg","articleSection":["Quadradinho em Foco"],"inLanguage":"pt-BR"},{"@type":"WebPage","@id":"https:\/\/www.notibras.com\/site\/terraco-shopping-traz-os-classicos-no-teatrinho\/","url":"https:\/\/www.notibras.com\/site\/terraco-shopping-traz-os-classicos-no-teatrinho\/","name":"Terra\u00e7o Shopping traz os cl\u00e1ssicos no teatrinho - Notibras","isPartOf":{"@id":"https:\/\/www.notibras.com\/site\/#website"},"primaryImageOfPage":{"@id":"https:\/\/www.notibras.com\/site\/terraco-shopping-traz-os-classicos-no-teatrinho\/#primaryimage"},"image":{"@id":"https:\/\/www.notibras.com\/site\/terraco-shopping-traz-os-classicos-no-teatrinho\/#primaryimage"},"thumbnailUrl":"https:\/\/www.notibras.com\/site\/wp-content\/uploads\/2024\/01\/unnamed-2024-01-03T032130.210.jpg","datePublished":"2024-01-03T06:29:47+00:00","breadcrumb":{"@id":"https:\/\/www.notibras.com\/site\/terraco-shopping-traz-os-classicos-no-teatrinho\/#breadcrumb"},"inLanguage":"pt-BR","potentialAction":[{"@type":"ReadAction","target":["https:\/\/www.notibras.com\/site\/terraco-shopping-traz-os-classicos-no-teatrinho\/"]}]},{"@type":"ImageObject","inLanguage":"pt-BR","@id":"https:\/\/www.notibras.com\/site\/terraco-shopping-traz-os-classicos-no-teatrinho\/#primaryimage","url":"https:\/\/www.notibras.com\/site\/wp-content\/uploads\/2024\/01\/unnamed-2024-01-03T032130.210.jpg","contentUrl":"https:\/\/www.notibras.com\/site\/wp-content\/uploads\/2024\/01\/unnamed-2024-01-03T032130.210.jpg","width":719,"height":1280},{"@type":"BreadcrumbList","@id":"https:\/\/www.notibras.com\/site\/terraco-shopping-traz-os-classicos-no-teatrinho\/#breadcrumb","itemListElement":[{"@type":"ListItem","position":1,"name":"In\u00edcio","item":"https:\/\/www.notibras.com\/site\/"},{"@type":"ListItem","position":2,"name":"Terra\u00e7o Shopping traz os cl\u00e1ssicos no teatrinho"}]},{"@type":"WebSite","@id":"https:\/\/www.notibras.com\/site\/#website","url":"https:\/\/www.notibras.com\/site\/","name":"Notibras","description":"Not\u00edcias de Bras\u00edlia, do Brasil e do Mundo","publisher":{"@id":"https:\/\/www.notibras.com\/site\/#organization"},"potentialAction":[{"@type":"SearchAction","target":{"@type":"EntryPoint","urlTemplate":"https:\/\/www.notibras.com\/site\/?s={search_term_string}"},"query-input":{"@type":"PropertyValueSpecification","valueRequired":true,"valueName":"search_term_string"}}],"inLanguage":"pt-BR"},{"@type":"Organization","@id":"https:\/\/www.notibras.com\/site\/#organization","name":"Grupo Notibras de Comunica\u00e7\u00e3o","url":"https:\/\/www.notibras.com\/site\/","logo":{"@type":"ImageObject","inLanguage":"pt-BR","@id":"https:\/\/www.notibras.com\/site\/#\/schema\/logo\/image\/","url":"https:\/\/www.notibras.com\/site\/wp-content\/uploads\/2023\/01\/notibras23.png","contentUrl":"https:\/\/www.notibras.com\/site\/wp-content\/uploads\/2023\/01\/notibras23.png","width":350,"height":87,"caption":"Grupo Notibras de Comunica\u00e7\u00e3o"},"image":{"@id":"https:\/\/www.notibras.com\/site\/#\/schema\/logo\/image\/"},"sameAs":["https:\/\/www.facebook.com\/notibras\/","https:\/\/x.com\/Notibras","https:\/\/www.instagram.com\/notibras\/"]},{"@type":"Person","@id":"https:\/\/www.notibras.com\/site\/#\/schema\/person\/36ab0979449956132d3e5b517ea76ac8","name":"Reda\u00e7\u00e3o","image":{"@type":"ImageObject","inLanguage":"pt-BR","@id":"https:\/\/secure.gravatar.com\/avatar\/e0a867bdedb85fd243eadf09663511f96fc81e0720a4a42581f334ad4303aa6b?s=96&d=mm&r=g","url":"https:\/\/secure.gravatar.com\/avatar\/e0a867bdedb85fd243eadf09663511f96fc81e0720a4a42581f334ad4303aa6b?s=96&d=mm&r=g","contentUrl":"https:\/\/secure.gravatar.com\/avatar\/e0a867bdedb85fd243eadf09663511f96fc81e0720a4a42581f334ad4303aa6b?s=96&d=mm&r=g","caption":"Reda\u00e7\u00e3o"}}]}},"amp_enabled":true,"_links":{"self":[{"href":"https:\/\/www.notibras.com\/site\/wp-json\/wp\/v2\/posts\/320001","targetHints":{"allow":["GET"]}}],"collection":[{"href":"https:\/\/www.notibras.com\/site\/wp-json\/wp\/v2\/posts"}],"about":[{"href":"https:\/\/www.notibras.com\/site\/wp-json\/wp\/v2\/types\/post"}],"author":[{"embeddable":true,"href":"https:\/\/www.notibras.com\/site\/wp-json\/wp\/v2\/users\/2"}],"replies":[{"embeddable":true,"href":"https:\/\/www.notibras.com\/site\/wp-json\/wp\/v2\/comments?post=320001"}],"version-history":[{"count":1,"href":"https:\/\/www.notibras.com\/site\/wp-json\/wp\/v2\/posts\/320001\/revisions"}],"predecessor-version":[{"id":320003,"href":"https:\/\/www.notibras.com\/site\/wp-json\/wp\/v2\/posts\/320001\/revisions\/320003"}],"wp:featuredmedia":[{"embeddable":true,"href":"https:\/\/www.notibras.com\/site\/wp-json\/wp\/v2\/media\/320002"}],"wp:attachment":[{"href":"https:\/\/www.notibras.com\/site\/wp-json\/wp\/v2\/media?parent=320001"}],"wp:term":[{"taxonomy":"category","embeddable":true,"href":"https:\/\/www.notibras.com\/site\/wp-json\/wp\/v2\/categories?post=320001"},{"taxonomy":"post_tag","embeddable":true,"href":"https:\/\/www.notibras.com\/site\/wp-json\/wp\/v2\/tags?post=320001"}],"curies":[{"name":"wp","href":"https:\/\/api.w.org\/{rel}","templated":true}]}}