{"id":32001,"date":"2014-12-24T01:06:30","date_gmt":"2014-12-24T04:06:30","guid":{"rendered":"http:\/\/www.notibras.com\/site\/?p=32001"},"modified":"2014-12-24T01:06:30","modified_gmt":"2014-12-24T04:06:30","slug":"brasileiro-deve-estar-preparado-para-ver-o-pais-na-lona-em-2015","status":"publish","type":"post","link":"https:\/\/www.notibras.com\/site\/brasileiro-deve-estar-preparado-para-ver-o-pais-na-lona-em-2015\/","title":{"rendered":"Brasileiro deve estar preparado para ver o Pa\u00eds na lona em 2015"},"content":{"rendered":"<p>O Brasil encerra o ano de 2014 em meio a uma como\u00e7\u00e3o nacional por conta das roubalheiras milion\u00e1rias na Petrobras, com a revela\u00e7\u00e3o dos nomes de pol\u00edticos de grande express\u00e3o entre os benefici\u00e1rios dos desvios criminosos. Para deixar o astral do pa\u00eds mais em baixa, na lona mesmo, soma-se o fim melanc\u00f3lico do primeiro governo da presidente Dilma Rousseff.<\/p>\n<p>As lamban\u00e7as foram tantas nos seus quatro anos que a infla\u00e7\u00e3o ficou nas alturas e sem controle, o Brasil tem uma das mais altas cargas tribut\u00e1rias do mundo, com rombos nas contas internas e externas em n\u00edveis jamais vistos na hist\u00f3ria do pa\u00eds, a ind\u00fastria no fundo do po\u00e7o, d\u00f3lar nas nuvens, amea\u00e7as da taxa de desemprego subir, e um crescimento do produto interno bruto (PIB) pr\u00f3ximo do zero.<\/p>\n<p>O reajuste fiscal em 2015 ser\u00e1 forte, com alta de juros. S\u00e3o esperados cortes e contingenciamento de gastos or\u00e7ament\u00e1rios al\u00e9m do aumento de impostos e redu\u00e7\u00e3o de incentivos financeiros e fiscais. Os gastos com programas sociais dever\u00e3o ser poupados, mas a sua gest\u00e3o aprimorada. Haver\u00e1 um pente fino na listagem dos benefici\u00e1rios, com expurgo dos excessos.<\/p>\n<blockquote><p>Os brasileiros que se preparem para 2015. J\u00e1 em janeiro bater\u00e3o em seu dia-a-dia\u00a0 aumentos da gasolina, da energia el\u00e9trica, mensalidades e materiais escolares, eleva\u00e7\u00e3o de tarifas dos transportes coletivos, sem contar a disparada nos pre\u00e7os dos nossos alimentos. Estima-se que no in\u00edcio do ano a infla\u00e7\u00e3o ultrapasse 7%. E pol\u00edtica de reajuste salarial nem pensar! 2015 ser\u00e1 um ano de arrocho.<\/p><\/blockquote>\n<p>Os brasileiros v\u00e3o se defrontar\u00a0 no primeiro semestre com duas frentes de alta tens\u00e3o. Uma ser\u00e1 a tarefa herc\u00falea, \u00e0 frente o ministro da Fazenda Joaquim Levy, para tentar recolocar o Brasil nos trilhos. Medidas amargas certamente vir\u00e3o.<\/p>\n<p>O outro ambiente tensionado ser\u00e1\u00a0 o cen\u00e1rio pol\u00edtico, com grave crise que ser\u00e1 provocada pelos resultados da opera\u00e7\u00e3o Lava-Jato, com o envolvimento de figuras carimbadas do Congresso Nacional.<\/p>\n<p>Como aconteceu no processo do mensal\u00e3o do PT, das investiga\u00e7\u00f5es sobre os desvios da maior estatal brasileira advir\u00e3o puni\u00e7\u00f5es para alguns ex-governadores, ex-ministros e atuais deputados e senadores.<\/p>\n<p>Em meio a essas duas frentes tensionadas, logo na reabertura do Congresso Nacional, em 1\u00b0 fevereiro, entrar\u00e1 na agenda a t\u00e3o sonhada reforma pol\u00edtica. Ela \u00e9 encarada como uma exig\u00eancia imediata de toda sociedade brasileira. N\u00e3o pode ser deixada de lado a crise j\u00e1 deflagrada por conta da escolha das futuras mesas diretoras da C\u00e2mara dos Deputados e do Senado Federal.<\/p>\n<p>Portanto, vamos ter um 2015 marcante na hist\u00f3ria do Brasil. N\u00e3o faltar\u00e3o crises e muitas dificuldades.<\/p>\n<p><strong>Cl\u00e1udio Coletti<\/strong><\/p>\n","protected":false},"excerpt":{"rendered":"<p>O Brasil encerra o ano de 2014 em meio a uma como\u00e7\u00e3o nacional por conta das roubalheiras milion\u00e1rias na Petrobras, com a revela\u00e7\u00e3o dos nomes de pol\u00edticos de grande express\u00e3o entre os benefici\u00e1rios dos desvios criminosos. Para deixar o astral do pa\u00eds mais em baixa, na lona mesmo, soma-se o fim melanc\u00f3lico do primeiro governo [&hellip;]<\/p>\n","protected":false},"author":2,"featured_media":32002,"comment_status":"open","ping_status":"closed","sticky":false,"template":"","format":"standard","meta":{"_acf_changed":false,"footnotes":""},"categories":[25],"tags":[],"class_list":["post-32001","post","type-post","status-publish","format-standard","has-post-thumbnail","hentry","category-opina-ai"],"acf":[],"_links":{"self":[{"href":"https:\/\/www.notibras.com\/site\/wp-json\/wp\/v2\/posts\/32001","targetHints":{"allow":["GET"]}}],"collection":[{"href":"https:\/\/www.notibras.com\/site\/wp-json\/wp\/v2\/posts"}],"about":[{"href":"https:\/\/www.notibras.com\/site\/wp-json\/wp\/v2\/types\/post"}],"author":[{"embeddable":true,"href":"https:\/\/www.notibras.com\/site\/wp-json\/wp\/v2\/users\/2"}],"replies":[{"embeddable":true,"href":"https:\/\/www.notibras.com\/site\/wp-json\/wp\/v2\/comments?post=32001"}],"version-history":[{"count":0,"href":"https:\/\/www.notibras.com\/site\/wp-json\/wp\/v2\/posts\/32001\/revisions"}],"wp:featuredmedia":[{"embeddable":true,"href":"https:\/\/www.notibras.com\/site\/wp-json\/wp\/v2\/media\/32002"}],"wp:attachment":[{"href":"https:\/\/www.notibras.com\/site\/wp-json\/wp\/v2\/media?parent=32001"}],"wp:term":[{"taxonomy":"category","embeddable":true,"href":"https:\/\/www.notibras.com\/site\/wp-json\/wp\/v2\/categories?post=32001"},{"taxonomy":"post_tag","embeddable":true,"href":"https:\/\/www.notibras.com\/site\/wp-json\/wp\/v2\/tags?post=32001"}],"curies":[{"name":"wp","href":"https:\/\/api.w.org\/{rel}","templated":true}]}}