{"id":320030,"date":"2024-01-03T08:29:20","date_gmt":"2024-01-03T11:29:20","guid":{"rendered":"https:\/\/www.notibras.com\/site\/?p=320030"},"modified":"2024-01-03T08:29:20","modified_gmt":"2024-01-03T11:29:20","slug":"baiano-vitima-de-macumba-vai-procurar-delegacia","status":"publish","type":"post","link":"https:\/\/www.notibras.com\/site\/baiano-vitima-de-macumba-vai-procurar-delegacia\/","title":{"rendered":"Baiano v\u00edtima de macumba vai procurar delegacia"},"content":{"rendered":"<p>L\u00e1 estava o Santana no balc\u00e3o da delegacia, que naquele lia dia parecia calma. Quase n\u00e3o havia p\u00fablico, que, muitas vezes, aparece do nada. &#8220;S\u00e3o como baratas!&#8221;, esbravejava o Santana de vez em quando em alguma mesa de bar, mesmo se estivesse sozinho. &#8220;S\u00e3o como baratas! Aparecem sem avisar e saem de locais improv\u00e1veis!&#8221;<\/p>\n<p>Pois foi justamente num desses dias aparentemente tranquilos que surgiu um rapaz insuspeito. N\u00e3o que ele n\u00e3o tivesse culpa de alguma coisa, o Santana poderia muito bem pensar. O dito rapaz se aproximou timidamente do balc\u00e3o, bem em frente ao Santana. &#8220;Por que n\u00e3o escolheu o Marques?&#8221;, ele pensou, j\u00e1 que n\u00e3o gostava muito de trabalhar, ainda mais quando havia outros policiais que poderiam faz\u00ea-lo no seu lugar.<\/p>\n<p>No entanto, o rapaz, agora bem \u00e0 sua frente, estacou e perguntou se poderia sentar. O Santana mal o olhou, torceu a cara de poucos amigos e, com um gesto de cabe\u00e7a, indicou a cadeira \u00e0 sua frente.<\/p>\n<p>&#8211; Eu gostaria de registrar um boletim.<\/p>\n<p>&#8211; O que foi?<\/p>\n<p>&#8211; Eu gostaria de registrar um boletim.<\/p>\n<p>&#8211; Voc\u00ea j\u00e1 falou isso! N\u00e3o sou surdo! O que voc\u00ea quer registrar?<\/p>\n<p>&#8211; Um boletim.<\/p>\n<p>&#8211; Que boletim? O que aconteceu? Desembucha logo!<\/p>\n<p>&#8211; Mo\u00e7o, eu sou de Itabuna, Bahia.<\/p>\n<p>&#8211; Hum. E da\u00ed?<\/p>\n<p>&#8211; Pois \u00e9, eu sou de Itabuna, l\u00e1 na Bahia, e fizeram um trabalho pra mim.<\/p>\n<p>&#8211; Trabalho? Que trabalho?<\/p>\n<p>&#8211; Isso. Um trabalho pra minha vida n\u00e3o andar pra frente. O senhor entende?<\/p>\n<p>&#8211; Trabalho? Voc\u00ea t\u00e1 falando de macumba?<\/p>\n<p>&#8211; Sim. Isso. Fizeram um trabalho pra mim l\u00e1 na minha cidade. Umas pessoas que n\u00e3o gostam de mim fizeram esse trabalho.<\/p>\n<p>&#8211; E da\u00ed?<\/p>\n<p>&#8211; Como eu estava dizendo, mo\u00e7o, essas pessoas fizeram esse trabalho pra que eu n\u00e3o conseguisse as coisas. Eu n\u00e3o consigo estudar, eu n\u00e3o consigo trabalhar.<\/p>\n<p>&#8211; Pera a\u00ed! Aqui n\u00e3o \u00e9 lugar para voc\u00ea resolver isso. Voc\u00ea tem que procurar uma igreja, um centro esp\u00edrita, um terreiro, sei l\u00e1 o qu\u00ea. Mas n\u00e3o \u00e9 aqui que voc\u00ea vai resolver isso.<\/p>\n<p>&#8211; Mo\u00e7o, o senhor n\u00e3o est\u00e1 entendendo. Parei de estudar, n\u00e3o consigo arrumar emprego.<\/p>\n<p>&#8211; E da\u00ed? O que a pol\u00edcia tem a ver com isso?<\/p>\n<p>&#8211; Mas, mo\u00e7o, eu tenho 27 anos, n\u00e3o tenho namorada e ainda sou virgem.<\/p>\n<p>&#8211; Ih, aqui \u00e9 que voc\u00ea n\u00e3o vai resolver isso mesmo!<\/p>\n<p>O Santana se levantou e foi tomar um caf\u00e9. Ele pensou: &#8220;Hoje vai ser um daqueles dias!&#8221;<\/p>\n","protected":false},"excerpt":{"rendered":"<p>L\u00e1 estava o Santana no balc\u00e3o da delegacia, que naquele lia dia parecia calma. Quase n\u00e3o havia p\u00fablico, que, muitas vezes, aparece do nada. &#8220;S\u00e3o como baratas!&#8221;, esbravejava o Santana de vez em quando em alguma mesa de bar, mesmo se estivesse sozinho. &#8220;S\u00e3o como baratas! Aparecem sem avisar e saem de locais improv\u00e1veis!&#8221; Pois [&hellip;]<\/p>\n","protected":false},"author":2,"featured_media":310678,"comment_status":"closed","ping_status":"closed","sticky":false,"template":"","format":"standard","meta":{"_acf_changed":false,"footnotes":""},"categories":[161],"tags":[],"class_list":["post-320030","post","type-post","status-publish","format-standard","has-post-thumbnail","hentry","category-quadradinho-em-foco"],"acf":[],"yoast_head":"<!-- This site is optimized with the Yoast SEO plugin v27.2 - https:\/\/yoast.com\/product\/yoast-seo-wordpress\/ -->\n<title>Baiano v\u00edtima de macumba vai procurar delegacia - Notibras<\/title>\n<meta name=\"robots\" content=\"index, follow, max-snippet:-1, max-image-preview:large, max-video-preview:-1\" \/>\n<link rel=\"canonical\" href=\"https:\/\/www.notibras.com\/site\/baiano-vitima-de-macumba-vai-procurar-delegacia\/\" \/>\n<meta property=\"og:locale\" content=\"pt_BR\" \/>\n<meta property=\"og:type\" content=\"article\" \/>\n<meta property=\"og:title\" content=\"Baiano v\u00edtima de macumba vai procurar delegacia - Notibras\" \/>\n<meta property=\"og:description\" content=\"L\u00e1 estava o Santana no balc\u00e3o da delegacia, que naquele lia dia parecia calma. Quase n\u00e3o havia p\u00fablico, que, muitas vezes, aparece do nada. &#8220;S\u00e3o como baratas!&#8221;, esbravejava o Santana de vez em quando em alguma mesa de bar, mesmo se estivesse sozinho. &#8220;S\u00e3o como baratas! Aparecem sem avisar e saem de locais improv\u00e1veis!&#8221; Pois [&hellip;]\" \/>\n<meta property=\"og:url\" content=\"https:\/\/www.notibras.com\/site\/baiano-vitima-de-macumba-vai-procurar-delegacia\/\" \/>\n<meta property=\"og:site_name\" content=\"Notibras\" \/>\n<meta property=\"article:publisher\" content=\"https:\/\/www.facebook.com\/notibras\/\" \/>\n<meta property=\"article:published_time\" content=\"2024-01-03T11:29:20+00:00\" \/>\n<meta property=\"og:image\" content=\"https:\/\/www.notibras.com\/site\/wp-content\/uploads\/2023\/08\/macumba.carioca.webp\" \/>\n\t<meta property=\"og:image:width\" content=\"1200\" \/>\n\t<meta property=\"og:image:height\" content=\"800\" \/>\n\t<meta property=\"og:image:type\" content=\"image\/webp\" \/>\n<meta name=\"author\" content=\"Reda\u00e7\u00e3o\" \/>\n<meta name=\"twitter:card\" content=\"summary_large_image\" \/>\n<meta name=\"twitter:creator\" content=\"@Notibras\" \/>\n<meta name=\"twitter:site\" content=\"@Notibras\" \/>\n<meta name=\"twitter:label1\" content=\"Escrito por\" \/>\n\t<meta name=\"twitter:data1\" content=\"Reda\u00e7\u00e3o\" \/>\n\t<meta name=\"twitter:label2\" content=\"Est. tempo de leitura\" \/>\n\t<meta name=\"twitter:data2\" content=\"3 minutos\" \/>\n<script type=\"application\/ld+json\" class=\"yoast-schema-graph\">{\"@context\":\"https:\/\/schema.org\",\"@graph\":[{\"@type\":\"Article\",\"@id\":\"https:\/\/www.notibras.com\/site\/baiano-vitima-de-macumba-vai-procurar-delegacia\/#article\",\"isPartOf\":{\"@id\":\"https:\/\/www.notibras.com\/site\/baiano-vitima-de-macumba-vai-procurar-delegacia\/\"},\"author\":{\"name\":\"Reda\u00e7\u00e3o\",\"@id\":\"https:\/\/www.notibras.com\/site\/#\/schema\/person\/36ab0979449956132d3e5b517ea76ac8\"},\"headline\":\"Baiano v\u00edtima de macumba vai procurar delegacia\",\"datePublished\":\"2024-01-03T11:29:20+00:00\",\"mainEntityOfPage\":{\"@id\":\"https:\/\/www.notibras.com\/site\/baiano-vitima-de-macumba-vai-procurar-delegacia\/\"},\"wordCount\":440,\"publisher\":{\"@id\":\"https:\/\/www.notibras.com\/site\/#organization\"},\"image\":{\"@id\":\"https:\/\/www.notibras.com\/site\/baiano-vitima-de-macumba-vai-procurar-delegacia\/#primaryimage\"},\"thumbnailUrl\":\"https:\/\/www.notibras.com\/site\/wp-content\/uploads\/2023\/08\/macumba.carioca.webp\",\"articleSection\":[\"Quadradinho em Foco\"],\"inLanguage\":\"pt-BR\"},{\"@type\":\"WebPage\",\"@id\":\"https:\/\/www.notibras.com\/site\/baiano-vitima-de-macumba-vai-procurar-delegacia\/\",\"url\":\"https:\/\/www.notibras.com\/site\/baiano-vitima-de-macumba-vai-procurar-delegacia\/\",\"name\":\"Baiano v\u00edtima de macumba vai procurar delegacia - Notibras\",\"isPartOf\":{\"@id\":\"https:\/\/www.notibras.com\/site\/#website\"},\"primaryImageOfPage\":{\"@id\":\"https:\/\/www.notibras.com\/site\/baiano-vitima-de-macumba-vai-procurar-delegacia\/#primaryimage\"},\"image\":{\"@id\":\"https:\/\/www.notibras.com\/site\/baiano-vitima-de-macumba-vai-procurar-delegacia\/#primaryimage\"},\"thumbnailUrl\":\"https:\/\/www.notibras.com\/site\/wp-content\/uploads\/2023\/08\/macumba.carioca.webp\",\"datePublished\":\"2024-01-03T11:29:20+00:00\",\"breadcrumb\":{\"@id\":\"https:\/\/www.notibras.com\/site\/baiano-vitima-de-macumba-vai-procurar-delegacia\/#breadcrumb\"},\"inLanguage\":\"pt-BR\",\"potentialAction\":[{\"@type\":\"ReadAction\",\"target\":[\"https:\/\/www.notibras.com\/site\/baiano-vitima-de-macumba-vai-procurar-delegacia\/\"]}]},{\"@type\":\"ImageObject\",\"inLanguage\":\"pt-BR\",\"@id\":\"https:\/\/www.notibras.com\/site\/baiano-vitima-de-macumba-vai-procurar-delegacia\/#primaryimage\",\"url\":\"https:\/\/www.notibras.com\/site\/wp-content\/uploads\/2023\/08\/macumba.carioca.webp\",\"contentUrl\":\"https:\/\/www.notibras.com\/site\/wp-content\/uploads\/2023\/08\/macumba.carioca.webp\",\"width\":1200,\"height\":800},{\"@type\":\"BreadcrumbList\",\"@id\":\"https:\/\/www.notibras.com\/site\/baiano-vitima-de-macumba-vai-procurar-delegacia\/#breadcrumb\",\"itemListElement\":[{\"@type\":\"ListItem\",\"position\":1,\"name\":\"In\u00edcio\",\"item\":\"https:\/\/www.notibras.com\/site\/\"},{\"@type\":\"ListItem\",\"position\":2,\"name\":\"Baiano v\u00edtima de macumba vai procurar delegacia\"}]},{\"@type\":\"WebSite\",\"@id\":\"https:\/\/www.notibras.com\/site\/#website\",\"url\":\"https:\/\/www.notibras.com\/site\/\",\"name\":\"Notibras\",\"description\":\"Not\u00edcias de Bras\u00edlia, do Brasil e do Mundo\",\"publisher\":{\"@id\":\"https:\/\/www.notibras.com\/site\/#organization\"},\"potentialAction\":[{\"@type\":\"SearchAction\",\"target\":{\"@type\":\"EntryPoint\",\"urlTemplate\":\"https:\/\/www.notibras.com\/site\/?s={search_term_string}\"},\"query-input\":{\"@type\":\"PropertyValueSpecification\",\"valueRequired\":true,\"valueName\":\"search_term_string\"}}],\"inLanguage\":\"pt-BR\"},{\"@type\":\"Organization\",\"@id\":\"https:\/\/www.notibras.com\/site\/#organization\",\"name\":\"Grupo Notibras de Comunica\u00e7\u00e3o\",\"url\":\"https:\/\/www.notibras.com\/site\/\",\"logo\":{\"@type\":\"ImageObject\",\"inLanguage\":\"pt-BR\",\"@id\":\"https:\/\/www.notibras.com\/site\/#\/schema\/logo\/image\/\",\"url\":\"https:\/\/www.notibras.com\/site\/wp-content\/uploads\/2023\/01\/notibras23.png\",\"contentUrl\":\"https:\/\/www.notibras.com\/site\/wp-content\/uploads\/2023\/01\/notibras23.png\",\"width\":350,\"height\":87,\"caption\":\"Grupo Notibras de Comunica\u00e7\u00e3o\"},\"image\":{\"@id\":\"https:\/\/www.notibras.com\/site\/#\/schema\/logo\/image\/\"},\"sameAs\":[\"https:\/\/www.facebook.com\/notibras\/\",\"https:\/\/x.com\/Notibras\",\"https:\/\/www.instagram.com\/notibras\/\"]},{\"@type\":\"Person\",\"@id\":\"https:\/\/www.notibras.com\/site\/#\/schema\/person\/36ab0979449956132d3e5b517ea76ac8\",\"name\":\"Reda\u00e7\u00e3o\",\"image\":{\"@type\":\"ImageObject\",\"inLanguage\":\"pt-BR\",\"@id\":\"https:\/\/secure.gravatar.com\/avatar\/e0a867bdedb85fd243eadf09663511f96fc81e0720a4a42581f334ad4303aa6b?s=96&d=mm&r=g\",\"url\":\"https:\/\/secure.gravatar.com\/avatar\/e0a867bdedb85fd243eadf09663511f96fc81e0720a4a42581f334ad4303aa6b?s=96&d=mm&r=g\",\"contentUrl\":\"https:\/\/secure.gravatar.com\/avatar\/e0a867bdedb85fd243eadf09663511f96fc81e0720a4a42581f334ad4303aa6b?s=96&d=mm&r=g\",\"caption\":\"Reda\u00e7\u00e3o\"}}]}<\/script>\n<!-- \/ Yoast SEO plugin. -->","yoast_head_json":{"title":"Baiano v\u00edtima de macumba vai procurar delegacia - Notibras","robots":{"index":"index","follow":"follow","max-snippet":"max-snippet:-1","max-image-preview":"max-image-preview:large","max-video-preview":"max-video-preview:-1"},"canonical":"https:\/\/www.notibras.com\/site\/baiano-vitima-de-macumba-vai-procurar-delegacia\/","og_locale":"pt_BR","og_type":"article","og_title":"Baiano v\u00edtima de macumba vai procurar delegacia - Notibras","og_description":"L\u00e1 estava o Santana no balc\u00e3o da delegacia, que naquele lia dia parecia calma. Quase n\u00e3o havia p\u00fablico, que, muitas vezes, aparece do nada. &#8220;S\u00e3o como baratas!&#8221;, esbravejava o Santana de vez em quando em alguma mesa de bar, mesmo se estivesse sozinho. &#8220;S\u00e3o como baratas! Aparecem sem avisar e saem de locais improv\u00e1veis!&#8221; Pois [&hellip;]","og_url":"https:\/\/www.notibras.com\/site\/baiano-vitima-de-macumba-vai-procurar-delegacia\/","og_site_name":"Notibras","article_publisher":"https:\/\/www.facebook.com\/notibras\/","article_published_time":"2024-01-03T11:29:20+00:00","og_image":[{"width":1200,"height":800,"url":"https:\/\/www.notibras.com\/site\/wp-content\/uploads\/2023\/08\/macumba.carioca.webp","type":"image\/webp"}],"author":"Reda\u00e7\u00e3o","twitter_card":"summary_large_image","twitter_creator":"@Notibras","twitter_site":"@Notibras","twitter_misc":{"Escrito por":"Reda\u00e7\u00e3o","Est. tempo de leitura":"3 minutos"},"schema":{"@context":"https:\/\/schema.org","@graph":[{"@type":"Article","@id":"https:\/\/www.notibras.com\/site\/baiano-vitima-de-macumba-vai-procurar-delegacia\/#article","isPartOf":{"@id":"https:\/\/www.notibras.com\/site\/baiano-vitima-de-macumba-vai-procurar-delegacia\/"},"author":{"name":"Reda\u00e7\u00e3o","@id":"https:\/\/www.notibras.com\/site\/#\/schema\/person\/36ab0979449956132d3e5b517ea76ac8"},"headline":"Baiano v\u00edtima de macumba vai procurar delegacia","datePublished":"2024-01-03T11:29:20+00:00","mainEntityOfPage":{"@id":"https:\/\/www.notibras.com\/site\/baiano-vitima-de-macumba-vai-procurar-delegacia\/"},"wordCount":440,"publisher":{"@id":"https:\/\/www.notibras.com\/site\/#organization"},"image":{"@id":"https:\/\/www.notibras.com\/site\/baiano-vitima-de-macumba-vai-procurar-delegacia\/#primaryimage"},"thumbnailUrl":"https:\/\/www.notibras.com\/site\/wp-content\/uploads\/2023\/08\/macumba.carioca.webp","articleSection":["Quadradinho em Foco"],"inLanguage":"pt-BR"},{"@type":"WebPage","@id":"https:\/\/www.notibras.com\/site\/baiano-vitima-de-macumba-vai-procurar-delegacia\/","url":"https:\/\/www.notibras.com\/site\/baiano-vitima-de-macumba-vai-procurar-delegacia\/","name":"Baiano v\u00edtima de macumba vai procurar delegacia - Notibras","isPartOf":{"@id":"https:\/\/www.notibras.com\/site\/#website"},"primaryImageOfPage":{"@id":"https:\/\/www.notibras.com\/site\/baiano-vitima-de-macumba-vai-procurar-delegacia\/#primaryimage"},"image":{"@id":"https:\/\/www.notibras.com\/site\/baiano-vitima-de-macumba-vai-procurar-delegacia\/#primaryimage"},"thumbnailUrl":"https:\/\/www.notibras.com\/site\/wp-content\/uploads\/2023\/08\/macumba.carioca.webp","datePublished":"2024-01-03T11:29:20+00:00","breadcrumb":{"@id":"https:\/\/www.notibras.com\/site\/baiano-vitima-de-macumba-vai-procurar-delegacia\/#breadcrumb"},"inLanguage":"pt-BR","potentialAction":[{"@type":"ReadAction","target":["https:\/\/www.notibras.com\/site\/baiano-vitima-de-macumba-vai-procurar-delegacia\/"]}]},{"@type":"ImageObject","inLanguage":"pt-BR","@id":"https:\/\/www.notibras.com\/site\/baiano-vitima-de-macumba-vai-procurar-delegacia\/#primaryimage","url":"https:\/\/www.notibras.com\/site\/wp-content\/uploads\/2023\/08\/macumba.carioca.webp","contentUrl":"https:\/\/www.notibras.com\/site\/wp-content\/uploads\/2023\/08\/macumba.carioca.webp","width":1200,"height":800},{"@type":"BreadcrumbList","@id":"https:\/\/www.notibras.com\/site\/baiano-vitima-de-macumba-vai-procurar-delegacia\/#breadcrumb","itemListElement":[{"@type":"ListItem","position":1,"name":"In\u00edcio","item":"https:\/\/www.notibras.com\/site\/"},{"@type":"ListItem","position":2,"name":"Baiano v\u00edtima de macumba vai procurar delegacia"}]},{"@type":"WebSite","@id":"https:\/\/www.notibras.com\/site\/#website","url":"https:\/\/www.notibras.com\/site\/","name":"Notibras","description":"Not\u00edcias de Bras\u00edlia, do Brasil e do Mundo","publisher":{"@id":"https:\/\/www.notibras.com\/site\/#organization"},"potentialAction":[{"@type":"SearchAction","target":{"@type":"EntryPoint","urlTemplate":"https:\/\/www.notibras.com\/site\/?s={search_term_string}"},"query-input":{"@type":"PropertyValueSpecification","valueRequired":true,"valueName":"search_term_string"}}],"inLanguage":"pt-BR"},{"@type":"Organization","@id":"https:\/\/www.notibras.com\/site\/#organization","name":"Grupo Notibras de Comunica\u00e7\u00e3o","url":"https:\/\/www.notibras.com\/site\/","logo":{"@type":"ImageObject","inLanguage":"pt-BR","@id":"https:\/\/www.notibras.com\/site\/#\/schema\/logo\/image\/","url":"https:\/\/www.notibras.com\/site\/wp-content\/uploads\/2023\/01\/notibras23.png","contentUrl":"https:\/\/www.notibras.com\/site\/wp-content\/uploads\/2023\/01\/notibras23.png","width":350,"height":87,"caption":"Grupo Notibras de Comunica\u00e7\u00e3o"},"image":{"@id":"https:\/\/www.notibras.com\/site\/#\/schema\/logo\/image\/"},"sameAs":["https:\/\/www.facebook.com\/notibras\/","https:\/\/x.com\/Notibras","https:\/\/www.instagram.com\/notibras\/"]},{"@type":"Person","@id":"https:\/\/www.notibras.com\/site\/#\/schema\/person\/36ab0979449956132d3e5b517ea76ac8","name":"Reda\u00e7\u00e3o","image":{"@type":"ImageObject","inLanguage":"pt-BR","@id":"https:\/\/secure.gravatar.com\/avatar\/e0a867bdedb85fd243eadf09663511f96fc81e0720a4a42581f334ad4303aa6b?s=96&d=mm&r=g","url":"https:\/\/secure.gravatar.com\/avatar\/e0a867bdedb85fd243eadf09663511f96fc81e0720a4a42581f334ad4303aa6b?s=96&d=mm&r=g","contentUrl":"https:\/\/secure.gravatar.com\/avatar\/e0a867bdedb85fd243eadf09663511f96fc81e0720a4a42581f334ad4303aa6b?s=96&d=mm&r=g","caption":"Reda\u00e7\u00e3o"}}]}},"amp_enabled":true,"_links":{"self":[{"href":"https:\/\/www.notibras.com\/site\/wp-json\/wp\/v2\/posts\/320030","targetHints":{"allow":["GET"]}}],"collection":[{"href":"https:\/\/www.notibras.com\/site\/wp-json\/wp\/v2\/posts"}],"about":[{"href":"https:\/\/www.notibras.com\/site\/wp-json\/wp\/v2\/types\/post"}],"author":[{"embeddable":true,"href":"https:\/\/www.notibras.com\/site\/wp-json\/wp\/v2\/users\/2"}],"replies":[{"embeddable":true,"href":"https:\/\/www.notibras.com\/site\/wp-json\/wp\/v2\/comments?post=320030"}],"version-history":[{"count":1,"href":"https:\/\/www.notibras.com\/site\/wp-json\/wp\/v2\/posts\/320030\/revisions"}],"predecessor-version":[{"id":320031,"href":"https:\/\/www.notibras.com\/site\/wp-json\/wp\/v2\/posts\/320030\/revisions\/320031"}],"wp:featuredmedia":[{"embeddable":true,"href":"https:\/\/www.notibras.com\/site\/wp-json\/wp\/v2\/media\/310678"}],"wp:attachment":[{"href":"https:\/\/www.notibras.com\/site\/wp-json\/wp\/v2\/media?parent=320030"}],"wp:term":[{"taxonomy":"category","embeddable":true,"href":"https:\/\/www.notibras.com\/site\/wp-json\/wp\/v2\/categories?post=320030"},{"taxonomy":"post_tag","embeddable":true,"href":"https:\/\/www.notibras.com\/site\/wp-json\/wp\/v2\/tags?post=320030"}],"curies":[{"name":"wp","href":"https:\/\/api.w.org\/{rel}","templated":true}]}}