{"id":320032,"date":"2024-01-03T00:00:27","date_gmt":"2024-01-03T03:00:27","guid":{"rendered":"https:\/\/www.notibras.com\/site\/?p=320032"},"modified":"2024-01-03T09:30:00","modified_gmt":"2024-01-03T12:30:00","slug":"ministerio-da-pesca-fara-concurso-para-temporarios","status":"publish","type":"post","link":"https:\/\/www.notibras.com\/site\/ministerio-da-pesca-fara-concurso-para-temporarios\/","title":{"rendered":"Minist\u00e9rio da Pesca far\u00e1 concurso para tempor\u00e1rios"},"content":{"rendered":"<p>O Minist\u00e9rio da Pesca e Aquicultura (MPA) foi autorizado a realizar concurso p\u00fablico para a contrata\u00e7\u00e3o de 264 tempor\u00e1rios em cargos de n\u00edvel superior, que atuar\u00e3o no atendimento das demandas administrativas, judiciais e gerenciais relacionadas ao setor pesqueiro no pa\u00eds. Os selecionados ser\u00e3o contratados por quatro anos, prorrog\u00e1veis por mais um.<\/p>\n<p>As vagas s\u00e3o para 16 profissionais graduados em direito, oito em economia, dois em contabilidade, 17 em tecnologia da informa\u00e7\u00e3o, sete em jornalismo, um em marketing, 73 nas \u00e1reas de engenharia da pesca, oceanografia e biologia, quatro em estat\u00edstica e matem\u00e1tica, 20 em administra\u00e7\u00e3o e gest\u00e3o p\u00fablica, sete em recursos humano; seis em assist\u00eancia social e sociologia, dois em design gr\u00e1fico, tr\u00eas em engenharia civil, um em arquitetura, al\u00e9m de 97 profissionais de qualquer forma\u00e7\u00e3o de n\u00edvel superior.<\/p>\n<p>A remunera\u00e7\u00e3o inicial dos concursados ser\u00e1 divulgada posteriormente pelo MPA e o edital com o cronograma e a banca respons\u00e1vel pelo processo seletivo dever\u00e1 ser divulgado em no m\u00e1ximo seis meses. O concurso dever\u00e1 prever a reserva de vagas conforme previsto em lei.<\/p>\n<p>A autoriza\u00e7\u00e3o para o processo seletivo foi publicada no Di\u00e1rio Oficial da Uni\u00e3o desta ter\u00e7a-feira (3), em portaria conjunta do MPA com o Minist\u00e9rio da Gest\u00e3o e da Inova\u00e7\u00e3o em Servi\u00e7os P\u00fablicos.<\/p>\n","protected":false},"excerpt":{"rendered":"<p>O Minist\u00e9rio da Pesca e Aquicultura (MPA) foi autorizado a realizar concurso p\u00fablico para a contrata\u00e7\u00e3o de 264 tempor\u00e1rios em cargos de n\u00edvel superior, que atuar\u00e3o no atendimento das demandas administrativas, judiciais e gerenciais relacionadas ao setor pesqueiro no pa\u00eds. Os selecionados ser\u00e3o contratados por quatro anos, prorrog\u00e1veis por mais um. As vagas s\u00e3o para [&hellip;]<\/p>\n","protected":false},"author":2,"featured_media":320033,"comment_status":"closed","ping_status":"closed","sticky":false,"template":"","format":"standard","meta":{"_acf_changed":false,"footnotes":""},"categories":[161],"tags":[],"class_list":["post-320032","post","type-post","status-publish","format-standard","has-post-thumbnail","hentry","category-quadradinho-em-foco"],"acf":[],"yoast_head":"<!-- This site is optimized with the Yoast SEO plugin v27.2 - https:\/\/yoast.com\/product\/yoast-seo-wordpress\/ -->\n<title>Minist\u00e9rio da Pesca far\u00e1 concurso para tempor\u00e1rios - Notibras<\/title>\n<meta name=\"robots\" content=\"index, follow, max-snippet:-1, max-image-preview:large, max-video-preview:-1\" \/>\n<link rel=\"canonical\" href=\"https:\/\/www.notibras.com\/site\/ministerio-da-pesca-fara-concurso-para-temporarios\/\" \/>\n<meta property=\"og:locale\" content=\"pt_BR\" \/>\n<meta property=\"og:type\" content=\"article\" \/>\n<meta property=\"og:title\" content=\"Minist\u00e9rio da Pesca far\u00e1 concurso para tempor\u00e1rios - Notibras\" \/>\n<meta property=\"og:description\" content=\"O Minist\u00e9rio da Pesca e Aquicultura (MPA) foi autorizado a realizar concurso p\u00fablico para a contrata\u00e7\u00e3o de 264 tempor\u00e1rios em cargos de n\u00edvel superior, que atuar\u00e3o no atendimento das demandas administrativas, judiciais e gerenciais relacionadas ao setor pesqueiro no pa\u00eds. Os selecionados ser\u00e3o contratados por quatro anos, prorrog\u00e1veis por mais um. As vagas s\u00e3o para [&hellip;]\" \/>\n<meta property=\"og:url\" content=\"https:\/\/www.notibras.com\/site\/ministerio-da-pesca-fara-concurso-para-temporarios\/\" \/>\n<meta property=\"og:site_name\" content=\"Notibras\" \/>\n<meta property=\"article:publisher\" content=\"https:\/\/www.facebook.com\/notibras\/\" \/>\n<meta property=\"article:published_time\" content=\"2024-01-03T03:00:27+00:00\" \/>\n<meta property=\"article:modified_time\" content=\"2024-01-03T12:30:00+00:00\" \/>\n<meta property=\"og:image\" content=\"https:\/\/www.notibras.com\/site\/wp-content\/uploads\/2024\/01\/pescavagas.webp\" \/>\n\t<meta property=\"og:image:width\" content=\"1170\" \/>\n\t<meta property=\"og:image:height\" content=\"700\" \/>\n\t<meta property=\"og:image:type\" content=\"image\/webp\" \/>\n<meta name=\"author\" content=\"Reda\u00e7\u00e3o\" \/>\n<meta name=\"twitter:card\" content=\"summary_large_image\" \/>\n<meta name=\"twitter:creator\" content=\"@Notibras\" \/>\n<meta name=\"twitter:site\" content=\"@Notibras\" \/>\n<meta name=\"twitter:label1\" content=\"Escrito por\" \/>\n\t<meta name=\"twitter:data1\" content=\"Reda\u00e7\u00e3o\" \/>\n\t<meta name=\"twitter:label2\" content=\"Est. tempo de leitura\" \/>\n\t<meta name=\"twitter:data2\" content=\"2 minutos\" \/>\n<script type=\"application\/ld+json\" class=\"yoast-schema-graph\">{\"@context\":\"https:\/\/schema.org\",\"@graph\":[{\"@type\":\"Article\",\"@id\":\"https:\/\/www.notibras.com\/site\/ministerio-da-pesca-fara-concurso-para-temporarios\/#article\",\"isPartOf\":{\"@id\":\"https:\/\/www.notibras.com\/site\/ministerio-da-pesca-fara-concurso-para-temporarios\/\"},\"author\":{\"name\":\"Reda\u00e7\u00e3o\",\"@id\":\"https:\/\/www.notibras.com\/site\/#\/schema\/person\/36ab0979449956132d3e5b517ea76ac8\"},\"headline\":\"Minist\u00e9rio da Pesca far\u00e1 concurso para tempor\u00e1rios\",\"datePublished\":\"2024-01-03T03:00:27+00:00\",\"dateModified\":\"2024-01-03T12:30:00+00:00\",\"mainEntityOfPage\":{\"@id\":\"https:\/\/www.notibras.com\/site\/ministerio-da-pesca-fara-concurso-para-temporarios\/\"},\"wordCount\":240,\"publisher\":{\"@id\":\"https:\/\/www.notibras.com\/site\/#organization\"},\"image\":{\"@id\":\"https:\/\/www.notibras.com\/site\/ministerio-da-pesca-fara-concurso-para-temporarios\/#primaryimage\"},\"thumbnailUrl\":\"https:\/\/www.notibras.com\/site\/wp-content\/uploads\/2024\/01\/pescavagas.webp\",\"articleSection\":[\"Quadradinho em Foco\"],\"inLanguage\":\"pt-BR\"},{\"@type\":\"WebPage\",\"@id\":\"https:\/\/www.notibras.com\/site\/ministerio-da-pesca-fara-concurso-para-temporarios\/\",\"url\":\"https:\/\/www.notibras.com\/site\/ministerio-da-pesca-fara-concurso-para-temporarios\/\",\"name\":\"Minist\u00e9rio da Pesca far\u00e1 concurso para tempor\u00e1rios - Notibras\",\"isPartOf\":{\"@id\":\"https:\/\/www.notibras.com\/site\/#website\"},\"primaryImageOfPage\":{\"@id\":\"https:\/\/www.notibras.com\/site\/ministerio-da-pesca-fara-concurso-para-temporarios\/#primaryimage\"},\"image\":{\"@id\":\"https:\/\/www.notibras.com\/site\/ministerio-da-pesca-fara-concurso-para-temporarios\/#primaryimage\"},\"thumbnailUrl\":\"https:\/\/www.notibras.com\/site\/wp-content\/uploads\/2024\/01\/pescavagas.webp\",\"datePublished\":\"2024-01-03T03:00:27+00:00\",\"dateModified\":\"2024-01-03T12:30:00+00:00\",\"breadcrumb\":{\"@id\":\"https:\/\/www.notibras.com\/site\/ministerio-da-pesca-fara-concurso-para-temporarios\/#breadcrumb\"},\"inLanguage\":\"pt-BR\",\"potentialAction\":[{\"@type\":\"ReadAction\",\"target\":[\"https:\/\/www.notibras.com\/site\/ministerio-da-pesca-fara-concurso-para-temporarios\/\"]}]},{\"@type\":\"ImageObject\",\"inLanguage\":\"pt-BR\",\"@id\":\"https:\/\/www.notibras.com\/site\/ministerio-da-pesca-fara-concurso-para-temporarios\/#primaryimage\",\"url\":\"https:\/\/www.notibras.com\/site\/wp-content\/uploads\/2024\/01\/pescavagas.webp\",\"contentUrl\":\"https:\/\/www.notibras.com\/site\/wp-content\/uploads\/2024\/01\/pescavagas.webp\",\"width\":1170,\"height\":700},{\"@type\":\"BreadcrumbList\",\"@id\":\"https:\/\/www.notibras.com\/site\/ministerio-da-pesca-fara-concurso-para-temporarios\/#breadcrumb\",\"itemListElement\":[{\"@type\":\"ListItem\",\"position\":1,\"name\":\"In\u00edcio\",\"item\":\"https:\/\/www.notibras.com\/site\/\"},{\"@type\":\"ListItem\",\"position\":2,\"name\":\"Minist\u00e9rio da Pesca far\u00e1 concurso para tempor\u00e1rios\"}]},{\"@type\":\"WebSite\",\"@id\":\"https:\/\/www.notibras.com\/site\/#website\",\"url\":\"https:\/\/www.notibras.com\/site\/\",\"name\":\"Notibras\",\"description\":\"Not\u00edcias de Bras\u00edlia, do Brasil e do Mundo\",\"publisher\":{\"@id\":\"https:\/\/www.notibras.com\/site\/#organization\"},\"potentialAction\":[{\"@type\":\"SearchAction\",\"target\":{\"@type\":\"EntryPoint\",\"urlTemplate\":\"https:\/\/www.notibras.com\/site\/?s={search_term_string}\"},\"query-input\":{\"@type\":\"PropertyValueSpecification\",\"valueRequired\":true,\"valueName\":\"search_term_string\"}}],\"inLanguage\":\"pt-BR\"},{\"@type\":\"Organization\",\"@id\":\"https:\/\/www.notibras.com\/site\/#organization\",\"name\":\"Grupo Notibras de Comunica\u00e7\u00e3o\",\"url\":\"https:\/\/www.notibras.com\/site\/\",\"logo\":{\"@type\":\"ImageObject\",\"inLanguage\":\"pt-BR\",\"@id\":\"https:\/\/www.notibras.com\/site\/#\/schema\/logo\/image\/\",\"url\":\"https:\/\/www.notibras.com\/site\/wp-content\/uploads\/2023\/01\/notibras23.png\",\"contentUrl\":\"https:\/\/www.notibras.com\/site\/wp-content\/uploads\/2023\/01\/notibras23.png\",\"width\":350,\"height\":87,\"caption\":\"Grupo Notibras de Comunica\u00e7\u00e3o\"},\"image\":{\"@id\":\"https:\/\/www.notibras.com\/site\/#\/schema\/logo\/image\/\"},\"sameAs\":[\"https:\/\/www.facebook.com\/notibras\/\",\"https:\/\/x.com\/Notibras\",\"https:\/\/www.instagram.com\/notibras\/\"]},{\"@type\":\"Person\",\"@id\":\"https:\/\/www.notibras.com\/site\/#\/schema\/person\/36ab0979449956132d3e5b517ea76ac8\",\"name\":\"Reda\u00e7\u00e3o\",\"image\":{\"@type\":\"ImageObject\",\"inLanguage\":\"pt-BR\",\"@id\":\"https:\/\/secure.gravatar.com\/avatar\/e0a867bdedb85fd243eadf09663511f96fc81e0720a4a42581f334ad4303aa6b?s=96&d=mm&r=g\",\"url\":\"https:\/\/secure.gravatar.com\/avatar\/e0a867bdedb85fd243eadf09663511f96fc81e0720a4a42581f334ad4303aa6b?s=96&d=mm&r=g\",\"contentUrl\":\"https:\/\/secure.gravatar.com\/avatar\/e0a867bdedb85fd243eadf09663511f96fc81e0720a4a42581f334ad4303aa6b?s=96&d=mm&r=g\",\"caption\":\"Reda\u00e7\u00e3o\"}}]}<\/script>\n<!-- \/ Yoast SEO plugin. -->","yoast_head_json":{"title":"Minist\u00e9rio da Pesca far\u00e1 concurso para tempor\u00e1rios - Notibras","robots":{"index":"index","follow":"follow","max-snippet":"max-snippet:-1","max-image-preview":"max-image-preview:large","max-video-preview":"max-video-preview:-1"},"canonical":"https:\/\/www.notibras.com\/site\/ministerio-da-pesca-fara-concurso-para-temporarios\/","og_locale":"pt_BR","og_type":"article","og_title":"Minist\u00e9rio da Pesca far\u00e1 concurso para tempor\u00e1rios - Notibras","og_description":"O Minist\u00e9rio da Pesca e Aquicultura (MPA) foi autorizado a realizar concurso p\u00fablico para a contrata\u00e7\u00e3o de 264 tempor\u00e1rios em cargos de n\u00edvel superior, que atuar\u00e3o no atendimento das demandas administrativas, judiciais e gerenciais relacionadas ao setor pesqueiro no pa\u00eds. Os selecionados ser\u00e3o contratados por quatro anos, prorrog\u00e1veis por mais um. As vagas s\u00e3o para [&hellip;]","og_url":"https:\/\/www.notibras.com\/site\/ministerio-da-pesca-fara-concurso-para-temporarios\/","og_site_name":"Notibras","article_publisher":"https:\/\/www.facebook.com\/notibras\/","article_published_time":"2024-01-03T03:00:27+00:00","article_modified_time":"2024-01-03T12:30:00+00:00","og_image":[{"width":1170,"height":700,"url":"https:\/\/www.notibras.com\/site\/wp-content\/uploads\/2024\/01\/pescavagas.webp","type":"image\/webp"}],"author":"Reda\u00e7\u00e3o","twitter_card":"summary_large_image","twitter_creator":"@Notibras","twitter_site":"@Notibras","twitter_misc":{"Escrito por":"Reda\u00e7\u00e3o","Est. tempo de leitura":"2 minutos"},"schema":{"@context":"https:\/\/schema.org","@graph":[{"@type":"Article","@id":"https:\/\/www.notibras.com\/site\/ministerio-da-pesca-fara-concurso-para-temporarios\/#article","isPartOf":{"@id":"https:\/\/www.notibras.com\/site\/ministerio-da-pesca-fara-concurso-para-temporarios\/"},"author":{"name":"Reda\u00e7\u00e3o","@id":"https:\/\/www.notibras.com\/site\/#\/schema\/person\/36ab0979449956132d3e5b517ea76ac8"},"headline":"Minist\u00e9rio da Pesca far\u00e1 concurso para tempor\u00e1rios","datePublished":"2024-01-03T03:00:27+00:00","dateModified":"2024-01-03T12:30:00+00:00","mainEntityOfPage":{"@id":"https:\/\/www.notibras.com\/site\/ministerio-da-pesca-fara-concurso-para-temporarios\/"},"wordCount":240,"publisher":{"@id":"https:\/\/www.notibras.com\/site\/#organization"},"image":{"@id":"https:\/\/www.notibras.com\/site\/ministerio-da-pesca-fara-concurso-para-temporarios\/#primaryimage"},"thumbnailUrl":"https:\/\/www.notibras.com\/site\/wp-content\/uploads\/2024\/01\/pescavagas.webp","articleSection":["Quadradinho em Foco"],"inLanguage":"pt-BR"},{"@type":"WebPage","@id":"https:\/\/www.notibras.com\/site\/ministerio-da-pesca-fara-concurso-para-temporarios\/","url":"https:\/\/www.notibras.com\/site\/ministerio-da-pesca-fara-concurso-para-temporarios\/","name":"Minist\u00e9rio da Pesca far\u00e1 concurso para tempor\u00e1rios - Notibras","isPartOf":{"@id":"https:\/\/www.notibras.com\/site\/#website"},"primaryImageOfPage":{"@id":"https:\/\/www.notibras.com\/site\/ministerio-da-pesca-fara-concurso-para-temporarios\/#primaryimage"},"image":{"@id":"https:\/\/www.notibras.com\/site\/ministerio-da-pesca-fara-concurso-para-temporarios\/#primaryimage"},"thumbnailUrl":"https:\/\/www.notibras.com\/site\/wp-content\/uploads\/2024\/01\/pescavagas.webp","datePublished":"2024-01-03T03:00:27+00:00","dateModified":"2024-01-03T12:30:00+00:00","breadcrumb":{"@id":"https:\/\/www.notibras.com\/site\/ministerio-da-pesca-fara-concurso-para-temporarios\/#breadcrumb"},"inLanguage":"pt-BR","potentialAction":[{"@type":"ReadAction","target":["https:\/\/www.notibras.com\/site\/ministerio-da-pesca-fara-concurso-para-temporarios\/"]}]},{"@type":"ImageObject","inLanguage":"pt-BR","@id":"https:\/\/www.notibras.com\/site\/ministerio-da-pesca-fara-concurso-para-temporarios\/#primaryimage","url":"https:\/\/www.notibras.com\/site\/wp-content\/uploads\/2024\/01\/pescavagas.webp","contentUrl":"https:\/\/www.notibras.com\/site\/wp-content\/uploads\/2024\/01\/pescavagas.webp","width":1170,"height":700},{"@type":"BreadcrumbList","@id":"https:\/\/www.notibras.com\/site\/ministerio-da-pesca-fara-concurso-para-temporarios\/#breadcrumb","itemListElement":[{"@type":"ListItem","position":1,"name":"In\u00edcio","item":"https:\/\/www.notibras.com\/site\/"},{"@type":"ListItem","position":2,"name":"Minist\u00e9rio da Pesca far\u00e1 concurso para tempor\u00e1rios"}]},{"@type":"WebSite","@id":"https:\/\/www.notibras.com\/site\/#website","url":"https:\/\/www.notibras.com\/site\/","name":"Notibras","description":"Not\u00edcias de Bras\u00edlia, do Brasil e do Mundo","publisher":{"@id":"https:\/\/www.notibras.com\/site\/#organization"},"potentialAction":[{"@type":"SearchAction","target":{"@type":"EntryPoint","urlTemplate":"https:\/\/www.notibras.com\/site\/?s={search_term_string}"},"query-input":{"@type":"PropertyValueSpecification","valueRequired":true,"valueName":"search_term_string"}}],"inLanguage":"pt-BR"},{"@type":"Organization","@id":"https:\/\/www.notibras.com\/site\/#organization","name":"Grupo Notibras de Comunica\u00e7\u00e3o","url":"https:\/\/www.notibras.com\/site\/","logo":{"@type":"ImageObject","inLanguage":"pt-BR","@id":"https:\/\/www.notibras.com\/site\/#\/schema\/logo\/image\/","url":"https:\/\/www.notibras.com\/site\/wp-content\/uploads\/2023\/01\/notibras23.png","contentUrl":"https:\/\/www.notibras.com\/site\/wp-content\/uploads\/2023\/01\/notibras23.png","width":350,"height":87,"caption":"Grupo Notibras de Comunica\u00e7\u00e3o"},"image":{"@id":"https:\/\/www.notibras.com\/site\/#\/schema\/logo\/image\/"},"sameAs":["https:\/\/www.facebook.com\/notibras\/","https:\/\/x.com\/Notibras","https:\/\/www.instagram.com\/notibras\/"]},{"@type":"Person","@id":"https:\/\/www.notibras.com\/site\/#\/schema\/person\/36ab0979449956132d3e5b517ea76ac8","name":"Reda\u00e7\u00e3o","image":{"@type":"ImageObject","inLanguage":"pt-BR","@id":"https:\/\/secure.gravatar.com\/avatar\/e0a867bdedb85fd243eadf09663511f96fc81e0720a4a42581f334ad4303aa6b?s=96&d=mm&r=g","url":"https:\/\/secure.gravatar.com\/avatar\/e0a867bdedb85fd243eadf09663511f96fc81e0720a4a42581f334ad4303aa6b?s=96&d=mm&r=g","contentUrl":"https:\/\/secure.gravatar.com\/avatar\/e0a867bdedb85fd243eadf09663511f96fc81e0720a4a42581f334ad4303aa6b?s=96&d=mm&r=g","caption":"Reda\u00e7\u00e3o"}}]}},"amp_enabled":true,"_links":{"self":[{"href":"https:\/\/www.notibras.com\/site\/wp-json\/wp\/v2\/posts\/320032","targetHints":{"allow":["GET"]}}],"collection":[{"href":"https:\/\/www.notibras.com\/site\/wp-json\/wp\/v2\/posts"}],"about":[{"href":"https:\/\/www.notibras.com\/site\/wp-json\/wp\/v2\/types\/post"}],"author":[{"embeddable":true,"href":"https:\/\/www.notibras.com\/site\/wp-json\/wp\/v2\/users\/2"}],"replies":[{"embeddable":true,"href":"https:\/\/www.notibras.com\/site\/wp-json\/wp\/v2\/comments?post=320032"}],"version-history":[{"count":1,"href":"https:\/\/www.notibras.com\/site\/wp-json\/wp\/v2\/posts\/320032\/revisions"}],"predecessor-version":[{"id":320034,"href":"https:\/\/www.notibras.com\/site\/wp-json\/wp\/v2\/posts\/320032\/revisions\/320034"}],"wp:featuredmedia":[{"embeddable":true,"href":"https:\/\/www.notibras.com\/site\/wp-json\/wp\/v2\/media\/320033"}],"wp:attachment":[{"href":"https:\/\/www.notibras.com\/site\/wp-json\/wp\/v2\/media?parent=320032"}],"wp:term":[{"taxonomy":"category","embeddable":true,"href":"https:\/\/www.notibras.com\/site\/wp-json\/wp\/v2\/categories?post=320032"},{"taxonomy":"post_tag","embeddable":true,"href":"https:\/\/www.notibras.com\/site\/wp-json\/wp\/v2\/tags?post=320032"}],"curies":[{"name":"wp","href":"https:\/\/api.w.org\/{rel}","templated":true}]}}