{"id":320035,"date":"2024-01-03T00:37:57","date_gmt":"2024-01-03T03:37:57","guid":{"rendered":"https:\/\/www.notibras.com\/site\/?p=320035"},"modified":"2024-01-03T09:39:49","modified_gmt":"2024-01-03T12:39:49","slug":"restaurantes-comunitarios-terao-pagamento-via-pix","status":"publish","type":"post","link":"https:\/\/www.notibras.com\/site\/restaurantes-comunitarios-terao-pagamento-via-pix\/","title":{"rendered":"Restaurantes comunit\u00e1rios ter\u00e3o pagamento via Pix"},"content":{"rendered":"<p>A governadora em exerc\u00edcio Celina Le\u00e3o assinou a regulamenta\u00e7\u00e3o da Lei n\u00ba 7.300\/2023, que autoriza o pagamento via Pix de qualquer refei\u00e7\u00e3o em restaurantes comunit\u00e1rios. O decreto, que entra em vigor 30 dias ap\u00f3s publica\u00e7\u00e3o no Di\u00e1rio Oficial do Distrito Federal (DODF), abrange todas as 16 unidades j\u00e1 em funcionamento no Distrito Federal, al\u00e9m de qualquer outra que venha a ser inaugurada. Assim, a partir de fevereiro, a modalidade de pagamento j\u00e1 deve come\u00e7ar a ser operacionalizada.<\/p>\n<p>\u200cPara orientar os usu\u00e1rios, as empresas respons\u00e1veis pelo gerenciamento dos restaurantes comunit\u00e1rios dever\u00e3o instalar placas em cada unidade indicando a possibilidade de pagar pelas refei\u00e7\u00f5es com o Pix. As sinaliza\u00e7\u00f5es tamb\u00e9m devem oferecer instru\u00e7\u00f5es claras e objetivas para quem deseja usar a modalidade. Caber\u00e1 \u00e0 Secretaria de Desenvolvimento Social do DF (Sedes-DF) fiscalizar a operacionaliza\u00e7\u00e3o da nova forma de pagamento.<\/p>\n<p>\u200c\u201cO pagamento via Pix amplia o acesso aos restaurantes comunit\u00e1rios, al\u00e9m de facilitar a vida do usu\u00e1rio, que n\u00e3o precisar\u00e1 mais se preocupar com o troco ou em ter dinheiro em esp\u00e9cie no bolso\u201d, aponta Vanderlea Cremonini, subsecret\u00e1ria de Seguran\u00e7a Alimentar e Nutricional da Sedes. \u201cEssa modalidade tamb\u00e9m traz mais dinamismo e agilidade nas transa\u00e7\u00f5es, al\u00e9m de garantir mais seguran\u00e7a para as empresas.\u201d<\/p>\n<p>Como a implanta\u00e7\u00e3o da nova modalidade de pagamento ficar\u00e1 a cargo das empresas que gerenciam os restaurantes, n\u00e3o existe uma data fixa para que o Pix passe a ser aceito em cada uma das unidades. \u201cExiste, no entanto, um prazo m\u00e1ximo de 30 dias a partir da publica\u00e7\u00e3o do decreto para que isso seja operacionalizado\u201d, frisa Vanderlea.<\/p>\n<p>Em caso da impossibilidade de se usar o Pix por conta de qualquer problema no sistema, o pagamento poder\u00e1 ser exigido em outra modalidade. Atualmente, as unidades de Sobradinho, Planaltina, Recanto das Emas e Arniqueira j\u00e1 aceitam Pix e oferecem tamb\u00e9m a op\u00e7\u00e3o de pagamento com cart\u00e3o de d\u00e9bito e Cart\u00e3o Prato Cheio. Os outros endere\u00e7os recebem apenas dinheiro.<\/p>\n<p>Todos os restaurantes comunit\u00e1rios do DF oferecem almo\u00e7o a R$ 1. As unidades de Brazl\u00e2ndia, Parano\u00e1, Sol Nascente, Sol Nascente\/P\u00f4r do Sol, Arniqueira, Planaltina, Samambaia, Ceil\u00e2ndia, Sobradinho, S\u00e3o Sebasti\u00e3o, Estrutural e Recanto das Emas tamb\u00e9m servem caf\u00e9 da manh\u00e3 a R$ 0,50. J\u00e1 o jantar, tamb\u00e9m no valor de R$ 0,50, pode ser encontrado nos restaurantes do Recanto das Emas, Planaltina, Sol Nascente\/P\u00f4r do Sol e Arniqueira.<\/p>\n","protected":false},"excerpt":{"rendered":"<p>A governadora em exerc\u00edcio Celina Le\u00e3o assinou a regulamenta\u00e7\u00e3o da Lei n\u00ba 7.300\/2023, que autoriza o pagamento via Pix de qualquer refei\u00e7\u00e3o em restaurantes comunit\u00e1rios. O decreto, que entra em vigor 30 dias ap\u00f3s publica\u00e7\u00e3o no Di\u00e1rio Oficial do Distrito Federal (DODF), abrange todas as 16 unidades j\u00e1 em funcionamento no Distrito Federal, al\u00e9m de [&hellip;]<\/p>\n","protected":false},"author":2,"featured_media":320036,"comment_status":"closed","ping_status":"closed","sticky":false,"template":"","format":"standard","meta":{"_acf_changed":false,"footnotes":""},"categories":[161],"tags":[],"class_list":["post-320035","post","type-post","status-publish","format-standard","has-post-thumbnail","hentry","category-quadradinho-em-foco"],"acf":[],"yoast_head":"<!-- This site is optimized with the Yoast SEO plugin v27.2 - https:\/\/yoast.com\/product\/yoast-seo-wordpress\/ -->\n<title>Restaurantes comunit\u00e1rios ter\u00e3o pagamento via Pix - Notibras<\/title>\n<meta name=\"robots\" content=\"index, follow, max-snippet:-1, max-image-preview:large, max-video-preview:-1\" \/>\n<link rel=\"canonical\" href=\"https:\/\/www.notibras.com\/site\/restaurantes-comunitarios-terao-pagamento-via-pix\/\" \/>\n<meta property=\"og:locale\" content=\"pt_BR\" \/>\n<meta property=\"og:type\" content=\"article\" \/>\n<meta property=\"og:title\" content=\"Restaurantes comunit\u00e1rios ter\u00e3o pagamento via Pix - Notibras\" \/>\n<meta property=\"og:description\" content=\"A governadora em exerc\u00edcio Celina Le\u00e3o assinou a regulamenta\u00e7\u00e3o da Lei n\u00ba 7.300\/2023, que autoriza o pagamento via Pix de qualquer refei\u00e7\u00e3o em restaurantes comunit\u00e1rios. O decreto, que entra em vigor 30 dias ap\u00f3s publica\u00e7\u00e3o no Di\u00e1rio Oficial do Distrito Federal (DODF), abrange todas as 16 unidades j\u00e1 em funcionamento no Distrito Federal, al\u00e9m de [&hellip;]\" \/>\n<meta property=\"og:url\" content=\"https:\/\/www.notibras.com\/site\/restaurantes-comunitarios-terao-pagamento-via-pix\/\" \/>\n<meta property=\"og:site_name\" content=\"Notibras\" \/>\n<meta property=\"article:publisher\" content=\"https:\/\/www.facebook.com\/notibras\/\" \/>\n<meta property=\"article:published_time\" content=\"2024-01-03T03:37:57+00:00\" \/>\n<meta property=\"article:modified_time\" content=\"2024-01-03T12:39:49+00:00\" \/>\n<meta property=\"og:image\" content=\"https:\/\/www.notibras.com\/site\/wp-content\/uploads\/2024\/01\/restcom.jpg\" \/>\n\t<meta property=\"og:image:width\" content=\"1536\" \/>\n\t<meta property=\"og:image:height\" content=\"1024\" \/>\n\t<meta property=\"og:image:type\" content=\"image\/jpeg\" \/>\n<meta name=\"author\" content=\"Reda\u00e7\u00e3o\" \/>\n<meta name=\"twitter:card\" content=\"summary_large_image\" \/>\n<meta name=\"twitter:creator\" content=\"@Notibras\" \/>\n<meta name=\"twitter:site\" content=\"@Notibras\" \/>\n<meta name=\"twitter:label1\" content=\"Escrito por\" \/>\n\t<meta name=\"twitter:data1\" content=\"Reda\u00e7\u00e3o\" \/>\n\t<meta name=\"twitter:label2\" content=\"Est. tempo de leitura\" \/>\n\t<meta name=\"twitter:data2\" content=\"3 minutos\" \/>\n<script type=\"application\/ld+json\" class=\"yoast-schema-graph\">{\"@context\":\"https:\/\/schema.org\",\"@graph\":[{\"@type\":\"Article\",\"@id\":\"https:\/\/www.notibras.com\/site\/restaurantes-comunitarios-terao-pagamento-via-pix\/#article\",\"isPartOf\":{\"@id\":\"https:\/\/www.notibras.com\/site\/restaurantes-comunitarios-terao-pagamento-via-pix\/\"},\"author\":{\"name\":\"Reda\u00e7\u00e3o\",\"@id\":\"https:\/\/www.notibras.com\/site\/#\/schema\/person\/36ab0979449956132d3e5b517ea76ac8\"},\"headline\":\"Restaurantes comunit\u00e1rios ter\u00e3o pagamento via Pix\",\"datePublished\":\"2024-01-03T03:37:57+00:00\",\"dateModified\":\"2024-01-03T12:39:49+00:00\",\"mainEntityOfPage\":{\"@id\":\"https:\/\/www.notibras.com\/site\/restaurantes-comunitarios-terao-pagamento-via-pix\/\"},\"wordCount\":435,\"publisher\":{\"@id\":\"https:\/\/www.notibras.com\/site\/#organization\"},\"image\":{\"@id\":\"https:\/\/www.notibras.com\/site\/restaurantes-comunitarios-terao-pagamento-via-pix\/#primaryimage\"},\"thumbnailUrl\":\"https:\/\/www.notibras.com\/site\/wp-content\/uploads\/2024\/01\/restcom.jpg\",\"articleSection\":[\"Quadradinho em Foco\"],\"inLanguage\":\"pt-BR\"},{\"@type\":\"WebPage\",\"@id\":\"https:\/\/www.notibras.com\/site\/restaurantes-comunitarios-terao-pagamento-via-pix\/\",\"url\":\"https:\/\/www.notibras.com\/site\/restaurantes-comunitarios-terao-pagamento-via-pix\/\",\"name\":\"Restaurantes comunit\u00e1rios ter\u00e3o pagamento via Pix - Notibras\",\"isPartOf\":{\"@id\":\"https:\/\/www.notibras.com\/site\/#website\"},\"primaryImageOfPage\":{\"@id\":\"https:\/\/www.notibras.com\/site\/restaurantes-comunitarios-terao-pagamento-via-pix\/#primaryimage\"},\"image\":{\"@id\":\"https:\/\/www.notibras.com\/site\/restaurantes-comunitarios-terao-pagamento-via-pix\/#primaryimage\"},\"thumbnailUrl\":\"https:\/\/www.notibras.com\/site\/wp-content\/uploads\/2024\/01\/restcom.jpg\",\"datePublished\":\"2024-01-03T03:37:57+00:00\",\"dateModified\":\"2024-01-03T12:39:49+00:00\",\"breadcrumb\":{\"@id\":\"https:\/\/www.notibras.com\/site\/restaurantes-comunitarios-terao-pagamento-via-pix\/#breadcrumb\"},\"inLanguage\":\"pt-BR\",\"potentialAction\":[{\"@type\":\"ReadAction\",\"target\":[\"https:\/\/www.notibras.com\/site\/restaurantes-comunitarios-terao-pagamento-via-pix\/\"]}]},{\"@type\":\"ImageObject\",\"inLanguage\":\"pt-BR\",\"@id\":\"https:\/\/www.notibras.com\/site\/restaurantes-comunitarios-terao-pagamento-via-pix\/#primaryimage\",\"url\":\"https:\/\/www.notibras.com\/site\/wp-content\/uploads\/2024\/01\/restcom.jpg\",\"contentUrl\":\"https:\/\/www.notibras.com\/site\/wp-content\/uploads\/2024\/01\/restcom.jpg\",\"width\":1536,\"height\":1024},{\"@type\":\"BreadcrumbList\",\"@id\":\"https:\/\/www.notibras.com\/site\/restaurantes-comunitarios-terao-pagamento-via-pix\/#breadcrumb\",\"itemListElement\":[{\"@type\":\"ListItem\",\"position\":1,\"name\":\"In\u00edcio\",\"item\":\"https:\/\/www.notibras.com\/site\/\"},{\"@type\":\"ListItem\",\"position\":2,\"name\":\"Restaurantes comunit\u00e1rios ter\u00e3o pagamento via Pix\"}]},{\"@type\":\"WebSite\",\"@id\":\"https:\/\/www.notibras.com\/site\/#website\",\"url\":\"https:\/\/www.notibras.com\/site\/\",\"name\":\"Notibras\",\"description\":\"Not\u00edcias de Bras\u00edlia, do Brasil e do Mundo\",\"publisher\":{\"@id\":\"https:\/\/www.notibras.com\/site\/#organization\"},\"potentialAction\":[{\"@type\":\"SearchAction\",\"target\":{\"@type\":\"EntryPoint\",\"urlTemplate\":\"https:\/\/www.notibras.com\/site\/?s={search_term_string}\"},\"query-input\":{\"@type\":\"PropertyValueSpecification\",\"valueRequired\":true,\"valueName\":\"search_term_string\"}}],\"inLanguage\":\"pt-BR\"},{\"@type\":\"Organization\",\"@id\":\"https:\/\/www.notibras.com\/site\/#organization\",\"name\":\"Grupo Notibras de Comunica\u00e7\u00e3o\",\"url\":\"https:\/\/www.notibras.com\/site\/\",\"logo\":{\"@type\":\"ImageObject\",\"inLanguage\":\"pt-BR\",\"@id\":\"https:\/\/www.notibras.com\/site\/#\/schema\/logo\/image\/\",\"url\":\"https:\/\/www.notibras.com\/site\/wp-content\/uploads\/2023\/01\/notibras23.png\",\"contentUrl\":\"https:\/\/www.notibras.com\/site\/wp-content\/uploads\/2023\/01\/notibras23.png\",\"width\":350,\"height\":87,\"caption\":\"Grupo Notibras de Comunica\u00e7\u00e3o\"},\"image\":{\"@id\":\"https:\/\/www.notibras.com\/site\/#\/schema\/logo\/image\/\"},\"sameAs\":[\"https:\/\/www.facebook.com\/notibras\/\",\"https:\/\/x.com\/Notibras\",\"https:\/\/www.instagram.com\/notibras\/\"]},{\"@type\":\"Person\",\"@id\":\"https:\/\/www.notibras.com\/site\/#\/schema\/person\/36ab0979449956132d3e5b517ea76ac8\",\"name\":\"Reda\u00e7\u00e3o\",\"image\":{\"@type\":\"ImageObject\",\"inLanguage\":\"pt-BR\",\"@id\":\"https:\/\/secure.gravatar.com\/avatar\/e0a867bdedb85fd243eadf09663511f96fc81e0720a4a42581f334ad4303aa6b?s=96&d=mm&r=g\",\"url\":\"https:\/\/secure.gravatar.com\/avatar\/e0a867bdedb85fd243eadf09663511f96fc81e0720a4a42581f334ad4303aa6b?s=96&d=mm&r=g\",\"contentUrl\":\"https:\/\/secure.gravatar.com\/avatar\/e0a867bdedb85fd243eadf09663511f96fc81e0720a4a42581f334ad4303aa6b?s=96&d=mm&r=g\",\"caption\":\"Reda\u00e7\u00e3o\"}}]}<\/script>\n<!-- \/ Yoast SEO plugin. -->","yoast_head_json":{"title":"Restaurantes comunit\u00e1rios ter\u00e3o pagamento via Pix - Notibras","robots":{"index":"index","follow":"follow","max-snippet":"max-snippet:-1","max-image-preview":"max-image-preview:large","max-video-preview":"max-video-preview:-1"},"canonical":"https:\/\/www.notibras.com\/site\/restaurantes-comunitarios-terao-pagamento-via-pix\/","og_locale":"pt_BR","og_type":"article","og_title":"Restaurantes comunit\u00e1rios ter\u00e3o pagamento via Pix - Notibras","og_description":"A governadora em exerc\u00edcio Celina Le\u00e3o assinou a regulamenta\u00e7\u00e3o da Lei n\u00ba 7.300\/2023, que autoriza o pagamento via Pix de qualquer refei\u00e7\u00e3o em restaurantes comunit\u00e1rios. O decreto, que entra em vigor 30 dias ap\u00f3s publica\u00e7\u00e3o no Di\u00e1rio Oficial do Distrito Federal (DODF), abrange todas as 16 unidades j\u00e1 em funcionamento no Distrito Federal, al\u00e9m de [&hellip;]","og_url":"https:\/\/www.notibras.com\/site\/restaurantes-comunitarios-terao-pagamento-via-pix\/","og_site_name":"Notibras","article_publisher":"https:\/\/www.facebook.com\/notibras\/","article_published_time":"2024-01-03T03:37:57+00:00","article_modified_time":"2024-01-03T12:39:49+00:00","og_image":[{"width":1536,"height":1024,"url":"https:\/\/www.notibras.com\/site\/wp-content\/uploads\/2024\/01\/restcom.jpg","type":"image\/jpeg"}],"author":"Reda\u00e7\u00e3o","twitter_card":"summary_large_image","twitter_creator":"@Notibras","twitter_site":"@Notibras","twitter_misc":{"Escrito por":"Reda\u00e7\u00e3o","Est. tempo de leitura":"3 minutos"},"schema":{"@context":"https:\/\/schema.org","@graph":[{"@type":"Article","@id":"https:\/\/www.notibras.com\/site\/restaurantes-comunitarios-terao-pagamento-via-pix\/#article","isPartOf":{"@id":"https:\/\/www.notibras.com\/site\/restaurantes-comunitarios-terao-pagamento-via-pix\/"},"author":{"name":"Reda\u00e7\u00e3o","@id":"https:\/\/www.notibras.com\/site\/#\/schema\/person\/36ab0979449956132d3e5b517ea76ac8"},"headline":"Restaurantes comunit\u00e1rios ter\u00e3o pagamento via Pix","datePublished":"2024-01-03T03:37:57+00:00","dateModified":"2024-01-03T12:39:49+00:00","mainEntityOfPage":{"@id":"https:\/\/www.notibras.com\/site\/restaurantes-comunitarios-terao-pagamento-via-pix\/"},"wordCount":435,"publisher":{"@id":"https:\/\/www.notibras.com\/site\/#organization"},"image":{"@id":"https:\/\/www.notibras.com\/site\/restaurantes-comunitarios-terao-pagamento-via-pix\/#primaryimage"},"thumbnailUrl":"https:\/\/www.notibras.com\/site\/wp-content\/uploads\/2024\/01\/restcom.jpg","articleSection":["Quadradinho em Foco"],"inLanguage":"pt-BR"},{"@type":"WebPage","@id":"https:\/\/www.notibras.com\/site\/restaurantes-comunitarios-terao-pagamento-via-pix\/","url":"https:\/\/www.notibras.com\/site\/restaurantes-comunitarios-terao-pagamento-via-pix\/","name":"Restaurantes comunit\u00e1rios ter\u00e3o pagamento via Pix - Notibras","isPartOf":{"@id":"https:\/\/www.notibras.com\/site\/#website"},"primaryImageOfPage":{"@id":"https:\/\/www.notibras.com\/site\/restaurantes-comunitarios-terao-pagamento-via-pix\/#primaryimage"},"image":{"@id":"https:\/\/www.notibras.com\/site\/restaurantes-comunitarios-terao-pagamento-via-pix\/#primaryimage"},"thumbnailUrl":"https:\/\/www.notibras.com\/site\/wp-content\/uploads\/2024\/01\/restcom.jpg","datePublished":"2024-01-03T03:37:57+00:00","dateModified":"2024-01-03T12:39:49+00:00","breadcrumb":{"@id":"https:\/\/www.notibras.com\/site\/restaurantes-comunitarios-terao-pagamento-via-pix\/#breadcrumb"},"inLanguage":"pt-BR","potentialAction":[{"@type":"ReadAction","target":["https:\/\/www.notibras.com\/site\/restaurantes-comunitarios-terao-pagamento-via-pix\/"]}]},{"@type":"ImageObject","inLanguage":"pt-BR","@id":"https:\/\/www.notibras.com\/site\/restaurantes-comunitarios-terao-pagamento-via-pix\/#primaryimage","url":"https:\/\/www.notibras.com\/site\/wp-content\/uploads\/2024\/01\/restcom.jpg","contentUrl":"https:\/\/www.notibras.com\/site\/wp-content\/uploads\/2024\/01\/restcom.jpg","width":1536,"height":1024},{"@type":"BreadcrumbList","@id":"https:\/\/www.notibras.com\/site\/restaurantes-comunitarios-terao-pagamento-via-pix\/#breadcrumb","itemListElement":[{"@type":"ListItem","position":1,"name":"In\u00edcio","item":"https:\/\/www.notibras.com\/site\/"},{"@type":"ListItem","position":2,"name":"Restaurantes comunit\u00e1rios ter\u00e3o pagamento via Pix"}]},{"@type":"WebSite","@id":"https:\/\/www.notibras.com\/site\/#website","url":"https:\/\/www.notibras.com\/site\/","name":"Notibras","description":"Not\u00edcias de Bras\u00edlia, do Brasil e do Mundo","publisher":{"@id":"https:\/\/www.notibras.com\/site\/#organization"},"potentialAction":[{"@type":"SearchAction","target":{"@type":"EntryPoint","urlTemplate":"https:\/\/www.notibras.com\/site\/?s={search_term_string}"},"query-input":{"@type":"PropertyValueSpecification","valueRequired":true,"valueName":"search_term_string"}}],"inLanguage":"pt-BR"},{"@type":"Organization","@id":"https:\/\/www.notibras.com\/site\/#organization","name":"Grupo Notibras de Comunica\u00e7\u00e3o","url":"https:\/\/www.notibras.com\/site\/","logo":{"@type":"ImageObject","inLanguage":"pt-BR","@id":"https:\/\/www.notibras.com\/site\/#\/schema\/logo\/image\/","url":"https:\/\/www.notibras.com\/site\/wp-content\/uploads\/2023\/01\/notibras23.png","contentUrl":"https:\/\/www.notibras.com\/site\/wp-content\/uploads\/2023\/01\/notibras23.png","width":350,"height":87,"caption":"Grupo Notibras de Comunica\u00e7\u00e3o"},"image":{"@id":"https:\/\/www.notibras.com\/site\/#\/schema\/logo\/image\/"},"sameAs":["https:\/\/www.facebook.com\/notibras\/","https:\/\/x.com\/Notibras","https:\/\/www.instagram.com\/notibras\/"]},{"@type":"Person","@id":"https:\/\/www.notibras.com\/site\/#\/schema\/person\/36ab0979449956132d3e5b517ea76ac8","name":"Reda\u00e7\u00e3o","image":{"@type":"ImageObject","inLanguage":"pt-BR","@id":"https:\/\/secure.gravatar.com\/avatar\/e0a867bdedb85fd243eadf09663511f96fc81e0720a4a42581f334ad4303aa6b?s=96&d=mm&r=g","url":"https:\/\/secure.gravatar.com\/avatar\/e0a867bdedb85fd243eadf09663511f96fc81e0720a4a42581f334ad4303aa6b?s=96&d=mm&r=g","contentUrl":"https:\/\/secure.gravatar.com\/avatar\/e0a867bdedb85fd243eadf09663511f96fc81e0720a4a42581f334ad4303aa6b?s=96&d=mm&r=g","caption":"Reda\u00e7\u00e3o"}}]}},"amp_enabled":true,"_links":{"self":[{"href":"https:\/\/www.notibras.com\/site\/wp-json\/wp\/v2\/posts\/320035","targetHints":{"allow":["GET"]}}],"collection":[{"href":"https:\/\/www.notibras.com\/site\/wp-json\/wp\/v2\/posts"}],"about":[{"href":"https:\/\/www.notibras.com\/site\/wp-json\/wp\/v2\/types\/post"}],"author":[{"embeddable":true,"href":"https:\/\/www.notibras.com\/site\/wp-json\/wp\/v2\/users\/2"}],"replies":[{"embeddable":true,"href":"https:\/\/www.notibras.com\/site\/wp-json\/wp\/v2\/comments?post=320035"}],"version-history":[{"count":1,"href":"https:\/\/www.notibras.com\/site\/wp-json\/wp\/v2\/posts\/320035\/revisions"}],"predecessor-version":[{"id":320037,"href":"https:\/\/www.notibras.com\/site\/wp-json\/wp\/v2\/posts\/320035\/revisions\/320037"}],"wp:featuredmedia":[{"embeddable":true,"href":"https:\/\/www.notibras.com\/site\/wp-json\/wp\/v2\/media\/320036"}],"wp:attachment":[{"href":"https:\/\/www.notibras.com\/site\/wp-json\/wp\/v2\/media?parent=320035"}],"wp:term":[{"taxonomy":"category","embeddable":true,"href":"https:\/\/www.notibras.com\/site\/wp-json\/wp\/v2\/categories?post=320035"},{"taxonomy":"post_tag","embeddable":true,"href":"https:\/\/www.notibras.com\/site\/wp-json\/wp\/v2\/tags?post=320035"}],"curies":[{"name":"wp","href":"https:\/\/api.w.org\/{rel}","templated":true}]}}