{"id":320073,"date":"2024-01-04T00:00:55","date_gmt":"2024-01-04T03:00:55","guid":{"rendered":"https:\/\/www.notibras.com\/site\/?p=320073"},"modified":"2024-01-04T06:55:53","modified_gmt":"2024-01-04T09:55:53","slug":"fique-por-dentro-dos-riscos-no-uso-de-produtos-ilegais","status":"publish","type":"post","link":"https:\/\/www.notibras.com\/site\/fique-por-dentro-dos-riscos-no-uso-de-produtos-ilegais\/","title":{"rendered":"Fique por dentro dos riscos no uso de produtos ilegais"},"content":{"rendered":"<p>Hoje em dia muita gente investe na apar\u00eancia, principalmente nas festas comemorativas do rec\u00e9m fim de ano. Roupas novas, acess\u00f3rios, cosm\u00e9ticos e outros itens de beleza. At\u00e9 a\u00ed, nenhuma novidade, n\u00e3o fosse a preocupa\u00e7\u00e3o cada vez maior com o uso das pomadas para modelar ou fixar o cabelo. Ao longo de 2023, foram diversos relatos de les\u00f5es nos olhos causadas por produtos do tipo. E muita gente vai bater na porta dos hospitais.<\/p>\n<p>Passadas as celebra\u00e7\u00f5es, a Anvisa mant\u00e9m o alerta sobre os problemas de sa\u00fade que podem ser causados pela aplica\u00e7\u00e3o incorreta de cosm\u00e9ticos ou pelo uso de produtos sem selo de qualifica\u00e7\u00e3o. A Sociedade Brasileira de Oftalmologia (SBO) tamb\u00e9m est\u00e1 atenta para o aumento de incidentes que prejudicam a sa\u00fade dos olhos.<\/p>\n<p>\u201cEssas pomadas irregulares t\u00eam subst\u00e2ncias qu\u00edmicas, que ao entrarem em contato com os olhos, causam uma les\u00e3o na c\u00f3rnea, aquela primeira membrana transparente na parte frontal do olho. Geralmente isso acontece quando a pessoa usa a pomada em dia de chuva, vai tomar banho ou entrar na piscina. Os problemas v\u00e3o desde irrita\u00e7\u00e3o nos olhos, conjuntivite, at\u00e9 perda tempor\u00e1ria da vis\u00e3o\u201d, explica o diretor da SBO, Rodrigo Pegado.<\/p>\n<p>Os principais sintomas relatados pelos pacientes s\u00e3o coceira nos olhos, vermelhid\u00e3o, irrita\u00e7\u00e3o, ard\u00eancia e incha\u00e7o. Nos casos mais graves, a vis\u00e3o vai ficando turva, at\u00e9 chegar ao ponto em que n\u00e3o \u00e9 poss\u00edvel enxergar nada. A principal orienta\u00e7\u00e3o dos especialistas \u00e9: n\u00e3o use nenhum tipo de pomada de origem desconhecida. Verifique se ela tem registro no site da Anvisa. Mesmo que ela seja regular, \u00e9 importante saber manusear e, na maioria dos casos, o ideal \u00e9 que seja aplicada por um profissional.<\/p>\n<p>Em caso de contamina\u00e7\u00e3o nos olhos pelo produto, \u00e9 preciso agir r\u00e1pido para evitar problemas maiores.<\/p>\n<p>\u201cA orienta\u00e7\u00e3o da Sociedade Brasileira de Oftalmologia \u00e9 que quando essas subst\u00e2ncias qu\u00edmicas entram em contato com os olhos, deve-se fazer imediatamente uma lavagem abundante com \u00e1gua, de prefer\u00eancia filtrada. E procurar o mais r\u00e1pido poss\u00edvel um especialista para saber a extens\u00e3o do problema. A perda de vis\u00e3o pode ser definitiva se a pessoa n\u00e3o tiver acesso ao oftalmologista e ao tratamento adequado\u201d, afirma Rodrigo Pegado.<\/p>\n<p>O atendimento m\u00e9dico consiste em identificar o tipo e a gravidade da les\u00e3o, analisar o hist\u00f3rico de sa\u00fade do paciente e que tipo de produto foi aplicado no cabelo. A partir disso, notificar a Anvisa sobre o incidente e o nome do cosm\u00e9tico usado. O tratamento da \u00e1rea lesionada passa pelo uso de medicamentos pr\u00f3prios, como col\u00edrios, e pode durar at\u00e9 15 dias.<\/p>\n<p><strong>Novas pomadas canceladas<\/strong><br \/>\nUma resolu\u00e7\u00e3o da Anvisa cancelou 1.266 pomadas para fixar ou modelar cabelos. A medida faz parte das a\u00e7\u00f5es para garantir produtos seguros e tem vig\u00eancia imediata: n\u00e3o podem mais ser comercializadas. Antes disso, 1.741 pomadas j\u00e1 tinham sido canceladas. Segundo a ag\u00eancia, esta resolu\u00e7\u00e3o n\u00e3o est\u00e1 diretamente relacionada aos eventos recentes de irrita\u00e7\u00e3o ocular e fazem parte de a\u00e7\u00f5es cont\u00ednuas de avalia\u00e7\u00e3o.<\/p>\n<p>Para uma pomada capilar ser regularizada precisa atender a algumas condi\u00e7\u00f5es, como ter a forma f\u00edsica declarada &#8220;pomada&#8221;, incluir o termo &#8220;pomada&#8221; no nome ou na rotulagem, em qualquer idioma, e ter formula\u00e7\u00e3o com 20% ou mais de \u00e1lcoois etoxilados, incluindo Ceteareth-20. A fabrica\u00e7\u00e3o ou comercializa\u00e7\u00e3o de produtos cancelados e n\u00e3o autorizados \u00e9 considerada infra\u00e7\u00e3o sanit\u00e1ria e est\u00e1 sujeita a penalidades, conforme a Lei 6.437\/1977.<\/p>\n<p><strong>Hist\u00f3rico<\/strong><br \/>\nEm janeiro desse ano, os casos de contamina\u00e7\u00e3o pelo uso de pomadas de cabelo se multiplicaram. No m\u00eas seguinte, a institui\u00e7\u00e3o proibiu a venda e a circula\u00e7\u00e3o de todos os produtos do tipo em territ\u00f3rio nacional. No fim de mar\u00e7o, a ag\u00eancia voltou a permitir a comercializa\u00e7\u00e3o das pomadas, com restri\u00e7\u00f5es sobre as marcas que n\u00e3o ofereciam riscos aos consumidores.<\/p>\n<p>Nesse contexto, a Anvisa refor\u00e7a que apenas os produtos presentes na Lista de Pomadas Autorizadas podem ser fabricados e comercializados, nos termos do art. 9\u00ba da Resolu\u00e7\u00e3o da Diretoria Colegiada (RDC) 814\/2023. A n\u00e3o observ\u00e2ncia da norma configura infra\u00e7\u00e3o sanit\u00e1ria, sujeita \u00e0s penalidades da Lei 6.437\/1977. A RE 3.566\/2023 pro\u00edbe todos os produtos que n\u00e3o estejam na Lista de Pomadas Autorizadas\u201d.<\/p>\n","protected":false},"excerpt":{"rendered":"<p>Hoje em dia muita gente investe na apar\u00eancia, principalmente nas festas comemorativas do rec\u00e9m fim de ano. Roupas novas, acess\u00f3rios, cosm\u00e9ticos e outros itens de beleza. At\u00e9 a\u00ed, nenhuma novidade, n\u00e3o fosse a preocupa\u00e7\u00e3o cada vez maior com o uso das pomadas para modelar ou fixar o cabelo. Ao longo de 2023, foram diversos relatos [&hellip;]<\/p>\n","protected":false},"author":2,"featured_media":320074,"comment_status":"closed","ping_status":"closed","sticky":false,"template":"","format":"standard","meta":{"_acf_changed":false,"footnotes":""},"categories":[161],"tags":[],"class_list":["post-320073","post","type-post","status-publish","format-standard","has-post-thumbnail","hentry","category-quadradinho-em-foco"],"acf":[],"yoast_head":"<!-- This site is optimized with the Yoast SEO plugin v27.2 - https:\/\/yoast.com\/product\/yoast-seo-wordpress\/ -->\n<title>Fique por dentro dos riscos no uso de produtos ilegais - Notibras<\/title>\n<meta name=\"robots\" content=\"index, follow, max-snippet:-1, max-image-preview:large, max-video-preview:-1\" \/>\n<link rel=\"canonical\" href=\"https:\/\/www.notibras.com\/site\/fique-por-dentro-dos-riscos-no-uso-de-produtos-ilegais\/\" \/>\n<meta property=\"og:locale\" content=\"pt_BR\" \/>\n<meta property=\"og:type\" content=\"article\" \/>\n<meta property=\"og:title\" content=\"Fique por dentro dos riscos no uso de produtos ilegais - Notibras\" \/>\n<meta property=\"og:description\" content=\"Hoje em dia muita gente investe na apar\u00eancia, principalmente nas festas comemorativas do rec\u00e9m fim de ano. Roupas novas, acess\u00f3rios, cosm\u00e9ticos e outros itens de beleza. At\u00e9 a\u00ed, nenhuma novidade, n\u00e3o fosse a preocupa\u00e7\u00e3o cada vez maior com o uso das pomadas para modelar ou fixar o cabelo. Ao longo de 2023, foram diversos relatos [&hellip;]\" \/>\n<meta property=\"og:url\" content=\"https:\/\/www.notibras.com\/site\/fique-por-dentro-dos-riscos-no-uso-de-produtos-ilegais\/\" \/>\n<meta property=\"og:site_name\" content=\"Notibras\" \/>\n<meta property=\"article:publisher\" content=\"https:\/\/www.facebook.com\/notibras\/\" \/>\n<meta property=\"article:published_time\" content=\"2024-01-04T03:00:55+00:00\" \/>\n<meta property=\"article:modified_time\" content=\"2024-01-04T09:55:53+00:00\" \/>\n<meta property=\"og:image\" content=\"https:\/\/www.notibras.com\/site\/wp-content\/uploads\/2024\/01\/1.pomcabe.webp\" \/>\n\t<meta property=\"og:image:width\" content=\"1170\" \/>\n\t<meta property=\"og:image:height\" content=\"700\" \/>\n\t<meta property=\"og:image:type\" content=\"image\/webp\" \/>\n<meta name=\"author\" content=\"Reda\u00e7\u00e3o\" \/>\n<meta name=\"twitter:card\" content=\"summary_large_image\" \/>\n<meta name=\"twitter:creator\" content=\"@Notibras\" \/>\n<meta name=\"twitter:site\" content=\"@Notibras\" \/>\n<meta name=\"twitter:label1\" content=\"Escrito por\" \/>\n\t<meta name=\"twitter:data1\" content=\"Reda\u00e7\u00e3o\" \/>\n\t<meta name=\"twitter:label2\" content=\"Est. tempo de leitura\" \/>\n\t<meta name=\"twitter:data2\" content=\"4 minutos\" \/>\n<script type=\"application\/ld+json\" class=\"yoast-schema-graph\">{\"@context\":\"https:\/\/schema.org\",\"@graph\":[{\"@type\":\"Article\",\"@id\":\"https:\/\/www.notibras.com\/site\/fique-por-dentro-dos-riscos-no-uso-de-produtos-ilegais\/#article\",\"isPartOf\":{\"@id\":\"https:\/\/www.notibras.com\/site\/fique-por-dentro-dos-riscos-no-uso-de-produtos-ilegais\/\"},\"author\":{\"name\":\"Reda\u00e7\u00e3o\",\"@id\":\"https:\/\/www.notibras.com\/site\/#\/schema\/person\/36ab0979449956132d3e5b517ea76ac8\"},\"headline\":\"Fique por dentro dos riscos no uso de produtos ilegais\",\"datePublished\":\"2024-01-04T03:00:55+00:00\",\"dateModified\":\"2024-01-04T09:55:53+00:00\",\"mainEntityOfPage\":{\"@id\":\"https:\/\/www.notibras.com\/site\/fique-por-dentro-dos-riscos-no-uso-de-produtos-ilegais\/\"},\"wordCount\":754,\"publisher\":{\"@id\":\"https:\/\/www.notibras.com\/site\/#organization\"},\"image\":{\"@id\":\"https:\/\/www.notibras.com\/site\/fique-por-dentro-dos-riscos-no-uso-de-produtos-ilegais\/#primaryimage\"},\"thumbnailUrl\":\"https:\/\/www.notibras.com\/site\/wp-content\/uploads\/2024\/01\/1.pomcabe.webp\",\"articleSection\":[\"Quadradinho em Foco\"],\"inLanguage\":\"pt-BR\"},{\"@type\":\"WebPage\",\"@id\":\"https:\/\/www.notibras.com\/site\/fique-por-dentro-dos-riscos-no-uso-de-produtos-ilegais\/\",\"url\":\"https:\/\/www.notibras.com\/site\/fique-por-dentro-dos-riscos-no-uso-de-produtos-ilegais\/\",\"name\":\"Fique por dentro dos riscos no uso de produtos ilegais - Notibras\",\"isPartOf\":{\"@id\":\"https:\/\/www.notibras.com\/site\/#website\"},\"primaryImageOfPage\":{\"@id\":\"https:\/\/www.notibras.com\/site\/fique-por-dentro-dos-riscos-no-uso-de-produtos-ilegais\/#primaryimage\"},\"image\":{\"@id\":\"https:\/\/www.notibras.com\/site\/fique-por-dentro-dos-riscos-no-uso-de-produtos-ilegais\/#primaryimage\"},\"thumbnailUrl\":\"https:\/\/www.notibras.com\/site\/wp-content\/uploads\/2024\/01\/1.pomcabe.webp\",\"datePublished\":\"2024-01-04T03:00:55+00:00\",\"dateModified\":\"2024-01-04T09:55:53+00:00\",\"breadcrumb\":{\"@id\":\"https:\/\/www.notibras.com\/site\/fique-por-dentro-dos-riscos-no-uso-de-produtos-ilegais\/#breadcrumb\"},\"inLanguage\":\"pt-BR\",\"potentialAction\":[{\"@type\":\"ReadAction\",\"target\":[\"https:\/\/www.notibras.com\/site\/fique-por-dentro-dos-riscos-no-uso-de-produtos-ilegais\/\"]}]},{\"@type\":\"ImageObject\",\"inLanguage\":\"pt-BR\",\"@id\":\"https:\/\/www.notibras.com\/site\/fique-por-dentro-dos-riscos-no-uso-de-produtos-ilegais\/#primaryimage\",\"url\":\"https:\/\/www.notibras.com\/site\/wp-content\/uploads\/2024\/01\/1.pomcabe.webp\",\"contentUrl\":\"https:\/\/www.notibras.com\/site\/wp-content\/uploads\/2024\/01\/1.pomcabe.webp\",\"width\":1170,\"height\":700},{\"@type\":\"BreadcrumbList\",\"@id\":\"https:\/\/www.notibras.com\/site\/fique-por-dentro-dos-riscos-no-uso-de-produtos-ilegais\/#breadcrumb\",\"itemListElement\":[{\"@type\":\"ListItem\",\"position\":1,\"name\":\"In\u00edcio\",\"item\":\"https:\/\/www.notibras.com\/site\/\"},{\"@type\":\"ListItem\",\"position\":2,\"name\":\"Fique por dentro dos riscos no uso de produtos ilegais\"}]},{\"@type\":\"WebSite\",\"@id\":\"https:\/\/www.notibras.com\/site\/#website\",\"url\":\"https:\/\/www.notibras.com\/site\/\",\"name\":\"Notibras\",\"description\":\"Not\u00edcias de Bras\u00edlia, do Brasil e do Mundo\",\"publisher\":{\"@id\":\"https:\/\/www.notibras.com\/site\/#organization\"},\"potentialAction\":[{\"@type\":\"SearchAction\",\"target\":{\"@type\":\"EntryPoint\",\"urlTemplate\":\"https:\/\/www.notibras.com\/site\/?s={search_term_string}\"},\"query-input\":{\"@type\":\"PropertyValueSpecification\",\"valueRequired\":true,\"valueName\":\"search_term_string\"}}],\"inLanguage\":\"pt-BR\"},{\"@type\":\"Organization\",\"@id\":\"https:\/\/www.notibras.com\/site\/#organization\",\"name\":\"Grupo Notibras de Comunica\u00e7\u00e3o\",\"url\":\"https:\/\/www.notibras.com\/site\/\",\"logo\":{\"@type\":\"ImageObject\",\"inLanguage\":\"pt-BR\",\"@id\":\"https:\/\/www.notibras.com\/site\/#\/schema\/logo\/image\/\",\"url\":\"https:\/\/www.notibras.com\/site\/wp-content\/uploads\/2023\/01\/notibras23.png\",\"contentUrl\":\"https:\/\/www.notibras.com\/site\/wp-content\/uploads\/2023\/01\/notibras23.png\",\"width\":350,\"height\":87,\"caption\":\"Grupo Notibras de Comunica\u00e7\u00e3o\"},\"image\":{\"@id\":\"https:\/\/www.notibras.com\/site\/#\/schema\/logo\/image\/\"},\"sameAs\":[\"https:\/\/www.facebook.com\/notibras\/\",\"https:\/\/x.com\/Notibras\",\"https:\/\/www.instagram.com\/notibras\/\"]},{\"@type\":\"Person\",\"@id\":\"https:\/\/www.notibras.com\/site\/#\/schema\/person\/36ab0979449956132d3e5b517ea76ac8\",\"name\":\"Reda\u00e7\u00e3o\",\"image\":{\"@type\":\"ImageObject\",\"inLanguage\":\"pt-BR\",\"@id\":\"https:\/\/secure.gravatar.com\/avatar\/e0a867bdedb85fd243eadf09663511f96fc81e0720a4a42581f334ad4303aa6b?s=96&d=mm&r=g\",\"url\":\"https:\/\/secure.gravatar.com\/avatar\/e0a867bdedb85fd243eadf09663511f96fc81e0720a4a42581f334ad4303aa6b?s=96&d=mm&r=g\",\"contentUrl\":\"https:\/\/secure.gravatar.com\/avatar\/e0a867bdedb85fd243eadf09663511f96fc81e0720a4a42581f334ad4303aa6b?s=96&d=mm&r=g\",\"caption\":\"Reda\u00e7\u00e3o\"}}]}<\/script>\n<!-- \/ Yoast SEO plugin. -->","yoast_head_json":{"title":"Fique por dentro dos riscos no uso de produtos ilegais - Notibras","robots":{"index":"index","follow":"follow","max-snippet":"max-snippet:-1","max-image-preview":"max-image-preview:large","max-video-preview":"max-video-preview:-1"},"canonical":"https:\/\/www.notibras.com\/site\/fique-por-dentro-dos-riscos-no-uso-de-produtos-ilegais\/","og_locale":"pt_BR","og_type":"article","og_title":"Fique por dentro dos riscos no uso de produtos ilegais - Notibras","og_description":"Hoje em dia muita gente investe na apar\u00eancia, principalmente nas festas comemorativas do rec\u00e9m fim de ano. Roupas novas, acess\u00f3rios, cosm\u00e9ticos e outros itens de beleza. At\u00e9 a\u00ed, nenhuma novidade, n\u00e3o fosse a preocupa\u00e7\u00e3o cada vez maior com o uso das pomadas para modelar ou fixar o cabelo. Ao longo de 2023, foram diversos relatos [&hellip;]","og_url":"https:\/\/www.notibras.com\/site\/fique-por-dentro-dos-riscos-no-uso-de-produtos-ilegais\/","og_site_name":"Notibras","article_publisher":"https:\/\/www.facebook.com\/notibras\/","article_published_time":"2024-01-04T03:00:55+00:00","article_modified_time":"2024-01-04T09:55:53+00:00","og_image":[{"width":1170,"height":700,"url":"https:\/\/www.notibras.com\/site\/wp-content\/uploads\/2024\/01\/1.pomcabe.webp","type":"image\/webp"}],"author":"Reda\u00e7\u00e3o","twitter_card":"summary_large_image","twitter_creator":"@Notibras","twitter_site":"@Notibras","twitter_misc":{"Escrito por":"Reda\u00e7\u00e3o","Est. tempo de leitura":"4 minutos"},"schema":{"@context":"https:\/\/schema.org","@graph":[{"@type":"Article","@id":"https:\/\/www.notibras.com\/site\/fique-por-dentro-dos-riscos-no-uso-de-produtos-ilegais\/#article","isPartOf":{"@id":"https:\/\/www.notibras.com\/site\/fique-por-dentro-dos-riscos-no-uso-de-produtos-ilegais\/"},"author":{"name":"Reda\u00e7\u00e3o","@id":"https:\/\/www.notibras.com\/site\/#\/schema\/person\/36ab0979449956132d3e5b517ea76ac8"},"headline":"Fique por dentro dos riscos no uso de produtos ilegais","datePublished":"2024-01-04T03:00:55+00:00","dateModified":"2024-01-04T09:55:53+00:00","mainEntityOfPage":{"@id":"https:\/\/www.notibras.com\/site\/fique-por-dentro-dos-riscos-no-uso-de-produtos-ilegais\/"},"wordCount":754,"publisher":{"@id":"https:\/\/www.notibras.com\/site\/#organization"},"image":{"@id":"https:\/\/www.notibras.com\/site\/fique-por-dentro-dos-riscos-no-uso-de-produtos-ilegais\/#primaryimage"},"thumbnailUrl":"https:\/\/www.notibras.com\/site\/wp-content\/uploads\/2024\/01\/1.pomcabe.webp","articleSection":["Quadradinho em Foco"],"inLanguage":"pt-BR"},{"@type":"WebPage","@id":"https:\/\/www.notibras.com\/site\/fique-por-dentro-dos-riscos-no-uso-de-produtos-ilegais\/","url":"https:\/\/www.notibras.com\/site\/fique-por-dentro-dos-riscos-no-uso-de-produtos-ilegais\/","name":"Fique por dentro dos riscos no uso de produtos ilegais - Notibras","isPartOf":{"@id":"https:\/\/www.notibras.com\/site\/#website"},"primaryImageOfPage":{"@id":"https:\/\/www.notibras.com\/site\/fique-por-dentro-dos-riscos-no-uso-de-produtos-ilegais\/#primaryimage"},"image":{"@id":"https:\/\/www.notibras.com\/site\/fique-por-dentro-dos-riscos-no-uso-de-produtos-ilegais\/#primaryimage"},"thumbnailUrl":"https:\/\/www.notibras.com\/site\/wp-content\/uploads\/2024\/01\/1.pomcabe.webp","datePublished":"2024-01-04T03:00:55+00:00","dateModified":"2024-01-04T09:55:53+00:00","breadcrumb":{"@id":"https:\/\/www.notibras.com\/site\/fique-por-dentro-dos-riscos-no-uso-de-produtos-ilegais\/#breadcrumb"},"inLanguage":"pt-BR","potentialAction":[{"@type":"ReadAction","target":["https:\/\/www.notibras.com\/site\/fique-por-dentro-dos-riscos-no-uso-de-produtos-ilegais\/"]}]},{"@type":"ImageObject","inLanguage":"pt-BR","@id":"https:\/\/www.notibras.com\/site\/fique-por-dentro-dos-riscos-no-uso-de-produtos-ilegais\/#primaryimage","url":"https:\/\/www.notibras.com\/site\/wp-content\/uploads\/2024\/01\/1.pomcabe.webp","contentUrl":"https:\/\/www.notibras.com\/site\/wp-content\/uploads\/2024\/01\/1.pomcabe.webp","width":1170,"height":700},{"@type":"BreadcrumbList","@id":"https:\/\/www.notibras.com\/site\/fique-por-dentro-dos-riscos-no-uso-de-produtos-ilegais\/#breadcrumb","itemListElement":[{"@type":"ListItem","position":1,"name":"In\u00edcio","item":"https:\/\/www.notibras.com\/site\/"},{"@type":"ListItem","position":2,"name":"Fique por dentro dos riscos no uso de produtos ilegais"}]},{"@type":"WebSite","@id":"https:\/\/www.notibras.com\/site\/#website","url":"https:\/\/www.notibras.com\/site\/","name":"Notibras","description":"Not\u00edcias de Bras\u00edlia, do Brasil e do Mundo","publisher":{"@id":"https:\/\/www.notibras.com\/site\/#organization"},"potentialAction":[{"@type":"SearchAction","target":{"@type":"EntryPoint","urlTemplate":"https:\/\/www.notibras.com\/site\/?s={search_term_string}"},"query-input":{"@type":"PropertyValueSpecification","valueRequired":true,"valueName":"search_term_string"}}],"inLanguage":"pt-BR"},{"@type":"Organization","@id":"https:\/\/www.notibras.com\/site\/#organization","name":"Grupo Notibras de Comunica\u00e7\u00e3o","url":"https:\/\/www.notibras.com\/site\/","logo":{"@type":"ImageObject","inLanguage":"pt-BR","@id":"https:\/\/www.notibras.com\/site\/#\/schema\/logo\/image\/","url":"https:\/\/www.notibras.com\/site\/wp-content\/uploads\/2023\/01\/notibras23.png","contentUrl":"https:\/\/www.notibras.com\/site\/wp-content\/uploads\/2023\/01\/notibras23.png","width":350,"height":87,"caption":"Grupo Notibras de Comunica\u00e7\u00e3o"},"image":{"@id":"https:\/\/www.notibras.com\/site\/#\/schema\/logo\/image\/"},"sameAs":["https:\/\/www.facebook.com\/notibras\/","https:\/\/x.com\/Notibras","https:\/\/www.instagram.com\/notibras\/"]},{"@type":"Person","@id":"https:\/\/www.notibras.com\/site\/#\/schema\/person\/36ab0979449956132d3e5b517ea76ac8","name":"Reda\u00e7\u00e3o","image":{"@type":"ImageObject","inLanguage":"pt-BR","@id":"https:\/\/secure.gravatar.com\/avatar\/e0a867bdedb85fd243eadf09663511f96fc81e0720a4a42581f334ad4303aa6b?s=96&d=mm&r=g","url":"https:\/\/secure.gravatar.com\/avatar\/e0a867bdedb85fd243eadf09663511f96fc81e0720a4a42581f334ad4303aa6b?s=96&d=mm&r=g","contentUrl":"https:\/\/secure.gravatar.com\/avatar\/e0a867bdedb85fd243eadf09663511f96fc81e0720a4a42581f334ad4303aa6b?s=96&d=mm&r=g","caption":"Reda\u00e7\u00e3o"}}]}},"amp_enabled":true,"_links":{"self":[{"href":"https:\/\/www.notibras.com\/site\/wp-json\/wp\/v2\/posts\/320073","targetHints":{"allow":["GET"]}}],"collection":[{"href":"https:\/\/www.notibras.com\/site\/wp-json\/wp\/v2\/posts"}],"about":[{"href":"https:\/\/www.notibras.com\/site\/wp-json\/wp\/v2\/types\/post"}],"author":[{"embeddable":true,"href":"https:\/\/www.notibras.com\/site\/wp-json\/wp\/v2\/users\/2"}],"replies":[{"embeddable":true,"href":"https:\/\/www.notibras.com\/site\/wp-json\/wp\/v2\/comments?post=320073"}],"version-history":[{"count":1,"href":"https:\/\/www.notibras.com\/site\/wp-json\/wp\/v2\/posts\/320073\/revisions"}],"predecessor-version":[{"id":320075,"href":"https:\/\/www.notibras.com\/site\/wp-json\/wp\/v2\/posts\/320073\/revisions\/320075"}],"wp:featuredmedia":[{"embeddable":true,"href":"https:\/\/www.notibras.com\/site\/wp-json\/wp\/v2\/media\/320074"}],"wp:attachment":[{"href":"https:\/\/www.notibras.com\/site\/wp-json\/wp\/v2\/media?parent=320073"}],"wp:term":[{"taxonomy":"category","embeddable":true,"href":"https:\/\/www.notibras.com\/site\/wp-json\/wp\/v2\/categories?post=320073"},{"taxonomy":"post_tag","embeddable":true,"href":"https:\/\/www.notibras.com\/site\/wp-json\/wp\/v2\/tags?post=320073"}],"curies":[{"name":"wp","href":"https:\/\/api.w.org\/{rel}","templated":true}]}}