{"id":320080,"date":"2024-01-04T00:21:03","date_gmt":"2024-01-04T03:21:03","guid":{"rendered":"https:\/\/www.notibras.com\/site\/?p=320080"},"modified":"2024-01-04T07:23:29","modified_gmt":"2024-01-04T10:23:29","slug":"saque-aniversario-do-fgts-ja-esta-disponivel-na-caixa","status":"publish","type":"post","link":"https:\/\/www.notibras.com\/site\/saque-aniversario-do-fgts-ja-esta-disponivel-na-caixa\/","title":{"rendered":"Saque-anivers\u00e1rio do FGTS j\u00e1 est\u00e1 dispon\u00edvel na Caixa"},"content":{"rendered":"<p>Os trabalhadores que optarem pelo saque-anivers\u00e1rio do Fundo de Garantia do Tempo de Servi\u00e7o (FGTS) aos poucos come\u00e7am a ter acesso \u00e0 cota de 2024. As retiradas ocorrem conforme o m\u00eas de anivers\u00e1rio do trabalhador. Os cotistas nascidos em janeiro j\u00e1 podem fazer o saque.<\/p>\n<p>Criada em 2019 e em vigor desde 2020, essa modalidade permite a retirada de parte do saldo de qualquer conta ativa ou inativa do fundo a cada ano, no m\u00eas de anivers\u00e1rio. Em troca, o trabalhador n\u00e3o poder\u00e1 sacar o valor depositado pela empresa em caso de demiss\u00e3o sem justa causa, apenas a multa rescis\u00f3ria.<\/p>\n<p>O governo pretende mudar essa regra e permitir o saque do saldo total da conta nas demiss\u00f5es sem justa causa, como ocorre com quem n\u00e3o aderiu ao saque-anivers\u00e1rio. Em dezembro, o ministro do Trabalho e Emprego, Luiz Marinho, afirmou que pretende enviar, at\u00e9 mar\u00e7o, o projeto de lei com as altera\u00e7\u00f5es.<\/p>\n<p>Segundo o balan\u00e7o mais recente da Caixa Econ\u00f4mica Federal, divulgado em setembro, cerca de 32,7 milh\u00f5es de pessoas aderiram ao saque-anivers\u00e1rio. Desse total, 16,9 milh\u00f5es contrataram financiamento usando esses recursos como garantia. At\u00e9 agosto, o total emprestado pelos bancos nessa modalidade somava R$ 111,4 bilh\u00f5es.<\/p>\n<p>O per\u00edodo de saques come\u00e7a no primeiro dia \u00fatil do m\u00eas de anivers\u00e1rio do trabalhador. Os valores ficam dispon\u00edveis at\u00e9 o \u00faltimo dia \u00fatil do segundo m\u00eas subsequente. Caso o dinheiro n\u00e3o seja retirado no prazo, volta para as contas do FGTS em nome do trabalhador.<\/p>\n<p><strong>Ades\u00e3o<\/strong><br \/>\nA ades\u00e3o a esse tipo de modalidade \u00e9 volunt\u00e1ria e pode ser feita por meio do aplicativo oficial do FGTS, dispon\u00edvel para smartphones e tablets dos sistemas Android e iOS. O processo tamb\u00e9m pode ser feito nas ag\u00eancias do banco. Se quiser receber o dinheiro no mesmo ano, o trabalhador dever\u00e1 optar pelo saque-anivers\u00e1rio at\u00e9 o \u00faltimo dia do m\u00eas de nascimento. Caso contr\u00e1rio, s\u00f3 receber\u00e1 a partir do ano seguinte.<\/p>\n<p>Ao retirar uma parcela do FGTS a cada ano, o trabalhador deixar\u00e1 de receber o valor depositado pela empresa caso seja demitido sem justa causa. O pagamento da multa de 40% nessas situa\u00e7\u00f5es est\u00e1 mantido. As demais possibilidades de saque do FGTS \u2013 como compra de im\u00f3veis, aposentadoria e doen\u00e7as graves \u2013 n\u00e3o s\u00e3o afetadas pelo saque-anivers\u00e1rio.<\/p>\n<p><strong>Cuidados<\/strong><br \/>\nA qualquer momento, o trabalhador pode desistir do saque-anivers\u00e1rio e voltar para a modalidade tradicional, que s\u00f3 permite a retirada em casos especiais, como demiss\u00e3o sem justa causa, aposentadoria, doen\u00e7a grave ou compra de im\u00f3veis.<\/p>\n<p>A decis\u00e3o, por\u00e9m, exige cuidado. Ao voltar para o saque tradicional, o trabalhador ficar\u00e1 dois anos sem poder sacar o saldo da conta no FGTS, mesmo em caso de demiss\u00e3o. Se for dispensado, receber\u00e1 apenas a multa de 40%.<\/p>\n<p><strong>Como sacar<\/strong><br \/>\nA Caixa orienta o resgate por meio do aplicativo FGTS. Nesse caso, o trabalhador pode programar a transfer\u00eancia do dinheiro para qualquer conta em seu nome, independentemente do banco. A opera\u00e7\u00e3o n\u00e3o tem custo.<\/p>\n<p>As retiradas podem ser feitas nas casas lot\u00e9ricas, caso esses estabelecimentos estejam abertos, e terminais de autoatendimento para quem tem senha do Cart\u00e3o Cidad\u00e3o. Quem tem Cart\u00e3o Cidad\u00e3o e senha pode sacar nos correspondentes Caixa Aqui, caso esses estabelecimentos estejam autorizados a abrir. Basta apresentar documento de identifica\u00e7\u00e3o.<\/p>\n<p><strong>Valores<\/strong><br \/>\nO valor a que o trabalhador que aderiu ao saque-anivers\u00e1rio tem direito a retirar a cada ano depende do saldo em cada conta do FGTS. Para contas com saldo de at\u00e9 R$ 500, poder\u00e3o ser retirados 50% do total. A partir da\u00ed, o percentual cai, mas ser\u00e1 pago um valor fixo adicional, que aumenta conforme o saldo total.<\/p>\n","protected":false},"excerpt":{"rendered":"<p>Os trabalhadores que optarem pelo saque-anivers\u00e1rio do Fundo de Garantia do Tempo de Servi\u00e7o (FGTS) aos poucos come\u00e7am a ter acesso \u00e0 cota de 2024. As retiradas ocorrem conforme o m\u00eas de anivers\u00e1rio do trabalhador. Os cotistas nascidos em janeiro j\u00e1 podem fazer o saque. Criada em 2019 e em vigor desde 2020, essa modalidade [&hellip;]<\/p>\n","protected":false},"author":2,"featured_media":320081,"comment_status":"closed","ping_status":"closed","sticky":false,"template":"","format":"standard","meta":{"_acf_changed":false,"footnotes":""},"categories":[161],"tags":[],"class_list":["post-320080","post","type-post","status-publish","format-standard","has-post-thumbnail","hentry","category-quadradinho-em-foco"],"acf":[],"yoast_head":"<!-- This site is optimized with the Yoast SEO plugin v27.2 - https:\/\/yoast.com\/product\/yoast-seo-wordpress\/ -->\n<title>Saque-anivers\u00e1rio do FGTS j\u00e1 est\u00e1 dispon\u00edvel na Caixa - Notibras<\/title>\n<meta name=\"robots\" content=\"index, follow, max-snippet:-1, max-image-preview:large, max-video-preview:-1\" \/>\n<link rel=\"canonical\" href=\"https:\/\/www.notibras.com\/site\/saque-aniversario-do-fgts-ja-esta-disponivel-na-caixa\/\" \/>\n<meta property=\"og:locale\" content=\"pt_BR\" \/>\n<meta property=\"og:type\" content=\"article\" \/>\n<meta property=\"og:title\" content=\"Saque-anivers\u00e1rio do FGTS j\u00e1 est\u00e1 dispon\u00edvel na Caixa - Notibras\" \/>\n<meta property=\"og:description\" content=\"Os trabalhadores que optarem pelo saque-anivers\u00e1rio do Fundo de Garantia do Tempo de Servi\u00e7o (FGTS) aos poucos come\u00e7am a ter acesso \u00e0 cota de 2024. As retiradas ocorrem conforme o m\u00eas de anivers\u00e1rio do trabalhador. Os cotistas nascidos em janeiro j\u00e1 podem fazer o saque. Criada em 2019 e em vigor desde 2020, essa modalidade [&hellip;]\" \/>\n<meta property=\"og:url\" content=\"https:\/\/www.notibras.com\/site\/saque-aniversario-do-fgts-ja-esta-disponivel-na-caixa\/\" \/>\n<meta property=\"og:site_name\" content=\"Notibras\" \/>\n<meta property=\"article:publisher\" content=\"https:\/\/www.facebook.com\/notibras\/\" \/>\n<meta property=\"article:published_time\" content=\"2024-01-04T03:21:03+00:00\" \/>\n<meta property=\"article:modified_time\" content=\"2024-01-04T10:23:29+00:00\" \/>\n<meta property=\"og:image\" content=\"https:\/\/www.notibras.com\/site\/wp-content\/uploads\/2024\/01\/saquefgts.webp\" \/>\n\t<meta property=\"og:image:width\" content=\"1170\" \/>\n\t<meta property=\"og:image:height\" content=\"700\" \/>\n\t<meta property=\"og:image:type\" content=\"image\/webp\" \/>\n<meta name=\"author\" content=\"Reda\u00e7\u00e3o\" \/>\n<meta name=\"twitter:card\" content=\"summary_large_image\" \/>\n<meta name=\"twitter:creator\" content=\"@Notibras\" \/>\n<meta name=\"twitter:site\" content=\"@Notibras\" \/>\n<meta name=\"twitter:label1\" content=\"Escrito por\" \/>\n\t<meta name=\"twitter:data1\" content=\"Reda\u00e7\u00e3o\" \/>\n\t<meta name=\"twitter:label2\" content=\"Est. tempo de leitura\" \/>\n\t<meta name=\"twitter:data2\" content=\"4 minutos\" \/>\n<script type=\"application\/ld+json\" class=\"yoast-schema-graph\">{\"@context\":\"https:\/\/schema.org\",\"@graph\":[{\"@type\":\"Article\",\"@id\":\"https:\/\/www.notibras.com\/site\/saque-aniversario-do-fgts-ja-esta-disponivel-na-caixa\/#article\",\"isPartOf\":{\"@id\":\"https:\/\/www.notibras.com\/site\/saque-aniversario-do-fgts-ja-esta-disponivel-na-caixa\/\"},\"author\":{\"name\":\"Reda\u00e7\u00e3o\",\"@id\":\"https:\/\/www.notibras.com\/site\/#\/schema\/person\/36ab0979449956132d3e5b517ea76ac8\"},\"headline\":\"Saque-anivers\u00e1rio do FGTS j\u00e1 est\u00e1 dispon\u00edvel na Caixa\",\"datePublished\":\"2024-01-04T03:21:03+00:00\",\"dateModified\":\"2024-01-04T10:23:29+00:00\",\"mainEntityOfPage\":{\"@id\":\"https:\/\/www.notibras.com\/site\/saque-aniversario-do-fgts-ja-esta-disponivel-na-caixa\/\"},\"wordCount\":646,\"publisher\":{\"@id\":\"https:\/\/www.notibras.com\/site\/#organization\"},\"image\":{\"@id\":\"https:\/\/www.notibras.com\/site\/saque-aniversario-do-fgts-ja-esta-disponivel-na-caixa\/#primaryimage\"},\"thumbnailUrl\":\"https:\/\/www.notibras.com\/site\/wp-content\/uploads\/2024\/01\/saquefgts.webp\",\"articleSection\":[\"Quadradinho em Foco\"],\"inLanguage\":\"pt-BR\"},{\"@type\":\"WebPage\",\"@id\":\"https:\/\/www.notibras.com\/site\/saque-aniversario-do-fgts-ja-esta-disponivel-na-caixa\/\",\"url\":\"https:\/\/www.notibras.com\/site\/saque-aniversario-do-fgts-ja-esta-disponivel-na-caixa\/\",\"name\":\"Saque-anivers\u00e1rio do FGTS j\u00e1 est\u00e1 dispon\u00edvel na Caixa - Notibras\",\"isPartOf\":{\"@id\":\"https:\/\/www.notibras.com\/site\/#website\"},\"primaryImageOfPage\":{\"@id\":\"https:\/\/www.notibras.com\/site\/saque-aniversario-do-fgts-ja-esta-disponivel-na-caixa\/#primaryimage\"},\"image\":{\"@id\":\"https:\/\/www.notibras.com\/site\/saque-aniversario-do-fgts-ja-esta-disponivel-na-caixa\/#primaryimage\"},\"thumbnailUrl\":\"https:\/\/www.notibras.com\/site\/wp-content\/uploads\/2024\/01\/saquefgts.webp\",\"datePublished\":\"2024-01-04T03:21:03+00:00\",\"dateModified\":\"2024-01-04T10:23:29+00:00\",\"breadcrumb\":{\"@id\":\"https:\/\/www.notibras.com\/site\/saque-aniversario-do-fgts-ja-esta-disponivel-na-caixa\/#breadcrumb\"},\"inLanguage\":\"pt-BR\",\"potentialAction\":[{\"@type\":\"ReadAction\",\"target\":[\"https:\/\/www.notibras.com\/site\/saque-aniversario-do-fgts-ja-esta-disponivel-na-caixa\/\"]}]},{\"@type\":\"ImageObject\",\"inLanguage\":\"pt-BR\",\"@id\":\"https:\/\/www.notibras.com\/site\/saque-aniversario-do-fgts-ja-esta-disponivel-na-caixa\/#primaryimage\",\"url\":\"https:\/\/www.notibras.com\/site\/wp-content\/uploads\/2024\/01\/saquefgts.webp\",\"contentUrl\":\"https:\/\/www.notibras.com\/site\/wp-content\/uploads\/2024\/01\/saquefgts.webp\",\"width\":1170,\"height\":700},{\"@type\":\"BreadcrumbList\",\"@id\":\"https:\/\/www.notibras.com\/site\/saque-aniversario-do-fgts-ja-esta-disponivel-na-caixa\/#breadcrumb\",\"itemListElement\":[{\"@type\":\"ListItem\",\"position\":1,\"name\":\"In\u00edcio\",\"item\":\"https:\/\/www.notibras.com\/site\/\"},{\"@type\":\"ListItem\",\"position\":2,\"name\":\"Saque-anivers\u00e1rio do FGTS j\u00e1 est\u00e1 dispon\u00edvel na Caixa\"}]},{\"@type\":\"WebSite\",\"@id\":\"https:\/\/www.notibras.com\/site\/#website\",\"url\":\"https:\/\/www.notibras.com\/site\/\",\"name\":\"Notibras\",\"description\":\"Not\u00edcias de Bras\u00edlia, do Brasil e do Mundo\",\"publisher\":{\"@id\":\"https:\/\/www.notibras.com\/site\/#organization\"},\"potentialAction\":[{\"@type\":\"SearchAction\",\"target\":{\"@type\":\"EntryPoint\",\"urlTemplate\":\"https:\/\/www.notibras.com\/site\/?s={search_term_string}\"},\"query-input\":{\"@type\":\"PropertyValueSpecification\",\"valueRequired\":true,\"valueName\":\"search_term_string\"}}],\"inLanguage\":\"pt-BR\"},{\"@type\":\"Organization\",\"@id\":\"https:\/\/www.notibras.com\/site\/#organization\",\"name\":\"Grupo Notibras de Comunica\u00e7\u00e3o\",\"url\":\"https:\/\/www.notibras.com\/site\/\",\"logo\":{\"@type\":\"ImageObject\",\"inLanguage\":\"pt-BR\",\"@id\":\"https:\/\/www.notibras.com\/site\/#\/schema\/logo\/image\/\",\"url\":\"https:\/\/www.notibras.com\/site\/wp-content\/uploads\/2023\/01\/notibras23.png\",\"contentUrl\":\"https:\/\/www.notibras.com\/site\/wp-content\/uploads\/2023\/01\/notibras23.png\",\"width\":350,\"height\":87,\"caption\":\"Grupo Notibras de Comunica\u00e7\u00e3o\"},\"image\":{\"@id\":\"https:\/\/www.notibras.com\/site\/#\/schema\/logo\/image\/\"},\"sameAs\":[\"https:\/\/www.facebook.com\/notibras\/\",\"https:\/\/x.com\/Notibras\",\"https:\/\/www.instagram.com\/notibras\/\"]},{\"@type\":\"Person\",\"@id\":\"https:\/\/www.notibras.com\/site\/#\/schema\/person\/36ab0979449956132d3e5b517ea76ac8\",\"name\":\"Reda\u00e7\u00e3o\",\"image\":{\"@type\":\"ImageObject\",\"inLanguage\":\"pt-BR\",\"@id\":\"https:\/\/secure.gravatar.com\/avatar\/e0a867bdedb85fd243eadf09663511f96fc81e0720a4a42581f334ad4303aa6b?s=96&d=mm&r=g\",\"url\":\"https:\/\/secure.gravatar.com\/avatar\/e0a867bdedb85fd243eadf09663511f96fc81e0720a4a42581f334ad4303aa6b?s=96&d=mm&r=g\",\"contentUrl\":\"https:\/\/secure.gravatar.com\/avatar\/e0a867bdedb85fd243eadf09663511f96fc81e0720a4a42581f334ad4303aa6b?s=96&d=mm&r=g\",\"caption\":\"Reda\u00e7\u00e3o\"}}]}<\/script>\n<!-- \/ Yoast SEO plugin. -->","yoast_head_json":{"title":"Saque-anivers\u00e1rio do FGTS j\u00e1 est\u00e1 dispon\u00edvel na Caixa - Notibras","robots":{"index":"index","follow":"follow","max-snippet":"max-snippet:-1","max-image-preview":"max-image-preview:large","max-video-preview":"max-video-preview:-1"},"canonical":"https:\/\/www.notibras.com\/site\/saque-aniversario-do-fgts-ja-esta-disponivel-na-caixa\/","og_locale":"pt_BR","og_type":"article","og_title":"Saque-anivers\u00e1rio do FGTS j\u00e1 est\u00e1 dispon\u00edvel na Caixa - Notibras","og_description":"Os trabalhadores que optarem pelo saque-anivers\u00e1rio do Fundo de Garantia do Tempo de Servi\u00e7o (FGTS) aos poucos come\u00e7am a ter acesso \u00e0 cota de 2024. As retiradas ocorrem conforme o m\u00eas de anivers\u00e1rio do trabalhador. Os cotistas nascidos em janeiro j\u00e1 podem fazer o saque. Criada em 2019 e em vigor desde 2020, essa modalidade [&hellip;]","og_url":"https:\/\/www.notibras.com\/site\/saque-aniversario-do-fgts-ja-esta-disponivel-na-caixa\/","og_site_name":"Notibras","article_publisher":"https:\/\/www.facebook.com\/notibras\/","article_published_time":"2024-01-04T03:21:03+00:00","article_modified_time":"2024-01-04T10:23:29+00:00","og_image":[{"width":1170,"height":700,"url":"https:\/\/www.notibras.com\/site\/wp-content\/uploads\/2024\/01\/saquefgts.webp","type":"image\/webp"}],"author":"Reda\u00e7\u00e3o","twitter_card":"summary_large_image","twitter_creator":"@Notibras","twitter_site":"@Notibras","twitter_misc":{"Escrito por":"Reda\u00e7\u00e3o","Est. tempo de leitura":"4 minutos"},"schema":{"@context":"https:\/\/schema.org","@graph":[{"@type":"Article","@id":"https:\/\/www.notibras.com\/site\/saque-aniversario-do-fgts-ja-esta-disponivel-na-caixa\/#article","isPartOf":{"@id":"https:\/\/www.notibras.com\/site\/saque-aniversario-do-fgts-ja-esta-disponivel-na-caixa\/"},"author":{"name":"Reda\u00e7\u00e3o","@id":"https:\/\/www.notibras.com\/site\/#\/schema\/person\/36ab0979449956132d3e5b517ea76ac8"},"headline":"Saque-anivers\u00e1rio do FGTS j\u00e1 est\u00e1 dispon\u00edvel na Caixa","datePublished":"2024-01-04T03:21:03+00:00","dateModified":"2024-01-04T10:23:29+00:00","mainEntityOfPage":{"@id":"https:\/\/www.notibras.com\/site\/saque-aniversario-do-fgts-ja-esta-disponivel-na-caixa\/"},"wordCount":646,"publisher":{"@id":"https:\/\/www.notibras.com\/site\/#organization"},"image":{"@id":"https:\/\/www.notibras.com\/site\/saque-aniversario-do-fgts-ja-esta-disponivel-na-caixa\/#primaryimage"},"thumbnailUrl":"https:\/\/www.notibras.com\/site\/wp-content\/uploads\/2024\/01\/saquefgts.webp","articleSection":["Quadradinho em Foco"],"inLanguage":"pt-BR"},{"@type":"WebPage","@id":"https:\/\/www.notibras.com\/site\/saque-aniversario-do-fgts-ja-esta-disponivel-na-caixa\/","url":"https:\/\/www.notibras.com\/site\/saque-aniversario-do-fgts-ja-esta-disponivel-na-caixa\/","name":"Saque-anivers\u00e1rio do FGTS j\u00e1 est\u00e1 dispon\u00edvel na Caixa - Notibras","isPartOf":{"@id":"https:\/\/www.notibras.com\/site\/#website"},"primaryImageOfPage":{"@id":"https:\/\/www.notibras.com\/site\/saque-aniversario-do-fgts-ja-esta-disponivel-na-caixa\/#primaryimage"},"image":{"@id":"https:\/\/www.notibras.com\/site\/saque-aniversario-do-fgts-ja-esta-disponivel-na-caixa\/#primaryimage"},"thumbnailUrl":"https:\/\/www.notibras.com\/site\/wp-content\/uploads\/2024\/01\/saquefgts.webp","datePublished":"2024-01-04T03:21:03+00:00","dateModified":"2024-01-04T10:23:29+00:00","breadcrumb":{"@id":"https:\/\/www.notibras.com\/site\/saque-aniversario-do-fgts-ja-esta-disponivel-na-caixa\/#breadcrumb"},"inLanguage":"pt-BR","potentialAction":[{"@type":"ReadAction","target":["https:\/\/www.notibras.com\/site\/saque-aniversario-do-fgts-ja-esta-disponivel-na-caixa\/"]}]},{"@type":"ImageObject","inLanguage":"pt-BR","@id":"https:\/\/www.notibras.com\/site\/saque-aniversario-do-fgts-ja-esta-disponivel-na-caixa\/#primaryimage","url":"https:\/\/www.notibras.com\/site\/wp-content\/uploads\/2024\/01\/saquefgts.webp","contentUrl":"https:\/\/www.notibras.com\/site\/wp-content\/uploads\/2024\/01\/saquefgts.webp","width":1170,"height":700},{"@type":"BreadcrumbList","@id":"https:\/\/www.notibras.com\/site\/saque-aniversario-do-fgts-ja-esta-disponivel-na-caixa\/#breadcrumb","itemListElement":[{"@type":"ListItem","position":1,"name":"In\u00edcio","item":"https:\/\/www.notibras.com\/site\/"},{"@type":"ListItem","position":2,"name":"Saque-anivers\u00e1rio do FGTS j\u00e1 est\u00e1 dispon\u00edvel na Caixa"}]},{"@type":"WebSite","@id":"https:\/\/www.notibras.com\/site\/#website","url":"https:\/\/www.notibras.com\/site\/","name":"Notibras","description":"Not\u00edcias de Bras\u00edlia, do Brasil e do Mundo","publisher":{"@id":"https:\/\/www.notibras.com\/site\/#organization"},"potentialAction":[{"@type":"SearchAction","target":{"@type":"EntryPoint","urlTemplate":"https:\/\/www.notibras.com\/site\/?s={search_term_string}"},"query-input":{"@type":"PropertyValueSpecification","valueRequired":true,"valueName":"search_term_string"}}],"inLanguage":"pt-BR"},{"@type":"Organization","@id":"https:\/\/www.notibras.com\/site\/#organization","name":"Grupo Notibras de Comunica\u00e7\u00e3o","url":"https:\/\/www.notibras.com\/site\/","logo":{"@type":"ImageObject","inLanguage":"pt-BR","@id":"https:\/\/www.notibras.com\/site\/#\/schema\/logo\/image\/","url":"https:\/\/www.notibras.com\/site\/wp-content\/uploads\/2023\/01\/notibras23.png","contentUrl":"https:\/\/www.notibras.com\/site\/wp-content\/uploads\/2023\/01\/notibras23.png","width":350,"height":87,"caption":"Grupo Notibras de Comunica\u00e7\u00e3o"},"image":{"@id":"https:\/\/www.notibras.com\/site\/#\/schema\/logo\/image\/"},"sameAs":["https:\/\/www.facebook.com\/notibras\/","https:\/\/x.com\/Notibras","https:\/\/www.instagram.com\/notibras\/"]},{"@type":"Person","@id":"https:\/\/www.notibras.com\/site\/#\/schema\/person\/36ab0979449956132d3e5b517ea76ac8","name":"Reda\u00e7\u00e3o","image":{"@type":"ImageObject","inLanguage":"pt-BR","@id":"https:\/\/secure.gravatar.com\/avatar\/e0a867bdedb85fd243eadf09663511f96fc81e0720a4a42581f334ad4303aa6b?s=96&d=mm&r=g","url":"https:\/\/secure.gravatar.com\/avatar\/e0a867bdedb85fd243eadf09663511f96fc81e0720a4a42581f334ad4303aa6b?s=96&d=mm&r=g","contentUrl":"https:\/\/secure.gravatar.com\/avatar\/e0a867bdedb85fd243eadf09663511f96fc81e0720a4a42581f334ad4303aa6b?s=96&d=mm&r=g","caption":"Reda\u00e7\u00e3o"}}]}},"amp_enabled":true,"_links":{"self":[{"href":"https:\/\/www.notibras.com\/site\/wp-json\/wp\/v2\/posts\/320080","targetHints":{"allow":["GET"]}}],"collection":[{"href":"https:\/\/www.notibras.com\/site\/wp-json\/wp\/v2\/posts"}],"about":[{"href":"https:\/\/www.notibras.com\/site\/wp-json\/wp\/v2\/types\/post"}],"author":[{"embeddable":true,"href":"https:\/\/www.notibras.com\/site\/wp-json\/wp\/v2\/users\/2"}],"replies":[{"embeddable":true,"href":"https:\/\/www.notibras.com\/site\/wp-json\/wp\/v2\/comments?post=320080"}],"version-history":[{"count":1,"href":"https:\/\/www.notibras.com\/site\/wp-json\/wp\/v2\/posts\/320080\/revisions"}],"predecessor-version":[{"id":320082,"href":"https:\/\/www.notibras.com\/site\/wp-json\/wp\/v2\/posts\/320080\/revisions\/320082"}],"wp:featuredmedia":[{"embeddable":true,"href":"https:\/\/www.notibras.com\/site\/wp-json\/wp\/v2\/media\/320081"}],"wp:attachment":[{"href":"https:\/\/www.notibras.com\/site\/wp-json\/wp\/v2\/media?parent=320080"}],"wp:term":[{"taxonomy":"category","embeddable":true,"href":"https:\/\/www.notibras.com\/site\/wp-json\/wp\/v2\/categories?post=320080"},{"taxonomy":"post_tag","embeddable":true,"href":"https:\/\/www.notibras.com\/site\/wp-json\/wp\/v2\/tags?post=320080"}],"curies":[{"name":"wp","href":"https:\/\/api.w.org\/{rel}","templated":true}]}}