{"id":320083,"date":"2024-01-04T00:30:13","date_gmt":"2024-01-04T03:30:13","guid":{"rendered":"https:\/\/www.notibras.com\/site\/?p=320083"},"modified":"2024-01-04T07:50:35","modified_gmt":"2024-01-04T10:50:35","slug":"corrego-transborda-e-invade-casas-em-na-vila-cauhy","status":"publish","type":"post","link":"https:\/\/www.notibras.com\/site\/corrego-transborda-e-invade-casas-em-na-vila-cauhy\/","title":{"rendered":"C\u00f3rrego transborda e invade casas na Vila Cauhy"},"content":{"rendered":"<p>As fortes chuvas que atingem o Distrito Federal desde esta ter\u00e7a-feira (2) inundaram diversas casas da Vila Cauhy, a cerca de 15 quil\u00f4metros da Esplanada dos Minist\u00e9rios. O C\u00f3rrego Riacho Fundo subiu mais de 2 metros acima do n\u00edvel normal, transbordando tr\u00eas vezes entre a noite de ter\u00e7a e o in\u00edcio da tarde de quarta-feira (3).<\/p>\n<p>Os moradores informaram que essa foi a pior das quatro inunda\u00e7\u00f5es de que t\u00eam mem\u00f3ria na Vila Cauhy. A \u00faltima foi registrada em fevereiro de 2021. Desta vez, as \u00e1guas do c\u00f3rrego que corta a comunidade atingiram a cota de 6,9 metros por volta das 7h45, enquanto a cota m\u00e9dia gira em torno dos 4,4 metros, segundo a Ag\u00eancia Reguladora de \u00c1guas, Energia e Saneamento do Distrito Federal (Adasa).<\/p>\n<p>Em algumas resid\u00eancias, a marca da \u00e1gua ultrapassava o 1,5 metro, e um idoso e seu cachorro precisaram ser resgatados por uma embarca\u00e7\u00e3o dos bombeiros. A primeira inunda\u00e7\u00e3o ocorreu no in\u00edcio da noite de ontem, e a \u00e1gua voltou a subir, pela terceira vez, no in\u00edcio da tarde desta quarta.<\/p>\n<p>A diarista Vera L\u00facia, de 38 anos, destacou que a situa\u00e7\u00e3o \u00e9 desesperadora. \u201cEssa enchente foi muito triste porque foi muito pesada. [\u00c9] muito triste e muito desesperador\u201d, lamentou a trabalhadora que vive com o marido e o filho no local. A moradora acrescentou que, at\u00e9 o momento, n\u00e3o havia recebido qualquer orienta\u00e7\u00e3o ou visita do Poder P\u00fablico.<\/p>\n<p>\u201cEles [o Poder P\u00fablico] deviam olhar mais pelas pessoas aqui, n\u00e3o olhar s\u00f3 no tempo da pol\u00edtica, n\u00e9? Porque no tempo da pol\u00edtica aparece todo mundo, mas na hora que a gente est\u00e1 aqui, ilhado e tudo, n\u00e3o aparece ningu\u00e9m\u201d, reclamou.<\/p>\n<p>Vera L\u00facia contou que se mudou recentemente para a Vila Cauhy porque queria ficar em uma regi\u00e3o mais pr\u00f3xima do centro de Bras\u00edlia, devido ao trabalho e \u00e0 faculdade do filho. Eles viviam antes em Valpara\u00edso, na divisa com Goi\u00e1s.<\/p>\n<p>O pedreiro Ant\u00f4nio Ferreira Costa, de 58 anos, vive com mulher e tr\u00eas filhos na Vila Cauhy e j\u00e1 presenciou quatro inunda\u00e7\u00f5es ao longo da vida. Desta vez, ele perdeu sof\u00e1, guarda-roupa e colch\u00f5es, sendo a pior de todas as enchentes de que tem lembran\u00e7a e afirmou que n\u00e3o tem outro lugar pra ir.<\/p>\n<p>A esposa dele depende de hemodi\u00e1lise di\u00e1ria e n\u00e3o conseguiu realizar a opera\u00e7\u00e3o ontem por causa da inunda\u00e7\u00e3o. Para o trabalhador, o ideal seria subir a casa. \u201cA enchente \u00e9 Deus que manda, tem como n\u00e3o, s\u00f3 se subir os barracos, s\u00f3 se for assim, mas n\u00e3o tem dinheiro para subir, como \u00e9 que sobe?\u201d, questionou.<\/p>\n<p>O motorista aut\u00f4nomo Wagner da Silva, de 49 anos, vive h\u00e1 23 anos na Vila Cauhy com mulher e filhos. Ele n\u00e3o conseguiu dormir na \u00faltima noite com medo da enchente. A casa dele estava com todos os m\u00f3veis suspensos.<\/p>\n<p>\u201cPassei a noite apreensivo, deitado na cama e me levantando toda hora para ver se n\u00e3o estava enchendo. Dormindo pensando no que que poderia acontecer\u201d, relatou o trabalhador, que acredita que s\u00e3o necess\u00e1rias obras de drenagem para evitar o aumento das \u00e1guas.<\/p>\n<p><strong>\u00c1rea de risco<\/strong><br \/>\nAutoridades do governo do Distrito Federal (GDF), do Corpo de Bombeiros Militar do DF e da Defesa Civil estavam montando tendas na manh\u00e3 desta quarta-feira na Vila Cauhy para atender \u00e0 popula\u00e7\u00e3o. Uma escola p\u00fablica da comunidade foi reservada para receber pessoas desabrigadas.<\/p>\n<p>O secret\u00e1rio de Cidades do Distrito Federal, Cl\u00e1udio Jos\u00e9 Trinch\u00e3o Santos, visitou a Vila Cauhy nesta quarta-feira para avaliar os estragos causados pela chuva. Ele disse que o governo vai analisar a situa\u00e7\u00e3o da comunidade e responsabilizou a ocupa\u00e7\u00e3o urbana desordenada e o excesso de lixos nas ruas pela inunda\u00e7\u00e3o.<\/p>\n<p>\u201cAqui n\u00f3s temos problemas ambientais. Essas constru\u00e7\u00f5es n\u00e3o poderiam existir aqui, mas foram ocupando e a cada dia n\u00f3s identificamos ocupa\u00e7\u00f5es novas.\u201d O secret\u00e1rio acrescentou que o governo est\u00e1 estudando como regularizar essa \u00e1rea ou se haver\u00e1 possibilidade de transferir essas fam\u00edlias para outras localidades.<\/p>\n<p>\u201cN\u00e3o h\u00e1 solu\u00e7\u00e3o simples. \u00c9 uma situa\u00e7\u00e3o complexa e provavelmente as solu\u00e7\u00f5es v\u00e3o afetar muitas pessoas que est\u00e3o aqui ocupando h\u00e1 d\u00e9cadas. Que l\u00e1 no passado permitiram que fosse ocupada, a Vila Cauhy n\u00e3o existe de agora, existe h\u00e1 d\u00e9cadas, e essa situa\u00e7\u00e3o foi se consolidando e hoje n\u00f3s estamos pagando o pre\u00e7o\u201d, argumentou.<\/p>\n<p>A Vila Cauhy est\u00e1 entre os 22 locais de risco alto ou muito alto do DF para eventos como deslizamentos, inunda\u00e7\u00f5es e enxurradas. Ao todo, cerca de 44 resid\u00eancias e 176 fam\u00edlias vivem em \u00e1reas de risco da Vila Cauhy, segundo levantamento de 2022 do Servi\u00e7o Geol\u00f3gico do Brasil. O estudo identificou aus\u00eancia de infraestrutura de drenagem urbana na comunidade.<\/p>\n","protected":false},"excerpt":{"rendered":"<p>As fortes chuvas que atingem o Distrito Federal desde esta ter\u00e7a-feira (2) inundaram diversas casas da Vila Cauhy, a cerca de 15 quil\u00f4metros da Esplanada dos Minist\u00e9rios. O C\u00f3rrego Riacho Fundo subiu mais de 2 metros acima do n\u00edvel normal, transbordando tr\u00eas vezes entre a noite de ter\u00e7a e o in\u00edcio da tarde de quarta-feira [&hellip;]<\/p>\n","protected":false},"author":2,"featured_media":320084,"comment_status":"closed","ping_status":"closed","sticky":false,"template":"","format":"standard","meta":{"_acf_changed":false,"footnotes":""},"categories":[161],"tags":[],"class_list":["post-320083","post","type-post","status-publish","format-standard","has-post-thumbnail","hentry","category-quadradinho-em-foco"],"acf":[],"yoast_head":"<!-- This site is optimized with the Yoast SEO plugin v27.2 - https:\/\/yoast.com\/product\/yoast-seo-wordpress\/ -->\n<title>C\u00f3rrego transborda e invade casas na Vila Cauhy - Notibras<\/title>\n<meta name=\"robots\" content=\"index, follow, max-snippet:-1, max-image-preview:large, max-video-preview:-1\" \/>\n<link rel=\"canonical\" href=\"https:\/\/www.notibras.com\/site\/corrego-transborda-e-invade-casas-em-na-vila-cauhy\/\" \/>\n<meta property=\"og:locale\" content=\"pt_BR\" \/>\n<meta property=\"og:type\" content=\"article\" \/>\n<meta property=\"og:title\" content=\"C\u00f3rrego transborda e invade casas na Vila Cauhy - Notibras\" \/>\n<meta property=\"og:description\" content=\"As fortes chuvas que atingem o Distrito Federal desde esta ter\u00e7a-feira (2) inundaram diversas casas da Vila Cauhy, a cerca de 15 quil\u00f4metros da Esplanada dos Minist\u00e9rios. O C\u00f3rrego Riacho Fundo subiu mais de 2 metros acima do n\u00edvel normal, transbordando tr\u00eas vezes entre a noite de ter\u00e7a e o in\u00edcio da tarde de quarta-feira [&hellip;]\" \/>\n<meta property=\"og:url\" content=\"https:\/\/www.notibras.com\/site\/corrego-transborda-e-invade-casas-em-na-vila-cauhy\/\" \/>\n<meta property=\"og:site_name\" content=\"Notibras\" \/>\n<meta property=\"article:publisher\" content=\"https:\/\/www.facebook.com\/notibras\/\" \/>\n<meta property=\"article:published_time\" content=\"2024-01-04T03:30:13+00:00\" \/>\n<meta property=\"article:modified_time\" content=\"2024-01-04T10:50:35+00:00\" \/>\n<meta property=\"og:image\" content=\"https:\/\/www.notibras.com\/site\/wp-content\/uploads\/2024\/01\/chuva.df_.espla_.webp\" \/>\n\t<meta property=\"og:image:width\" content=\"1170\" \/>\n\t<meta property=\"og:image:height\" content=\"700\" \/>\n\t<meta property=\"og:image:type\" content=\"image\/webp\" \/>\n<meta name=\"author\" content=\"Reda\u00e7\u00e3o\" \/>\n<meta name=\"twitter:card\" content=\"summary_large_image\" \/>\n<meta name=\"twitter:creator\" content=\"@Notibras\" \/>\n<meta name=\"twitter:site\" content=\"@Notibras\" \/>\n<meta name=\"twitter:label1\" content=\"Escrito por\" \/>\n\t<meta name=\"twitter:data1\" content=\"Reda\u00e7\u00e3o\" \/>\n\t<meta name=\"twitter:label2\" content=\"Est. tempo de leitura\" \/>\n\t<meta name=\"twitter:data2\" content=\"5 minutos\" \/>\n<script type=\"application\/ld+json\" class=\"yoast-schema-graph\">{\"@context\":\"https:\/\/schema.org\",\"@graph\":[{\"@type\":\"Article\",\"@id\":\"https:\/\/www.notibras.com\/site\/corrego-transborda-e-invade-casas-em-na-vila-cauhy\/#article\",\"isPartOf\":{\"@id\":\"https:\/\/www.notibras.com\/site\/corrego-transborda-e-invade-casas-em-na-vila-cauhy\/\"},\"author\":{\"name\":\"Reda\u00e7\u00e3o\",\"@id\":\"https:\/\/www.notibras.com\/site\/#\/schema\/person\/36ab0979449956132d3e5b517ea76ac8\"},\"headline\":\"C\u00f3rrego transborda e invade casas na Vila Cauhy\",\"datePublished\":\"2024-01-04T03:30:13+00:00\",\"dateModified\":\"2024-01-04T10:50:35+00:00\",\"mainEntityOfPage\":{\"@id\":\"https:\/\/www.notibras.com\/site\/corrego-transborda-e-invade-casas-em-na-vila-cauhy\/\"},\"wordCount\":835,\"publisher\":{\"@id\":\"https:\/\/www.notibras.com\/site\/#organization\"},\"image\":{\"@id\":\"https:\/\/www.notibras.com\/site\/corrego-transborda-e-invade-casas-em-na-vila-cauhy\/#primaryimage\"},\"thumbnailUrl\":\"https:\/\/www.notibras.com\/site\/wp-content\/uploads\/2024\/01\/chuva.df_.espla_.webp\",\"articleSection\":[\"Quadradinho em Foco\"],\"inLanguage\":\"pt-BR\"},{\"@type\":\"WebPage\",\"@id\":\"https:\/\/www.notibras.com\/site\/corrego-transborda-e-invade-casas-em-na-vila-cauhy\/\",\"url\":\"https:\/\/www.notibras.com\/site\/corrego-transborda-e-invade-casas-em-na-vila-cauhy\/\",\"name\":\"C\u00f3rrego transborda e invade casas na Vila Cauhy - Notibras\",\"isPartOf\":{\"@id\":\"https:\/\/www.notibras.com\/site\/#website\"},\"primaryImageOfPage\":{\"@id\":\"https:\/\/www.notibras.com\/site\/corrego-transborda-e-invade-casas-em-na-vila-cauhy\/#primaryimage\"},\"image\":{\"@id\":\"https:\/\/www.notibras.com\/site\/corrego-transborda-e-invade-casas-em-na-vila-cauhy\/#primaryimage\"},\"thumbnailUrl\":\"https:\/\/www.notibras.com\/site\/wp-content\/uploads\/2024\/01\/chuva.df_.espla_.webp\",\"datePublished\":\"2024-01-04T03:30:13+00:00\",\"dateModified\":\"2024-01-04T10:50:35+00:00\",\"breadcrumb\":{\"@id\":\"https:\/\/www.notibras.com\/site\/corrego-transborda-e-invade-casas-em-na-vila-cauhy\/#breadcrumb\"},\"inLanguage\":\"pt-BR\",\"potentialAction\":[{\"@type\":\"ReadAction\",\"target\":[\"https:\/\/www.notibras.com\/site\/corrego-transborda-e-invade-casas-em-na-vila-cauhy\/\"]}]},{\"@type\":\"ImageObject\",\"inLanguage\":\"pt-BR\",\"@id\":\"https:\/\/www.notibras.com\/site\/corrego-transborda-e-invade-casas-em-na-vila-cauhy\/#primaryimage\",\"url\":\"https:\/\/www.notibras.com\/site\/wp-content\/uploads\/2024\/01\/chuva.df_.espla_.webp\",\"contentUrl\":\"https:\/\/www.notibras.com\/site\/wp-content\/uploads\/2024\/01\/chuva.df_.espla_.webp\",\"width\":1170,\"height\":700},{\"@type\":\"BreadcrumbList\",\"@id\":\"https:\/\/www.notibras.com\/site\/corrego-transborda-e-invade-casas-em-na-vila-cauhy\/#breadcrumb\",\"itemListElement\":[{\"@type\":\"ListItem\",\"position\":1,\"name\":\"In\u00edcio\",\"item\":\"https:\/\/www.notibras.com\/site\/\"},{\"@type\":\"ListItem\",\"position\":2,\"name\":\"C\u00f3rrego transborda e invade casas na Vila Cauhy\"}]},{\"@type\":\"WebSite\",\"@id\":\"https:\/\/www.notibras.com\/site\/#website\",\"url\":\"https:\/\/www.notibras.com\/site\/\",\"name\":\"Notibras\",\"description\":\"Not\u00edcias de Bras\u00edlia, do Brasil e do Mundo\",\"publisher\":{\"@id\":\"https:\/\/www.notibras.com\/site\/#organization\"},\"potentialAction\":[{\"@type\":\"SearchAction\",\"target\":{\"@type\":\"EntryPoint\",\"urlTemplate\":\"https:\/\/www.notibras.com\/site\/?s={search_term_string}\"},\"query-input\":{\"@type\":\"PropertyValueSpecification\",\"valueRequired\":true,\"valueName\":\"search_term_string\"}}],\"inLanguage\":\"pt-BR\"},{\"@type\":\"Organization\",\"@id\":\"https:\/\/www.notibras.com\/site\/#organization\",\"name\":\"Grupo Notibras de Comunica\u00e7\u00e3o\",\"url\":\"https:\/\/www.notibras.com\/site\/\",\"logo\":{\"@type\":\"ImageObject\",\"inLanguage\":\"pt-BR\",\"@id\":\"https:\/\/www.notibras.com\/site\/#\/schema\/logo\/image\/\",\"url\":\"https:\/\/www.notibras.com\/site\/wp-content\/uploads\/2023\/01\/notibras23.png\",\"contentUrl\":\"https:\/\/www.notibras.com\/site\/wp-content\/uploads\/2023\/01\/notibras23.png\",\"width\":350,\"height\":87,\"caption\":\"Grupo Notibras de Comunica\u00e7\u00e3o\"},\"image\":{\"@id\":\"https:\/\/www.notibras.com\/site\/#\/schema\/logo\/image\/\"},\"sameAs\":[\"https:\/\/www.facebook.com\/notibras\/\",\"https:\/\/x.com\/Notibras\",\"https:\/\/www.instagram.com\/notibras\/\"]},{\"@type\":\"Person\",\"@id\":\"https:\/\/www.notibras.com\/site\/#\/schema\/person\/36ab0979449956132d3e5b517ea76ac8\",\"name\":\"Reda\u00e7\u00e3o\",\"image\":{\"@type\":\"ImageObject\",\"inLanguage\":\"pt-BR\",\"@id\":\"https:\/\/secure.gravatar.com\/avatar\/e0a867bdedb85fd243eadf09663511f96fc81e0720a4a42581f334ad4303aa6b?s=96&d=mm&r=g\",\"url\":\"https:\/\/secure.gravatar.com\/avatar\/e0a867bdedb85fd243eadf09663511f96fc81e0720a4a42581f334ad4303aa6b?s=96&d=mm&r=g\",\"contentUrl\":\"https:\/\/secure.gravatar.com\/avatar\/e0a867bdedb85fd243eadf09663511f96fc81e0720a4a42581f334ad4303aa6b?s=96&d=mm&r=g\",\"caption\":\"Reda\u00e7\u00e3o\"}}]}<\/script>\n<!-- \/ Yoast SEO plugin. -->","yoast_head_json":{"title":"C\u00f3rrego transborda e invade casas na Vila Cauhy - Notibras","robots":{"index":"index","follow":"follow","max-snippet":"max-snippet:-1","max-image-preview":"max-image-preview:large","max-video-preview":"max-video-preview:-1"},"canonical":"https:\/\/www.notibras.com\/site\/corrego-transborda-e-invade-casas-em-na-vila-cauhy\/","og_locale":"pt_BR","og_type":"article","og_title":"C\u00f3rrego transborda e invade casas na Vila Cauhy - Notibras","og_description":"As fortes chuvas que atingem o Distrito Federal desde esta ter\u00e7a-feira (2) inundaram diversas casas da Vila Cauhy, a cerca de 15 quil\u00f4metros da Esplanada dos Minist\u00e9rios. O C\u00f3rrego Riacho Fundo subiu mais de 2 metros acima do n\u00edvel normal, transbordando tr\u00eas vezes entre a noite de ter\u00e7a e o in\u00edcio da tarde de quarta-feira [&hellip;]","og_url":"https:\/\/www.notibras.com\/site\/corrego-transborda-e-invade-casas-em-na-vila-cauhy\/","og_site_name":"Notibras","article_publisher":"https:\/\/www.facebook.com\/notibras\/","article_published_time":"2024-01-04T03:30:13+00:00","article_modified_time":"2024-01-04T10:50:35+00:00","og_image":[{"width":1170,"height":700,"url":"https:\/\/www.notibras.com\/site\/wp-content\/uploads\/2024\/01\/chuva.df_.espla_.webp","type":"image\/webp"}],"author":"Reda\u00e7\u00e3o","twitter_card":"summary_large_image","twitter_creator":"@Notibras","twitter_site":"@Notibras","twitter_misc":{"Escrito por":"Reda\u00e7\u00e3o","Est. tempo de leitura":"5 minutos"},"schema":{"@context":"https:\/\/schema.org","@graph":[{"@type":"Article","@id":"https:\/\/www.notibras.com\/site\/corrego-transborda-e-invade-casas-em-na-vila-cauhy\/#article","isPartOf":{"@id":"https:\/\/www.notibras.com\/site\/corrego-transborda-e-invade-casas-em-na-vila-cauhy\/"},"author":{"name":"Reda\u00e7\u00e3o","@id":"https:\/\/www.notibras.com\/site\/#\/schema\/person\/36ab0979449956132d3e5b517ea76ac8"},"headline":"C\u00f3rrego transborda e invade casas na Vila Cauhy","datePublished":"2024-01-04T03:30:13+00:00","dateModified":"2024-01-04T10:50:35+00:00","mainEntityOfPage":{"@id":"https:\/\/www.notibras.com\/site\/corrego-transborda-e-invade-casas-em-na-vila-cauhy\/"},"wordCount":835,"publisher":{"@id":"https:\/\/www.notibras.com\/site\/#organization"},"image":{"@id":"https:\/\/www.notibras.com\/site\/corrego-transborda-e-invade-casas-em-na-vila-cauhy\/#primaryimage"},"thumbnailUrl":"https:\/\/www.notibras.com\/site\/wp-content\/uploads\/2024\/01\/chuva.df_.espla_.webp","articleSection":["Quadradinho em Foco"],"inLanguage":"pt-BR"},{"@type":"WebPage","@id":"https:\/\/www.notibras.com\/site\/corrego-transborda-e-invade-casas-em-na-vila-cauhy\/","url":"https:\/\/www.notibras.com\/site\/corrego-transborda-e-invade-casas-em-na-vila-cauhy\/","name":"C\u00f3rrego transborda e invade casas na Vila Cauhy - Notibras","isPartOf":{"@id":"https:\/\/www.notibras.com\/site\/#website"},"primaryImageOfPage":{"@id":"https:\/\/www.notibras.com\/site\/corrego-transborda-e-invade-casas-em-na-vila-cauhy\/#primaryimage"},"image":{"@id":"https:\/\/www.notibras.com\/site\/corrego-transborda-e-invade-casas-em-na-vila-cauhy\/#primaryimage"},"thumbnailUrl":"https:\/\/www.notibras.com\/site\/wp-content\/uploads\/2024\/01\/chuva.df_.espla_.webp","datePublished":"2024-01-04T03:30:13+00:00","dateModified":"2024-01-04T10:50:35+00:00","breadcrumb":{"@id":"https:\/\/www.notibras.com\/site\/corrego-transborda-e-invade-casas-em-na-vila-cauhy\/#breadcrumb"},"inLanguage":"pt-BR","potentialAction":[{"@type":"ReadAction","target":["https:\/\/www.notibras.com\/site\/corrego-transborda-e-invade-casas-em-na-vila-cauhy\/"]}]},{"@type":"ImageObject","inLanguage":"pt-BR","@id":"https:\/\/www.notibras.com\/site\/corrego-transborda-e-invade-casas-em-na-vila-cauhy\/#primaryimage","url":"https:\/\/www.notibras.com\/site\/wp-content\/uploads\/2024\/01\/chuva.df_.espla_.webp","contentUrl":"https:\/\/www.notibras.com\/site\/wp-content\/uploads\/2024\/01\/chuva.df_.espla_.webp","width":1170,"height":700},{"@type":"BreadcrumbList","@id":"https:\/\/www.notibras.com\/site\/corrego-transborda-e-invade-casas-em-na-vila-cauhy\/#breadcrumb","itemListElement":[{"@type":"ListItem","position":1,"name":"In\u00edcio","item":"https:\/\/www.notibras.com\/site\/"},{"@type":"ListItem","position":2,"name":"C\u00f3rrego transborda e invade casas na Vila Cauhy"}]},{"@type":"WebSite","@id":"https:\/\/www.notibras.com\/site\/#website","url":"https:\/\/www.notibras.com\/site\/","name":"Notibras","description":"Not\u00edcias de Bras\u00edlia, do Brasil e do Mundo","publisher":{"@id":"https:\/\/www.notibras.com\/site\/#organization"},"potentialAction":[{"@type":"SearchAction","target":{"@type":"EntryPoint","urlTemplate":"https:\/\/www.notibras.com\/site\/?s={search_term_string}"},"query-input":{"@type":"PropertyValueSpecification","valueRequired":true,"valueName":"search_term_string"}}],"inLanguage":"pt-BR"},{"@type":"Organization","@id":"https:\/\/www.notibras.com\/site\/#organization","name":"Grupo Notibras de Comunica\u00e7\u00e3o","url":"https:\/\/www.notibras.com\/site\/","logo":{"@type":"ImageObject","inLanguage":"pt-BR","@id":"https:\/\/www.notibras.com\/site\/#\/schema\/logo\/image\/","url":"https:\/\/www.notibras.com\/site\/wp-content\/uploads\/2023\/01\/notibras23.png","contentUrl":"https:\/\/www.notibras.com\/site\/wp-content\/uploads\/2023\/01\/notibras23.png","width":350,"height":87,"caption":"Grupo Notibras de Comunica\u00e7\u00e3o"},"image":{"@id":"https:\/\/www.notibras.com\/site\/#\/schema\/logo\/image\/"},"sameAs":["https:\/\/www.facebook.com\/notibras\/","https:\/\/x.com\/Notibras","https:\/\/www.instagram.com\/notibras\/"]},{"@type":"Person","@id":"https:\/\/www.notibras.com\/site\/#\/schema\/person\/36ab0979449956132d3e5b517ea76ac8","name":"Reda\u00e7\u00e3o","image":{"@type":"ImageObject","inLanguage":"pt-BR","@id":"https:\/\/secure.gravatar.com\/avatar\/e0a867bdedb85fd243eadf09663511f96fc81e0720a4a42581f334ad4303aa6b?s=96&d=mm&r=g","url":"https:\/\/secure.gravatar.com\/avatar\/e0a867bdedb85fd243eadf09663511f96fc81e0720a4a42581f334ad4303aa6b?s=96&d=mm&r=g","contentUrl":"https:\/\/secure.gravatar.com\/avatar\/e0a867bdedb85fd243eadf09663511f96fc81e0720a4a42581f334ad4303aa6b?s=96&d=mm&r=g","caption":"Reda\u00e7\u00e3o"}}]}},"amp_enabled":true,"_links":{"self":[{"href":"https:\/\/www.notibras.com\/site\/wp-json\/wp\/v2\/posts\/320083","targetHints":{"allow":["GET"]}}],"collection":[{"href":"https:\/\/www.notibras.com\/site\/wp-json\/wp\/v2\/posts"}],"about":[{"href":"https:\/\/www.notibras.com\/site\/wp-json\/wp\/v2\/types\/post"}],"author":[{"embeddable":true,"href":"https:\/\/www.notibras.com\/site\/wp-json\/wp\/v2\/users\/2"}],"replies":[{"embeddable":true,"href":"https:\/\/www.notibras.com\/site\/wp-json\/wp\/v2\/comments?post=320083"}],"version-history":[{"count":2,"href":"https:\/\/www.notibras.com\/site\/wp-json\/wp\/v2\/posts\/320083\/revisions"}],"predecessor-version":[{"id":320089,"href":"https:\/\/www.notibras.com\/site\/wp-json\/wp\/v2\/posts\/320083\/revisions\/320089"}],"wp:featuredmedia":[{"embeddable":true,"href":"https:\/\/www.notibras.com\/site\/wp-json\/wp\/v2\/media\/320084"}],"wp:attachment":[{"href":"https:\/\/www.notibras.com\/site\/wp-json\/wp\/v2\/media?parent=320083"}],"wp:term":[{"taxonomy":"category","embeddable":true,"href":"https:\/\/www.notibras.com\/site\/wp-json\/wp\/v2\/categories?post=320083"},{"taxonomy":"post_tag","embeddable":true,"href":"https:\/\/www.notibras.com\/site\/wp-json\/wp\/v2\/tags?post=320083"}],"curies":[{"name":"wp","href":"https:\/\/api.w.org\/{rel}","templated":true}]}}