{"id":320145,"date":"2024-01-05T00:00:53","date_gmt":"2024-01-05T03:00:53","guid":{"rendered":"https:\/\/www.notibras.com\/site\/?p=320145"},"modified":"2024-01-05T07:43:46","modified_gmt":"2024-01-05T10:43:46","slug":"vitimas-das-chuvas-terao-prioridade-em-upas-e-hospitais","status":"publish","type":"post","link":"https:\/\/www.notibras.com\/site\/vitimas-das-chuvas-terao-prioridade-em-upas-e-hospitais\/","title":{"rendered":"V\u00edtimas das chuvas ter\u00e3o prioridade em UPAs e hospitais"},"content":{"rendered":"<p>A Secretaria de Sa\u00fade disponibilizou equipes para prestar assist\u00eancia \u00e0 popula\u00e7\u00e3o afetada pelas chuvas no Distrito Federal, com a oferta de servi\u00e7os m\u00e9dicos e de enfermagem a todas as faixas et\u00e1rias. A equipe est\u00e1 presente em um ponto de apoio formado em articula\u00e7\u00e3o com o Corpo de Bombeiros do Distrito Federal (CBMDF), a Defesa Civil e a Administra\u00e7\u00e3o Regional do N\u00facleo Bandeirante na Vila Cauhy.<\/p>\n<p>Outra medida tomada pela SES \u00e9 a \u201cprioridade zero\u201d. Isso significa que, em casos de urg\u00eancia e emerg\u00eancia, a popula\u00e7\u00e3o atingida na Vila Cauhy ser\u00e1 encaminhada para atendimento priorit\u00e1rio nas UPAs e hospitais. \u201c\u00c9 uma popula\u00e7\u00e3o que possui uma vulnerabilidade maior, ent\u00e3o precisamos despertar este olhar quando vier os pacientes\u201d, explica a secret\u00e1ria de Sa\u00fade, Lucilene Flor\u00eancio.<\/p>\n<p>A secret\u00e1ria destacou que as equipes de Estrat\u00e9gia Sa\u00fade da Fam\u00edlia est\u00e3o in loco para cuidar das pessoas. \u201cChoveu 80% do que era previsto para todo o m\u00eas de janeiro e a previs\u00e3o \u00e9 de mais chuvas. N\u00f3s estamos presentes e vamos cuidar da sa\u00fade da popula\u00e7\u00e3o\u201d, ressalta.<\/p>\n<p>No ponto de apoio, uma equipe de sa\u00fade da fam\u00edlia \u2013 composta por m\u00e9dico, enfermeiro, t\u00e9cnico e agente comunit\u00e1rio de sa\u00fade \u2013 presta assist\u00eancia m\u00e9dica e de enfermagem, atendendo aos usu\u00e1rios em risco, dada a vulnerabilidade em decorr\u00eancia das chuvas. O atendimento \u00e9 oferecido a todas as faixas et\u00e1rias.<\/p>\n<p>Caso seja necess\u00e1rio, usu\u00e1rios podem receber medica\u00e7\u00e3o no local e atualizar o cart\u00e3o de vacina\u00e7\u00e3o. Se o paciente n\u00e3o tiver o cart\u00e3o ou tiver perdido devido \u00e0s chuvas, a equipe realizar\u00e1 a pesquisa no sistema e proceder\u00e1 com a vacina\u00e7\u00e3o, se necess\u00e1rio.<\/p>\n","protected":false},"excerpt":{"rendered":"<p>A Secretaria de Sa\u00fade disponibilizou equipes para prestar assist\u00eancia \u00e0 popula\u00e7\u00e3o afetada pelas chuvas no Distrito Federal, com a oferta de servi\u00e7os m\u00e9dicos e de enfermagem a todas as faixas et\u00e1rias. A equipe est\u00e1 presente em um ponto de apoio formado em articula\u00e7\u00e3o com o Corpo de Bombeiros do Distrito Federal (CBMDF), a Defesa Civil [&hellip;]<\/p>\n","protected":false},"author":2,"featured_media":320146,"comment_status":"closed","ping_status":"closed","sticky":false,"template":"","format":"standard","meta":{"_acf_changed":false,"footnotes":""},"categories":[161],"tags":[],"class_list":["post-320145","post","type-post","status-publish","format-standard","has-post-thumbnail","hentry","category-quadradinho-em-foco"],"acf":[],"yoast_head":"<!-- This site is optimized with the Yoast SEO plugin v27.2 - https:\/\/yoast.com\/product\/yoast-seo-wordpress\/ -->\n<title>V\u00edtimas das chuvas ter\u00e3o prioridade em UPAs e hospitais - Notibras<\/title>\n<meta name=\"robots\" content=\"index, follow, max-snippet:-1, max-image-preview:large, max-video-preview:-1\" \/>\n<link rel=\"canonical\" href=\"https:\/\/www.notibras.com\/site\/vitimas-das-chuvas-terao-prioridade-em-upas-e-hospitais\/\" \/>\n<meta property=\"og:locale\" content=\"pt_BR\" \/>\n<meta property=\"og:type\" content=\"article\" \/>\n<meta property=\"og:title\" content=\"V\u00edtimas das chuvas ter\u00e3o prioridade em UPAs e hospitais - Notibras\" \/>\n<meta property=\"og:description\" content=\"A Secretaria de Sa\u00fade disponibilizou equipes para prestar assist\u00eancia \u00e0 popula\u00e7\u00e3o afetada pelas chuvas no Distrito Federal, com a oferta de servi\u00e7os m\u00e9dicos e de enfermagem a todas as faixas et\u00e1rias. A equipe est\u00e1 presente em um ponto de apoio formado em articula\u00e7\u00e3o com o Corpo de Bombeiros do Distrito Federal (CBMDF), a Defesa Civil [&hellip;]\" \/>\n<meta property=\"og:url\" content=\"https:\/\/www.notibras.com\/site\/vitimas-das-chuvas-terao-prioridade-em-upas-e-hospitais\/\" \/>\n<meta property=\"og:site_name\" content=\"Notibras\" \/>\n<meta property=\"article:publisher\" content=\"https:\/\/www.facebook.com\/notibras\/\" \/>\n<meta property=\"article:published_time\" content=\"2024-01-05T03:00:53+00:00\" \/>\n<meta property=\"article:modified_time\" content=\"2024-01-05T10:43:46+00:00\" \/>\n<meta property=\"og:image\" content=\"https:\/\/www.notibras.com\/site\/wp-content\/uploads\/2024\/01\/Em-casos-de-urgencia-e-emergencia-pacientes-terao-prioridade-no-atendimento-nas-UPAs-e-hospitais.-Foto-Lucio-Bernardo-Jr.-Agencia-Brasilia.jpg\" \/>\n\t<meta property=\"og:image:width\" content=\"1200\" \/>\n\t<meta property=\"og:image:height\" content=\"800\" \/>\n\t<meta property=\"og:image:type\" content=\"image\/jpeg\" \/>\n<meta name=\"author\" content=\"Reda\u00e7\u00e3o\" \/>\n<meta name=\"twitter:card\" content=\"summary_large_image\" \/>\n<meta name=\"twitter:creator\" content=\"@Notibras\" \/>\n<meta name=\"twitter:site\" content=\"@Notibras\" \/>\n<meta name=\"twitter:label1\" content=\"Escrito por\" \/>\n\t<meta name=\"twitter:data1\" content=\"Reda\u00e7\u00e3o\" \/>\n\t<meta name=\"twitter:label2\" content=\"Est. tempo de leitura\" \/>\n\t<meta name=\"twitter:data2\" content=\"2 minutos\" \/>\n<script type=\"application\/ld+json\" class=\"yoast-schema-graph\">{\"@context\":\"https:\/\/schema.org\",\"@graph\":[{\"@type\":\"Article\",\"@id\":\"https:\/\/www.notibras.com\/site\/vitimas-das-chuvas-terao-prioridade-em-upas-e-hospitais\/#article\",\"isPartOf\":{\"@id\":\"https:\/\/www.notibras.com\/site\/vitimas-das-chuvas-terao-prioridade-em-upas-e-hospitais\/\"},\"author\":{\"name\":\"Reda\u00e7\u00e3o\",\"@id\":\"https:\/\/www.notibras.com\/site\/#\/schema\/person\/36ab0979449956132d3e5b517ea76ac8\"},\"headline\":\"V\u00edtimas das chuvas ter\u00e3o prioridade em UPAs e hospitais\",\"datePublished\":\"2024-01-05T03:00:53+00:00\",\"dateModified\":\"2024-01-05T10:43:46+00:00\",\"mainEntityOfPage\":{\"@id\":\"https:\/\/www.notibras.com\/site\/vitimas-das-chuvas-terao-prioridade-em-upas-e-hospitais\/\"},\"wordCount\":312,\"publisher\":{\"@id\":\"https:\/\/www.notibras.com\/site\/#organization\"},\"image\":{\"@id\":\"https:\/\/www.notibras.com\/site\/vitimas-das-chuvas-terao-prioridade-em-upas-e-hospitais\/#primaryimage\"},\"thumbnailUrl\":\"https:\/\/www.notibras.com\/site\/wp-content\/uploads\/2024\/01\/Em-casos-de-urgencia-e-emergencia-pacientes-terao-prioridade-no-atendimento-nas-UPAs-e-hospitais.-Foto-Lucio-Bernardo-Jr.-Agencia-Brasilia.jpg\",\"articleSection\":[\"Quadradinho em Foco\"],\"inLanguage\":\"pt-BR\"},{\"@type\":\"WebPage\",\"@id\":\"https:\/\/www.notibras.com\/site\/vitimas-das-chuvas-terao-prioridade-em-upas-e-hospitais\/\",\"url\":\"https:\/\/www.notibras.com\/site\/vitimas-das-chuvas-terao-prioridade-em-upas-e-hospitais\/\",\"name\":\"V\u00edtimas das chuvas ter\u00e3o prioridade em UPAs e hospitais - Notibras\",\"isPartOf\":{\"@id\":\"https:\/\/www.notibras.com\/site\/#website\"},\"primaryImageOfPage\":{\"@id\":\"https:\/\/www.notibras.com\/site\/vitimas-das-chuvas-terao-prioridade-em-upas-e-hospitais\/#primaryimage\"},\"image\":{\"@id\":\"https:\/\/www.notibras.com\/site\/vitimas-das-chuvas-terao-prioridade-em-upas-e-hospitais\/#primaryimage\"},\"thumbnailUrl\":\"https:\/\/www.notibras.com\/site\/wp-content\/uploads\/2024\/01\/Em-casos-de-urgencia-e-emergencia-pacientes-terao-prioridade-no-atendimento-nas-UPAs-e-hospitais.-Foto-Lucio-Bernardo-Jr.-Agencia-Brasilia.jpg\",\"datePublished\":\"2024-01-05T03:00:53+00:00\",\"dateModified\":\"2024-01-05T10:43:46+00:00\",\"breadcrumb\":{\"@id\":\"https:\/\/www.notibras.com\/site\/vitimas-das-chuvas-terao-prioridade-em-upas-e-hospitais\/#breadcrumb\"},\"inLanguage\":\"pt-BR\",\"potentialAction\":[{\"@type\":\"ReadAction\",\"target\":[\"https:\/\/www.notibras.com\/site\/vitimas-das-chuvas-terao-prioridade-em-upas-e-hospitais\/\"]}]},{\"@type\":\"ImageObject\",\"inLanguage\":\"pt-BR\",\"@id\":\"https:\/\/www.notibras.com\/site\/vitimas-das-chuvas-terao-prioridade-em-upas-e-hospitais\/#primaryimage\",\"url\":\"https:\/\/www.notibras.com\/site\/wp-content\/uploads\/2024\/01\/Em-casos-de-urgencia-e-emergencia-pacientes-terao-prioridade-no-atendimento-nas-UPAs-e-hospitais.-Foto-Lucio-Bernardo-Jr.-Agencia-Brasilia.jpg\",\"contentUrl\":\"https:\/\/www.notibras.com\/site\/wp-content\/uploads\/2024\/01\/Em-casos-de-urgencia-e-emergencia-pacientes-terao-prioridade-no-atendimento-nas-UPAs-e-hospitais.-Foto-Lucio-Bernardo-Jr.-Agencia-Brasilia.jpg\",\"width\":1200,\"height\":800},{\"@type\":\"BreadcrumbList\",\"@id\":\"https:\/\/www.notibras.com\/site\/vitimas-das-chuvas-terao-prioridade-em-upas-e-hospitais\/#breadcrumb\",\"itemListElement\":[{\"@type\":\"ListItem\",\"position\":1,\"name\":\"In\u00edcio\",\"item\":\"https:\/\/www.notibras.com\/site\/\"},{\"@type\":\"ListItem\",\"position\":2,\"name\":\"V\u00edtimas das chuvas ter\u00e3o prioridade em UPAs e hospitais\"}]},{\"@type\":\"WebSite\",\"@id\":\"https:\/\/www.notibras.com\/site\/#website\",\"url\":\"https:\/\/www.notibras.com\/site\/\",\"name\":\"Notibras\",\"description\":\"Not\u00edcias de Bras\u00edlia, do Brasil e do Mundo\",\"publisher\":{\"@id\":\"https:\/\/www.notibras.com\/site\/#organization\"},\"potentialAction\":[{\"@type\":\"SearchAction\",\"target\":{\"@type\":\"EntryPoint\",\"urlTemplate\":\"https:\/\/www.notibras.com\/site\/?s={search_term_string}\"},\"query-input\":{\"@type\":\"PropertyValueSpecification\",\"valueRequired\":true,\"valueName\":\"search_term_string\"}}],\"inLanguage\":\"pt-BR\"},{\"@type\":\"Organization\",\"@id\":\"https:\/\/www.notibras.com\/site\/#organization\",\"name\":\"Grupo Notibras de Comunica\u00e7\u00e3o\",\"url\":\"https:\/\/www.notibras.com\/site\/\",\"logo\":{\"@type\":\"ImageObject\",\"inLanguage\":\"pt-BR\",\"@id\":\"https:\/\/www.notibras.com\/site\/#\/schema\/logo\/image\/\",\"url\":\"https:\/\/www.notibras.com\/site\/wp-content\/uploads\/2023\/01\/notibras23.png\",\"contentUrl\":\"https:\/\/www.notibras.com\/site\/wp-content\/uploads\/2023\/01\/notibras23.png\",\"width\":350,\"height\":87,\"caption\":\"Grupo Notibras de Comunica\u00e7\u00e3o\"},\"image\":{\"@id\":\"https:\/\/www.notibras.com\/site\/#\/schema\/logo\/image\/\"},\"sameAs\":[\"https:\/\/www.facebook.com\/notibras\/\",\"https:\/\/x.com\/Notibras\",\"https:\/\/www.instagram.com\/notibras\/\"]},{\"@type\":\"Person\",\"@id\":\"https:\/\/www.notibras.com\/site\/#\/schema\/person\/36ab0979449956132d3e5b517ea76ac8\",\"name\":\"Reda\u00e7\u00e3o\",\"image\":{\"@type\":\"ImageObject\",\"inLanguage\":\"pt-BR\",\"@id\":\"https:\/\/secure.gravatar.com\/avatar\/e0a867bdedb85fd243eadf09663511f96fc81e0720a4a42581f334ad4303aa6b?s=96&d=mm&r=g\",\"url\":\"https:\/\/secure.gravatar.com\/avatar\/e0a867bdedb85fd243eadf09663511f96fc81e0720a4a42581f334ad4303aa6b?s=96&d=mm&r=g\",\"contentUrl\":\"https:\/\/secure.gravatar.com\/avatar\/e0a867bdedb85fd243eadf09663511f96fc81e0720a4a42581f334ad4303aa6b?s=96&d=mm&r=g\",\"caption\":\"Reda\u00e7\u00e3o\"}}]}<\/script>\n<!-- \/ Yoast SEO plugin. -->","yoast_head_json":{"title":"V\u00edtimas das chuvas ter\u00e3o prioridade em UPAs e hospitais - Notibras","robots":{"index":"index","follow":"follow","max-snippet":"max-snippet:-1","max-image-preview":"max-image-preview:large","max-video-preview":"max-video-preview:-1"},"canonical":"https:\/\/www.notibras.com\/site\/vitimas-das-chuvas-terao-prioridade-em-upas-e-hospitais\/","og_locale":"pt_BR","og_type":"article","og_title":"V\u00edtimas das chuvas ter\u00e3o prioridade em UPAs e hospitais - Notibras","og_description":"A Secretaria de Sa\u00fade disponibilizou equipes para prestar assist\u00eancia \u00e0 popula\u00e7\u00e3o afetada pelas chuvas no Distrito Federal, com a oferta de servi\u00e7os m\u00e9dicos e de enfermagem a todas as faixas et\u00e1rias. A equipe est\u00e1 presente em um ponto de apoio formado em articula\u00e7\u00e3o com o Corpo de Bombeiros do Distrito Federal (CBMDF), a Defesa Civil [&hellip;]","og_url":"https:\/\/www.notibras.com\/site\/vitimas-das-chuvas-terao-prioridade-em-upas-e-hospitais\/","og_site_name":"Notibras","article_publisher":"https:\/\/www.facebook.com\/notibras\/","article_published_time":"2024-01-05T03:00:53+00:00","article_modified_time":"2024-01-05T10:43:46+00:00","og_image":[{"width":1200,"height":800,"url":"https:\/\/www.notibras.com\/site\/wp-content\/uploads\/2024\/01\/Em-casos-de-urgencia-e-emergencia-pacientes-terao-prioridade-no-atendimento-nas-UPAs-e-hospitais.-Foto-Lucio-Bernardo-Jr.-Agencia-Brasilia.jpg","type":"image\/jpeg"}],"author":"Reda\u00e7\u00e3o","twitter_card":"summary_large_image","twitter_creator":"@Notibras","twitter_site":"@Notibras","twitter_misc":{"Escrito por":"Reda\u00e7\u00e3o","Est. tempo de leitura":"2 minutos"},"schema":{"@context":"https:\/\/schema.org","@graph":[{"@type":"Article","@id":"https:\/\/www.notibras.com\/site\/vitimas-das-chuvas-terao-prioridade-em-upas-e-hospitais\/#article","isPartOf":{"@id":"https:\/\/www.notibras.com\/site\/vitimas-das-chuvas-terao-prioridade-em-upas-e-hospitais\/"},"author":{"name":"Reda\u00e7\u00e3o","@id":"https:\/\/www.notibras.com\/site\/#\/schema\/person\/36ab0979449956132d3e5b517ea76ac8"},"headline":"V\u00edtimas das chuvas ter\u00e3o prioridade em UPAs e hospitais","datePublished":"2024-01-05T03:00:53+00:00","dateModified":"2024-01-05T10:43:46+00:00","mainEntityOfPage":{"@id":"https:\/\/www.notibras.com\/site\/vitimas-das-chuvas-terao-prioridade-em-upas-e-hospitais\/"},"wordCount":312,"publisher":{"@id":"https:\/\/www.notibras.com\/site\/#organization"},"image":{"@id":"https:\/\/www.notibras.com\/site\/vitimas-das-chuvas-terao-prioridade-em-upas-e-hospitais\/#primaryimage"},"thumbnailUrl":"https:\/\/www.notibras.com\/site\/wp-content\/uploads\/2024\/01\/Em-casos-de-urgencia-e-emergencia-pacientes-terao-prioridade-no-atendimento-nas-UPAs-e-hospitais.-Foto-Lucio-Bernardo-Jr.-Agencia-Brasilia.jpg","articleSection":["Quadradinho em Foco"],"inLanguage":"pt-BR"},{"@type":"WebPage","@id":"https:\/\/www.notibras.com\/site\/vitimas-das-chuvas-terao-prioridade-em-upas-e-hospitais\/","url":"https:\/\/www.notibras.com\/site\/vitimas-das-chuvas-terao-prioridade-em-upas-e-hospitais\/","name":"V\u00edtimas das chuvas ter\u00e3o prioridade em UPAs e hospitais - Notibras","isPartOf":{"@id":"https:\/\/www.notibras.com\/site\/#website"},"primaryImageOfPage":{"@id":"https:\/\/www.notibras.com\/site\/vitimas-das-chuvas-terao-prioridade-em-upas-e-hospitais\/#primaryimage"},"image":{"@id":"https:\/\/www.notibras.com\/site\/vitimas-das-chuvas-terao-prioridade-em-upas-e-hospitais\/#primaryimage"},"thumbnailUrl":"https:\/\/www.notibras.com\/site\/wp-content\/uploads\/2024\/01\/Em-casos-de-urgencia-e-emergencia-pacientes-terao-prioridade-no-atendimento-nas-UPAs-e-hospitais.-Foto-Lucio-Bernardo-Jr.-Agencia-Brasilia.jpg","datePublished":"2024-01-05T03:00:53+00:00","dateModified":"2024-01-05T10:43:46+00:00","breadcrumb":{"@id":"https:\/\/www.notibras.com\/site\/vitimas-das-chuvas-terao-prioridade-em-upas-e-hospitais\/#breadcrumb"},"inLanguage":"pt-BR","potentialAction":[{"@type":"ReadAction","target":["https:\/\/www.notibras.com\/site\/vitimas-das-chuvas-terao-prioridade-em-upas-e-hospitais\/"]}]},{"@type":"ImageObject","inLanguage":"pt-BR","@id":"https:\/\/www.notibras.com\/site\/vitimas-das-chuvas-terao-prioridade-em-upas-e-hospitais\/#primaryimage","url":"https:\/\/www.notibras.com\/site\/wp-content\/uploads\/2024\/01\/Em-casos-de-urgencia-e-emergencia-pacientes-terao-prioridade-no-atendimento-nas-UPAs-e-hospitais.-Foto-Lucio-Bernardo-Jr.-Agencia-Brasilia.jpg","contentUrl":"https:\/\/www.notibras.com\/site\/wp-content\/uploads\/2024\/01\/Em-casos-de-urgencia-e-emergencia-pacientes-terao-prioridade-no-atendimento-nas-UPAs-e-hospitais.-Foto-Lucio-Bernardo-Jr.-Agencia-Brasilia.jpg","width":1200,"height":800},{"@type":"BreadcrumbList","@id":"https:\/\/www.notibras.com\/site\/vitimas-das-chuvas-terao-prioridade-em-upas-e-hospitais\/#breadcrumb","itemListElement":[{"@type":"ListItem","position":1,"name":"In\u00edcio","item":"https:\/\/www.notibras.com\/site\/"},{"@type":"ListItem","position":2,"name":"V\u00edtimas das chuvas ter\u00e3o prioridade em UPAs e hospitais"}]},{"@type":"WebSite","@id":"https:\/\/www.notibras.com\/site\/#website","url":"https:\/\/www.notibras.com\/site\/","name":"Notibras","description":"Not\u00edcias de Bras\u00edlia, do Brasil e do Mundo","publisher":{"@id":"https:\/\/www.notibras.com\/site\/#organization"},"potentialAction":[{"@type":"SearchAction","target":{"@type":"EntryPoint","urlTemplate":"https:\/\/www.notibras.com\/site\/?s={search_term_string}"},"query-input":{"@type":"PropertyValueSpecification","valueRequired":true,"valueName":"search_term_string"}}],"inLanguage":"pt-BR"},{"@type":"Organization","@id":"https:\/\/www.notibras.com\/site\/#organization","name":"Grupo Notibras de Comunica\u00e7\u00e3o","url":"https:\/\/www.notibras.com\/site\/","logo":{"@type":"ImageObject","inLanguage":"pt-BR","@id":"https:\/\/www.notibras.com\/site\/#\/schema\/logo\/image\/","url":"https:\/\/www.notibras.com\/site\/wp-content\/uploads\/2023\/01\/notibras23.png","contentUrl":"https:\/\/www.notibras.com\/site\/wp-content\/uploads\/2023\/01\/notibras23.png","width":350,"height":87,"caption":"Grupo Notibras de Comunica\u00e7\u00e3o"},"image":{"@id":"https:\/\/www.notibras.com\/site\/#\/schema\/logo\/image\/"},"sameAs":["https:\/\/www.facebook.com\/notibras\/","https:\/\/x.com\/Notibras","https:\/\/www.instagram.com\/notibras\/"]},{"@type":"Person","@id":"https:\/\/www.notibras.com\/site\/#\/schema\/person\/36ab0979449956132d3e5b517ea76ac8","name":"Reda\u00e7\u00e3o","image":{"@type":"ImageObject","inLanguage":"pt-BR","@id":"https:\/\/secure.gravatar.com\/avatar\/e0a867bdedb85fd243eadf09663511f96fc81e0720a4a42581f334ad4303aa6b?s=96&d=mm&r=g","url":"https:\/\/secure.gravatar.com\/avatar\/e0a867bdedb85fd243eadf09663511f96fc81e0720a4a42581f334ad4303aa6b?s=96&d=mm&r=g","contentUrl":"https:\/\/secure.gravatar.com\/avatar\/e0a867bdedb85fd243eadf09663511f96fc81e0720a4a42581f334ad4303aa6b?s=96&d=mm&r=g","caption":"Reda\u00e7\u00e3o"}}]}},"amp_enabled":true,"_links":{"self":[{"href":"https:\/\/www.notibras.com\/site\/wp-json\/wp\/v2\/posts\/320145","targetHints":{"allow":["GET"]}}],"collection":[{"href":"https:\/\/www.notibras.com\/site\/wp-json\/wp\/v2\/posts"}],"about":[{"href":"https:\/\/www.notibras.com\/site\/wp-json\/wp\/v2\/types\/post"}],"author":[{"embeddable":true,"href":"https:\/\/www.notibras.com\/site\/wp-json\/wp\/v2\/users\/2"}],"replies":[{"embeddable":true,"href":"https:\/\/www.notibras.com\/site\/wp-json\/wp\/v2\/comments?post=320145"}],"version-history":[{"count":1,"href":"https:\/\/www.notibras.com\/site\/wp-json\/wp\/v2\/posts\/320145\/revisions"}],"predecessor-version":[{"id":320147,"href":"https:\/\/www.notibras.com\/site\/wp-json\/wp\/v2\/posts\/320145\/revisions\/320147"}],"wp:featuredmedia":[{"embeddable":true,"href":"https:\/\/www.notibras.com\/site\/wp-json\/wp\/v2\/media\/320146"}],"wp:attachment":[{"href":"https:\/\/www.notibras.com\/site\/wp-json\/wp\/v2\/media?parent=320145"}],"wp:term":[{"taxonomy":"category","embeddable":true,"href":"https:\/\/www.notibras.com\/site\/wp-json\/wp\/v2\/categories?post=320145"},{"taxonomy":"post_tag","embeddable":true,"href":"https:\/\/www.notibras.com\/site\/wp-json\/wp\/v2\/tags?post=320145"}],"curies":[{"name":"wp","href":"https:\/\/api.w.org\/{rel}","templated":true}]}}