{"id":320150,"date":"2024-01-05T00:01:50","date_gmt":"2024-01-05T03:01:50","guid":{"rendered":"https:\/\/www.notibras.com\/site\/?p=320150"},"modified":"2024-01-05T08:03:57","modified_gmt":"2024-01-05T11:03:57","slug":"fumace-entra-em-acao-e-mosquito-da-dengue-foge-voando","status":"publish","type":"post","link":"https:\/\/www.notibras.com\/site\/fumace-entra-em-acao-e-mosquito-da-dengue-foge-voando\/","title":{"rendered":"Fumac\u00ea entra em a\u00e7\u00e3o e mosquito da dengue foge voando"},"content":{"rendered":"<p>Com o in\u00edcio do per\u00edodo de chuvas, o Governo do Distrito Federal est\u00e1 intensificando o combate ao mosquito Aedes aegypti. Nesta primeira semana de janeiro, o fumac\u00ea, uma das principais estrat\u00e9gias para reduzir a prolifera\u00e7\u00e3o do mosquito transmissor da dengue, zika v\u00edrus, chikungunya e febre amarela, tem percorrido as cidades, aplicando o inseticida nas ruas.<\/p>\n<p>Nesta sexta-feira (5), o inseticida de ultrabaixo volume (UBV) ser\u00e1 aplicado na QI 25 do Lago Sul; nas quadras 301 e 302 do Recanto das Emas; na QNJ 6,20,28 e 50 de Taguatinga, nas regi\u00f5es da QNP 14, 26 e 28 de Ceil\u00e2ndia. Al\u00e9m dessas, o carro do fumac\u00ea passar\u00e1 pelos Condom\u00ednio Mans\u00f5es Serrana, no Jardim Bot\u00e2nico, e Nova Petr\u00f3polis em Planaltina.<\/p>\n<p>Foi elaborado um itiner\u00e1rio baseado nas solicita\u00e7\u00f5es das administra\u00e7\u00f5es regionais, postos de sa\u00fade e hospitais das cidades que mais registraram casos prov\u00e1veis ou confirmados de dengue | Fotos Joel Rodrigues\/ Ag\u00eancia Bras\u00edlia<br \/>\nNo s\u00e1bado (6), o Jardim Bot\u00e2nico receber\u00e1 novamente o inseticida, mas dessa vez ser\u00e1 no Condom\u00ednio Parque das Paineiras.<\/p>\n<p>\u201cElaboramos um itiner\u00e1rio baseado nas solicita\u00e7\u00f5es das administra\u00e7\u00f5es regionais, postos de sa\u00fade e hospitais das cidades que mais registraram casos prov\u00e1veis ou confirmados de dengue. A estrat\u00e9gia \u00e9 a \u00faltima v\u00e1lvula de escape para eliminar as f\u00eameas transmissoras do v\u00edrus\u201d, explica o coordenador de controle qu\u00edmico e biol\u00f3gico da Diretoria de Vigil\u00e2ncia Ambiental em Sa\u00fade do DF, Reginaldo Braga.<\/p>\n<p>De acordo com o \u00faltimo boletim epidemiol\u00f3gico divulgado pela Secretaria de Sa\u00fade, em 2023, as cidades que mais apresentaram casos prov\u00e1veis de dengue foram Ceil\u00e2ndia (4.517), Samambaia (3.250 casos prov\u00e1veis), Brazl\u00e2ndia (2.397), Recanto das Emas (2.340) e Planaltina (2.131). As cinco regi\u00f5es administrativas concentraram 41,17% dos casos prov\u00e1veis de dengue do DF.<\/p>\n<p>A aplica\u00e7\u00e3o do inseticida iniciou no \u00faltimo dia 2 de janeiro e j\u00e1 percorreu regi\u00f5es da Asa Sul, Vila Planalto, Taguatinga, Samambaia e Jardim Bot\u00e2nico.<\/p>\n<p><strong>A\u00e7\u00f5es permanentes<\/strong><br \/>\nEntre as a\u00e7\u00f5es permanentes adotadas pela sa\u00fade p\u00fablica do DF est\u00e3o o fumac\u00ea, o manejo ambiental, o controle qu\u00edmico, as inspe\u00e7\u00f5es dos agentes de vigil\u00e2ncia a resid\u00eancias e o investimento em novas tecnologias, como as armadilhas ovitrampas.<\/p>\n<p>A Secretaria de Sa\u00fade elaborou tamb\u00e9m o Plano para Enfrentamento da Dengue e outras Arboviroses para os anos de 2024 a 2027. O objetivo \u00e9 maximizar as a\u00e7\u00f5es no combate \u00e0s doen\u00e7as, reduzir casos e mortes decorrentes de dengue, diminuir o tempo de resposta do enfrentamento e minimizar as dificuldades decorrentes da sazonalidade, assim como os riscos de epidemia. As a\u00e7\u00f5es contam com a articula\u00e7\u00e3o e apoio de outros \u00f3rg\u00e3os do GDF.<\/p>\n<p>Entretanto, nada disso \u00e9 totalmente eficaz se a popula\u00e7\u00e3o n\u00e3o fizer a parte dela. A participa\u00e7\u00e3o da comunidade no combate ao mosquito e \u00e0 doen\u00e7a \u00e9 essencial. Durante a passagem do fumac\u00ea, \u00e9 recomendado que, ao ouvir o aviso sonoro dos ve\u00edculos, os moradores abram portas e janelas. \u201c\u00c9 importante que pelo menos uma pequena parcela do produto entre nas casas e elimine os mosquitos residenciais\u201d, recomenda o coordenador da Dival.<\/p>\n<p>A Diretoria destaca que a pulveriza\u00e7\u00e3o do fumac\u00ea tem hor\u00e1rios espec\u00edficos, das 17h30 \u00e0s 22h e das 5h \u00e0s 10h, acompanhando os h\u00e1bitos do mosquito e atendendo a recomenda\u00e7\u00e3o da Secretaria de Sa\u00fade e do Minist\u00e9rio da Sa\u00fade.<\/p>\n<p>A popula\u00e7\u00e3o tamb\u00e9m deve retirar objetos que possam acumular \u00e1gua das \u00e1reas externas, como latas, garrafas, pneus, potes e brinquedos. Al\u00e9m disso, \u00e9 importante prestar aten\u00e7\u00e3o aos vasos de plantas, colocando areia at\u00e9 a borda; \u00e0s calhas, que devem ser mantidas desobstru\u00eddas; e \u00e0s caixas d\u2019\u00e1gua, que devem estar tampadas. O objetivo \u00e9 evitar que esses itens se tornem dep\u00f3sitos para os ovos do Aedes aegypti.Para comunicar a Vigil\u00e2ncia Ambiental sobre focos no entorno de suas casas, basta ligar no telefone 160.<\/p>\n<p>De acordo com o Boletim Epidemiol\u00f3gico 46 de 2023, at\u00e9 a semana epidemiol\u00f3gica 51, foram registrados 49.426 casos suspeitos de dengue, dos quais 37.698 eram prov\u00e1veis. Os n\u00fameros representam uma redu\u00e7\u00e3o de mais de 49,2% em rela\u00e7\u00e3o ao mesmo per\u00edodo do ano passado, que contabilizou 69.991 casos prov\u00e1veis da doen\u00e7a no DF. No mesmo per\u00edodo, o registro soma dez casos graves e um \u00f3bito causado pela dengue.<\/p>\n","protected":false},"excerpt":{"rendered":"<p>Com o in\u00edcio do per\u00edodo de chuvas, o Governo do Distrito Federal est\u00e1 intensificando o combate ao mosquito Aedes aegypti. Nesta primeira semana de janeiro, o fumac\u00ea, uma das principais estrat\u00e9gias para reduzir a prolifera\u00e7\u00e3o do mosquito transmissor da dengue, zika v\u00edrus, chikungunya e febre amarela, tem percorrido as cidades, aplicando o inseticida nas ruas. [&hellip;]<\/p>\n","protected":false},"author":2,"featured_media":320151,"comment_status":"closed","ping_status":"closed","sticky":false,"template":"","format":"standard","meta":{"_acf_changed":false,"footnotes":""},"categories":[161],"tags":[],"class_list":["post-320150","post","type-post","status-publish","format-standard","has-post-thumbnail","hentry","category-quadradinho-em-foco"],"acf":[],"yoast_head":"<!-- This site is optimized with the Yoast SEO plugin v27.2 - https:\/\/yoast.com\/product\/yoast-seo-wordpress\/ -->\n<title>Fumac\u00ea entra em a\u00e7\u00e3o e mosquito da dengue foge voando - Notibras<\/title>\n<meta name=\"robots\" content=\"index, follow, max-snippet:-1, max-image-preview:large, max-video-preview:-1\" \/>\n<link rel=\"canonical\" href=\"https:\/\/www.notibras.com\/site\/fumace-entra-em-acao-e-mosquito-da-dengue-foge-voando\/\" \/>\n<meta property=\"og:locale\" content=\"pt_BR\" \/>\n<meta property=\"og:type\" content=\"article\" \/>\n<meta property=\"og:title\" content=\"Fumac\u00ea entra em a\u00e7\u00e3o e mosquito da dengue foge voando - Notibras\" \/>\n<meta property=\"og:description\" content=\"Com o in\u00edcio do per\u00edodo de chuvas, o Governo do Distrito Federal est\u00e1 intensificando o combate ao mosquito Aedes aegypti. Nesta primeira semana de janeiro, o fumac\u00ea, uma das principais estrat\u00e9gias para reduzir a prolifera\u00e7\u00e3o do mosquito transmissor da dengue, zika v\u00edrus, chikungunya e febre amarela, tem percorrido as cidades, aplicando o inseticida nas ruas. [&hellip;]\" \/>\n<meta property=\"og:url\" content=\"https:\/\/www.notibras.com\/site\/fumace-entra-em-acao-e-mosquito-da-dengue-foge-voando\/\" \/>\n<meta property=\"og:site_name\" content=\"Notibras\" \/>\n<meta property=\"article:publisher\" content=\"https:\/\/www.facebook.com\/notibras\/\" \/>\n<meta property=\"article:published_time\" content=\"2024-01-05T03:01:50+00:00\" \/>\n<meta property=\"article:modified_time\" content=\"2024-01-05T11:03:57+00:00\" \/>\n<meta property=\"og:image\" content=\"https:\/\/www.notibras.com\/site\/wp-content\/uploads\/2024\/01\/Foto-Lucio-Bernardo-Jr-2-2-1536x1020-1.jpg\" \/>\n\t<meta property=\"og:image:width\" content=\"1536\" \/>\n\t<meta property=\"og:image:height\" content=\"1020\" \/>\n\t<meta property=\"og:image:type\" content=\"image\/jpeg\" \/>\n<meta name=\"author\" content=\"Reda\u00e7\u00e3o\" \/>\n<meta name=\"twitter:card\" content=\"summary_large_image\" \/>\n<meta name=\"twitter:creator\" content=\"@Notibras\" \/>\n<meta name=\"twitter:site\" content=\"@Notibras\" \/>\n<meta name=\"twitter:label1\" content=\"Escrito por\" \/>\n\t<meta name=\"twitter:data1\" content=\"Reda\u00e7\u00e3o\" \/>\n\t<meta name=\"twitter:label2\" content=\"Est. tempo de leitura\" \/>\n\t<meta name=\"twitter:data2\" content=\"4 minutos\" \/>\n<script type=\"application\/ld+json\" class=\"yoast-schema-graph\">{\"@context\":\"https:\/\/schema.org\",\"@graph\":[{\"@type\":\"Article\",\"@id\":\"https:\/\/www.notibras.com\/site\/fumace-entra-em-acao-e-mosquito-da-dengue-foge-voando\/#article\",\"isPartOf\":{\"@id\":\"https:\/\/www.notibras.com\/site\/fumace-entra-em-acao-e-mosquito-da-dengue-foge-voando\/\"},\"author\":{\"name\":\"Reda\u00e7\u00e3o\",\"@id\":\"https:\/\/www.notibras.com\/site\/#\/schema\/person\/36ab0979449956132d3e5b517ea76ac8\"},\"headline\":\"Fumac\u00ea entra em a\u00e7\u00e3o e mosquito da dengue foge voando\",\"datePublished\":\"2024-01-05T03:01:50+00:00\",\"dateModified\":\"2024-01-05T11:03:57+00:00\",\"mainEntityOfPage\":{\"@id\":\"https:\/\/www.notibras.com\/site\/fumace-entra-em-acao-e-mosquito-da-dengue-foge-voando\/\"},\"wordCount\":740,\"publisher\":{\"@id\":\"https:\/\/www.notibras.com\/site\/#organization\"},\"image\":{\"@id\":\"https:\/\/www.notibras.com\/site\/fumace-entra-em-acao-e-mosquito-da-dengue-foge-voando\/#primaryimage\"},\"thumbnailUrl\":\"https:\/\/www.notibras.com\/site\/wp-content\/uploads\/2024\/01\/Foto-Lucio-Bernardo-Jr-2-2-1536x1020-1.jpg\",\"articleSection\":[\"Quadradinho em Foco\"],\"inLanguage\":\"pt-BR\"},{\"@type\":\"WebPage\",\"@id\":\"https:\/\/www.notibras.com\/site\/fumace-entra-em-acao-e-mosquito-da-dengue-foge-voando\/\",\"url\":\"https:\/\/www.notibras.com\/site\/fumace-entra-em-acao-e-mosquito-da-dengue-foge-voando\/\",\"name\":\"Fumac\u00ea entra em a\u00e7\u00e3o e mosquito da dengue foge voando - Notibras\",\"isPartOf\":{\"@id\":\"https:\/\/www.notibras.com\/site\/#website\"},\"primaryImageOfPage\":{\"@id\":\"https:\/\/www.notibras.com\/site\/fumace-entra-em-acao-e-mosquito-da-dengue-foge-voando\/#primaryimage\"},\"image\":{\"@id\":\"https:\/\/www.notibras.com\/site\/fumace-entra-em-acao-e-mosquito-da-dengue-foge-voando\/#primaryimage\"},\"thumbnailUrl\":\"https:\/\/www.notibras.com\/site\/wp-content\/uploads\/2024\/01\/Foto-Lucio-Bernardo-Jr-2-2-1536x1020-1.jpg\",\"datePublished\":\"2024-01-05T03:01:50+00:00\",\"dateModified\":\"2024-01-05T11:03:57+00:00\",\"breadcrumb\":{\"@id\":\"https:\/\/www.notibras.com\/site\/fumace-entra-em-acao-e-mosquito-da-dengue-foge-voando\/#breadcrumb\"},\"inLanguage\":\"pt-BR\",\"potentialAction\":[{\"@type\":\"ReadAction\",\"target\":[\"https:\/\/www.notibras.com\/site\/fumace-entra-em-acao-e-mosquito-da-dengue-foge-voando\/\"]}]},{\"@type\":\"ImageObject\",\"inLanguage\":\"pt-BR\",\"@id\":\"https:\/\/www.notibras.com\/site\/fumace-entra-em-acao-e-mosquito-da-dengue-foge-voando\/#primaryimage\",\"url\":\"https:\/\/www.notibras.com\/site\/wp-content\/uploads\/2024\/01\/Foto-Lucio-Bernardo-Jr-2-2-1536x1020-1.jpg\",\"contentUrl\":\"https:\/\/www.notibras.com\/site\/wp-content\/uploads\/2024\/01\/Foto-Lucio-Bernardo-Jr-2-2-1536x1020-1.jpg\",\"width\":1536,\"height\":1020},{\"@type\":\"BreadcrumbList\",\"@id\":\"https:\/\/www.notibras.com\/site\/fumace-entra-em-acao-e-mosquito-da-dengue-foge-voando\/#breadcrumb\",\"itemListElement\":[{\"@type\":\"ListItem\",\"position\":1,\"name\":\"In\u00edcio\",\"item\":\"https:\/\/www.notibras.com\/site\/\"},{\"@type\":\"ListItem\",\"position\":2,\"name\":\"Fumac\u00ea entra em a\u00e7\u00e3o e mosquito da dengue foge voando\"}]},{\"@type\":\"WebSite\",\"@id\":\"https:\/\/www.notibras.com\/site\/#website\",\"url\":\"https:\/\/www.notibras.com\/site\/\",\"name\":\"Notibras\",\"description\":\"Not\u00edcias de Bras\u00edlia, do Brasil e do Mundo\",\"publisher\":{\"@id\":\"https:\/\/www.notibras.com\/site\/#organization\"},\"potentialAction\":[{\"@type\":\"SearchAction\",\"target\":{\"@type\":\"EntryPoint\",\"urlTemplate\":\"https:\/\/www.notibras.com\/site\/?s={search_term_string}\"},\"query-input\":{\"@type\":\"PropertyValueSpecification\",\"valueRequired\":true,\"valueName\":\"search_term_string\"}}],\"inLanguage\":\"pt-BR\"},{\"@type\":\"Organization\",\"@id\":\"https:\/\/www.notibras.com\/site\/#organization\",\"name\":\"Grupo Notibras de Comunica\u00e7\u00e3o\",\"url\":\"https:\/\/www.notibras.com\/site\/\",\"logo\":{\"@type\":\"ImageObject\",\"inLanguage\":\"pt-BR\",\"@id\":\"https:\/\/www.notibras.com\/site\/#\/schema\/logo\/image\/\",\"url\":\"https:\/\/www.notibras.com\/site\/wp-content\/uploads\/2023\/01\/notibras23.png\",\"contentUrl\":\"https:\/\/www.notibras.com\/site\/wp-content\/uploads\/2023\/01\/notibras23.png\",\"width\":350,\"height\":87,\"caption\":\"Grupo Notibras de Comunica\u00e7\u00e3o\"},\"image\":{\"@id\":\"https:\/\/www.notibras.com\/site\/#\/schema\/logo\/image\/\"},\"sameAs\":[\"https:\/\/www.facebook.com\/notibras\/\",\"https:\/\/x.com\/Notibras\",\"https:\/\/www.instagram.com\/notibras\/\"]},{\"@type\":\"Person\",\"@id\":\"https:\/\/www.notibras.com\/site\/#\/schema\/person\/36ab0979449956132d3e5b517ea76ac8\",\"name\":\"Reda\u00e7\u00e3o\",\"image\":{\"@type\":\"ImageObject\",\"inLanguage\":\"pt-BR\",\"@id\":\"https:\/\/secure.gravatar.com\/avatar\/e0a867bdedb85fd243eadf09663511f96fc81e0720a4a42581f334ad4303aa6b?s=96&d=mm&r=g\",\"url\":\"https:\/\/secure.gravatar.com\/avatar\/e0a867bdedb85fd243eadf09663511f96fc81e0720a4a42581f334ad4303aa6b?s=96&d=mm&r=g\",\"contentUrl\":\"https:\/\/secure.gravatar.com\/avatar\/e0a867bdedb85fd243eadf09663511f96fc81e0720a4a42581f334ad4303aa6b?s=96&d=mm&r=g\",\"caption\":\"Reda\u00e7\u00e3o\"}}]}<\/script>\n<!-- \/ Yoast SEO plugin. -->","yoast_head_json":{"title":"Fumac\u00ea entra em a\u00e7\u00e3o e mosquito da dengue foge voando - Notibras","robots":{"index":"index","follow":"follow","max-snippet":"max-snippet:-1","max-image-preview":"max-image-preview:large","max-video-preview":"max-video-preview:-1"},"canonical":"https:\/\/www.notibras.com\/site\/fumace-entra-em-acao-e-mosquito-da-dengue-foge-voando\/","og_locale":"pt_BR","og_type":"article","og_title":"Fumac\u00ea entra em a\u00e7\u00e3o e mosquito da dengue foge voando - Notibras","og_description":"Com o in\u00edcio do per\u00edodo de chuvas, o Governo do Distrito Federal est\u00e1 intensificando o combate ao mosquito Aedes aegypti. Nesta primeira semana de janeiro, o fumac\u00ea, uma das principais estrat\u00e9gias para reduzir a prolifera\u00e7\u00e3o do mosquito transmissor da dengue, zika v\u00edrus, chikungunya e febre amarela, tem percorrido as cidades, aplicando o inseticida nas ruas. [&hellip;]","og_url":"https:\/\/www.notibras.com\/site\/fumace-entra-em-acao-e-mosquito-da-dengue-foge-voando\/","og_site_name":"Notibras","article_publisher":"https:\/\/www.facebook.com\/notibras\/","article_published_time":"2024-01-05T03:01:50+00:00","article_modified_time":"2024-01-05T11:03:57+00:00","og_image":[{"width":1536,"height":1020,"url":"https:\/\/www.notibras.com\/site\/wp-content\/uploads\/2024\/01\/Foto-Lucio-Bernardo-Jr-2-2-1536x1020-1.jpg","type":"image\/jpeg"}],"author":"Reda\u00e7\u00e3o","twitter_card":"summary_large_image","twitter_creator":"@Notibras","twitter_site":"@Notibras","twitter_misc":{"Escrito por":"Reda\u00e7\u00e3o","Est. tempo de leitura":"4 minutos"},"schema":{"@context":"https:\/\/schema.org","@graph":[{"@type":"Article","@id":"https:\/\/www.notibras.com\/site\/fumace-entra-em-acao-e-mosquito-da-dengue-foge-voando\/#article","isPartOf":{"@id":"https:\/\/www.notibras.com\/site\/fumace-entra-em-acao-e-mosquito-da-dengue-foge-voando\/"},"author":{"name":"Reda\u00e7\u00e3o","@id":"https:\/\/www.notibras.com\/site\/#\/schema\/person\/36ab0979449956132d3e5b517ea76ac8"},"headline":"Fumac\u00ea entra em a\u00e7\u00e3o e mosquito da dengue foge voando","datePublished":"2024-01-05T03:01:50+00:00","dateModified":"2024-01-05T11:03:57+00:00","mainEntityOfPage":{"@id":"https:\/\/www.notibras.com\/site\/fumace-entra-em-acao-e-mosquito-da-dengue-foge-voando\/"},"wordCount":740,"publisher":{"@id":"https:\/\/www.notibras.com\/site\/#organization"},"image":{"@id":"https:\/\/www.notibras.com\/site\/fumace-entra-em-acao-e-mosquito-da-dengue-foge-voando\/#primaryimage"},"thumbnailUrl":"https:\/\/www.notibras.com\/site\/wp-content\/uploads\/2024\/01\/Foto-Lucio-Bernardo-Jr-2-2-1536x1020-1.jpg","articleSection":["Quadradinho em Foco"],"inLanguage":"pt-BR"},{"@type":"WebPage","@id":"https:\/\/www.notibras.com\/site\/fumace-entra-em-acao-e-mosquito-da-dengue-foge-voando\/","url":"https:\/\/www.notibras.com\/site\/fumace-entra-em-acao-e-mosquito-da-dengue-foge-voando\/","name":"Fumac\u00ea entra em a\u00e7\u00e3o e mosquito da dengue foge voando - Notibras","isPartOf":{"@id":"https:\/\/www.notibras.com\/site\/#website"},"primaryImageOfPage":{"@id":"https:\/\/www.notibras.com\/site\/fumace-entra-em-acao-e-mosquito-da-dengue-foge-voando\/#primaryimage"},"image":{"@id":"https:\/\/www.notibras.com\/site\/fumace-entra-em-acao-e-mosquito-da-dengue-foge-voando\/#primaryimage"},"thumbnailUrl":"https:\/\/www.notibras.com\/site\/wp-content\/uploads\/2024\/01\/Foto-Lucio-Bernardo-Jr-2-2-1536x1020-1.jpg","datePublished":"2024-01-05T03:01:50+00:00","dateModified":"2024-01-05T11:03:57+00:00","breadcrumb":{"@id":"https:\/\/www.notibras.com\/site\/fumace-entra-em-acao-e-mosquito-da-dengue-foge-voando\/#breadcrumb"},"inLanguage":"pt-BR","potentialAction":[{"@type":"ReadAction","target":["https:\/\/www.notibras.com\/site\/fumace-entra-em-acao-e-mosquito-da-dengue-foge-voando\/"]}]},{"@type":"ImageObject","inLanguage":"pt-BR","@id":"https:\/\/www.notibras.com\/site\/fumace-entra-em-acao-e-mosquito-da-dengue-foge-voando\/#primaryimage","url":"https:\/\/www.notibras.com\/site\/wp-content\/uploads\/2024\/01\/Foto-Lucio-Bernardo-Jr-2-2-1536x1020-1.jpg","contentUrl":"https:\/\/www.notibras.com\/site\/wp-content\/uploads\/2024\/01\/Foto-Lucio-Bernardo-Jr-2-2-1536x1020-1.jpg","width":1536,"height":1020},{"@type":"BreadcrumbList","@id":"https:\/\/www.notibras.com\/site\/fumace-entra-em-acao-e-mosquito-da-dengue-foge-voando\/#breadcrumb","itemListElement":[{"@type":"ListItem","position":1,"name":"In\u00edcio","item":"https:\/\/www.notibras.com\/site\/"},{"@type":"ListItem","position":2,"name":"Fumac\u00ea entra em a\u00e7\u00e3o e mosquito da dengue foge voando"}]},{"@type":"WebSite","@id":"https:\/\/www.notibras.com\/site\/#website","url":"https:\/\/www.notibras.com\/site\/","name":"Notibras","description":"Not\u00edcias de Bras\u00edlia, do Brasil e do Mundo","publisher":{"@id":"https:\/\/www.notibras.com\/site\/#organization"},"potentialAction":[{"@type":"SearchAction","target":{"@type":"EntryPoint","urlTemplate":"https:\/\/www.notibras.com\/site\/?s={search_term_string}"},"query-input":{"@type":"PropertyValueSpecification","valueRequired":true,"valueName":"search_term_string"}}],"inLanguage":"pt-BR"},{"@type":"Organization","@id":"https:\/\/www.notibras.com\/site\/#organization","name":"Grupo Notibras de Comunica\u00e7\u00e3o","url":"https:\/\/www.notibras.com\/site\/","logo":{"@type":"ImageObject","inLanguage":"pt-BR","@id":"https:\/\/www.notibras.com\/site\/#\/schema\/logo\/image\/","url":"https:\/\/www.notibras.com\/site\/wp-content\/uploads\/2023\/01\/notibras23.png","contentUrl":"https:\/\/www.notibras.com\/site\/wp-content\/uploads\/2023\/01\/notibras23.png","width":350,"height":87,"caption":"Grupo Notibras de Comunica\u00e7\u00e3o"},"image":{"@id":"https:\/\/www.notibras.com\/site\/#\/schema\/logo\/image\/"},"sameAs":["https:\/\/www.facebook.com\/notibras\/","https:\/\/x.com\/Notibras","https:\/\/www.instagram.com\/notibras\/"]},{"@type":"Person","@id":"https:\/\/www.notibras.com\/site\/#\/schema\/person\/36ab0979449956132d3e5b517ea76ac8","name":"Reda\u00e7\u00e3o","image":{"@type":"ImageObject","inLanguage":"pt-BR","@id":"https:\/\/secure.gravatar.com\/avatar\/e0a867bdedb85fd243eadf09663511f96fc81e0720a4a42581f334ad4303aa6b?s=96&d=mm&r=g","url":"https:\/\/secure.gravatar.com\/avatar\/e0a867bdedb85fd243eadf09663511f96fc81e0720a4a42581f334ad4303aa6b?s=96&d=mm&r=g","contentUrl":"https:\/\/secure.gravatar.com\/avatar\/e0a867bdedb85fd243eadf09663511f96fc81e0720a4a42581f334ad4303aa6b?s=96&d=mm&r=g","caption":"Reda\u00e7\u00e3o"}}]}},"amp_enabled":true,"_links":{"self":[{"href":"https:\/\/www.notibras.com\/site\/wp-json\/wp\/v2\/posts\/320150","targetHints":{"allow":["GET"]}}],"collection":[{"href":"https:\/\/www.notibras.com\/site\/wp-json\/wp\/v2\/posts"}],"about":[{"href":"https:\/\/www.notibras.com\/site\/wp-json\/wp\/v2\/types\/post"}],"author":[{"embeddable":true,"href":"https:\/\/www.notibras.com\/site\/wp-json\/wp\/v2\/users\/2"}],"replies":[{"embeddable":true,"href":"https:\/\/www.notibras.com\/site\/wp-json\/wp\/v2\/comments?post=320150"}],"version-history":[{"count":1,"href":"https:\/\/www.notibras.com\/site\/wp-json\/wp\/v2\/posts\/320150\/revisions"}],"predecessor-version":[{"id":320152,"href":"https:\/\/www.notibras.com\/site\/wp-json\/wp\/v2\/posts\/320150\/revisions\/320152"}],"wp:featuredmedia":[{"embeddable":true,"href":"https:\/\/www.notibras.com\/site\/wp-json\/wp\/v2\/media\/320151"}],"wp:attachment":[{"href":"https:\/\/www.notibras.com\/site\/wp-json\/wp\/v2\/media?parent=320150"}],"wp:term":[{"taxonomy":"category","embeddable":true,"href":"https:\/\/www.notibras.com\/site\/wp-json\/wp\/v2\/categories?post=320150"},{"taxonomy":"post_tag","embeddable":true,"href":"https:\/\/www.notibras.com\/site\/wp-json\/wp\/v2\/tags?post=320150"}],"curies":[{"name":"wp","href":"https:\/\/api.w.org\/{rel}","templated":true}]}}