{"id":320156,"date":"2024-01-05T15:45:38","date_gmt":"2024-01-05T18:45:38","guid":{"rendered":"https:\/\/www.notibras.com\/site\/?p=320156"},"modified":"2024-01-05T15:45:38","modified_gmt":"2024-01-05T18:45:38","slug":"brasilia-tera-museu-para-mostrar-que-democracia-esta-no-sangue","status":"publish","type":"post","link":"https:\/\/www.notibras.com\/site\/brasilia-tera-museu-para-mostrar-que-democracia-esta-no-sangue\/","title":{"rendered":"Bras\u00edlia ter\u00e1 museu para mostrar que democracia est\u00e1 no sangue"},"content":{"rendered":"<p>O governo federal cedeu \u00e1rea na Esplanada dos Minist\u00e9rios, para a constru\u00e7\u00e3o do Museu da Democracia. Ser\u00e3o investidos R$ 40 milh\u00f5es no empreendimento, com recursos do Programa de Acelera\u00e7\u00e3o do Crescimento (PAC).<\/p>\n<p>Em comunicado publicado nesta sexta-feira (5), o Minist\u00e9rio da Cultura (MinC) informou que, desde o in\u00edcio de 2023, ap\u00f3s os ataques antidemocr\u00e1ticos de 8 de janeiro, vem trabalhando para viabilizar a constru\u00e7\u00e3o do museu. O local foi definido ap\u00f3s tratativas entre o MinC e a Secretaria de Patrim\u00f4nio da Uni\u00e3o.<\/p>\n<p>O terreno est\u00e1 localizado no setor cultural, lado norte da Esplanada dos Minist\u00e9rios, ao lado do Teatro Nacional Claudio Santoro. A destina\u00e7\u00e3o da \u00e1rea ser\u00e1 formalizada nos pr\u00f3ximos dias. Na sequ\u00eancia, o MinC e o Instituto Brasileiro de Museus (Ibram) devem lan\u00e7ar concurso nacional para escolher o projeto arquitet\u00f4nico do espa\u00e7o. Apenas ap\u00f3s essa etapa ser\u00e1 poss\u00edvel licitar a execu\u00e7\u00e3o da obra, com expectativa para ser iniciada em 2025.<\/p>\n<p><strong>Institui\u00e7\u00e3o plural<\/strong><br \/>\nDe acordo com o MinC, o museu ser\u00e1 constru\u00eddo \u201ccom a uni\u00e3o dos setores democr\u00e1ticos do pa\u00eds\u201d e n\u00e3o estar\u00e1 ligado a um setor pol\u00edtico. \u201cO intuito \u00e9 que seja uma institui\u00e7\u00e3o c\u00edvica, plural e constru\u00edda em sintonia com todos aqueles que apoiam a democracia\u201d, diz a nota.<\/p>\n<p>\u201cAl\u00e9m disso, a institucionaliza\u00e7\u00e3o do Museu da Democracia dever\u00e1 ser pautada por um processo participativo de consultas com especialistas, representantes de coletivos e entidades reconhecidamente engajadas em processos culturais e educativos voltados \u00e0 valoriza\u00e7\u00e3o da democracia e dos direitos humanos\u201d, acrescentou o MinC.<\/p>\n<p>Na pr\u00f3xima segunda-feira (8), o Ibram tamb\u00e9m lan\u00e7ar\u00e1 o reposit\u00f3rio do Museu da Democracia, um ambiente virtual para sistematizar, organizar e difundir um cat\u00e1logo de mem\u00f3ria e desenvolvimento de cole\u00e7\u00f5es da sociedade civil sobre a democracia contempor\u00e2nea do pa\u00eds.<\/p>\n<p>\u201cAl\u00e9m de abrigar um memorial sobre os ataques antidemocr\u00e1ticos do ano passado, o reposit\u00f3rio servir\u00e1 de base para uma campanha para mobilizar museus e pontos de mem\u00f3ria a refletirem enquanto agentes de um estado democr\u00e1tico e protagonistas de sua pr\u00f3pria hist\u00f3ria, de maneira a enfatizar a import\u00e2ncia da participa\u00e7\u00e3o e do envolvimento social pela constru\u00e7\u00e3o de direitos em n\u00edvel local\u201d, explicou o MinC.<\/p>\n","protected":false},"excerpt":{"rendered":"<p>O governo federal cedeu \u00e1rea na Esplanada dos Minist\u00e9rios, para a constru\u00e7\u00e3o do Museu da Democracia. Ser\u00e3o investidos R$ 40 milh\u00f5es no empreendimento, com recursos do Programa de Acelera\u00e7\u00e3o do Crescimento (PAC). Em comunicado publicado nesta sexta-feira (5), o Minist\u00e9rio da Cultura (MinC) informou que, desde o in\u00edcio de 2023, ap\u00f3s os ataques antidemocr\u00e1ticos de [&hellip;]<\/p>\n","protected":false},"author":2,"featured_media":320157,"comment_status":"closed","ping_status":"closed","sticky":false,"template":"","format":"standard","meta":{"_acf_changed":false,"footnotes":""},"categories":[161],"tags":[95],"class_list":["post-320156","post","type-post","status-publish","format-standard","has-post-thumbnail","hentry","category-quadradinho-em-foco","tag-capa"],"acf":[],"yoast_head":"<!-- This site is optimized with the Yoast SEO plugin v27.2 - https:\/\/yoast.com\/product\/yoast-seo-wordpress\/ -->\n<title>Bras\u00edlia ter\u00e1 museu para mostrar que democracia est\u00e1 no sangue - Notibras<\/title>\n<meta name=\"robots\" content=\"index, follow, max-snippet:-1, max-image-preview:large, max-video-preview:-1\" \/>\n<link rel=\"canonical\" href=\"https:\/\/www.notibras.com\/site\/brasilia-tera-museu-para-mostrar-que-democracia-esta-no-sangue\/\" \/>\n<meta property=\"og:locale\" content=\"pt_BR\" \/>\n<meta property=\"og:type\" content=\"article\" \/>\n<meta property=\"og:title\" content=\"Bras\u00edlia ter\u00e1 museu para mostrar que democracia est\u00e1 no sangue - Notibras\" \/>\n<meta property=\"og:description\" content=\"O governo federal cedeu \u00e1rea na Esplanada dos Minist\u00e9rios, para a constru\u00e7\u00e3o do Museu da Democracia. Ser\u00e3o investidos R$ 40 milh\u00f5es no empreendimento, com recursos do Programa de Acelera\u00e7\u00e3o do Crescimento (PAC). Em comunicado publicado nesta sexta-feira (5), o Minist\u00e9rio da Cultura (MinC) informou que, desde o in\u00edcio de 2023, ap\u00f3s os ataques antidemocr\u00e1ticos de [&hellip;]\" \/>\n<meta property=\"og:url\" content=\"https:\/\/www.notibras.com\/site\/brasilia-tera-museu-para-mostrar-que-democracia-esta-no-sangue\/\" \/>\n<meta property=\"og:site_name\" content=\"Notibras\" \/>\n<meta property=\"article:publisher\" content=\"https:\/\/www.facebook.com\/notibras\/\" \/>\n<meta property=\"article:published_time\" content=\"2024-01-05T18:45:38+00:00\" \/>\n<meta property=\"og:image\" content=\"https:\/\/www.notibras.com\/site\/wp-content\/uploads\/2024\/01\/museudemo.webp\" \/>\n\t<meta property=\"og:image:width\" content=\"1170\" \/>\n\t<meta property=\"og:image:height\" content=\"700\" \/>\n\t<meta property=\"og:image:type\" content=\"image\/webp\" \/>\n<meta name=\"author\" content=\"Reda\u00e7\u00e3o\" \/>\n<meta name=\"twitter:card\" content=\"summary_large_image\" \/>\n<meta name=\"twitter:creator\" content=\"@Notibras\" \/>\n<meta name=\"twitter:site\" content=\"@Notibras\" \/>\n<meta name=\"twitter:label1\" content=\"Escrito por\" \/>\n\t<meta name=\"twitter:data1\" content=\"Reda\u00e7\u00e3o\" \/>\n\t<meta name=\"twitter:label2\" content=\"Est. tempo de leitura\" \/>\n\t<meta name=\"twitter:data2\" content=\"2 minutos\" \/>\n<script type=\"application\/ld+json\" class=\"yoast-schema-graph\">{\"@context\":\"https:\/\/schema.org\",\"@graph\":[{\"@type\":\"Article\",\"@id\":\"https:\/\/www.notibras.com\/site\/brasilia-tera-museu-para-mostrar-que-democracia-esta-no-sangue\/#article\",\"isPartOf\":{\"@id\":\"https:\/\/www.notibras.com\/site\/brasilia-tera-museu-para-mostrar-que-democracia-esta-no-sangue\/\"},\"author\":{\"name\":\"Reda\u00e7\u00e3o\",\"@id\":\"https:\/\/www.notibras.com\/site\/#\/schema\/person\/36ab0979449956132d3e5b517ea76ac8\"},\"headline\":\"Bras\u00edlia ter\u00e1 museu para mostrar que democracia est\u00e1 no sangue\",\"datePublished\":\"2024-01-05T18:45:38+00:00\",\"mainEntityOfPage\":{\"@id\":\"https:\/\/www.notibras.com\/site\/brasilia-tera-museu-para-mostrar-que-democracia-esta-no-sangue\/\"},\"wordCount\":405,\"publisher\":{\"@id\":\"https:\/\/www.notibras.com\/site\/#organization\"},\"image\":{\"@id\":\"https:\/\/www.notibras.com\/site\/brasilia-tera-museu-para-mostrar-que-democracia-esta-no-sangue\/#primaryimage\"},\"thumbnailUrl\":\"https:\/\/www.notibras.com\/site\/wp-content\/uploads\/2024\/01\/museudemo.webp\",\"keywords\":[\"capa\"],\"articleSection\":[\"Quadradinho em Foco\"],\"inLanguage\":\"pt-BR\"},{\"@type\":\"WebPage\",\"@id\":\"https:\/\/www.notibras.com\/site\/brasilia-tera-museu-para-mostrar-que-democracia-esta-no-sangue\/\",\"url\":\"https:\/\/www.notibras.com\/site\/brasilia-tera-museu-para-mostrar-que-democracia-esta-no-sangue\/\",\"name\":\"Bras\u00edlia ter\u00e1 museu para mostrar que democracia est\u00e1 no sangue - Notibras\",\"isPartOf\":{\"@id\":\"https:\/\/www.notibras.com\/site\/#website\"},\"primaryImageOfPage\":{\"@id\":\"https:\/\/www.notibras.com\/site\/brasilia-tera-museu-para-mostrar-que-democracia-esta-no-sangue\/#primaryimage\"},\"image\":{\"@id\":\"https:\/\/www.notibras.com\/site\/brasilia-tera-museu-para-mostrar-que-democracia-esta-no-sangue\/#primaryimage\"},\"thumbnailUrl\":\"https:\/\/www.notibras.com\/site\/wp-content\/uploads\/2024\/01\/museudemo.webp\",\"datePublished\":\"2024-01-05T18:45:38+00:00\",\"breadcrumb\":{\"@id\":\"https:\/\/www.notibras.com\/site\/brasilia-tera-museu-para-mostrar-que-democracia-esta-no-sangue\/#breadcrumb\"},\"inLanguage\":\"pt-BR\",\"potentialAction\":[{\"@type\":\"ReadAction\",\"target\":[\"https:\/\/www.notibras.com\/site\/brasilia-tera-museu-para-mostrar-que-democracia-esta-no-sangue\/\"]}]},{\"@type\":\"ImageObject\",\"inLanguage\":\"pt-BR\",\"@id\":\"https:\/\/www.notibras.com\/site\/brasilia-tera-museu-para-mostrar-que-democracia-esta-no-sangue\/#primaryimage\",\"url\":\"https:\/\/www.notibras.com\/site\/wp-content\/uploads\/2024\/01\/museudemo.webp\",\"contentUrl\":\"https:\/\/www.notibras.com\/site\/wp-content\/uploads\/2024\/01\/museudemo.webp\",\"width\":1170,\"height\":700},{\"@type\":\"BreadcrumbList\",\"@id\":\"https:\/\/www.notibras.com\/site\/brasilia-tera-museu-para-mostrar-que-democracia-esta-no-sangue\/#breadcrumb\",\"itemListElement\":[{\"@type\":\"ListItem\",\"position\":1,\"name\":\"In\u00edcio\",\"item\":\"https:\/\/www.notibras.com\/site\/\"},{\"@type\":\"ListItem\",\"position\":2,\"name\":\"Bras\u00edlia ter\u00e1 museu para mostrar que democracia est\u00e1 no sangue\"}]},{\"@type\":\"WebSite\",\"@id\":\"https:\/\/www.notibras.com\/site\/#website\",\"url\":\"https:\/\/www.notibras.com\/site\/\",\"name\":\"Notibras\",\"description\":\"Not\u00edcias de Bras\u00edlia, do Brasil e do Mundo\",\"publisher\":{\"@id\":\"https:\/\/www.notibras.com\/site\/#organization\"},\"potentialAction\":[{\"@type\":\"SearchAction\",\"target\":{\"@type\":\"EntryPoint\",\"urlTemplate\":\"https:\/\/www.notibras.com\/site\/?s={search_term_string}\"},\"query-input\":{\"@type\":\"PropertyValueSpecification\",\"valueRequired\":true,\"valueName\":\"search_term_string\"}}],\"inLanguage\":\"pt-BR\"},{\"@type\":\"Organization\",\"@id\":\"https:\/\/www.notibras.com\/site\/#organization\",\"name\":\"Grupo Notibras de Comunica\u00e7\u00e3o\",\"url\":\"https:\/\/www.notibras.com\/site\/\",\"logo\":{\"@type\":\"ImageObject\",\"inLanguage\":\"pt-BR\",\"@id\":\"https:\/\/www.notibras.com\/site\/#\/schema\/logo\/image\/\",\"url\":\"https:\/\/www.notibras.com\/site\/wp-content\/uploads\/2023\/01\/notibras23.png\",\"contentUrl\":\"https:\/\/www.notibras.com\/site\/wp-content\/uploads\/2023\/01\/notibras23.png\",\"width\":350,\"height\":87,\"caption\":\"Grupo Notibras de Comunica\u00e7\u00e3o\"},\"image\":{\"@id\":\"https:\/\/www.notibras.com\/site\/#\/schema\/logo\/image\/\"},\"sameAs\":[\"https:\/\/www.facebook.com\/notibras\/\",\"https:\/\/x.com\/Notibras\",\"https:\/\/www.instagram.com\/notibras\/\"]},{\"@type\":\"Person\",\"@id\":\"https:\/\/www.notibras.com\/site\/#\/schema\/person\/36ab0979449956132d3e5b517ea76ac8\",\"name\":\"Reda\u00e7\u00e3o\",\"image\":{\"@type\":\"ImageObject\",\"inLanguage\":\"pt-BR\",\"@id\":\"https:\/\/secure.gravatar.com\/avatar\/e0a867bdedb85fd243eadf09663511f96fc81e0720a4a42581f334ad4303aa6b?s=96&d=mm&r=g\",\"url\":\"https:\/\/secure.gravatar.com\/avatar\/e0a867bdedb85fd243eadf09663511f96fc81e0720a4a42581f334ad4303aa6b?s=96&d=mm&r=g\",\"contentUrl\":\"https:\/\/secure.gravatar.com\/avatar\/e0a867bdedb85fd243eadf09663511f96fc81e0720a4a42581f334ad4303aa6b?s=96&d=mm&r=g\",\"caption\":\"Reda\u00e7\u00e3o\"}}]}<\/script>\n<!-- \/ Yoast SEO plugin. -->","yoast_head_json":{"title":"Bras\u00edlia ter\u00e1 museu para mostrar que democracia est\u00e1 no sangue - Notibras","robots":{"index":"index","follow":"follow","max-snippet":"max-snippet:-1","max-image-preview":"max-image-preview:large","max-video-preview":"max-video-preview:-1"},"canonical":"https:\/\/www.notibras.com\/site\/brasilia-tera-museu-para-mostrar-que-democracia-esta-no-sangue\/","og_locale":"pt_BR","og_type":"article","og_title":"Bras\u00edlia ter\u00e1 museu para mostrar que democracia est\u00e1 no sangue - Notibras","og_description":"O governo federal cedeu \u00e1rea na Esplanada dos Minist\u00e9rios, para a constru\u00e7\u00e3o do Museu da Democracia. Ser\u00e3o investidos R$ 40 milh\u00f5es no empreendimento, com recursos do Programa de Acelera\u00e7\u00e3o do Crescimento (PAC). Em comunicado publicado nesta sexta-feira (5), o Minist\u00e9rio da Cultura (MinC) informou que, desde o in\u00edcio de 2023, ap\u00f3s os ataques antidemocr\u00e1ticos de [&hellip;]","og_url":"https:\/\/www.notibras.com\/site\/brasilia-tera-museu-para-mostrar-que-democracia-esta-no-sangue\/","og_site_name":"Notibras","article_publisher":"https:\/\/www.facebook.com\/notibras\/","article_published_time":"2024-01-05T18:45:38+00:00","og_image":[{"width":1170,"height":700,"url":"https:\/\/www.notibras.com\/site\/wp-content\/uploads\/2024\/01\/museudemo.webp","type":"image\/webp"}],"author":"Reda\u00e7\u00e3o","twitter_card":"summary_large_image","twitter_creator":"@Notibras","twitter_site":"@Notibras","twitter_misc":{"Escrito por":"Reda\u00e7\u00e3o","Est. tempo de leitura":"2 minutos"},"schema":{"@context":"https:\/\/schema.org","@graph":[{"@type":"Article","@id":"https:\/\/www.notibras.com\/site\/brasilia-tera-museu-para-mostrar-que-democracia-esta-no-sangue\/#article","isPartOf":{"@id":"https:\/\/www.notibras.com\/site\/brasilia-tera-museu-para-mostrar-que-democracia-esta-no-sangue\/"},"author":{"name":"Reda\u00e7\u00e3o","@id":"https:\/\/www.notibras.com\/site\/#\/schema\/person\/36ab0979449956132d3e5b517ea76ac8"},"headline":"Bras\u00edlia ter\u00e1 museu para mostrar que democracia est\u00e1 no sangue","datePublished":"2024-01-05T18:45:38+00:00","mainEntityOfPage":{"@id":"https:\/\/www.notibras.com\/site\/brasilia-tera-museu-para-mostrar-que-democracia-esta-no-sangue\/"},"wordCount":405,"publisher":{"@id":"https:\/\/www.notibras.com\/site\/#organization"},"image":{"@id":"https:\/\/www.notibras.com\/site\/brasilia-tera-museu-para-mostrar-que-democracia-esta-no-sangue\/#primaryimage"},"thumbnailUrl":"https:\/\/www.notibras.com\/site\/wp-content\/uploads\/2024\/01\/museudemo.webp","keywords":["capa"],"articleSection":["Quadradinho em Foco"],"inLanguage":"pt-BR"},{"@type":"WebPage","@id":"https:\/\/www.notibras.com\/site\/brasilia-tera-museu-para-mostrar-que-democracia-esta-no-sangue\/","url":"https:\/\/www.notibras.com\/site\/brasilia-tera-museu-para-mostrar-que-democracia-esta-no-sangue\/","name":"Bras\u00edlia ter\u00e1 museu para mostrar que democracia est\u00e1 no sangue - Notibras","isPartOf":{"@id":"https:\/\/www.notibras.com\/site\/#website"},"primaryImageOfPage":{"@id":"https:\/\/www.notibras.com\/site\/brasilia-tera-museu-para-mostrar-que-democracia-esta-no-sangue\/#primaryimage"},"image":{"@id":"https:\/\/www.notibras.com\/site\/brasilia-tera-museu-para-mostrar-que-democracia-esta-no-sangue\/#primaryimage"},"thumbnailUrl":"https:\/\/www.notibras.com\/site\/wp-content\/uploads\/2024\/01\/museudemo.webp","datePublished":"2024-01-05T18:45:38+00:00","breadcrumb":{"@id":"https:\/\/www.notibras.com\/site\/brasilia-tera-museu-para-mostrar-que-democracia-esta-no-sangue\/#breadcrumb"},"inLanguage":"pt-BR","potentialAction":[{"@type":"ReadAction","target":["https:\/\/www.notibras.com\/site\/brasilia-tera-museu-para-mostrar-que-democracia-esta-no-sangue\/"]}]},{"@type":"ImageObject","inLanguage":"pt-BR","@id":"https:\/\/www.notibras.com\/site\/brasilia-tera-museu-para-mostrar-que-democracia-esta-no-sangue\/#primaryimage","url":"https:\/\/www.notibras.com\/site\/wp-content\/uploads\/2024\/01\/museudemo.webp","contentUrl":"https:\/\/www.notibras.com\/site\/wp-content\/uploads\/2024\/01\/museudemo.webp","width":1170,"height":700},{"@type":"BreadcrumbList","@id":"https:\/\/www.notibras.com\/site\/brasilia-tera-museu-para-mostrar-que-democracia-esta-no-sangue\/#breadcrumb","itemListElement":[{"@type":"ListItem","position":1,"name":"In\u00edcio","item":"https:\/\/www.notibras.com\/site\/"},{"@type":"ListItem","position":2,"name":"Bras\u00edlia ter\u00e1 museu para mostrar que democracia est\u00e1 no sangue"}]},{"@type":"WebSite","@id":"https:\/\/www.notibras.com\/site\/#website","url":"https:\/\/www.notibras.com\/site\/","name":"Notibras","description":"Not\u00edcias de Bras\u00edlia, do Brasil e do Mundo","publisher":{"@id":"https:\/\/www.notibras.com\/site\/#organization"},"potentialAction":[{"@type":"SearchAction","target":{"@type":"EntryPoint","urlTemplate":"https:\/\/www.notibras.com\/site\/?s={search_term_string}"},"query-input":{"@type":"PropertyValueSpecification","valueRequired":true,"valueName":"search_term_string"}}],"inLanguage":"pt-BR"},{"@type":"Organization","@id":"https:\/\/www.notibras.com\/site\/#organization","name":"Grupo Notibras de Comunica\u00e7\u00e3o","url":"https:\/\/www.notibras.com\/site\/","logo":{"@type":"ImageObject","inLanguage":"pt-BR","@id":"https:\/\/www.notibras.com\/site\/#\/schema\/logo\/image\/","url":"https:\/\/www.notibras.com\/site\/wp-content\/uploads\/2023\/01\/notibras23.png","contentUrl":"https:\/\/www.notibras.com\/site\/wp-content\/uploads\/2023\/01\/notibras23.png","width":350,"height":87,"caption":"Grupo Notibras de Comunica\u00e7\u00e3o"},"image":{"@id":"https:\/\/www.notibras.com\/site\/#\/schema\/logo\/image\/"},"sameAs":["https:\/\/www.facebook.com\/notibras\/","https:\/\/x.com\/Notibras","https:\/\/www.instagram.com\/notibras\/"]},{"@type":"Person","@id":"https:\/\/www.notibras.com\/site\/#\/schema\/person\/36ab0979449956132d3e5b517ea76ac8","name":"Reda\u00e7\u00e3o","image":{"@type":"ImageObject","inLanguage":"pt-BR","@id":"https:\/\/secure.gravatar.com\/avatar\/e0a867bdedb85fd243eadf09663511f96fc81e0720a4a42581f334ad4303aa6b?s=96&d=mm&r=g","url":"https:\/\/secure.gravatar.com\/avatar\/e0a867bdedb85fd243eadf09663511f96fc81e0720a4a42581f334ad4303aa6b?s=96&d=mm&r=g","contentUrl":"https:\/\/secure.gravatar.com\/avatar\/e0a867bdedb85fd243eadf09663511f96fc81e0720a4a42581f334ad4303aa6b?s=96&d=mm&r=g","caption":"Reda\u00e7\u00e3o"}}]}},"amp_enabled":true,"_links":{"self":[{"href":"https:\/\/www.notibras.com\/site\/wp-json\/wp\/v2\/posts\/320156","targetHints":{"allow":["GET"]}}],"collection":[{"href":"https:\/\/www.notibras.com\/site\/wp-json\/wp\/v2\/posts"}],"about":[{"href":"https:\/\/www.notibras.com\/site\/wp-json\/wp\/v2\/types\/post"}],"author":[{"embeddable":true,"href":"https:\/\/www.notibras.com\/site\/wp-json\/wp\/v2\/users\/2"}],"replies":[{"embeddable":true,"href":"https:\/\/www.notibras.com\/site\/wp-json\/wp\/v2\/comments?post=320156"}],"version-history":[{"count":1,"href":"https:\/\/www.notibras.com\/site\/wp-json\/wp\/v2\/posts\/320156\/revisions"}],"predecessor-version":[{"id":320158,"href":"https:\/\/www.notibras.com\/site\/wp-json\/wp\/v2\/posts\/320156\/revisions\/320158"}],"wp:featuredmedia":[{"embeddable":true,"href":"https:\/\/www.notibras.com\/site\/wp-json\/wp\/v2\/media\/320157"}],"wp:attachment":[{"href":"https:\/\/www.notibras.com\/site\/wp-json\/wp\/v2\/media?parent=320156"}],"wp:term":[{"taxonomy":"category","embeddable":true,"href":"https:\/\/www.notibras.com\/site\/wp-json\/wp\/v2\/categories?post=320156"},{"taxonomy":"post_tag","embeddable":true,"href":"https:\/\/www.notibras.com\/site\/wp-json\/wp\/v2\/tags?post=320156"}],"curies":[{"name":"wp","href":"https:\/\/api.w.org\/{rel}","templated":true}]}}