{"id":320159,"date":"2024-01-05T15:40:13","date_gmt":"2024-01-05T18:40:13","guid":{"rendered":"https:\/\/www.notibras.com\/site\/?p=320159"},"modified":"2024-01-05T16:07:31","modified_gmt":"2024-01-05T19:07:31","slug":"festa-da-vitoria-contra-golpistas-tera-seguranca-especial","status":"publish","type":"post","link":"https:\/\/www.notibras.com\/site\/festa-da-vitoria-contra-golpistas-tera-seguranca-especial\/","title":{"rendered":"Festa da vit\u00f3ria contra golpistas ter\u00e1 seguran\u00e7a especial"},"content":{"rendered":"<p>Mesmo sem identificar amea\u00e7as \u00e0 seguran\u00e7a do evento marcado para a segunda, 8, mais de 2 mil policiais militares devem fazer o patrulhamento ostensivo em Bras\u00edlia, quando um ato marcar\u00e1 a vit\u00f3ria dos democratas contra os golpistas h\u00e1 um ano. O n\u00famero \u00e9 quase quatro vezes superior ao do \u00faltimo dia 8 de janeiro, quando foram empregados 580 PMs na Esplanada, segundo relat\u00f3rio da Comiss\u00e3o Parlamentar Mista de Inqu\u00e9rito (CPMI) que investigou os atos golpistas daquele dia.<\/p>\n<p>A estrat\u00e9gia para a seguran\u00e7a da Esplanada foi definida pelo Minist\u00e9rio da Justi\u00e7a e Seguran\u00e7a P\u00fablica e pelo Governo do Distrito Federal. O protocolo de a\u00e7\u00f5es foi assinado no Pal\u00e1cio do Buriti.<\/p>\n<p>O ministro interino da Justi\u00e7a e Seguran\u00e7a P\u00fablica, Ricardo Cappelli, afirmou que at\u00e9 o momento n\u00e3o h\u00e1 nenhuma informa\u00e7\u00e3o que gere preocupa\u00e7\u00e3o maior. \u201cClaro, isso \u00e9 monitorado dia a dia e todas as provid\u00eancias est\u00e3o sendo tomadas para que tenhamos um dia 8 de celebra\u00e7\u00e3o democr\u00e1tica hist\u00f3rica no Brasil\u201d, destacou.<\/p>\n<p>Cappelli acrescentou que n\u00e3o h\u00e1 hip\u00f3tese do 8 de janeiro de 2023 se repetir porque \u201ca rea\u00e7\u00e3o da sociedade e dos Poderes foi muito forte e essa rea\u00e7\u00e3o estabeleceu um limite muito claro\u201d.<\/p>\n<p>O documento assinado pelos governos federal e do DF \u201cdefine o planejamento e as prioridades de atua\u00e7\u00e3o de cada \u00f3rg\u00e3o, como efetivo policial e organiza\u00e7\u00e3o do tr\u00e2nsito, com foco no evento alusivo \u00e0 data que ocorrer\u00e1 no Senado\u201d.<\/p>\n<p>Al\u00e9m dos 2 mil agentes da Pol\u00edcia Militar do DF que devem ser mobilizados, o plano de seguran\u00e7a prev\u00ea o emprego de 250 agentes da For\u00e7a Nacional que ficar\u00e3o de prontid\u00e3o no Minist\u00e9rio da Justi\u00e7a. A Esplanada ficar\u00e1 fechada no dia 8 na altura da Avenida Jos\u00e9 Sarney, que \u00e9 a pista anterior \u00e0 Alameda dos Estados, pr\u00f3xima ao Congresso Nacional.<\/p>\n<p>A governadora em exerc\u00edcio do Distrito Federal, Celina Le\u00e3o (MDB), destacou que, mesmo sem amea\u00e7a detectada, haver\u00e1 agentes suficientes para qualquer situa\u00e7\u00e3o. \u201cSer\u00e1 um dia de tranquilidade, um dia de monitoramento e de paz\u201d, afirmou.<\/p>\n<p><strong>Manifesta\u00e7\u00e3o e golpe<\/strong><br \/>\nToda essa seguran\u00e7a \u00e9 para o ato programado para o Congresso Nacional, que marcar\u00e1 o primeiro ano do \u00faltimo 8 de janeiro, quando apoiadores do ex-presidente Jair Bolsonaro, inconformados com o resultado do processo eleitoral, promoveram tentativa frustrada de golpe de Estado.<\/p>\n<p>A cerim\u00f4nia da pr\u00f3xima semana foi uma proposta do presidente Luiz In\u00e1cio Lula da Silva e deve contar com a presen\u00e7a dos presidentes do Executivo, Legislativo e Judici\u00e1rio, al\u00e9m de governadores, parlamentares, representantes da sociedade civil e ministros e representantes dos tribunais de Justi\u00e7a e assembleias legislativas.<\/p>\n<p>Ricardo Cappelli afirmou que manifesta\u00e7\u00f5es pol\u00edticas n\u00e3o ser\u00e3o reprimidas, desde que n\u00e3o ameacem as institui\u00e7\u00f5es.<\/p>\n<p>\u201cTodo mundo manifesta sua prefer\u00eancia pol\u00edtica e ideol\u00f3gica livremente e \u00e9 \u00f3timo que seja assim. Agora, n\u00e3o se confunde manifesta\u00e7\u00e3o democr\u00e1tica com tentativa de golpe de Estado, n\u00e3o se confunde manifesta\u00e7\u00e3o democr\u00e1tica com ataque aos Poderes\u201d, afirmou.<\/p>\n<p>O respons\u00e1vel pelos trabalhos na Esplanada dos Minist\u00e9rios ser\u00e1 o secret\u00e1rio de Seguran\u00e7a P\u00fablica do DF, Sandro Alencar. \u201c(O 8 de janeiro de 2023) n\u00e3o vai se repetir. N\u00e3o vai se repetir em raz\u00e3o desse trabalho que temos feito de intelig\u00eancia\u201d, afirmou.<\/p>\n<p>O planejamento da seguran\u00e7a para o evento vem desde o final do ano passado, quando representantes dos \u00f3rg\u00e3os de seguran\u00e7a do governo federal e do GDF passaram a se reunir para definir um plano integrado de a\u00e7\u00f5es a fim de evitar amea\u00e7as de ataques ao evento no Congresso.<\/p>\n<p><strong>Viaturas<\/strong><br \/>\nAl\u00e9m de assinar o protocolo de seguran\u00e7a para pr\u00f3xima segunda-feira, o Minist\u00e9rio da Justi\u00e7a e Seguran\u00e7a P\u00fablica ainda fez a entrega de 20 viaturas, armamentos, fardas, drones e outros equipamentos para as for\u00e7as de seguran\u00e7a do Distrito Federal no \u00e2mbito do Programa Nacional de Seguran\u00e7a P\u00fablica com Cidadania (Pronasci 2).<\/p>\n<p>Ao todo, o investimento feito foi de R$ 3,6 milh\u00f5es. O Pronasci 2, lan\u00e7ado em mar\u00e7o deste ano, tem desenvolvido a\u00e7\u00f5es de integra\u00e7\u00e3o entre as for\u00e7as de seguran\u00e7a nacional e estaduais, com entrega de equipamentos para as pol\u00edcias de todo o pa\u00eds.<\/p>\n","protected":false},"excerpt":{"rendered":"<p>Mesmo sem identificar amea\u00e7as \u00e0 seguran\u00e7a do evento marcado para a segunda, 8, mais de 2 mil policiais militares devem fazer o patrulhamento ostensivo em Bras\u00edlia, quando um ato marcar\u00e1 a vit\u00f3ria dos democratas contra os golpistas h\u00e1 um ano. O n\u00famero \u00e9 quase quatro vezes superior ao do \u00faltimo dia 8 de janeiro, quando [&hellip;]<\/p>\n","protected":false},"author":2,"featured_media":320160,"comment_status":"closed","ping_status":"closed","sticky":false,"template":"","format":"standard","meta":{"_acf_changed":false,"footnotes":""},"categories":[161],"tags":[95],"class_list":["post-320159","post","type-post","status-publish","format-standard","has-post-thumbnail","hentry","category-quadradinho-em-foco","tag-capa"],"acf":[],"yoast_head":"<!-- This site is optimized with the Yoast SEO plugin v27.2 - https:\/\/yoast.com\/product\/yoast-seo-wordpress\/ -->\n<title>Festa da vit\u00f3ria contra golpistas ter\u00e1 seguran\u00e7a especial - Notibras<\/title>\n<meta name=\"robots\" content=\"index, follow, max-snippet:-1, max-image-preview:large, max-video-preview:-1\" \/>\n<link rel=\"canonical\" href=\"https:\/\/www.notibras.com\/site\/festa-da-vitoria-contra-golpistas-tera-seguranca-especial\/\" \/>\n<meta property=\"og:locale\" content=\"pt_BR\" \/>\n<meta property=\"og:type\" content=\"article\" \/>\n<meta property=\"og:title\" content=\"Festa da vit\u00f3ria contra golpistas ter\u00e1 seguran\u00e7a especial - Notibras\" \/>\n<meta property=\"og:description\" content=\"Mesmo sem identificar amea\u00e7as \u00e0 seguran\u00e7a do evento marcado para a segunda, 8, mais de 2 mil policiais militares devem fazer o patrulhamento ostensivo em Bras\u00edlia, quando um ato marcar\u00e1 a vit\u00f3ria dos democratas contra os golpistas h\u00e1 um ano. O n\u00famero \u00e9 quase quatro vezes superior ao do \u00faltimo dia 8 de janeiro, quando [&hellip;]\" \/>\n<meta property=\"og:url\" content=\"https:\/\/www.notibras.com\/site\/festa-da-vitoria-contra-golpistas-tera-seguranca-especial\/\" \/>\n<meta property=\"og:site_name\" content=\"Notibras\" \/>\n<meta property=\"article:publisher\" content=\"https:\/\/www.facebook.com\/notibras\/\" \/>\n<meta property=\"article:published_time\" content=\"2024-01-05T18:40:13+00:00\" \/>\n<meta property=\"article:modified_time\" content=\"2024-01-05T19:07:31+00:00\" \/>\n<meta property=\"og:image\" content=\"https:\/\/www.notibras.com\/site\/wp-content\/uploads\/2024\/01\/8.1.paz_.webp\" \/>\n\t<meta property=\"og:image:width\" content=\"1170\" \/>\n\t<meta property=\"og:image:height\" content=\"700\" \/>\n\t<meta property=\"og:image:type\" content=\"image\/webp\" \/>\n<meta name=\"author\" content=\"Reda\u00e7\u00e3o\" \/>\n<meta name=\"twitter:card\" content=\"summary_large_image\" \/>\n<meta name=\"twitter:creator\" content=\"@Notibras\" \/>\n<meta name=\"twitter:site\" content=\"@Notibras\" \/>\n<meta name=\"twitter:label1\" content=\"Escrito por\" \/>\n\t<meta name=\"twitter:data1\" content=\"Reda\u00e7\u00e3o\" \/>\n\t<meta name=\"twitter:label2\" content=\"Est. tempo de leitura\" \/>\n\t<meta name=\"twitter:data2\" content=\"4 minutos\" \/>\n<script type=\"application\/ld+json\" class=\"yoast-schema-graph\">{\"@context\":\"https:\/\/schema.org\",\"@graph\":[{\"@type\":\"Article\",\"@id\":\"https:\/\/www.notibras.com\/site\/festa-da-vitoria-contra-golpistas-tera-seguranca-especial\/#article\",\"isPartOf\":{\"@id\":\"https:\/\/www.notibras.com\/site\/festa-da-vitoria-contra-golpistas-tera-seguranca-especial\/\"},\"author\":{\"name\":\"Reda\u00e7\u00e3o\",\"@id\":\"https:\/\/www.notibras.com\/site\/#\/schema\/person\/36ab0979449956132d3e5b517ea76ac8\"},\"headline\":\"Festa da vit\u00f3ria contra golpistas ter\u00e1 seguran\u00e7a especial\",\"datePublished\":\"2024-01-05T18:40:13+00:00\",\"dateModified\":\"2024-01-05T19:07:31+00:00\",\"mainEntityOfPage\":{\"@id\":\"https:\/\/www.notibras.com\/site\/festa-da-vitoria-contra-golpistas-tera-seguranca-especial\/\"},\"wordCount\":744,\"publisher\":{\"@id\":\"https:\/\/www.notibras.com\/site\/#organization\"},\"image\":{\"@id\":\"https:\/\/www.notibras.com\/site\/festa-da-vitoria-contra-golpistas-tera-seguranca-especial\/#primaryimage\"},\"thumbnailUrl\":\"https:\/\/www.notibras.com\/site\/wp-content\/uploads\/2024\/01\/8.1.paz_.webp\",\"keywords\":[\"capa\"],\"articleSection\":[\"Quadradinho em Foco\"],\"inLanguage\":\"pt-BR\"},{\"@type\":\"WebPage\",\"@id\":\"https:\/\/www.notibras.com\/site\/festa-da-vitoria-contra-golpistas-tera-seguranca-especial\/\",\"url\":\"https:\/\/www.notibras.com\/site\/festa-da-vitoria-contra-golpistas-tera-seguranca-especial\/\",\"name\":\"Festa da vit\u00f3ria contra golpistas ter\u00e1 seguran\u00e7a especial - Notibras\",\"isPartOf\":{\"@id\":\"https:\/\/www.notibras.com\/site\/#website\"},\"primaryImageOfPage\":{\"@id\":\"https:\/\/www.notibras.com\/site\/festa-da-vitoria-contra-golpistas-tera-seguranca-especial\/#primaryimage\"},\"image\":{\"@id\":\"https:\/\/www.notibras.com\/site\/festa-da-vitoria-contra-golpistas-tera-seguranca-especial\/#primaryimage\"},\"thumbnailUrl\":\"https:\/\/www.notibras.com\/site\/wp-content\/uploads\/2024\/01\/8.1.paz_.webp\",\"datePublished\":\"2024-01-05T18:40:13+00:00\",\"dateModified\":\"2024-01-05T19:07:31+00:00\",\"breadcrumb\":{\"@id\":\"https:\/\/www.notibras.com\/site\/festa-da-vitoria-contra-golpistas-tera-seguranca-especial\/#breadcrumb\"},\"inLanguage\":\"pt-BR\",\"potentialAction\":[{\"@type\":\"ReadAction\",\"target\":[\"https:\/\/www.notibras.com\/site\/festa-da-vitoria-contra-golpistas-tera-seguranca-especial\/\"]}]},{\"@type\":\"ImageObject\",\"inLanguage\":\"pt-BR\",\"@id\":\"https:\/\/www.notibras.com\/site\/festa-da-vitoria-contra-golpistas-tera-seguranca-especial\/#primaryimage\",\"url\":\"https:\/\/www.notibras.com\/site\/wp-content\/uploads\/2024\/01\/8.1.paz_.webp\",\"contentUrl\":\"https:\/\/www.notibras.com\/site\/wp-content\/uploads\/2024\/01\/8.1.paz_.webp\",\"width\":1170,\"height\":700},{\"@type\":\"BreadcrumbList\",\"@id\":\"https:\/\/www.notibras.com\/site\/festa-da-vitoria-contra-golpistas-tera-seguranca-especial\/#breadcrumb\",\"itemListElement\":[{\"@type\":\"ListItem\",\"position\":1,\"name\":\"In\u00edcio\",\"item\":\"https:\/\/www.notibras.com\/site\/\"},{\"@type\":\"ListItem\",\"position\":2,\"name\":\"Festa da vit\u00f3ria contra golpistas ter\u00e1 seguran\u00e7a especial\"}]},{\"@type\":\"WebSite\",\"@id\":\"https:\/\/www.notibras.com\/site\/#website\",\"url\":\"https:\/\/www.notibras.com\/site\/\",\"name\":\"Notibras\",\"description\":\"Not\u00edcias de Bras\u00edlia, do Brasil e do Mundo\",\"publisher\":{\"@id\":\"https:\/\/www.notibras.com\/site\/#organization\"},\"potentialAction\":[{\"@type\":\"SearchAction\",\"target\":{\"@type\":\"EntryPoint\",\"urlTemplate\":\"https:\/\/www.notibras.com\/site\/?s={search_term_string}\"},\"query-input\":{\"@type\":\"PropertyValueSpecification\",\"valueRequired\":true,\"valueName\":\"search_term_string\"}}],\"inLanguage\":\"pt-BR\"},{\"@type\":\"Organization\",\"@id\":\"https:\/\/www.notibras.com\/site\/#organization\",\"name\":\"Grupo Notibras de Comunica\u00e7\u00e3o\",\"url\":\"https:\/\/www.notibras.com\/site\/\",\"logo\":{\"@type\":\"ImageObject\",\"inLanguage\":\"pt-BR\",\"@id\":\"https:\/\/www.notibras.com\/site\/#\/schema\/logo\/image\/\",\"url\":\"https:\/\/www.notibras.com\/site\/wp-content\/uploads\/2023\/01\/notibras23.png\",\"contentUrl\":\"https:\/\/www.notibras.com\/site\/wp-content\/uploads\/2023\/01\/notibras23.png\",\"width\":350,\"height\":87,\"caption\":\"Grupo Notibras de Comunica\u00e7\u00e3o\"},\"image\":{\"@id\":\"https:\/\/www.notibras.com\/site\/#\/schema\/logo\/image\/\"},\"sameAs\":[\"https:\/\/www.facebook.com\/notibras\/\",\"https:\/\/x.com\/Notibras\",\"https:\/\/www.instagram.com\/notibras\/\"]},{\"@type\":\"Person\",\"@id\":\"https:\/\/www.notibras.com\/site\/#\/schema\/person\/36ab0979449956132d3e5b517ea76ac8\",\"name\":\"Reda\u00e7\u00e3o\",\"image\":{\"@type\":\"ImageObject\",\"inLanguage\":\"pt-BR\",\"@id\":\"https:\/\/secure.gravatar.com\/avatar\/e0a867bdedb85fd243eadf09663511f96fc81e0720a4a42581f334ad4303aa6b?s=96&d=mm&r=g\",\"url\":\"https:\/\/secure.gravatar.com\/avatar\/e0a867bdedb85fd243eadf09663511f96fc81e0720a4a42581f334ad4303aa6b?s=96&d=mm&r=g\",\"contentUrl\":\"https:\/\/secure.gravatar.com\/avatar\/e0a867bdedb85fd243eadf09663511f96fc81e0720a4a42581f334ad4303aa6b?s=96&d=mm&r=g\",\"caption\":\"Reda\u00e7\u00e3o\"}}]}<\/script>\n<!-- \/ Yoast SEO plugin. -->","yoast_head_json":{"title":"Festa da vit\u00f3ria contra golpistas ter\u00e1 seguran\u00e7a especial - Notibras","robots":{"index":"index","follow":"follow","max-snippet":"max-snippet:-1","max-image-preview":"max-image-preview:large","max-video-preview":"max-video-preview:-1"},"canonical":"https:\/\/www.notibras.com\/site\/festa-da-vitoria-contra-golpistas-tera-seguranca-especial\/","og_locale":"pt_BR","og_type":"article","og_title":"Festa da vit\u00f3ria contra golpistas ter\u00e1 seguran\u00e7a especial - Notibras","og_description":"Mesmo sem identificar amea\u00e7as \u00e0 seguran\u00e7a do evento marcado para a segunda, 8, mais de 2 mil policiais militares devem fazer o patrulhamento ostensivo em Bras\u00edlia, quando um ato marcar\u00e1 a vit\u00f3ria dos democratas contra os golpistas h\u00e1 um ano. O n\u00famero \u00e9 quase quatro vezes superior ao do \u00faltimo dia 8 de janeiro, quando [&hellip;]","og_url":"https:\/\/www.notibras.com\/site\/festa-da-vitoria-contra-golpistas-tera-seguranca-especial\/","og_site_name":"Notibras","article_publisher":"https:\/\/www.facebook.com\/notibras\/","article_published_time":"2024-01-05T18:40:13+00:00","article_modified_time":"2024-01-05T19:07:31+00:00","og_image":[{"width":1170,"height":700,"url":"https:\/\/www.notibras.com\/site\/wp-content\/uploads\/2024\/01\/8.1.paz_.webp","type":"image\/webp"}],"author":"Reda\u00e7\u00e3o","twitter_card":"summary_large_image","twitter_creator":"@Notibras","twitter_site":"@Notibras","twitter_misc":{"Escrito por":"Reda\u00e7\u00e3o","Est. tempo de leitura":"4 minutos"},"schema":{"@context":"https:\/\/schema.org","@graph":[{"@type":"Article","@id":"https:\/\/www.notibras.com\/site\/festa-da-vitoria-contra-golpistas-tera-seguranca-especial\/#article","isPartOf":{"@id":"https:\/\/www.notibras.com\/site\/festa-da-vitoria-contra-golpistas-tera-seguranca-especial\/"},"author":{"name":"Reda\u00e7\u00e3o","@id":"https:\/\/www.notibras.com\/site\/#\/schema\/person\/36ab0979449956132d3e5b517ea76ac8"},"headline":"Festa da vit\u00f3ria contra golpistas ter\u00e1 seguran\u00e7a especial","datePublished":"2024-01-05T18:40:13+00:00","dateModified":"2024-01-05T19:07:31+00:00","mainEntityOfPage":{"@id":"https:\/\/www.notibras.com\/site\/festa-da-vitoria-contra-golpistas-tera-seguranca-especial\/"},"wordCount":744,"publisher":{"@id":"https:\/\/www.notibras.com\/site\/#organization"},"image":{"@id":"https:\/\/www.notibras.com\/site\/festa-da-vitoria-contra-golpistas-tera-seguranca-especial\/#primaryimage"},"thumbnailUrl":"https:\/\/www.notibras.com\/site\/wp-content\/uploads\/2024\/01\/8.1.paz_.webp","keywords":["capa"],"articleSection":["Quadradinho em Foco"],"inLanguage":"pt-BR"},{"@type":"WebPage","@id":"https:\/\/www.notibras.com\/site\/festa-da-vitoria-contra-golpistas-tera-seguranca-especial\/","url":"https:\/\/www.notibras.com\/site\/festa-da-vitoria-contra-golpistas-tera-seguranca-especial\/","name":"Festa da vit\u00f3ria contra golpistas ter\u00e1 seguran\u00e7a especial - Notibras","isPartOf":{"@id":"https:\/\/www.notibras.com\/site\/#website"},"primaryImageOfPage":{"@id":"https:\/\/www.notibras.com\/site\/festa-da-vitoria-contra-golpistas-tera-seguranca-especial\/#primaryimage"},"image":{"@id":"https:\/\/www.notibras.com\/site\/festa-da-vitoria-contra-golpistas-tera-seguranca-especial\/#primaryimage"},"thumbnailUrl":"https:\/\/www.notibras.com\/site\/wp-content\/uploads\/2024\/01\/8.1.paz_.webp","datePublished":"2024-01-05T18:40:13+00:00","dateModified":"2024-01-05T19:07:31+00:00","breadcrumb":{"@id":"https:\/\/www.notibras.com\/site\/festa-da-vitoria-contra-golpistas-tera-seguranca-especial\/#breadcrumb"},"inLanguage":"pt-BR","potentialAction":[{"@type":"ReadAction","target":["https:\/\/www.notibras.com\/site\/festa-da-vitoria-contra-golpistas-tera-seguranca-especial\/"]}]},{"@type":"ImageObject","inLanguage":"pt-BR","@id":"https:\/\/www.notibras.com\/site\/festa-da-vitoria-contra-golpistas-tera-seguranca-especial\/#primaryimage","url":"https:\/\/www.notibras.com\/site\/wp-content\/uploads\/2024\/01\/8.1.paz_.webp","contentUrl":"https:\/\/www.notibras.com\/site\/wp-content\/uploads\/2024\/01\/8.1.paz_.webp","width":1170,"height":700},{"@type":"BreadcrumbList","@id":"https:\/\/www.notibras.com\/site\/festa-da-vitoria-contra-golpistas-tera-seguranca-especial\/#breadcrumb","itemListElement":[{"@type":"ListItem","position":1,"name":"In\u00edcio","item":"https:\/\/www.notibras.com\/site\/"},{"@type":"ListItem","position":2,"name":"Festa da vit\u00f3ria contra golpistas ter\u00e1 seguran\u00e7a especial"}]},{"@type":"WebSite","@id":"https:\/\/www.notibras.com\/site\/#website","url":"https:\/\/www.notibras.com\/site\/","name":"Notibras","description":"Not\u00edcias de Bras\u00edlia, do Brasil e do Mundo","publisher":{"@id":"https:\/\/www.notibras.com\/site\/#organization"},"potentialAction":[{"@type":"SearchAction","target":{"@type":"EntryPoint","urlTemplate":"https:\/\/www.notibras.com\/site\/?s={search_term_string}"},"query-input":{"@type":"PropertyValueSpecification","valueRequired":true,"valueName":"search_term_string"}}],"inLanguage":"pt-BR"},{"@type":"Organization","@id":"https:\/\/www.notibras.com\/site\/#organization","name":"Grupo Notibras de Comunica\u00e7\u00e3o","url":"https:\/\/www.notibras.com\/site\/","logo":{"@type":"ImageObject","inLanguage":"pt-BR","@id":"https:\/\/www.notibras.com\/site\/#\/schema\/logo\/image\/","url":"https:\/\/www.notibras.com\/site\/wp-content\/uploads\/2023\/01\/notibras23.png","contentUrl":"https:\/\/www.notibras.com\/site\/wp-content\/uploads\/2023\/01\/notibras23.png","width":350,"height":87,"caption":"Grupo Notibras de Comunica\u00e7\u00e3o"},"image":{"@id":"https:\/\/www.notibras.com\/site\/#\/schema\/logo\/image\/"},"sameAs":["https:\/\/www.facebook.com\/notibras\/","https:\/\/x.com\/Notibras","https:\/\/www.instagram.com\/notibras\/"]},{"@type":"Person","@id":"https:\/\/www.notibras.com\/site\/#\/schema\/person\/36ab0979449956132d3e5b517ea76ac8","name":"Reda\u00e7\u00e3o","image":{"@type":"ImageObject","inLanguage":"pt-BR","@id":"https:\/\/secure.gravatar.com\/avatar\/e0a867bdedb85fd243eadf09663511f96fc81e0720a4a42581f334ad4303aa6b?s=96&d=mm&r=g","url":"https:\/\/secure.gravatar.com\/avatar\/e0a867bdedb85fd243eadf09663511f96fc81e0720a4a42581f334ad4303aa6b?s=96&d=mm&r=g","contentUrl":"https:\/\/secure.gravatar.com\/avatar\/e0a867bdedb85fd243eadf09663511f96fc81e0720a4a42581f334ad4303aa6b?s=96&d=mm&r=g","caption":"Reda\u00e7\u00e3o"}}]}},"amp_enabled":true,"_links":{"self":[{"href":"https:\/\/www.notibras.com\/site\/wp-json\/wp\/v2\/posts\/320159","targetHints":{"allow":["GET"]}}],"collection":[{"href":"https:\/\/www.notibras.com\/site\/wp-json\/wp\/v2\/posts"}],"about":[{"href":"https:\/\/www.notibras.com\/site\/wp-json\/wp\/v2\/types\/post"}],"author":[{"embeddable":true,"href":"https:\/\/www.notibras.com\/site\/wp-json\/wp\/v2\/users\/2"}],"replies":[{"embeddable":true,"href":"https:\/\/www.notibras.com\/site\/wp-json\/wp\/v2\/comments?post=320159"}],"version-history":[{"count":1,"href":"https:\/\/www.notibras.com\/site\/wp-json\/wp\/v2\/posts\/320159\/revisions"}],"predecessor-version":[{"id":320161,"href":"https:\/\/www.notibras.com\/site\/wp-json\/wp\/v2\/posts\/320159\/revisions\/320161"}],"wp:featuredmedia":[{"embeddable":true,"href":"https:\/\/www.notibras.com\/site\/wp-json\/wp\/v2\/media\/320160"}],"wp:attachment":[{"href":"https:\/\/www.notibras.com\/site\/wp-json\/wp\/v2\/media?parent=320159"}],"wp:term":[{"taxonomy":"category","embeddable":true,"href":"https:\/\/www.notibras.com\/site\/wp-json\/wp\/v2\/categories?post=320159"},{"taxonomy":"post_tag","embeddable":true,"href":"https:\/\/www.notibras.com\/site\/wp-json\/wp\/v2\/tags?post=320159"}],"curies":[{"name":"wp","href":"https:\/\/api.w.org\/{rel}","templated":true}]}}