{"id":320194,"date":"2024-01-06T10:09:25","date_gmt":"2024-01-06T13:09:25","guid":{"rendered":"https:\/\/www.notibras.com\/site\/?p=320194"},"modified":"2024-01-06T10:58:50","modified_gmt":"2024-01-06T13:58:50","slug":"vida-doce-como-e-nao-precisa-de-acucar-na-xicara","status":"publish","type":"post","link":"https:\/\/www.notibras.com\/site\/vida-doce-como-e-nao-precisa-de-acucar-na-xicara\/","title":{"rendered":"Vida, doce como \u00e9, n\u00e3o precisa de a\u00e7\u00facar na x\u00edcara"},"content":{"rendered":"<p>A minha rela\u00e7\u00e3o com o caf\u00e9 n\u00e3o \u00e9 de hoje, mas tamb\u00e9m n\u00e3o posso dizer que sempre foi apaixonada. Ainda me lembro quando a minha av\u00f3 pegava a garrafa t\u00e9rmica e dava uma sutil chorada sobre a minha x\u00edcara repleta de leite. Ficava aquele tom marrom bem clarinho, o gosto era agrad\u00e1vel ao meu paladar infantil, talvez por compartilhar mais esse momento ao lado daquela mulher t\u00e3o encantadora aos meus olhos.<\/p>\n<p>J\u00e1 na adolesc\u00eancia, abandonei por completo o caf\u00e9. N\u00e3o gostava nem daquelas balas com esse sabor. Ali\u00e1s, n\u00e3o conseguia entender como \u00e9 que algu\u00e9m gostava daquilo. N\u00e3o sei se \u00e9 por causa da busca por novos caminhos ou, ent\u00e3o, simplesmente por causa do turbilh\u00e3o de horm\u00f4nios. E foi assim por mais alguns anos, at\u00e9 que me tornei funcion\u00e1rio do Banco do Brasil, ali em Copacabana. Voltei a tomar caf\u00e9, um caf\u00e9 ruim, mais doce que rapadura, provavelmente para fazer uma social com os colegas. Seja como for, deixei de ignorar esse h\u00e1bito t\u00e3o brasileiro.<\/p>\n<p>L\u00e1 em casa, o p\u00f3 durava um temp\u00e3o. Pra falar a verdade, eu at\u00e9 sabia fazer, pois havia visto tantas e tantas vezes a minha av\u00f3 preparando. Todavia, creio que n\u00e3o tinha feito uma vez sequer. At\u00e9 que um dia, n\u00e3o sei por que carga d&#8217;\u00e1gua, cismei em preparar um pouco.<\/p>\n<p>L\u00e1 fui eu atr\u00e1s daqueles filtros de papel pelos arm\u00e1rios da cozinha. Achei, mas a caixa estava mofada. Desci e fui ao mercado, quase em frente ao edif\u00edcio onde morava, na rua Volunt\u00e1rios da P\u00e1tria, em Botafogo.<\/p>\n<p>Procurei pelas prateleiras e, quando eu j\u00e1 estava indo em dire\u00e7\u00e3o ao caixa, meus olhos se fixaram naqueles coadores de pano. A imagem da minha av\u00f3 logo me veio \u00e0 mente e quase joguei os tais filtros de papel pro alto. Obviamente, n\u00e3o fiz isso.<\/p>\n<p>Peguei o coador de pano, que me encorajou a buscar pelo caf\u00e9 mais adequado para aquela ocasi\u00e3o. Foi a\u00ed que percebi que a varia\u00e7\u00e3o dos pre\u00e7os era enorme! Mesmo assim, escolhi a que mais me agradou, talvez influenciado pela bela imagem de gr\u00e3os inteiros e torrados do r\u00f3tulo.<\/p>\n<p>Corri de volta, entrei na cozinha quase esbaforido. Coloquei a \u00e1gua para ferver, enquanto admirava aquele coador. Abri a embalagem do caf\u00e9 e senti aquele aroma que tanto me lembrava a minha av\u00f3.<\/p>\n<p>Momentos depois, l\u00e1 estava eu na sacada, com uma x\u00edcara nas m\u00e3os, sentindo aquele quentinho inebriar meu cora\u00e7\u00e3o. Sorvi um pouco do l\u00edquido preto, ao mesmo tempo em que meus olhos, saudosos, se fechavam. O caf\u00e9 estava sem a\u00e7\u00facar. Ali\u00e1s, de doce j\u00e1 basta a vida!<\/p>\n","protected":false},"excerpt":{"rendered":"<p>A minha rela\u00e7\u00e3o com o caf\u00e9 n\u00e3o \u00e9 de hoje, mas tamb\u00e9m n\u00e3o posso dizer que sempre foi apaixonada. Ainda me lembro quando a minha av\u00f3 pegava a garrafa t\u00e9rmica e dava uma sutil chorada sobre a minha x\u00edcara repleta de leite. Ficava aquele tom marrom bem clarinho, o gosto era agrad\u00e1vel ao meu paladar [&hellip;]<\/p>\n","protected":false},"author":2,"featured_media":320195,"comment_status":"closed","ping_status":"closed","sticky":false,"template":"","format":"standard","meta":{"_acf_changed":false,"footnotes":""},"categories":[161],"tags":[],"class_list":["post-320194","post","type-post","status-publish","format-standard","has-post-thumbnail","hentry","category-quadradinho-em-foco"],"acf":[],"yoast_head":"<!-- This site is optimized with the Yoast SEO plugin v27.2 - https:\/\/yoast.com\/product\/yoast-seo-wordpress\/ -->\n<title>Vida, doce como \u00e9, n\u00e3o precisa de a\u00e7\u00facar na x\u00edcara - Notibras<\/title>\n<meta name=\"robots\" content=\"index, follow, max-snippet:-1, max-image-preview:large, max-video-preview:-1\" \/>\n<link rel=\"canonical\" href=\"https:\/\/www.notibras.com\/site\/vida-doce-como-e-nao-precisa-de-acucar-na-xicara\/\" \/>\n<meta property=\"og:locale\" content=\"pt_BR\" \/>\n<meta property=\"og:type\" content=\"article\" \/>\n<meta property=\"og:title\" content=\"Vida, doce como \u00e9, n\u00e3o precisa de a\u00e7\u00facar na x\u00edcara - Notibras\" \/>\n<meta property=\"og:description\" content=\"A minha rela\u00e7\u00e3o com o caf\u00e9 n\u00e3o \u00e9 de hoje, mas tamb\u00e9m n\u00e3o posso dizer que sempre foi apaixonada. Ainda me lembro quando a minha av\u00f3 pegava a garrafa t\u00e9rmica e dava uma sutil chorada sobre a minha x\u00edcara repleta de leite. Ficava aquele tom marrom bem clarinho, o gosto era agrad\u00e1vel ao meu paladar [&hellip;]\" \/>\n<meta property=\"og:url\" content=\"https:\/\/www.notibras.com\/site\/vida-doce-como-e-nao-precisa-de-acucar-na-xicara\/\" \/>\n<meta property=\"og:site_name\" content=\"Notibras\" \/>\n<meta property=\"article:publisher\" content=\"https:\/\/www.facebook.com\/notibras\/\" \/>\n<meta property=\"article:published_time\" content=\"2024-01-06T13:09:25+00:00\" \/>\n<meta property=\"article:modified_time\" content=\"2024-01-06T13:58:50+00:00\" \/>\n<meta property=\"og:image\" content=\"https:\/\/www.notibras.com\/site\/wp-content\/uploads\/2024\/01\/ducafeavo.jpg\" \/>\n\t<meta property=\"og:image:width\" content=\"576\" \/>\n\t<meta property=\"og:image:height\" content=\"1024\" \/>\n\t<meta property=\"og:image:type\" content=\"image\/jpeg\" \/>\n<meta name=\"author\" content=\"Reda\u00e7\u00e3o\" \/>\n<meta name=\"twitter:card\" content=\"summary_large_image\" \/>\n<meta name=\"twitter:creator\" content=\"@Notibras\" \/>\n<meta name=\"twitter:site\" content=\"@Notibras\" \/>\n<meta name=\"twitter:label1\" content=\"Escrito por\" \/>\n\t<meta name=\"twitter:data1\" content=\"Reda\u00e7\u00e3o\" \/>\n\t<meta name=\"twitter:label2\" content=\"Est. tempo de leitura\" \/>\n\t<meta name=\"twitter:data2\" content=\"3 minutos\" \/>\n<script type=\"application\/ld+json\" class=\"yoast-schema-graph\">{\"@context\":\"https:\/\/schema.org\",\"@graph\":[{\"@type\":\"Article\",\"@id\":\"https:\/\/www.notibras.com\/site\/vida-doce-como-e-nao-precisa-de-acucar-na-xicara\/#article\",\"isPartOf\":{\"@id\":\"https:\/\/www.notibras.com\/site\/vida-doce-como-e-nao-precisa-de-acucar-na-xicara\/\"},\"author\":{\"name\":\"Reda\u00e7\u00e3o\",\"@id\":\"https:\/\/www.notibras.com\/site\/#\/schema\/person\/36ab0979449956132d3e5b517ea76ac8\"},\"headline\":\"Vida, doce como \u00e9, n\u00e3o precisa de a\u00e7\u00facar na x\u00edcara\",\"datePublished\":\"2024-01-06T13:09:25+00:00\",\"dateModified\":\"2024-01-06T13:58:50+00:00\",\"mainEntityOfPage\":{\"@id\":\"https:\/\/www.notibras.com\/site\/vida-doce-como-e-nao-precisa-de-acucar-na-xicara\/\"},\"wordCount\":475,\"publisher\":{\"@id\":\"https:\/\/www.notibras.com\/site\/#organization\"},\"image\":{\"@id\":\"https:\/\/www.notibras.com\/site\/vida-doce-como-e-nao-precisa-de-acucar-na-xicara\/#primaryimage\"},\"thumbnailUrl\":\"https:\/\/www.notibras.com\/site\/wp-content\/uploads\/2024\/01\/ducafeavo.jpg\",\"articleSection\":[\"Quadradinho em Foco\"],\"inLanguage\":\"pt-BR\"},{\"@type\":\"WebPage\",\"@id\":\"https:\/\/www.notibras.com\/site\/vida-doce-como-e-nao-precisa-de-acucar-na-xicara\/\",\"url\":\"https:\/\/www.notibras.com\/site\/vida-doce-como-e-nao-precisa-de-acucar-na-xicara\/\",\"name\":\"Vida, doce como \u00e9, n\u00e3o precisa de a\u00e7\u00facar na x\u00edcara - Notibras\",\"isPartOf\":{\"@id\":\"https:\/\/www.notibras.com\/site\/#website\"},\"primaryImageOfPage\":{\"@id\":\"https:\/\/www.notibras.com\/site\/vida-doce-como-e-nao-precisa-de-acucar-na-xicara\/#primaryimage\"},\"image\":{\"@id\":\"https:\/\/www.notibras.com\/site\/vida-doce-como-e-nao-precisa-de-acucar-na-xicara\/#primaryimage\"},\"thumbnailUrl\":\"https:\/\/www.notibras.com\/site\/wp-content\/uploads\/2024\/01\/ducafeavo.jpg\",\"datePublished\":\"2024-01-06T13:09:25+00:00\",\"dateModified\":\"2024-01-06T13:58:50+00:00\",\"breadcrumb\":{\"@id\":\"https:\/\/www.notibras.com\/site\/vida-doce-como-e-nao-precisa-de-acucar-na-xicara\/#breadcrumb\"},\"inLanguage\":\"pt-BR\",\"potentialAction\":[{\"@type\":\"ReadAction\",\"target\":[\"https:\/\/www.notibras.com\/site\/vida-doce-como-e-nao-precisa-de-acucar-na-xicara\/\"]}]},{\"@type\":\"ImageObject\",\"inLanguage\":\"pt-BR\",\"@id\":\"https:\/\/www.notibras.com\/site\/vida-doce-como-e-nao-precisa-de-acucar-na-xicara\/#primaryimage\",\"url\":\"https:\/\/www.notibras.com\/site\/wp-content\/uploads\/2024\/01\/ducafeavo.jpg\",\"contentUrl\":\"https:\/\/www.notibras.com\/site\/wp-content\/uploads\/2024\/01\/ducafeavo.jpg\",\"width\":576,\"height\":1024},{\"@type\":\"BreadcrumbList\",\"@id\":\"https:\/\/www.notibras.com\/site\/vida-doce-como-e-nao-precisa-de-acucar-na-xicara\/#breadcrumb\",\"itemListElement\":[{\"@type\":\"ListItem\",\"position\":1,\"name\":\"In\u00edcio\",\"item\":\"https:\/\/www.notibras.com\/site\/\"},{\"@type\":\"ListItem\",\"position\":2,\"name\":\"Vida, doce como \u00e9, n\u00e3o precisa de a\u00e7\u00facar na x\u00edcara\"}]},{\"@type\":\"WebSite\",\"@id\":\"https:\/\/www.notibras.com\/site\/#website\",\"url\":\"https:\/\/www.notibras.com\/site\/\",\"name\":\"Notibras\",\"description\":\"Not\u00edcias de Bras\u00edlia, do Brasil e do Mundo\",\"publisher\":{\"@id\":\"https:\/\/www.notibras.com\/site\/#organization\"},\"potentialAction\":[{\"@type\":\"SearchAction\",\"target\":{\"@type\":\"EntryPoint\",\"urlTemplate\":\"https:\/\/www.notibras.com\/site\/?s={search_term_string}\"},\"query-input\":{\"@type\":\"PropertyValueSpecification\",\"valueRequired\":true,\"valueName\":\"search_term_string\"}}],\"inLanguage\":\"pt-BR\"},{\"@type\":\"Organization\",\"@id\":\"https:\/\/www.notibras.com\/site\/#organization\",\"name\":\"Grupo Notibras de Comunica\u00e7\u00e3o\",\"url\":\"https:\/\/www.notibras.com\/site\/\",\"logo\":{\"@type\":\"ImageObject\",\"inLanguage\":\"pt-BR\",\"@id\":\"https:\/\/www.notibras.com\/site\/#\/schema\/logo\/image\/\",\"url\":\"https:\/\/www.notibras.com\/site\/wp-content\/uploads\/2023\/01\/notibras23.png\",\"contentUrl\":\"https:\/\/www.notibras.com\/site\/wp-content\/uploads\/2023\/01\/notibras23.png\",\"width\":350,\"height\":87,\"caption\":\"Grupo Notibras de Comunica\u00e7\u00e3o\"},\"image\":{\"@id\":\"https:\/\/www.notibras.com\/site\/#\/schema\/logo\/image\/\"},\"sameAs\":[\"https:\/\/www.facebook.com\/notibras\/\",\"https:\/\/x.com\/Notibras\",\"https:\/\/www.instagram.com\/notibras\/\"]},{\"@type\":\"Person\",\"@id\":\"https:\/\/www.notibras.com\/site\/#\/schema\/person\/36ab0979449956132d3e5b517ea76ac8\",\"name\":\"Reda\u00e7\u00e3o\",\"image\":{\"@type\":\"ImageObject\",\"inLanguage\":\"pt-BR\",\"@id\":\"https:\/\/secure.gravatar.com\/avatar\/e0a867bdedb85fd243eadf09663511f96fc81e0720a4a42581f334ad4303aa6b?s=96&d=mm&r=g\",\"url\":\"https:\/\/secure.gravatar.com\/avatar\/e0a867bdedb85fd243eadf09663511f96fc81e0720a4a42581f334ad4303aa6b?s=96&d=mm&r=g\",\"contentUrl\":\"https:\/\/secure.gravatar.com\/avatar\/e0a867bdedb85fd243eadf09663511f96fc81e0720a4a42581f334ad4303aa6b?s=96&d=mm&r=g\",\"caption\":\"Reda\u00e7\u00e3o\"}}]}<\/script>\n<!-- \/ Yoast SEO plugin. -->","yoast_head_json":{"title":"Vida, doce como \u00e9, n\u00e3o precisa de a\u00e7\u00facar na x\u00edcara - Notibras","robots":{"index":"index","follow":"follow","max-snippet":"max-snippet:-1","max-image-preview":"max-image-preview:large","max-video-preview":"max-video-preview:-1"},"canonical":"https:\/\/www.notibras.com\/site\/vida-doce-como-e-nao-precisa-de-acucar-na-xicara\/","og_locale":"pt_BR","og_type":"article","og_title":"Vida, doce como \u00e9, n\u00e3o precisa de a\u00e7\u00facar na x\u00edcara - Notibras","og_description":"A minha rela\u00e7\u00e3o com o caf\u00e9 n\u00e3o \u00e9 de hoje, mas tamb\u00e9m n\u00e3o posso dizer que sempre foi apaixonada. Ainda me lembro quando a minha av\u00f3 pegava a garrafa t\u00e9rmica e dava uma sutil chorada sobre a minha x\u00edcara repleta de leite. Ficava aquele tom marrom bem clarinho, o gosto era agrad\u00e1vel ao meu paladar [&hellip;]","og_url":"https:\/\/www.notibras.com\/site\/vida-doce-como-e-nao-precisa-de-acucar-na-xicara\/","og_site_name":"Notibras","article_publisher":"https:\/\/www.facebook.com\/notibras\/","article_published_time":"2024-01-06T13:09:25+00:00","article_modified_time":"2024-01-06T13:58:50+00:00","og_image":[{"width":576,"height":1024,"url":"https:\/\/www.notibras.com\/site\/wp-content\/uploads\/2024\/01\/ducafeavo.jpg","type":"image\/jpeg"}],"author":"Reda\u00e7\u00e3o","twitter_card":"summary_large_image","twitter_creator":"@Notibras","twitter_site":"@Notibras","twitter_misc":{"Escrito por":"Reda\u00e7\u00e3o","Est. tempo de leitura":"3 minutos"},"schema":{"@context":"https:\/\/schema.org","@graph":[{"@type":"Article","@id":"https:\/\/www.notibras.com\/site\/vida-doce-como-e-nao-precisa-de-acucar-na-xicara\/#article","isPartOf":{"@id":"https:\/\/www.notibras.com\/site\/vida-doce-como-e-nao-precisa-de-acucar-na-xicara\/"},"author":{"name":"Reda\u00e7\u00e3o","@id":"https:\/\/www.notibras.com\/site\/#\/schema\/person\/36ab0979449956132d3e5b517ea76ac8"},"headline":"Vida, doce como \u00e9, n\u00e3o precisa de a\u00e7\u00facar na x\u00edcara","datePublished":"2024-01-06T13:09:25+00:00","dateModified":"2024-01-06T13:58:50+00:00","mainEntityOfPage":{"@id":"https:\/\/www.notibras.com\/site\/vida-doce-como-e-nao-precisa-de-acucar-na-xicara\/"},"wordCount":475,"publisher":{"@id":"https:\/\/www.notibras.com\/site\/#organization"},"image":{"@id":"https:\/\/www.notibras.com\/site\/vida-doce-como-e-nao-precisa-de-acucar-na-xicara\/#primaryimage"},"thumbnailUrl":"https:\/\/www.notibras.com\/site\/wp-content\/uploads\/2024\/01\/ducafeavo.jpg","articleSection":["Quadradinho em Foco"],"inLanguage":"pt-BR"},{"@type":"WebPage","@id":"https:\/\/www.notibras.com\/site\/vida-doce-como-e-nao-precisa-de-acucar-na-xicara\/","url":"https:\/\/www.notibras.com\/site\/vida-doce-como-e-nao-precisa-de-acucar-na-xicara\/","name":"Vida, doce como \u00e9, n\u00e3o precisa de a\u00e7\u00facar na x\u00edcara - Notibras","isPartOf":{"@id":"https:\/\/www.notibras.com\/site\/#website"},"primaryImageOfPage":{"@id":"https:\/\/www.notibras.com\/site\/vida-doce-como-e-nao-precisa-de-acucar-na-xicara\/#primaryimage"},"image":{"@id":"https:\/\/www.notibras.com\/site\/vida-doce-como-e-nao-precisa-de-acucar-na-xicara\/#primaryimage"},"thumbnailUrl":"https:\/\/www.notibras.com\/site\/wp-content\/uploads\/2024\/01\/ducafeavo.jpg","datePublished":"2024-01-06T13:09:25+00:00","dateModified":"2024-01-06T13:58:50+00:00","breadcrumb":{"@id":"https:\/\/www.notibras.com\/site\/vida-doce-como-e-nao-precisa-de-acucar-na-xicara\/#breadcrumb"},"inLanguage":"pt-BR","potentialAction":[{"@type":"ReadAction","target":["https:\/\/www.notibras.com\/site\/vida-doce-como-e-nao-precisa-de-acucar-na-xicara\/"]}]},{"@type":"ImageObject","inLanguage":"pt-BR","@id":"https:\/\/www.notibras.com\/site\/vida-doce-como-e-nao-precisa-de-acucar-na-xicara\/#primaryimage","url":"https:\/\/www.notibras.com\/site\/wp-content\/uploads\/2024\/01\/ducafeavo.jpg","contentUrl":"https:\/\/www.notibras.com\/site\/wp-content\/uploads\/2024\/01\/ducafeavo.jpg","width":576,"height":1024},{"@type":"BreadcrumbList","@id":"https:\/\/www.notibras.com\/site\/vida-doce-como-e-nao-precisa-de-acucar-na-xicara\/#breadcrumb","itemListElement":[{"@type":"ListItem","position":1,"name":"In\u00edcio","item":"https:\/\/www.notibras.com\/site\/"},{"@type":"ListItem","position":2,"name":"Vida, doce como \u00e9, n\u00e3o precisa de a\u00e7\u00facar na x\u00edcara"}]},{"@type":"WebSite","@id":"https:\/\/www.notibras.com\/site\/#website","url":"https:\/\/www.notibras.com\/site\/","name":"Notibras","description":"Not\u00edcias de Bras\u00edlia, do Brasil e do Mundo","publisher":{"@id":"https:\/\/www.notibras.com\/site\/#organization"},"potentialAction":[{"@type":"SearchAction","target":{"@type":"EntryPoint","urlTemplate":"https:\/\/www.notibras.com\/site\/?s={search_term_string}"},"query-input":{"@type":"PropertyValueSpecification","valueRequired":true,"valueName":"search_term_string"}}],"inLanguage":"pt-BR"},{"@type":"Organization","@id":"https:\/\/www.notibras.com\/site\/#organization","name":"Grupo Notibras de Comunica\u00e7\u00e3o","url":"https:\/\/www.notibras.com\/site\/","logo":{"@type":"ImageObject","inLanguage":"pt-BR","@id":"https:\/\/www.notibras.com\/site\/#\/schema\/logo\/image\/","url":"https:\/\/www.notibras.com\/site\/wp-content\/uploads\/2023\/01\/notibras23.png","contentUrl":"https:\/\/www.notibras.com\/site\/wp-content\/uploads\/2023\/01\/notibras23.png","width":350,"height":87,"caption":"Grupo Notibras de Comunica\u00e7\u00e3o"},"image":{"@id":"https:\/\/www.notibras.com\/site\/#\/schema\/logo\/image\/"},"sameAs":["https:\/\/www.facebook.com\/notibras\/","https:\/\/x.com\/Notibras","https:\/\/www.instagram.com\/notibras\/"]},{"@type":"Person","@id":"https:\/\/www.notibras.com\/site\/#\/schema\/person\/36ab0979449956132d3e5b517ea76ac8","name":"Reda\u00e7\u00e3o","image":{"@type":"ImageObject","inLanguage":"pt-BR","@id":"https:\/\/secure.gravatar.com\/avatar\/e0a867bdedb85fd243eadf09663511f96fc81e0720a4a42581f334ad4303aa6b?s=96&d=mm&r=g","url":"https:\/\/secure.gravatar.com\/avatar\/e0a867bdedb85fd243eadf09663511f96fc81e0720a4a42581f334ad4303aa6b?s=96&d=mm&r=g","contentUrl":"https:\/\/secure.gravatar.com\/avatar\/e0a867bdedb85fd243eadf09663511f96fc81e0720a4a42581f334ad4303aa6b?s=96&d=mm&r=g","caption":"Reda\u00e7\u00e3o"}}]}},"amp_enabled":true,"_links":{"self":[{"href":"https:\/\/www.notibras.com\/site\/wp-json\/wp\/v2\/posts\/320194","targetHints":{"allow":["GET"]}}],"collection":[{"href":"https:\/\/www.notibras.com\/site\/wp-json\/wp\/v2\/posts"}],"about":[{"href":"https:\/\/www.notibras.com\/site\/wp-json\/wp\/v2\/types\/post"}],"author":[{"embeddable":true,"href":"https:\/\/www.notibras.com\/site\/wp-json\/wp\/v2\/users\/2"}],"replies":[{"embeddable":true,"href":"https:\/\/www.notibras.com\/site\/wp-json\/wp\/v2\/comments?post=320194"}],"version-history":[{"count":2,"href":"https:\/\/www.notibras.com\/site\/wp-json\/wp\/v2\/posts\/320194\/revisions"}],"predecessor-version":[{"id":320197,"href":"https:\/\/www.notibras.com\/site\/wp-json\/wp\/v2\/posts\/320194\/revisions\/320197"}],"wp:featuredmedia":[{"embeddable":true,"href":"https:\/\/www.notibras.com\/site\/wp-json\/wp\/v2\/media\/320195"}],"wp:attachment":[{"href":"https:\/\/www.notibras.com\/site\/wp-json\/wp\/v2\/media?parent=320194"}],"wp:term":[{"taxonomy":"category","embeddable":true,"href":"https:\/\/www.notibras.com\/site\/wp-json\/wp\/v2\/categories?post=320194"},{"taxonomy":"post_tag","embeddable":true,"href":"https:\/\/www.notibras.com\/site\/wp-json\/wp\/v2\/tags?post=320194"}],"curies":[{"name":"wp","href":"https:\/\/api.w.org\/{rel}","templated":true}]}}