{"id":320254,"date":"2024-01-08T07:35:51","date_gmt":"2024-01-08T10:35:51","guid":{"rendered":"https:\/\/www.notibras.com\/site\/?p=320254"},"modified":"2024-01-08T07:36:41","modified_gmt":"2024-01-08T10:36:41","slug":"remexendo-coisas-vive-se-parte-real-da-historia","status":"publish","type":"post","link":"https:\/\/www.notibras.com\/site\/remexendo-coisas-vive-se-parte-real-da-historia\/","title":{"rendered":"Remexendo coisas, vive-se parte real da hist\u00f3ria"},"content":{"rendered":"<p>Desde crian\u00e7a, minhas primeiras mem\u00f3rias do meu tio-av\u00f4 s\u00e3o de um homem turr\u00e3o e sistem\u00e1tico. Quando faz\u00edamos perguntas que ele considerava burras, logo soltava uma frase sarc\u00e1stica que fazia com que nos sent\u00edssemos envergonhados e arrependidos por termos aberto a boca. As janelas da sala do apartamento em que morava em frente \u00e0 praia s\u00f3 podiam ser abertas por ele, quando assim desejava. Quando n\u00f3s abr\u00edamos, ele logo vinha fechar para evitar a corrente de ar que se formava. O momento do jornal na TV era sagrado, e ai de quem fizesse algum barulho, que era logo repreendido.<\/p>\n<p>N\u00e3o gostava muito dele, apesar de amar visitar Santos e apreciar a vista maravilhosa do apartamento. Quando crian\u00e7a, o momento mais aguardado por mim era quando deixava montar a luneta, e eu passava horas observando de perto toda a vida da praia. As mulheres tomando sol, as crian\u00e7as brincando na areia, os vendedores ambulantes passando e oferecendo seus produtos. A vida de centenas de pessoas se descortinava desavisada e sem pudor, sob as lentes da luneta, ao observador oculto, um pr\u00e9-adolescente com seus 12\/13 anos.<\/p>\n<p>Certo dia, meus pais chegaram a Santos e meu tio parecia diferente. R\u00e1pido constataram que ele havia sofrido um AVC. Foi o in\u00edcio de uma longa e triste jornada de definhamento f\u00edsico e mental daquela pessoa que era extremamente ativa. Todos os anos me chocava com a maneira como seu corpo e mente iam se autodestruindo. Pr\u00f3ximo ao final de sua vida, mal conseguia olhar para ele, que havia se tornado quase um morto-vivo, cadav\u00e9rico e fora de si.<\/p>\n<p>Depois que morreu, a vastid\u00e3o de seus pertences pessoais se abriu \u00e0 fam\u00edlia. Agora j\u00e1 n\u00e3o era mais necess\u00e1rio pedir licen\u00e7a para mexer em suas coisas, e, a partir desse momento, uma pessoa se abriu, ao menos para mim. Agora mais mo\u00e7o, comecei a v\u00ea-lo com outros olhos.<\/p>\n<p>Infelizmente n\u00e3o pude acompanhar todo o processo de sele\u00e7\u00e3o, divis\u00e3o e eventual descarte de seus bens pessoais, pois quem realizou essa tarefa foram meus tios e pais. Mas, no pouco que pude ter acesso, em cada pertence, em cada papel ou anota\u00e7\u00e3o guardados por aquele acumulador compulsivo, uma hist\u00f3ria se abria, e um novo tio-av\u00f4 foi sendo constru\u00eddo aos que estavam vivos.<\/p>\n<p>Em sua vasta cole\u00e7\u00e3o de livros, muitos cl\u00e1ssicos da literatura, apesar de algumas bobagens tamb\u00e9m. Toda a obra de Freud, e alguns livros sobre psican\u00e1lise. Diversos livros sobre pol\u00edtica apontavam que meu tio talvez tivesse sido comunista ou socialista, ou ao menos era muito pr\u00f3ximo deles. Leu L\u00eanin, textos sobre a revolu\u00e7\u00e3o socialista na R\u00fassia, muito dos grandes int\u00e9rpretes do marxismo na Europa e no Brasil. A julgar pela biblioteca, n\u00e3o parecia ser ortodoxo, talvez fosse pr\u00f3ximo ao trostskismo ou um comunista independente.<\/p>\n<p>Os discos de vinil mostravam que ele adorava fox-trot e bossa nova. Tinha muita trilha sonora de cinema, tamb\u00e9m.<\/p>\n<p>Na papelada que guardou, muitos panfletos de pe\u00e7as, encartes sobre shows teatrais que frequentou entre a d\u00e9cada de 1950 e 1960. Com surpresa, certo dia achei um programa distribu\u00eddo \u00e0s pessoas que foram assistir ao show Opini\u00e3o, do grupo de teatro Arena, seguramente um dos mais importantes da hist\u00f3ria do Brasil. Sim, em pleno governo militar &#8211; o encarte era de 1965 -, ele assistira a jovem Maria Beth\u00e2nia, Z\u00e9 Keti e Jo\u00e3o do Valle cantando can\u00e7\u00f5es que entraram pra hist\u00f3ria. Tamb\u00e9m tinha o programa de Liberdade Liberdade, outra pe\u00e7a hist\u00f3rica brasileira.<\/p>\n<p>Afinal, quem era meu tio-av\u00f4? O que fazia da vida aquele t\u00e9cnico em contabilidade que trabalhou na Petrobras? Ningu\u00e9m mais pode responder a essas perguntas. Meus av\u00f3s tamb\u00e9m j\u00e1 faleceram e o estilo de vida fechado que meu tio levava fez com que seus sobrinhos nunca soubessem direito sobre sua misteriosa trajet\u00f3ria.<\/p>\n<p>Faz oito anos que ele morreu, mas, ainda hoje, todos os anos surge algo novo das entranhas de seus objetos pessoais. Minha \u00faltima descoberta foi triste: o resqu\u00edcio de sua biblioteca apodrecia em um canto da garagem do pr\u00e9dio. Quando fui avisado pelo porteiro, desci correndo e encontrei algumas pilhas de livros embolorados, que j\u00e1 haviam, h\u00e1 algum tempo, virado a moradia de dezenas de cupins.<\/p>\n<p>O destino dos livros parecia dialogar com o que sei da vida de meu tio-av\u00f4: haviam se tornado fragmentos incompletos carcomidos pelo tempo. Ainda assim, muita coisa foi salva, e, toda vez que abro um livro ou vejo uma anota\u00e7\u00e3o sua, sei que carrego comigo um pouco dele, um pouco de sua trajet\u00f3ria e de seu conhecimento, e compreendo que essa \u00e9 a beleza e o sentido da vida: a possibilidade de viver atrav\u00e9s dos outros.<\/p>\n","protected":false},"excerpt":{"rendered":"<p>Desde crian\u00e7a, minhas primeiras mem\u00f3rias do meu tio-av\u00f4 s\u00e3o de um homem turr\u00e3o e sistem\u00e1tico. Quando faz\u00edamos perguntas que ele considerava burras, logo soltava uma frase sarc\u00e1stica que fazia com que nos sent\u00edssemos envergonhados e arrependidos por termos aberto a boca. As janelas da sala do apartamento em que morava em frente \u00e0 praia s\u00f3 [&hellip;]<\/p>\n","protected":false},"author":2,"featured_media":320256,"comment_status":"closed","ping_status":"closed","sticky":false,"template":"","format":"standard","meta":{"_acf_changed":false,"footnotes":""},"categories":[161],"tags":[],"class_list":["post-320254","post","type-post","status-publish","format-standard","has-post-thumbnail","hentry","category-quadradinho-em-foco"],"acf":[],"yoast_head":"<!-- This site is optimized with the Yoast SEO plugin v27.2 - https:\/\/yoast.com\/product\/yoast-seo-wordpress\/ -->\n<title>Remexendo coisas, vive-se parte real da hist\u00f3ria - Notibras<\/title>\n<meta name=\"robots\" content=\"index, follow, max-snippet:-1, max-image-preview:large, max-video-preview:-1\" \/>\n<link rel=\"canonical\" href=\"https:\/\/www.notibras.com\/site\/remexendo-coisas-vive-se-parte-real-da-historia\/\" \/>\n<meta property=\"og:locale\" content=\"pt_BR\" \/>\n<meta property=\"og:type\" content=\"article\" \/>\n<meta property=\"og:title\" content=\"Remexendo coisas, vive-se parte real da hist\u00f3ria - Notibras\" \/>\n<meta property=\"og:description\" content=\"Desde crian\u00e7a, minhas primeiras mem\u00f3rias do meu tio-av\u00f4 s\u00e3o de um homem turr\u00e3o e sistem\u00e1tico. Quando faz\u00edamos perguntas que ele considerava burras, logo soltava uma frase sarc\u00e1stica que fazia com que nos sent\u00edssemos envergonhados e arrependidos por termos aberto a boca. As janelas da sala do apartamento em que morava em frente \u00e0 praia s\u00f3 [&hellip;]\" \/>\n<meta property=\"og:url\" content=\"https:\/\/www.notibras.com\/site\/remexendo-coisas-vive-se-parte-real-da-historia\/\" \/>\n<meta property=\"og:site_name\" content=\"Notibras\" \/>\n<meta property=\"article:publisher\" content=\"https:\/\/www.facebook.com\/notibras\/\" \/>\n<meta property=\"article:published_time\" content=\"2024-01-08T10:35:51+00:00\" \/>\n<meta property=\"article:modified_time\" content=\"2024-01-08T10:36:41+00:00\" \/>\n<meta property=\"og:image\" content=\"https:\/\/www.notibras.com\/site\/wp-content\/uploads\/2024\/01\/livropxhere.jpg\" \/>\n\t<meta property=\"og:image:width\" content=\"1200\" \/>\n\t<meta property=\"og:image:height\" content=\"675\" \/>\n\t<meta property=\"og:image:type\" content=\"image\/jpeg\" \/>\n<meta name=\"author\" content=\"Reda\u00e7\u00e3o\" \/>\n<meta name=\"twitter:card\" content=\"summary_large_image\" \/>\n<meta name=\"twitter:creator\" content=\"@Notibras\" \/>\n<meta name=\"twitter:site\" content=\"@Notibras\" \/>\n<meta name=\"twitter:label1\" content=\"Escrito por\" \/>\n\t<meta name=\"twitter:data1\" content=\"Reda\u00e7\u00e3o\" \/>\n\t<meta name=\"twitter:label2\" content=\"Est. tempo de leitura\" \/>\n\t<meta name=\"twitter:data2\" content=\"5 minutos\" \/>\n<script type=\"application\/ld+json\" class=\"yoast-schema-graph\">{\"@context\":\"https:\/\/schema.org\",\"@graph\":[{\"@type\":\"Article\",\"@id\":\"https:\/\/www.notibras.com\/site\/remexendo-coisas-vive-se-parte-real-da-historia\/#article\",\"isPartOf\":{\"@id\":\"https:\/\/www.notibras.com\/site\/remexendo-coisas-vive-se-parte-real-da-historia\/\"},\"author\":{\"name\":\"Reda\u00e7\u00e3o\",\"@id\":\"https:\/\/www.notibras.com\/site\/#\/schema\/person\/36ab0979449956132d3e5b517ea76ac8\"},\"headline\":\"Remexendo coisas, vive-se parte real da hist\u00f3ria\",\"datePublished\":\"2024-01-08T10:35:51+00:00\",\"dateModified\":\"2024-01-08T10:36:41+00:00\",\"mainEntityOfPage\":{\"@id\":\"https:\/\/www.notibras.com\/site\/remexendo-coisas-vive-se-parte-real-da-historia\/\"},\"wordCount\":828,\"publisher\":{\"@id\":\"https:\/\/www.notibras.com\/site\/#organization\"},\"image\":{\"@id\":\"https:\/\/www.notibras.com\/site\/remexendo-coisas-vive-se-parte-real-da-historia\/#primaryimage\"},\"thumbnailUrl\":\"https:\/\/www.notibras.com\/site\/wp-content\/uploads\/2024\/01\/livropxhere.jpg\",\"articleSection\":[\"Quadradinho em Foco\"],\"inLanguage\":\"pt-BR\"},{\"@type\":\"WebPage\",\"@id\":\"https:\/\/www.notibras.com\/site\/remexendo-coisas-vive-se-parte-real-da-historia\/\",\"url\":\"https:\/\/www.notibras.com\/site\/remexendo-coisas-vive-se-parte-real-da-historia\/\",\"name\":\"Remexendo coisas, vive-se parte real da hist\u00f3ria - Notibras\",\"isPartOf\":{\"@id\":\"https:\/\/www.notibras.com\/site\/#website\"},\"primaryImageOfPage\":{\"@id\":\"https:\/\/www.notibras.com\/site\/remexendo-coisas-vive-se-parte-real-da-historia\/#primaryimage\"},\"image\":{\"@id\":\"https:\/\/www.notibras.com\/site\/remexendo-coisas-vive-se-parte-real-da-historia\/#primaryimage\"},\"thumbnailUrl\":\"https:\/\/www.notibras.com\/site\/wp-content\/uploads\/2024\/01\/livropxhere.jpg\",\"datePublished\":\"2024-01-08T10:35:51+00:00\",\"dateModified\":\"2024-01-08T10:36:41+00:00\",\"breadcrumb\":{\"@id\":\"https:\/\/www.notibras.com\/site\/remexendo-coisas-vive-se-parte-real-da-historia\/#breadcrumb\"},\"inLanguage\":\"pt-BR\",\"potentialAction\":[{\"@type\":\"ReadAction\",\"target\":[\"https:\/\/www.notibras.com\/site\/remexendo-coisas-vive-se-parte-real-da-historia\/\"]}]},{\"@type\":\"ImageObject\",\"inLanguage\":\"pt-BR\",\"@id\":\"https:\/\/www.notibras.com\/site\/remexendo-coisas-vive-se-parte-real-da-historia\/#primaryimage\",\"url\":\"https:\/\/www.notibras.com\/site\/wp-content\/uploads\/2024\/01\/livropxhere.jpg\",\"contentUrl\":\"https:\/\/www.notibras.com\/site\/wp-content\/uploads\/2024\/01\/livropxhere.jpg\",\"width\":1200,\"height\":675},{\"@type\":\"BreadcrumbList\",\"@id\":\"https:\/\/www.notibras.com\/site\/remexendo-coisas-vive-se-parte-real-da-historia\/#breadcrumb\",\"itemListElement\":[{\"@type\":\"ListItem\",\"position\":1,\"name\":\"In\u00edcio\",\"item\":\"https:\/\/www.notibras.com\/site\/\"},{\"@type\":\"ListItem\",\"position\":2,\"name\":\"Remexendo coisas, vive-se parte real da hist\u00f3ria\"}]},{\"@type\":\"WebSite\",\"@id\":\"https:\/\/www.notibras.com\/site\/#website\",\"url\":\"https:\/\/www.notibras.com\/site\/\",\"name\":\"Notibras\",\"description\":\"Not\u00edcias de Bras\u00edlia, do Brasil e do Mundo\",\"publisher\":{\"@id\":\"https:\/\/www.notibras.com\/site\/#organization\"},\"potentialAction\":[{\"@type\":\"SearchAction\",\"target\":{\"@type\":\"EntryPoint\",\"urlTemplate\":\"https:\/\/www.notibras.com\/site\/?s={search_term_string}\"},\"query-input\":{\"@type\":\"PropertyValueSpecification\",\"valueRequired\":true,\"valueName\":\"search_term_string\"}}],\"inLanguage\":\"pt-BR\"},{\"@type\":\"Organization\",\"@id\":\"https:\/\/www.notibras.com\/site\/#organization\",\"name\":\"Grupo Notibras de Comunica\u00e7\u00e3o\",\"url\":\"https:\/\/www.notibras.com\/site\/\",\"logo\":{\"@type\":\"ImageObject\",\"inLanguage\":\"pt-BR\",\"@id\":\"https:\/\/www.notibras.com\/site\/#\/schema\/logo\/image\/\",\"url\":\"https:\/\/www.notibras.com\/site\/wp-content\/uploads\/2023\/01\/notibras23.png\",\"contentUrl\":\"https:\/\/www.notibras.com\/site\/wp-content\/uploads\/2023\/01\/notibras23.png\",\"width\":350,\"height\":87,\"caption\":\"Grupo Notibras de Comunica\u00e7\u00e3o\"},\"image\":{\"@id\":\"https:\/\/www.notibras.com\/site\/#\/schema\/logo\/image\/\"},\"sameAs\":[\"https:\/\/www.facebook.com\/notibras\/\",\"https:\/\/x.com\/Notibras\",\"https:\/\/www.instagram.com\/notibras\/\"]},{\"@type\":\"Person\",\"@id\":\"https:\/\/www.notibras.com\/site\/#\/schema\/person\/36ab0979449956132d3e5b517ea76ac8\",\"name\":\"Reda\u00e7\u00e3o\",\"image\":{\"@type\":\"ImageObject\",\"inLanguage\":\"pt-BR\",\"@id\":\"https:\/\/secure.gravatar.com\/avatar\/e0a867bdedb85fd243eadf09663511f96fc81e0720a4a42581f334ad4303aa6b?s=96&d=mm&r=g\",\"url\":\"https:\/\/secure.gravatar.com\/avatar\/e0a867bdedb85fd243eadf09663511f96fc81e0720a4a42581f334ad4303aa6b?s=96&d=mm&r=g\",\"contentUrl\":\"https:\/\/secure.gravatar.com\/avatar\/e0a867bdedb85fd243eadf09663511f96fc81e0720a4a42581f334ad4303aa6b?s=96&d=mm&r=g\",\"caption\":\"Reda\u00e7\u00e3o\"}}]}<\/script>\n<!-- \/ Yoast SEO plugin. -->","yoast_head_json":{"title":"Remexendo coisas, vive-se parte real da hist\u00f3ria - Notibras","robots":{"index":"index","follow":"follow","max-snippet":"max-snippet:-1","max-image-preview":"max-image-preview:large","max-video-preview":"max-video-preview:-1"},"canonical":"https:\/\/www.notibras.com\/site\/remexendo-coisas-vive-se-parte-real-da-historia\/","og_locale":"pt_BR","og_type":"article","og_title":"Remexendo coisas, vive-se parte real da hist\u00f3ria - Notibras","og_description":"Desde crian\u00e7a, minhas primeiras mem\u00f3rias do meu tio-av\u00f4 s\u00e3o de um homem turr\u00e3o e sistem\u00e1tico. Quando faz\u00edamos perguntas que ele considerava burras, logo soltava uma frase sarc\u00e1stica que fazia com que nos sent\u00edssemos envergonhados e arrependidos por termos aberto a boca. As janelas da sala do apartamento em que morava em frente \u00e0 praia s\u00f3 [&hellip;]","og_url":"https:\/\/www.notibras.com\/site\/remexendo-coisas-vive-se-parte-real-da-historia\/","og_site_name":"Notibras","article_publisher":"https:\/\/www.facebook.com\/notibras\/","article_published_time":"2024-01-08T10:35:51+00:00","article_modified_time":"2024-01-08T10:36:41+00:00","og_image":[{"width":1200,"height":675,"url":"https:\/\/www.notibras.com\/site\/wp-content\/uploads\/2024\/01\/livropxhere.jpg","type":"image\/jpeg"}],"author":"Reda\u00e7\u00e3o","twitter_card":"summary_large_image","twitter_creator":"@Notibras","twitter_site":"@Notibras","twitter_misc":{"Escrito por":"Reda\u00e7\u00e3o","Est. tempo de leitura":"5 minutos"},"schema":{"@context":"https:\/\/schema.org","@graph":[{"@type":"Article","@id":"https:\/\/www.notibras.com\/site\/remexendo-coisas-vive-se-parte-real-da-historia\/#article","isPartOf":{"@id":"https:\/\/www.notibras.com\/site\/remexendo-coisas-vive-se-parte-real-da-historia\/"},"author":{"name":"Reda\u00e7\u00e3o","@id":"https:\/\/www.notibras.com\/site\/#\/schema\/person\/36ab0979449956132d3e5b517ea76ac8"},"headline":"Remexendo coisas, vive-se parte real da hist\u00f3ria","datePublished":"2024-01-08T10:35:51+00:00","dateModified":"2024-01-08T10:36:41+00:00","mainEntityOfPage":{"@id":"https:\/\/www.notibras.com\/site\/remexendo-coisas-vive-se-parte-real-da-historia\/"},"wordCount":828,"publisher":{"@id":"https:\/\/www.notibras.com\/site\/#organization"},"image":{"@id":"https:\/\/www.notibras.com\/site\/remexendo-coisas-vive-se-parte-real-da-historia\/#primaryimage"},"thumbnailUrl":"https:\/\/www.notibras.com\/site\/wp-content\/uploads\/2024\/01\/livropxhere.jpg","articleSection":["Quadradinho em Foco"],"inLanguage":"pt-BR"},{"@type":"WebPage","@id":"https:\/\/www.notibras.com\/site\/remexendo-coisas-vive-se-parte-real-da-historia\/","url":"https:\/\/www.notibras.com\/site\/remexendo-coisas-vive-se-parte-real-da-historia\/","name":"Remexendo coisas, vive-se parte real da hist\u00f3ria - Notibras","isPartOf":{"@id":"https:\/\/www.notibras.com\/site\/#website"},"primaryImageOfPage":{"@id":"https:\/\/www.notibras.com\/site\/remexendo-coisas-vive-se-parte-real-da-historia\/#primaryimage"},"image":{"@id":"https:\/\/www.notibras.com\/site\/remexendo-coisas-vive-se-parte-real-da-historia\/#primaryimage"},"thumbnailUrl":"https:\/\/www.notibras.com\/site\/wp-content\/uploads\/2024\/01\/livropxhere.jpg","datePublished":"2024-01-08T10:35:51+00:00","dateModified":"2024-01-08T10:36:41+00:00","breadcrumb":{"@id":"https:\/\/www.notibras.com\/site\/remexendo-coisas-vive-se-parte-real-da-historia\/#breadcrumb"},"inLanguage":"pt-BR","potentialAction":[{"@type":"ReadAction","target":["https:\/\/www.notibras.com\/site\/remexendo-coisas-vive-se-parte-real-da-historia\/"]}]},{"@type":"ImageObject","inLanguage":"pt-BR","@id":"https:\/\/www.notibras.com\/site\/remexendo-coisas-vive-se-parte-real-da-historia\/#primaryimage","url":"https:\/\/www.notibras.com\/site\/wp-content\/uploads\/2024\/01\/livropxhere.jpg","contentUrl":"https:\/\/www.notibras.com\/site\/wp-content\/uploads\/2024\/01\/livropxhere.jpg","width":1200,"height":675},{"@type":"BreadcrumbList","@id":"https:\/\/www.notibras.com\/site\/remexendo-coisas-vive-se-parte-real-da-historia\/#breadcrumb","itemListElement":[{"@type":"ListItem","position":1,"name":"In\u00edcio","item":"https:\/\/www.notibras.com\/site\/"},{"@type":"ListItem","position":2,"name":"Remexendo coisas, vive-se parte real da hist\u00f3ria"}]},{"@type":"WebSite","@id":"https:\/\/www.notibras.com\/site\/#website","url":"https:\/\/www.notibras.com\/site\/","name":"Notibras","description":"Not\u00edcias de Bras\u00edlia, do Brasil e do Mundo","publisher":{"@id":"https:\/\/www.notibras.com\/site\/#organization"},"potentialAction":[{"@type":"SearchAction","target":{"@type":"EntryPoint","urlTemplate":"https:\/\/www.notibras.com\/site\/?s={search_term_string}"},"query-input":{"@type":"PropertyValueSpecification","valueRequired":true,"valueName":"search_term_string"}}],"inLanguage":"pt-BR"},{"@type":"Organization","@id":"https:\/\/www.notibras.com\/site\/#organization","name":"Grupo Notibras de Comunica\u00e7\u00e3o","url":"https:\/\/www.notibras.com\/site\/","logo":{"@type":"ImageObject","inLanguage":"pt-BR","@id":"https:\/\/www.notibras.com\/site\/#\/schema\/logo\/image\/","url":"https:\/\/www.notibras.com\/site\/wp-content\/uploads\/2023\/01\/notibras23.png","contentUrl":"https:\/\/www.notibras.com\/site\/wp-content\/uploads\/2023\/01\/notibras23.png","width":350,"height":87,"caption":"Grupo Notibras de Comunica\u00e7\u00e3o"},"image":{"@id":"https:\/\/www.notibras.com\/site\/#\/schema\/logo\/image\/"},"sameAs":["https:\/\/www.facebook.com\/notibras\/","https:\/\/x.com\/Notibras","https:\/\/www.instagram.com\/notibras\/"]},{"@type":"Person","@id":"https:\/\/www.notibras.com\/site\/#\/schema\/person\/36ab0979449956132d3e5b517ea76ac8","name":"Reda\u00e7\u00e3o","image":{"@type":"ImageObject","inLanguage":"pt-BR","@id":"https:\/\/secure.gravatar.com\/avatar\/e0a867bdedb85fd243eadf09663511f96fc81e0720a4a42581f334ad4303aa6b?s=96&d=mm&r=g","url":"https:\/\/secure.gravatar.com\/avatar\/e0a867bdedb85fd243eadf09663511f96fc81e0720a4a42581f334ad4303aa6b?s=96&d=mm&r=g","contentUrl":"https:\/\/secure.gravatar.com\/avatar\/e0a867bdedb85fd243eadf09663511f96fc81e0720a4a42581f334ad4303aa6b?s=96&d=mm&r=g","caption":"Reda\u00e7\u00e3o"}}]}},"amp_enabled":true,"_links":{"self":[{"href":"https:\/\/www.notibras.com\/site\/wp-json\/wp\/v2\/posts\/320254","targetHints":{"allow":["GET"]}}],"collection":[{"href":"https:\/\/www.notibras.com\/site\/wp-json\/wp\/v2\/posts"}],"about":[{"href":"https:\/\/www.notibras.com\/site\/wp-json\/wp\/v2\/types\/post"}],"author":[{"embeddable":true,"href":"https:\/\/www.notibras.com\/site\/wp-json\/wp\/v2\/users\/2"}],"replies":[{"embeddable":true,"href":"https:\/\/www.notibras.com\/site\/wp-json\/wp\/v2\/comments?post=320254"}],"version-history":[{"count":2,"href":"https:\/\/www.notibras.com\/site\/wp-json\/wp\/v2\/posts\/320254\/revisions"}],"predecessor-version":[{"id":320258,"href":"https:\/\/www.notibras.com\/site\/wp-json\/wp\/v2\/posts\/320254\/revisions\/320258"}],"wp:featuredmedia":[{"embeddable":true,"href":"https:\/\/www.notibras.com\/site\/wp-json\/wp\/v2\/media\/320256"}],"wp:attachment":[{"href":"https:\/\/www.notibras.com\/site\/wp-json\/wp\/v2\/media?parent=320254"}],"wp:term":[{"taxonomy":"category","embeddable":true,"href":"https:\/\/www.notibras.com\/site\/wp-json\/wp\/v2\/categories?post=320254"},{"taxonomy":"post_tag","embeddable":true,"href":"https:\/\/www.notibras.com\/site\/wp-json\/wp\/v2\/tags?post=320254"}],"curies":[{"name":"wp","href":"https:\/\/api.w.org\/{rel}","templated":true}]}}