{"id":32028,"date":"2014-12-24T09:27:13","date_gmt":"2014-12-24T12:27:13","guid":{"rendered":"http:\/\/www.notibras.com\/site\/?p=32028"},"modified":"2014-12-24T09:27:56","modified_gmt":"2014-12-24T12:27:56","slug":"consumidor-deixa-tudo-para-a-ultima-hora-e-shoppings-esticam-os-horarios","status":"publish","type":"post","link":"https:\/\/www.notibras.com\/site\/consumidor-deixa-tudo-para-a-ultima-hora-e-shoppings-esticam-os-horarios\/","title":{"rendered":"Consumidor atrasa compras e shoppings esticam os hor\u00e1rios"},"content":{"rendered":"<p>Na v\u00e9spera do Natal, os shoppings de Bras\u00edlia ainda registram movimento. Em alguns deles, o hor\u00e1rio de funcionamento chegou a ser alterado para atender \u00e0 demanda de fim de ano e muita gente aproveitou a ter\u00e7a-feira (23) para fazer as \u00faltimas compras.<\/p>\n<p>Em dois shoppings da \u00e1rea central da cidade as lojas abriram mais cedo e fecharam somente \u00e0s 23h. Segundo a assessoria de um deles, o movimento vem crescendo. No domingo (21), o fluxo dobrou em rela\u00e7\u00e3o aos dias normais e cerca de 60 mil pessoas passaram pelo estabelecimento. At\u00e9 o in\u00edcio da tarde de ontem, o movimento j\u00e1 estava em aproximadamente 102 mil pessoas. No outro estabelecimento, cerca de 50 mil circularam por dia durante o per\u00edodo de Natal, segundo dados da assessoria. O shopping registrou aumento de 11% nas vendas de novembro e a expectativa \u00e9 que dezembro supere em 15% o aumento do ano passado.<\/p>\n<p>A correria e a falta de tempo s\u00e3o os principais motivos citados por quem resolveu encarar as lojas nessa ter\u00e7a-feira. \u201cTrabalhando todo dia. A gente que trabalha com cozinha est\u00e1 sempre na correria. \u00c9 de domingo a domingo\u201d, conta Jo\u00e3o da Mata. Na busca por um presente para o filho, ele foi \u00e0s compras com a mulher. \u201cTem que dar uma encarada, mas est\u00e1 bem cheio. Vamos ver se conseguimos uma promo\u00e7\u00e3o\u201d.<\/p>\n<p>A professora Ana Caroline chegou \u00e0 cidade no fim de semana e teve pouco tempo para as compras. \u201cHoje estava dif\u00edcil demais. Muita fila, muita gente. D\u00e1 vontade de desistir\u201d. Mesmo com o grande movimento dentro da loja, ela conta que n\u00e3o teve problema com o atendimento.<\/p>\n<p>Quem antecipou as compras, mas ainda se lembrou de alguma coisa que faltou, sentiu diferen\u00e7a no movimento. Foi o caso da servidora p\u00fablica Lorena de Ara\u00fajo. \u201cO shopping hoje est\u00e1 mais cheio mesmo. Hoje foi para o noivo e para o pai. S\u00f3 alguns [presentes] que estavam faltando\u201d.<\/p>\n<p>A professora Lucielia Xavier esperava sentada em um banco. Ela antecipou os presentes, mas n\u00e3o escapou do movimento: acabou indo para acompanhar a filha. \u201cEla deixou para a \u00faltima hora. N\u00e3o seguiu o exemplo\u201d, conta, mantendo o bom humor.<\/p>\n<blockquote><p>Muita gente apostou em presentes mais \u00fateis. A Lucielia foi uma delas. \u201cMochila para a faculdade, roupas, sapato. A minha filha comprou livros para as amigas e roupa para o namorado\u201d. A estudante Fernanda Linhares investiu nos eletr\u00f4nicos e teve dificuldade. \u201cAchei muito caro e n\u00e3o tinha muita op\u00e7\u00e3o nas lojas\u201d.<\/p><\/blockquote>\n<p>Se para os consumidores o dia foi de muita pesquisa e procura, nos dois shoppings gerentes de algumas lojas n\u00e3o registraram tantas vendas. Maria das Mercedes \u00e9 gerente de uma loja de roupas e conta que no ano passado as vendas foram melhores. \u201cTinha gente dando mais presente. Rm uma hora como esta, a gente estava com a loja lotada. Hoje, est\u00e1 com movimento de um dia normal e n\u00e3o de Natal\u201d.<\/p>\n<p>Erivaldo Almeida tamb\u00e9m \u00e9 gerente de uma loja de roupas e disse que 14 pessoas foram contratadas para auxiliar nas vendas. Bermudas, camisetas e cal\u00e7as t\u00eam sido os itens preferidos dos clientes. Apesar do bom movimento, a loja n\u00e3o estava t\u00e3o cheia. \u201cPor ser Natal, esperava um movimento maior\u201d. Ele conta que entre domingo e ter\u00e7a-feira, o movimento n\u00e3o aumentou mas que ainda assim, em geral, as vendas melhoraram com rela\u00e7\u00e3o ao ano passado.<\/p>\n<p>Em uma loja de cal\u00e7ados, o gerente Ala\u00e9rcio Matos acredita que no dia que antecede o Natal, as compras ca\u00edram. \u201cO movimento caiu bastante em compara\u00e7\u00e3o com o ano passado. Por volta de 15% a 20 % no mesmo per\u00edodo, de 1\u00ba a 23\u201d. A expectativa agora \u00e9 garantir algumas vendas antes do fim do ano. \u201cA gente est\u00e1 com a expectativa de que depois do Natal, venham os cliente pensando na liquida\u00e7\u00e3o\u201d.<br \/>\nMas qual seria o motivo da queda das vendas? Para Ala\u00e9rcio, uma possibilidade \u00e9 o aumento dos gastos. \u201cO brasileiro gastou muito o ano todo. Acredito que seja por endividamento do nosso p\u00fablico mesmo\u201d. Maria das Mercedes aposta na troca de governo. \u201cEu acredito que com a mudan\u00e7a de governo, as pessoas est\u00e3o com medo de gastar, outras nem receberam ainda\u201d.<\/p>\n<p>Para quem ainda tem compras a fazer, shoppings e feiras da cidade ainda abrir\u00e3o hoje. Os hor\u00e1rios variam, mas em alguns locais o funcionamento ser\u00e1 at\u00e9 as 17h.<\/p>\n","protected":false},"excerpt":{"rendered":"<p>Na v\u00e9spera do Natal, os shoppings de Bras\u00edlia ainda registram movimento. Em alguns deles, o hor\u00e1rio de funcionamento chegou a ser alterado para atender \u00e0 demanda de fim de ano e muita gente aproveitou a ter\u00e7a-feira (23) para fazer as \u00faltimas compras. Em dois shoppings da \u00e1rea central da cidade as lojas abriram mais cedo [&hellip;]<\/p>\n","protected":false},"author":2,"featured_media":32029,"comment_status":"open","ping_status":"closed","sticky":false,"template":"","format":"standard","meta":{"_acf_changed":false,"footnotes":""},"categories":[16],"tags":[],"class_list":["post-32028","post","type-post","status-publish","format-standard","has-post-thumbnail","hentry","category-brasil"],"acf":[],"yoast_head":"<!-- This site is optimized with the Yoast SEO plugin v27.2 - https:\/\/yoast.com\/product\/yoast-seo-wordpress\/ -->\n<title>Consumidor atrasa compras e shoppings esticam os hor\u00e1rios - Notibras<\/title>\n<meta name=\"robots\" content=\"index, follow, max-snippet:-1, max-image-preview:large, max-video-preview:-1\" \/>\n<link rel=\"canonical\" href=\"https:\/\/www.notibras.com\/site\/consumidor-deixa-tudo-para-a-ultima-hora-e-shoppings-esticam-os-horarios\/\" \/>\n<meta property=\"og:locale\" content=\"pt_BR\" \/>\n<meta property=\"og:type\" content=\"article\" \/>\n<meta property=\"og:title\" content=\"Consumidor atrasa compras e shoppings esticam os hor\u00e1rios - Notibras\" \/>\n<meta property=\"og:description\" content=\"Na v\u00e9spera do Natal, os shoppings de Bras\u00edlia ainda registram movimento. Em alguns deles, o hor\u00e1rio de funcionamento chegou a ser alterado para atender \u00e0 demanda de fim de ano e muita gente aproveitou a ter\u00e7a-feira (23) para fazer as \u00faltimas compras. Em dois shoppings da \u00e1rea central da cidade as lojas abriram mais cedo [&hellip;]\" \/>\n<meta property=\"og:url\" content=\"https:\/\/www.notibras.com\/site\/consumidor-deixa-tudo-para-a-ultima-hora-e-shoppings-esticam-os-horarios\/\" \/>\n<meta property=\"og:site_name\" content=\"Notibras\" \/>\n<meta property=\"article:publisher\" content=\"https:\/\/www.facebook.com\/notibras\/\" \/>\n<meta property=\"article:published_time\" content=\"2014-12-24T12:27:13+00:00\" \/>\n<meta property=\"article:modified_time\" content=\"2014-12-24T12:27:56+00:00\" \/>\n<meta property=\"og:image\" content=\"https:\/\/www.notibras.com\/site\/wp-content\/uploads\/2014\/12\/compras_natal_dsc_0284.jpg\" \/>\n\t<meta property=\"og:image:width\" content=\"580\" \/>\n\t<meta property=\"og:image:height\" content=\"388\" \/>\n\t<meta property=\"og:image:type\" content=\"image\/jpeg\" \/>\n<meta name=\"author\" content=\"Reda\u00e7\u00e3o\" \/>\n<meta name=\"twitter:card\" content=\"summary_large_image\" \/>\n<meta name=\"twitter:creator\" content=\"@Notibras\" \/>\n<meta name=\"twitter:site\" content=\"@Notibras\" \/>\n<meta name=\"twitter:label1\" content=\"Escrito por\" \/>\n\t<meta name=\"twitter:data1\" content=\"Reda\u00e7\u00e3o\" \/>\n\t<meta name=\"twitter:label2\" content=\"Est. tempo de leitura\" \/>\n\t<meta name=\"twitter:data2\" content=\"4 minutos\" \/>\n<script type=\"application\/ld+json\" class=\"yoast-schema-graph\">{\"@context\":\"https:\/\/schema.org\",\"@graph\":[{\"@type\":\"Article\",\"@id\":\"https:\/\/www.notibras.com\/site\/consumidor-deixa-tudo-para-a-ultima-hora-e-shoppings-esticam-os-horarios\/#article\",\"isPartOf\":{\"@id\":\"https:\/\/www.notibras.com\/site\/consumidor-deixa-tudo-para-a-ultima-hora-e-shoppings-esticam-os-horarios\/\"},\"author\":{\"name\":\"Reda\u00e7\u00e3o\",\"@id\":\"https:\/\/www.notibras.com\/site\/#\/schema\/person\/36ab0979449956132d3e5b517ea76ac8\"},\"headline\":\"Consumidor atrasa compras e shoppings esticam os hor\u00e1rios\",\"datePublished\":\"2014-12-24T12:27:13+00:00\",\"dateModified\":\"2014-12-24T12:27:56+00:00\",\"mainEntityOfPage\":{\"@id\":\"https:\/\/www.notibras.com\/site\/consumidor-deixa-tudo-para-a-ultima-hora-e-shoppings-esticam-os-horarios\/\"},\"wordCount\":745,\"commentCount\":0,\"publisher\":{\"@id\":\"https:\/\/www.notibras.com\/site\/#organization\"},\"image\":{\"@id\":\"https:\/\/www.notibras.com\/site\/consumidor-deixa-tudo-para-a-ultima-hora-e-shoppings-esticam-os-horarios\/#primaryimage\"},\"thumbnailUrl\":\"https:\/\/www.notibras.com\/site\/wp-content\/uploads\/2014\/12\/compras_natal_dsc_0284.jpg\",\"articleSection\":[\"Brasil\"],\"inLanguage\":\"pt-BR\",\"potentialAction\":[{\"@type\":\"CommentAction\",\"name\":\"Comment\",\"target\":[\"https:\/\/www.notibras.com\/site\/consumidor-deixa-tudo-para-a-ultima-hora-e-shoppings-esticam-os-horarios\/#respond\"]}]},{\"@type\":\"WebPage\",\"@id\":\"https:\/\/www.notibras.com\/site\/consumidor-deixa-tudo-para-a-ultima-hora-e-shoppings-esticam-os-horarios\/\",\"url\":\"https:\/\/www.notibras.com\/site\/consumidor-deixa-tudo-para-a-ultima-hora-e-shoppings-esticam-os-horarios\/\",\"name\":\"Consumidor atrasa compras e shoppings esticam os hor\u00e1rios - Notibras\",\"isPartOf\":{\"@id\":\"https:\/\/www.notibras.com\/site\/#website\"},\"primaryImageOfPage\":{\"@id\":\"https:\/\/www.notibras.com\/site\/consumidor-deixa-tudo-para-a-ultima-hora-e-shoppings-esticam-os-horarios\/#primaryimage\"},\"image\":{\"@id\":\"https:\/\/www.notibras.com\/site\/consumidor-deixa-tudo-para-a-ultima-hora-e-shoppings-esticam-os-horarios\/#primaryimage\"},\"thumbnailUrl\":\"https:\/\/www.notibras.com\/site\/wp-content\/uploads\/2014\/12\/compras_natal_dsc_0284.jpg\",\"datePublished\":\"2014-12-24T12:27:13+00:00\",\"dateModified\":\"2014-12-24T12:27:56+00:00\",\"breadcrumb\":{\"@id\":\"https:\/\/www.notibras.com\/site\/consumidor-deixa-tudo-para-a-ultima-hora-e-shoppings-esticam-os-horarios\/#breadcrumb\"},\"inLanguage\":\"pt-BR\",\"potentialAction\":[{\"@type\":\"ReadAction\",\"target\":[\"https:\/\/www.notibras.com\/site\/consumidor-deixa-tudo-para-a-ultima-hora-e-shoppings-esticam-os-horarios\/\"]}]},{\"@type\":\"ImageObject\",\"inLanguage\":\"pt-BR\",\"@id\":\"https:\/\/www.notibras.com\/site\/consumidor-deixa-tudo-para-a-ultima-hora-e-shoppings-esticam-os-horarios\/#primaryimage\",\"url\":\"https:\/\/www.notibras.com\/site\/wp-content\/uploads\/2014\/12\/compras_natal_dsc_0284.jpg\",\"contentUrl\":\"https:\/\/www.notibras.com\/site\/wp-content\/uploads\/2014\/12\/compras_natal_dsc_0284.jpg\",\"width\":580,\"height\":388},{\"@type\":\"BreadcrumbList\",\"@id\":\"https:\/\/www.notibras.com\/site\/consumidor-deixa-tudo-para-a-ultima-hora-e-shoppings-esticam-os-horarios\/#breadcrumb\",\"itemListElement\":[{\"@type\":\"ListItem\",\"position\":1,\"name\":\"In\u00edcio\",\"item\":\"https:\/\/www.notibras.com\/site\/\"},{\"@type\":\"ListItem\",\"position\":2,\"name\":\"Consumidor atrasa compras e shoppings esticam os hor\u00e1rios\"}]},{\"@type\":\"WebSite\",\"@id\":\"https:\/\/www.notibras.com\/site\/#website\",\"url\":\"https:\/\/www.notibras.com\/site\/\",\"name\":\"Notibras\",\"description\":\"Not\u00edcias de Bras\u00edlia, do Brasil e do Mundo\",\"publisher\":{\"@id\":\"https:\/\/www.notibras.com\/site\/#organization\"},\"potentialAction\":[{\"@type\":\"SearchAction\",\"target\":{\"@type\":\"EntryPoint\",\"urlTemplate\":\"https:\/\/www.notibras.com\/site\/?s={search_term_string}\"},\"query-input\":{\"@type\":\"PropertyValueSpecification\",\"valueRequired\":true,\"valueName\":\"search_term_string\"}}],\"inLanguage\":\"pt-BR\"},{\"@type\":\"Organization\",\"@id\":\"https:\/\/www.notibras.com\/site\/#organization\",\"name\":\"Grupo Notibras de Comunica\u00e7\u00e3o\",\"url\":\"https:\/\/www.notibras.com\/site\/\",\"logo\":{\"@type\":\"ImageObject\",\"inLanguage\":\"pt-BR\",\"@id\":\"https:\/\/www.notibras.com\/site\/#\/schema\/logo\/image\/\",\"url\":\"https:\/\/www.notibras.com\/site\/wp-content\/uploads\/2023\/01\/notibras23.png\",\"contentUrl\":\"https:\/\/www.notibras.com\/site\/wp-content\/uploads\/2023\/01\/notibras23.png\",\"width\":350,\"height\":87,\"caption\":\"Grupo Notibras de Comunica\u00e7\u00e3o\"},\"image\":{\"@id\":\"https:\/\/www.notibras.com\/site\/#\/schema\/logo\/image\/\"},\"sameAs\":[\"https:\/\/www.facebook.com\/notibras\/\",\"https:\/\/x.com\/Notibras\",\"https:\/\/www.instagram.com\/notibras\/\"]},{\"@type\":\"Person\",\"@id\":\"https:\/\/www.notibras.com\/site\/#\/schema\/person\/36ab0979449956132d3e5b517ea76ac8\",\"name\":\"Reda\u00e7\u00e3o\",\"image\":{\"@type\":\"ImageObject\",\"inLanguage\":\"pt-BR\",\"@id\":\"https:\/\/secure.gravatar.com\/avatar\/e0a867bdedb85fd243eadf09663511f96fc81e0720a4a42581f334ad4303aa6b?s=96&d=mm&r=g\",\"url\":\"https:\/\/secure.gravatar.com\/avatar\/e0a867bdedb85fd243eadf09663511f96fc81e0720a4a42581f334ad4303aa6b?s=96&d=mm&r=g\",\"contentUrl\":\"https:\/\/secure.gravatar.com\/avatar\/e0a867bdedb85fd243eadf09663511f96fc81e0720a4a42581f334ad4303aa6b?s=96&d=mm&r=g\",\"caption\":\"Reda\u00e7\u00e3o\"}}]}<\/script>\n<!-- \/ Yoast SEO plugin. -->","yoast_head_json":{"title":"Consumidor atrasa compras e shoppings esticam os hor\u00e1rios - Notibras","robots":{"index":"index","follow":"follow","max-snippet":"max-snippet:-1","max-image-preview":"max-image-preview:large","max-video-preview":"max-video-preview:-1"},"canonical":"https:\/\/www.notibras.com\/site\/consumidor-deixa-tudo-para-a-ultima-hora-e-shoppings-esticam-os-horarios\/","og_locale":"pt_BR","og_type":"article","og_title":"Consumidor atrasa compras e shoppings esticam os hor\u00e1rios - Notibras","og_description":"Na v\u00e9spera do Natal, os shoppings de Bras\u00edlia ainda registram movimento. Em alguns deles, o hor\u00e1rio de funcionamento chegou a ser alterado para atender \u00e0 demanda de fim de ano e muita gente aproveitou a ter\u00e7a-feira (23) para fazer as \u00faltimas compras. Em dois shoppings da \u00e1rea central da cidade as lojas abriram mais cedo [&hellip;]","og_url":"https:\/\/www.notibras.com\/site\/consumidor-deixa-tudo-para-a-ultima-hora-e-shoppings-esticam-os-horarios\/","og_site_name":"Notibras","article_publisher":"https:\/\/www.facebook.com\/notibras\/","article_published_time":"2014-12-24T12:27:13+00:00","article_modified_time":"2014-12-24T12:27:56+00:00","og_image":[{"width":580,"height":388,"url":"https:\/\/www.notibras.com\/site\/wp-content\/uploads\/2014\/12\/compras_natal_dsc_0284.jpg","type":"image\/jpeg"}],"author":"Reda\u00e7\u00e3o","twitter_card":"summary_large_image","twitter_creator":"@Notibras","twitter_site":"@Notibras","twitter_misc":{"Escrito por":"Reda\u00e7\u00e3o","Est. tempo de leitura":"4 minutos"},"schema":{"@context":"https:\/\/schema.org","@graph":[{"@type":"Article","@id":"https:\/\/www.notibras.com\/site\/consumidor-deixa-tudo-para-a-ultima-hora-e-shoppings-esticam-os-horarios\/#article","isPartOf":{"@id":"https:\/\/www.notibras.com\/site\/consumidor-deixa-tudo-para-a-ultima-hora-e-shoppings-esticam-os-horarios\/"},"author":{"name":"Reda\u00e7\u00e3o","@id":"https:\/\/www.notibras.com\/site\/#\/schema\/person\/36ab0979449956132d3e5b517ea76ac8"},"headline":"Consumidor atrasa compras e shoppings esticam os hor\u00e1rios","datePublished":"2014-12-24T12:27:13+00:00","dateModified":"2014-12-24T12:27:56+00:00","mainEntityOfPage":{"@id":"https:\/\/www.notibras.com\/site\/consumidor-deixa-tudo-para-a-ultima-hora-e-shoppings-esticam-os-horarios\/"},"wordCount":745,"commentCount":0,"publisher":{"@id":"https:\/\/www.notibras.com\/site\/#organization"},"image":{"@id":"https:\/\/www.notibras.com\/site\/consumidor-deixa-tudo-para-a-ultima-hora-e-shoppings-esticam-os-horarios\/#primaryimage"},"thumbnailUrl":"https:\/\/www.notibras.com\/site\/wp-content\/uploads\/2014\/12\/compras_natal_dsc_0284.jpg","articleSection":["Brasil"],"inLanguage":"pt-BR","potentialAction":[{"@type":"CommentAction","name":"Comment","target":["https:\/\/www.notibras.com\/site\/consumidor-deixa-tudo-para-a-ultima-hora-e-shoppings-esticam-os-horarios\/#respond"]}]},{"@type":"WebPage","@id":"https:\/\/www.notibras.com\/site\/consumidor-deixa-tudo-para-a-ultima-hora-e-shoppings-esticam-os-horarios\/","url":"https:\/\/www.notibras.com\/site\/consumidor-deixa-tudo-para-a-ultima-hora-e-shoppings-esticam-os-horarios\/","name":"Consumidor atrasa compras e shoppings esticam os hor\u00e1rios - Notibras","isPartOf":{"@id":"https:\/\/www.notibras.com\/site\/#website"},"primaryImageOfPage":{"@id":"https:\/\/www.notibras.com\/site\/consumidor-deixa-tudo-para-a-ultima-hora-e-shoppings-esticam-os-horarios\/#primaryimage"},"image":{"@id":"https:\/\/www.notibras.com\/site\/consumidor-deixa-tudo-para-a-ultima-hora-e-shoppings-esticam-os-horarios\/#primaryimage"},"thumbnailUrl":"https:\/\/www.notibras.com\/site\/wp-content\/uploads\/2014\/12\/compras_natal_dsc_0284.jpg","datePublished":"2014-12-24T12:27:13+00:00","dateModified":"2014-12-24T12:27:56+00:00","breadcrumb":{"@id":"https:\/\/www.notibras.com\/site\/consumidor-deixa-tudo-para-a-ultima-hora-e-shoppings-esticam-os-horarios\/#breadcrumb"},"inLanguage":"pt-BR","potentialAction":[{"@type":"ReadAction","target":["https:\/\/www.notibras.com\/site\/consumidor-deixa-tudo-para-a-ultima-hora-e-shoppings-esticam-os-horarios\/"]}]},{"@type":"ImageObject","inLanguage":"pt-BR","@id":"https:\/\/www.notibras.com\/site\/consumidor-deixa-tudo-para-a-ultima-hora-e-shoppings-esticam-os-horarios\/#primaryimage","url":"https:\/\/www.notibras.com\/site\/wp-content\/uploads\/2014\/12\/compras_natal_dsc_0284.jpg","contentUrl":"https:\/\/www.notibras.com\/site\/wp-content\/uploads\/2014\/12\/compras_natal_dsc_0284.jpg","width":580,"height":388},{"@type":"BreadcrumbList","@id":"https:\/\/www.notibras.com\/site\/consumidor-deixa-tudo-para-a-ultima-hora-e-shoppings-esticam-os-horarios\/#breadcrumb","itemListElement":[{"@type":"ListItem","position":1,"name":"In\u00edcio","item":"https:\/\/www.notibras.com\/site\/"},{"@type":"ListItem","position":2,"name":"Consumidor atrasa compras e shoppings esticam os hor\u00e1rios"}]},{"@type":"WebSite","@id":"https:\/\/www.notibras.com\/site\/#website","url":"https:\/\/www.notibras.com\/site\/","name":"Notibras","description":"Not\u00edcias de Bras\u00edlia, do Brasil e do Mundo","publisher":{"@id":"https:\/\/www.notibras.com\/site\/#organization"},"potentialAction":[{"@type":"SearchAction","target":{"@type":"EntryPoint","urlTemplate":"https:\/\/www.notibras.com\/site\/?s={search_term_string}"},"query-input":{"@type":"PropertyValueSpecification","valueRequired":true,"valueName":"search_term_string"}}],"inLanguage":"pt-BR"},{"@type":"Organization","@id":"https:\/\/www.notibras.com\/site\/#organization","name":"Grupo Notibras de Comunica\u00e7\u00e3o","url":"https:\/\/www.notibras.com\/site\/","logo":{"@type":"ImageObject","inLanguage":"pt-BR","@id":"https:\/\/www.notibras.com\/site\/#\/schema\/logo\/image\/","url":"https:\/\/www.notibras.com\/site\/wp-content\/uploads\/2023\/01\/notibras23.png","contentUrl":"https:\/\/www.notibras.com\/site\/wp-content\/uploads\/2023\/01\/notibras23.png","width":350,"height":87,"caption":"Grupo Notibras de Comunica\u00e7\u00e3o"},"image":{"@id":"https:\/\/www.notibras.com\/site\/#\/schema\/logo\/image\/"},"sameAs":["https:\/\/www.facebook.com\/notibras\/","https:\/\/x.com\/Notibras","https:\/\/www.instagram.com\/notibras\/"]},{"@type":"Person","@id":"https:\/\/www.notibras.com\/site\/#\/schema\/person\/36ab0979449956132d3e5b517ea76ac8","name":"Reda\u00e7\u00e3o","image":{"@type":"ImageObject","inLanguage":"pt-BR","@id":"https:\/\/secure.gravatar.com\/avatar\/e0a867bdedb85fd243eadf09663511f96fc81e0720a4a42581f334ad4303aa6b?s=96&d=mm&r=g","url":"https:\/\/secure.gravatar.com\/avatar\/e0a867bdedb85fd243eadf09663511f96fc81e0720a4a42581f334ad4303aa6b?s=96&d=mm&r=g","contentUrl":"https:\/\/secure.gravatar.com\/avatar\/e0a867bdedb85fd243eadf09663511f96fc81e0720a4a42581f334ad4303aa6b?s=96&d=mm&r=g","caption":"Reda\u00e7\u00e3o"}}]}},"amp_enabled":true,"_links":{"self":[{"href":"https:\/\/www.notibras.com\/site\/wp-json\/wp\/v2\/posts\/32028","targetHints":{"allow":["GET"]}}],"collection":[{"href":"https:\/\/www.notibras.com\/site\/wp-json\/wp\/v2\/posts"}],"about":[{"href":"https:\/\/www.notibras.com\/site\/wp-json\/wp\/v2\/types\/post"}],"author":[{"embeddable":true,"href":"https:\/\/www.notibras.com\/site\/wp-json\/wp\/v2\/users\/2"}],"replies":[{"embeddable":true,"href":"https:\/\/www.notibras.com\/site\/wp-json\/wp\/v2\/comments?post=32028"}],"version-history":[{"count":0,"href":"https:\/\/www.notibras.com\/site\/wp-json\/wp\/v2\/posts\/32028\/revisions"}],"wp:featuredmedia":[{"embeddable":true,"href":"https:\/\/www.notibras.com\/site\/wp-json\/wp\/v2\/media\/32029"}],"wp:attachment":[{"href":"https:\/\/www.notibras.com\/site\/wp-json\/wp\/v2\/media?parent=32028"}],"wp:term":[{"taxonomy":"category","embeddable":true,"href":"https:\/\/www.notibras.com\/site\/wp-json\/wp\/v2\/categories?post=32028"},{"taxonomy":"post_tag","embeddable":true,"href":"https:\/\/www.notibras.com\/site\/wp-json\/wp\/v2\/tags?post=32028"}],"curies":[{"name":"wp","href":"https:\/\/api.w.org\/{rel}","templated":true}]}}